{"id":99,"date":"2015-04-27T10:30:49","date_gmt":"2015-04-27T13:30:49","guid":{"rendered":"https:\/\/fatosfotoseregistros.wordpress.com\/?p=99"},"modified":"2026-08-25T10:45:59","modified_gmt":"2026-08-25T13:45:59","slug":"trilha-morro-da-babilonia","status":"publish","type":"post","link":"https:\/\/www.kanenberg.com.br\/fatosfotoseregistros\/trilha-morro-da-babilonia\/","title":{"rendered":"Trilha Morro da Babil\u00f4nia"},"content":{"rendered":"<p align=\"justify\">Entre os bairros do Leme, Botafogo, Urca, Babil\u00f4nia e Chap\u00e9u-Mangueira, uma linda trilha, a mais de 230 metros de altitude, guarda muitas surpresas: ru\u00ednas de casamatas (antigos postos de observa\u00e7\u00e3o e de artilharia, na 2\u00aa Guerra Mundial) e de fazenda colonial, uma vista deslumbrante da Ba\u00eda de Guanabara, do P\u00e3o de A\u00e7\u00facar, do Morro da Urca e das Praias do Leme, Copacabana e da Praia Vermelha!<\/p>\n<p><img loading=\"lazy\" decoding=\"async\" data-attachment-id=\"125\" data-permalink=\"https:\/\/www.kanenberg.com.br\/fatosfotoseregistros\/trilha-morro-da-babilonia\/2015-04-19-11-36-08\/\" data-orig-file=\"https:\/\/www.kanenberg.com.br\/fatosfotoseregistros\/wp-content\/uploads\/2015\/04\/2015-04-19-11-36-08.jpg\" data-orig-size=\"2048,1536\" data-comments-opened=\"1\" data-image-meta=\"{&quot;aperture&quot;:&quot;2.6&quot;,&quot;credit&quot;:&quot;&quot;,&quot;camera&quot;:&quot;GT-S6102B&quot;,&quot;caption&quot;:&quot;&quot;,&quot;created_timestamp&quot;:&quot;1429443368&quot;,&quot;copyright&quot;:&quot;&quot;,&quot;focal_length&quot;:&quot;2.79&quot;,&quot;iso&quot;:&quot;50&quot;,&quot;shutter_speed&quot;:&quot;0.0012970168612192&quot;,&quot;title&quot;:&quot;&quot;,&quot;orientation&quot;:&quot;1&quot;}\" data-image-title=\"Morro da Babil\u00f4nia\" data-image-description=\"\" data-image-caption=\"\" data-large-file=\"https:\/\/www.kanenberg.com.br\/fatosfotoseregistros\/wp-content\/uploads\/2015\/04\/2015-04-19-11-36-08-1024x768.jpg\" class=\"aligncenter wp-image-125 size-full\" src=\"https:\/\/www.kanenberg.com.br\/fatosfotoseregistros\/wp-content\/uploads\/2015\/04\/2015-04-19-11-36-08.jpg\" alt=\"Morro da Babil\u00f4nia\" width=\"2048\" height=\"1536\" srcset=\"https:\/\/www.kanenberg.com.br\/fatosfotoseregistros\/wp-content\/uploads\/2015\/04\/2015-04-19-11-36-08.jpg 2048w, https:\/\/www.kanenberg.com.br\/fatosfotoseregistros\/wp-content\/uploads\/2015\/04\/2015-04-19-11-36-08-300x225.jpg 300w, https:\/\/www.kanenberg.com.br\/fatosfotoseregistros\/wp-content\/uploads\/2015\/04\/2015-04-19-11-36-08-768x576.jpg 768w, https:\/\/www.kanenberg.com.br\/fatosfotoseregistros\/wp-content\/uploads\/2015\/04\/2015-04-19-11-36-08-1024x768.jpg 1024w\" sizes=\"auto, (max-width: 2048px) 100vw, 2048px\" \/><\/p>\n<p align=\"justify\">A vista dispensa coment\u00e1rios. L\u00e1 em cima, na pedra, tem uma bela clareira e um espa\u00e7o enorme para sentar e observar a vista para o Flamengo, de um lado, a praia Vermelha de outro e um \u00e2ngulo inusitado do P\u00e3o de A\u00e7\u00facar. Com certeza, voc\u00ea ter\u00e1 uma nova perspectiva da cidade.<\/p>\n<p align=\"justify\"><strong>Endere\u00e7o de acesso<\/strong>: Ladeira Ary Barroso, 44 &#8211; Leme, Rio de Janeiro<\/p>\n<p><strong>N\u00edvel de Dificuldade<\/strong>: F\u00e1cil com subidas e descidas e caminhos abertos com sinaliza\u00e7\u00e3o<\/p>\n<p><strong>Dist\u00e2ncia<\/strong>: 3 km, caso volte at\u00e9 o ponto inicial ser\u00e3o 4 km<\/p>\n<p><strong>Desn\u00edvel<\/strong>: 200 metros (pr\u00e9dio de 33 andares)<\/p>\n<p align=\"justify\"><strong>Dura\u00e7\u00e3o<\/strong>: Pra subir d\u00e1 menos de 1 hora, mas com paradas para o p\u00f4r do sol, lanche, fotos, etc, reserve de 2 a 3 horas. Se rolar chopp no final, a\u00ed n\u00e3o tem hor\u00e1rio&#8230; Uma boa pedida, \u00e9 um drink no <a title=\"Bar do Alto\" href=\"https:\/\/www.facebook.com\/bardoalto\/\" target=\"_blank\" rel=\"noopener noreferrer\">Bar do Alto<\/a>.<\/p>\n<p align=\"justify\"><strong>Atrativos<\/strong>: Vista de paisagens (Copacabana, P\u00e3o de A\u00e7\u00facar, Botafogo, Aterro do Flamengo, Cristo, Baia de Guanabara), hist\u00f3rico-cultural (antigas estruturas de observa\u00e7\u00e3o e controle de embarca\u00e7\u00f5es do ex\u00e9rcito brasileiro), flora (\u00e1rea reflorestada), fauna (aves).<\/p>\n<p><strong>V\u00eddeo<\/strong>:<br \/>\n<span class=\"embed-youtube\" style=\"text-align:center; display: block;\"><iframe loading=\"lazy\" class=\"youtube-player\" width=\"840\" height=\"473\" src=\"https:\/\/www.youtube.com\/embed\/_E5YXg347pE?version=3&#038;rel=1&#038;showsearch=0&#038;showinfo=1&#038;iv_load_policy=1&#038;fs=1&#038;hl=pt-BR&#038;autohide=2&#038;wmode=transparent\" allowfullscreen=\"true\" style=\"border:0;\" sandbox=\"allow-scripts allow-same-origin allow-popups allow-presentation allow-popups-to-escape-sandbox\"><\/iframe><\/span><\/p>\n<p><strong>Mais informa\u00e7\u00f5es sobre a trilha<\/strong>: <a title=\"Wikiloc\" href=\"http:\/\/pt.wikiloc.com\/wikiloc\/view.do?id=7901021\" target=\"_blank\" rel=\"noopener noreferrer\">Wikiloc<\/a><\/p>\n<p align=\"justify\">O Morro da Babil\u00f4nia, localizado no Leme (Zona Sul do Rio de Janeiro), \u00e9 considerado relativamente mais calmo que outras comunidades da cidade, mas ainda apresenta riscos associados a disputas de territ\u00f3rio, opera\u00e7\u00f5es policiais e confrontos armados ocasionais. A comunidade possui projetos de turismo sustent\u00e1vel, pousadas e mirantes famosos, sendo frequentemente visitada por turistas.<\/p>\n","protected":false},"excerpt":{"rendered":"<p>Entre os bairros do Leme, Botafogo, Urca, Babil\u00f4nia e Chap\u00e9u-Mangueira, uma linda trilha, a mais de 230 metros de altitude, guarda muitas surpresas: ru\u00ednas de casamatas&#8230;<\/p>\n","protected":false},"author":1,"featured_media":0,"comment_status":"open","ping_status":"open","sticky":false,"template":"","format":"standard","meta":{"_exactmetrics_skip_tracking":false,"_jetpack_newsletter_access":"","_jetpack_dont_email_post_to_subs":false,"_jetpack_newsletter_tier_id":0,"_jetpack_memberships_contains_paywalled_content":false,"_jetpack_feature_clip_id":0,"_jetpack_memberships_contains_paid_content":false,"footnotes":"","jetpack_publicize_message":"","jetpack_publicize_feature_enabled":true,"jetpack_social_post_already_shared":true,"jetpack_social_options":{"image_generator_settings":{"template":"highway","default_image_id":0,"font":"","enabled":false},"version":2},"jetpack_post_was_ever_published":false},"categories":[282],"tags":[289,320],"class_list":["post-99","post","type-post","status-publish","format-standard","hentry","category-lugares","tag-rio-de-janeiro","tag-trilhas"],"jetpack_publicize_connections":[],"jetpack_sharing_enabled":true,"jetpack_shortlink":"https:\/\/wp.me\/phkM1X-1B","jetpack-related-posts":[{"id":938,"url":"https:\/\/www.kanenberg.com.br\/fatosfotoseregistros\/morro-da-babilonia-2\/","url_meta":{"origin":99,"position":0},"title":"Morro da Babil\u00f4nia","author":"kanenberg","date":"25 de maio de 2016","format":false,"excerpt":"O Morro da Babil\u00f4nia esta localizado na divisa entre os bairros do Leme, Botafogo, Urca e Copacabana. A localidade abriga as comunidades do Morro da Babil\u00f4nia e a do Chap\u00e9u Mangueira al\u00e9m de uma ampla \u00e1rea de prote\u00e7\u00e3o ambiental fazendo parte do Parque Natural Municipal Paisagem Carioca.","rel":"","context":"Em &quot;Lugares&quot;","block_context":{"text":"Lugares","link":"https:\/\/www.kanenberg.com.br\/fatosfotoseregistros\/category\/lugares\/"},"img":{"alt_text":"2015-04-19 11.38.46","src":"https:\/\/fatosfotoseregistros.files.wordpress.com\/2016\/05\/2015-04-19-11-38-46.jpg?w=350&h=200&crop=1","width":350,"height":200,"srcset":"https:\/\/fatosfotoseregistros.files.wordpress.com\/2016\/05\/2015-04-19-11-38-46.jpg?w=350&h=200&crop=1 1x, https:\/\/fatosfotoseregistros.files.wordpress.com\/2016\/05\/2015-04-19-11-38-46.jpg?w=525&h=300&crop=1 1.5x, https:\/\/fatosfotoseregistros.files.wordpress.com\/2016\/05\/2015-04-19-11-38-46.jpg?w=700&h=400&crop=1 2x"},"classes":[]},{"id":147,"url":"https:\/\/www.kanenberg.com.br\/fatosfotoseregistros\/morro-da-babilonia\/","url_meta":{"origin":99,"position":1},"title":"Morro da Babil\u00f4nia","author":"kanenberg","date":"2 de julho de 2015","format":false,"excerpt":"O Morro da Babil\u00f4nia era uma \u00e1rea militar, usada como ponto estrat\u00e9gico no controle da entrada de embarca\u00e7\u00f5es na Ba\u00eda de Guanabara.","rel":"","context":"Em &quot;Imagem&quot;","block_context":{"text":"Imagem","link":"https:\/\/www.kanenberg.com.br\/fatosfotoseregistros\/category\/imagem\/"},"img":{"alt_text":"Copacabana - Babil\u00f4nia","src":"http:\/\/i0.wp.com\/fatosfotoseregistros.files.wordpress.com\/2015\/06\/wpid-wp-1434853041335.jpeg?w=528%3Fw%3D700&resize=350%2C200","width":350,"height":200,"srcset":"http:\/\/i0.wp.com\/fatosfotoseregistros.files.wordpress.com\/2015\/06\/wpid-wp-1434853041335.jpeg?w=528%3Fw%3D700&resize=350%2C200 1x, http:\/\/i0.wp.com\/fatosfotoseregistros.files.wordpress.com\/2015\/06\/wpid-wp-1434853041335.jpeg?w=528%3Fw%3D700&resize=525%2C300 1.5x, http:\/\/i0.wp.com\/fatosfotoseregistros.files.wordpress.com\/2015\/06\/wpid-wp-1434853041335.jpeg?w=528%3Fw%3D700&resize=700%2C400 2x"},"classes":[]},{"id":1230,"url":"https:\/\/www.kanenberg.com.br\/fatosfotoseregistros\/japeri\/","url_meta":{"origin":99,"position":2},"title":"Cidade de Japeri","author":"kanenberg","date":"5 de julho de 2016","format":false,"excerpt":"A hist\u00f3ria de Japeri come\u00e7a no dia 13 de agosto de 1743, data de sua funda\u00e7\u00e3o, por In\u00e1cio Dias da C\u00e2mara Leme, denominado Morgado de Bel\u00e9m. A partir de 1750, as terras passaram a pertencer \u00e0 Freguesia de Sacra Fam\u00edlia de Tingu\u00e1, pois at\u00e9 ent\u00e3o pertenciam \u00e0 Freguesia de Paty\u2026","rel":"","context":"Em &quot;Imagem&quot;","block_context":{"text":"Imagem","link":"https:\/\/www.kanenberg.com.br\/fatosfotoseregistros\/category\/imagem\/"},"img":{"alt_text":"japeri_1928","src":"https:\/\/i0.wp.com\/www.kanenberg.com.br\/fatosfotoseregistros\/wp-content\/uploads\/2016\/07\/japeri_1928.jpg?resize=350%2C200&ssl=1","width":350,"height":200},"classes":[]},{"id":290,"url":"https:\/\/www.kanenberg.com.br\/fatosfotoseregistros\/engenho-da-rainha\/","url_meta":{"origin":99,"position":3},"title":"Engenho da Rainha","author":"kanenberg","date":"14 de junho de 2016","format":false,"excerpt":"A regi\u00e3o acolhia uma resid\u00eancia adquirida pela Rainha Carlota Joaquina, esposa de D. Jo\u00e3o VI, por volta de 1810 com o objetivo de nela descansar, dai tamb\u00e9m a origem do nome do bairro.","rel":"","context":"Em &quot;Textos&quot;","block_context":{"text":"Textos","link":"https:\/\/www.kanenberg.com.br\/fatosfotoseregistros\/category\/textos\/"},"img":{"alt_text":"12717974_968432819919974_7760659722182098204_n","src":"https:\/\/fatosfotoseregistros.files.wordpress.com\/2016\/04\/12717974_968432819919974_7760659722182098204_n.jpg?w=350&h=200&crop=1","width":350,"height":200,"srcset":"https:\/\/fatosfotoseregistros.files.wordpress.com\/2016\/04\/12717974_968432819919974_7760659722182098204_n.jpg?w=350&h=200&crop=1 1x, https:\/\/fatosfotoseregistros.files.wordpress.com\/2016\/04\/12717974_968432819919974_7760659722182098204_n.jpg?w=525&h=300&crop=1 1.5x"},"classes":[]},{"id":5408,"url":"https:\/\/www.kanenberg.com.br\/fatosfotoseregistros\/40-museus\/","url_meta":{"origin":99,"position":4},"title":"40 museus para visitar de gra\u00e7a no Rio de Janeiro","author":"kanenberg","date":"23 de fevereiro de 2019","format":false,"excerpt":"Com uma lista destas, com certeza n\u00e3o vai falta op\u00e7\u00e3o de passeio para a fam\u00edlia inteira. Ainda mais que, muitos destes museus al\u00e9m das exposi\u00e7\u00f5es permanentes ou de longa dura\u00e7\u00e3o ainda com frequ\u00eancia mudam as exposi\u00e7\u00f5es tempor\u00e1rias. Bor\u00e1 l\u00e1 aproveitar?","rel":"","context":"Em &quot;Lugares&quot;","block_context":{"text":"Lugares","link":"https:\/\/www.kanenberg.com.br\/fatosfotoseregistros\/category\/lugares\/"},"img":{"alt_text":"MAR Rio","src":"https:\/\/i0.wp.com\/www.kanenberg.com.br\/fatosfotoseregistros\/wp-content\/uploads\/2019\/02\/mar_rio.jpg?resize=350%2C200&ssl=1","width":350,"height":200,"srcset":"https:\/\/i0.wp.com\/www.kanenberg.com.br\/fatosfotoseregistros\/wp-content\/uploads\/2019\/02\/mar_rio.jpg?resize=350%2C200&ssl=1 1x, https:\/\/i0.wp.com\/www.kanenberg.com.br\/fatosfotoseregistros\/wp-content\/uploads\/2019\/02\/mar_rio.jpg?resize=525%2C300&ssl=1 1.5x, https:\/\/i0.wp.com\/www.kanenberg.com.br\/fatosfotoseregistros\/wp-content\/uploads\/2019\/02\/mar_rio.jpg?resize=700%2C400&ssl=1 2x, https:\/\/i0.wp.com\/www.kanenberg.com.br\/fatosfotoseregistros\/wp-content\/uploads\/2019\/02\/mar_rio.jpg?resize=1050%2C600&ssl=1 3x"},"classes":[]},{"id":2062,"url":"https:\/\/www.kanenberg.com.br\/fatosfotoseregistros\/museu-historico-do-exercito-e-forte-de-copacabana\/","url_meta":{"origin":99,"position":5},"title":"Museu Hist\u00f3rico do Ex\u00e9rcito e Forte de Copacabana","author":"kanenberg","date":"19 de julho de 2016","format":false,"excerpt":"O local escolhido para a sua constru\u00e7\u00e3o consistia numa regi\u00e3o cujos rochedos avan\u00e7avam contra o mar em dire\u00e7\u00e3o \u00e0 entrada da Ba\u00eda de Guanabara.","rel":"","context":"Em &quot;Imagem&quot;","block_context":{"text":"Imagem","link":"https:\/\/www.kanenberg.com.br\/fatosfotoseregistros\/category\/imagem\/"},"img":{"alt_text":"","src":"https:\/\/i0.wp.com\/www.kanenberg.com.br\/fatosfotoseregistros\/wp-content\/uploads\/2016\/07\/1922-07-06-150x150.jpg?resize=350%2C200&ssl=1","width":350,"height":200,"srcset":"https:\/\/i0.wp.com\/www.kanenberg.com.br\/fatosfotoseregistros\/wp-content\/uploads\/2016\/07\/1922-07-06-150x150.jpg?resize=350%2C200&ssl=1 1x, https:\/\/i0.wp.com\/www.kanenberg.com.br\/fatosfotoseregistros\/wp-content\/uploads\/2016\/07\/1922-07-06-150x150.jpg?resize=525%2C300&ssl=1 1.5x"},"classes":[]}],"jetpack_likes_enabled":true,"amp_enabled":true,"jetpack_featured_media_url":"","_links":{"self":[{"href":"https:\/\/www.kanenberg.com.br\/fatosfotoseregistros\/wp-json\/wp\/v2\/posts\/99","targetHints":{"allow":["GET"]}}],"collection":[{"href":"https:\/\/www.kanenberg.com.br\/fatosfotoseregistros\/wp-json\/wp\/v2\/posts"}],"about":[{"href":"https:\/\/www.kanenberg.com.br\/fatosfotoseregistros\/wp-json\/wp\/v2\/types\/post"}],"author":[{"embeddable":true,"href":"https:\/\/www.kanenberg.com.br\/fatosfotoseregistros\/wp-json\/wp\/v2\/users\/1"}],"replies":[{"embeddable":true,"href":"https:\/\/www.kanenberg.com.br\/fatosfotoseregistros\/wp-json\/wp\/v2\/comments?post=99"}],"version-history":[{"count":3,"href":"https:\/\/www.kanenberg.com.br\/fatosfotoseregistros\/wp-json\/wp\/v2\/posts\/99\/revisions"}],"predecessor-version":[{"id":6323,"href":"https:\/\/www.kanenberg.com.br\/fatosfotoseregistros\/wp-json\/wp\/v2\/posts\/99\/revisions\/6323"}],"wp:attachment":[{"href":"https:\/\/www.kanenberg.com.br\/fatosfotoseregistros\/wp-json\/wp\/v2\/media?parent=99"}],"wp:term":[{"taxonomy":"category","embeddable":true,"href":"https:\/\/www.kanenberg.com.br\/fatosfotoseregistros\/wp-json\/wp\/v2\/categories?post=99"},{"taxonomy":"post_tag","embeddable":true,"href":"https:\/\/www.kanenberg.com.br\/fatosfotoseregistros\/wp-json\/wp\/v2\/tags?post=99"}],"curies":[{"name":"wp","href":"https:\/\/api.w.org\/{rel}","templated":true}]}}