{"id":938,"date":"2016-05-25T08:50:01","date_gmt":"2016-05-25T11:50:01","guid":{"rendered":"https:\/\/fatosfotoseregistros.wordpress.com\/?p=938"},"modified":"2026-08-09T12:30:18","modified_gmt":"2026-08-09T15:30:18","slug":"morro-da-babilonia-2","status":"publish","type":"post","link":"https:\/\/www.kanenberg.com.br\/fatosfotoseregistros\/morro-da-babilonia-2\/","title":{"rendered":"Morro da Babil\u00f4nia"},"content":{"rendered":"<p align=\"justify\">O Morro da Babil\u00f4nia esta localizado na divisa entre os bairros do Leme, Botafogo, Urca e Copacabana. A localidade abriga as comunidades do Morro da Babil\u00f4nia e a do Chap\u00e9u Mangueira al\u00e9m de uma ampla \u00e1rea de prote\u00e7\u00e3o ambiental fazendo parte do Parque Natural Municipal Paisagem Carioca.<\/p>\n<p align=\"center\"><b>Hist\u00f3ria<\/b><\/p>\n<p align=\"justify\">Temos como refer\u00eancia o ano de 1565 quando ocorreu a doa\u00e7\u00e3o da sesmaria, pela Coroa de Portugal \u00e0 Cidade de S\u00e3o Sebasti\u00e3o do Rio de Janeiro. Essa sesmaria compreendia as \u00e1reas dos morros da Babil\u00f4nia e de S\u00e3o Jo\u00e3o, incluindo tamb\u00e9m os morros do Leme, do Anel, do Urubu e do Inhang\u00e1, as orlas de Copacabana e G\u00e1vea (que abrangia a orla dos atuais bairros de Ipanema e Leblon) e as enseadas de Botafogo e do Flamengo.<\/p>\n<p align=\"justify\">J\u00e1 durante o s\u00e9culo XVII, a atividade agr\u00edcola se expandiu na regi\u00e3o, em especial no plantio da cana-de-a\u00e7\u00facar que abastecia o Engenho D\u2019El Rei.<\/p>\n<p align=\"justify\">O morro passou a ser ocupado, segundo seus moradores, na d\u00e9cada de 30.<\/p>\n<p align=\"justify\">Nos anos 70 e 80, segundo os moradores, as favelas se expandiram no morro e no final da d\u00e9cada de 80, os inc\u00eandios provocados pela extensa cobertura de capim coloni\u00e3o no alto do morro tornaram-se um risco para os moradores da regi\u00e3o.<\/p>\n<p align=\"center\"><b>Fortifica\u00e7\u00e3o, tel\u00e9grafo e casamatas<\/b><\/p>\n<p align=\"justify\">Colonizadores portugueses, no s\u00e9culo XVIII, constru\u00edram uma fortifica\u00e7\u00e3o no alto do morro para vigiar a entrada da Ba\u00eda de Guanabara aproveitando a sua vis\u00e3o privilegiada de todo o entorno. At\u00e9 hoje ainda encontramos diversas ru\u00ednas de poss\u00edveis instala\u00e7\u00f5es militares no local.<\/p>\n<figure id=\"attachment_942\" aria-describedby=\"caption-attachment-942\" style=\"width: 700px\" class=\"wp-caption aligncenter\"><img loading=\"lazy\" decoding=\"async\" class=\"wp-image-942 size-full\" src=\"https:\/\/fatosfotoseregistros.files.wordpress.com\/2016\/05\/2015-04-19-11-38-46.jpg\" alt=\"2015-04-19 11.38.46\" width=\"700\" height=\"525\" \/><figcaption id=\"caption-attachment-942\" class=\"wp-caption-text\">Ru\u00ednas<\/figcaption><\/figure>\n<p align=\"justify\">Atualmente ainda podemos verificar a exist\u00eancia de um arco que fazia parte da constru\u00e7\u00e3o uma muralha com p\u00f3rticos que fechava o desfiladeiro do Leme (atual Ladeira do Leme).<\/p>\n<p align=\"justify\">Durante a Segunda Guerra Mundial (1939-1945), o Ex\u00e9rcito Brasileiro construiu casamatas no alto do morro para proteger a cidade contra poss\u00edveis ataques.<\/p>\n<figure id=\"attachment_945\" aria-describedby=\"caption-attachment-945\" style=\"width: 700px\" class=\"wp-caption aligncenter\"><img loading=\"lazy\" decoding=\"async\" class=\"wp-image-945 size-full\" src=\"https:\/\/fatosfotoseregistros.files.wordpress.com\/2016\/05\/img_20150613_105912910.jpg\" alt=\"IMG_20150613_105912910\" width=\"700\" height=\"394\" \/><figcaption id=\"caption-attachment-945\" class=\"wp-caption-text\">Uma das casamatas<\/figcaption><\/figure>\n<p align=\"justify\">H\u00e1 ainda as ru\u00ednas de um antigo tel\u00e9grafo, constru\u00eddo em 1805 para ser usado como sistema de comunica\u00e7\u00e3o por bandeiras na defesa do Rio.<\/p>\n<p align=\"justify\">H\u00e1 informa\u00e7\u00f5es tamb\u00e9m que o local j\u00e1 contou com um heliporto.<\/p>\n<p align=\"center\"><b>Telef\u00e9rico<\/b><\/p>\n<p align=\"justify\">No in\u00edcio do s\u00e9culo XX, o engenheiro Augusto Ferreira Ramos (engenheiro brasileiro) projetou uma liga\u00e7\u00e3o a\u00e9rea do Morro da Babil\u00f4nia com o Morro da Urca, como parte das comemora\u00e7\u00f5es do Centen\u00e1rio da Abertura dos Portos Brasileiros \u00e0s na\u00e7\u00f5es amigas.<\/p>\n<p align=\"justify\">O projeto na verdade compreenderia tr\u00eas linhas: uma ligando a Praia Vermelha ao alto do Morro da Urca; outra ligando os altos do Morro da Urca e P\u00e3o de A\u00e7\u00facar e a terceira ligando o alto do Morro da Urca ao alto do Morro da Babil\u00f4nia. Por\u00e9m, esta terceira nunca foi concretizada.<\/p>\n<p align=\"justify\">Mais informa\u00e7\u00f5es: <a href=\"http:\/\/www.bondinho.com.br\/o-teleferico\/\" target=\"_blank\" rel=\"noopener\">bondinho.com.br<\/a>.<\/p>\n<p align=\"center\"><b>Poema<\/b><\/p>\n<p align=\"justify\">Em 1930, o morro foi citado em um dos poemas do livro Libertinagem, de Manuel Bandeira.<\/p>\n<blockquote><p><strong>Poema tirado de uma not\u00edcia de jornal<\/strong><\/p>\n<p>Jo\u00e3o Gostoso era carregador de feira livre e morava no morro da Babil\u00f4nia num barrac\u00e3o sem n\u00famero<br \/>\nUma noite ele chegou no bar Vinte de Novembro<br \/>\nBebeu<br \/>\nCantou<br \/>\nDan\u00e7ou<br \/>\nDepois se atirou na lagoa Rodrigo de Freitas e morreu afogado.<br \/>\n(Manuel Bandeira)<\/p><\/blockquote>\n<p align=\"justify\">Refer\u00eancia: <a href=\"https:\/\/censuras.wordpress.com\/2010\/04\/15\/poema-desentranhado\/\" target=\"_blank\" rel=\"noopener\">censuras.wordpress.com<\/a><\/p>\n<p align=\"center\"><b>Filmes e televis\u00e3o<\/b><\/p>\n<p align=\"justify\">O morro da Babil\u00f4nia foi cen\u00e1rio para a produ\u00e7\u00e3o dos filmes Orfeu Negro (1959) e Tropa de Elite (2007). Al\u00e9m de dois document\u00e1rios sobre as favelas: Chap\u00e9u Mangueira e Babil\u00f4nia \u2013 hist\u00f3rias do morro (1999) e Babil\u00f4nia 2000 (1999).<\/p>\n<p align=\"justify\">O morro da Babil\u00f4nia tamb\u00e9m foi destaque da novela &#8220;Babil\u00f4nia&#8221;, da Rede Globo.<\/p>\n<p align=\"justify\">Atriz <a href=\"http:\/\/g1.globo.com\/fantastico\/videos\/t\/edicoes\/v\/atriz-camila-pitanga-sobe-o-morro-da-babilonia-no-rio\/4071699\/\" target=\"_blank\" rel=\"noopener\">Camila Pitanga<\/a> sobe o Morro da Babil\u00f4nia, no Rio.<\/p>\n<p align=\"center\"><b>Paiol de explosivos<\/b><\/p>\n<p align=\"justify\">Durante o trajeto da trilha, encontramos duas guaritas que serviram para armazenar explosivos utilizados na constru\u00e7\u00e3o do metr\u00f4 do Rio. Os explosivos foram usados para abrir um t\u00fanel que liga as esta\u00e7\u00f5es Arcoverde e Botafogo, na pedra do morro S\u00e3o Jo\u00e3o. Al\u00e9m do duto de ventila\u00e7\u00e3o existente no Parque Estadual da Chacrinha.<\/p>\n<figure id=\"attachment_944\" aria-describedby=\"caption-attachment-944\" style=\"width: 700px\" class=\"wp-caption aligncenter\"><img loading=\"lazy\" decoding=\"async\" class=\"wp-image-944 size-full\" src=\"https:\/\/fatosfotoseregistros.files.wordpress.com\/2016\/05\/img_20150613_103846591.jpg\" alt=\"IMG_20150613_103846591\" width=\"700\" height=\"394\" \/><figcaption id=\"caption-attachment-944\" class=\"wp-caption-text\">Paiol de explosivos<\/figcaption><\/figure>\n<p align=\"center\"><b>Polo tur\u00edstico e gastron\u00f4mico<\/b><\/p>\n<p align=\"justify\">Com a implanta\u00e7\u00e3o da UPP em 2009 o local come\u00e7ou a se tornar um grande polo tur\u00edstico abrigando diversos hostels como o El Misti, Lisetonga e Babilonia Rio Hostel, Chill Hostel Rio, Green Culture Eco Hostel, Hostel Mar da Babil\u00f4nia, Favela Inn, Abra\u00e7o Carioca, Toninho House e outros.<\/p>\n<p align=\"justify\">Na gastronomia temos o famoso <a href=\"https:\/\/www.facebook.com\/bardoalto\/\" target=\"_blank\" rel=\"noopener\">Bar do Alto<\/a> com uma vista magnifica de toda a praia de Copacabana al\u00e9m dos seus excelentes drinques e o conhecido <a href=\"http:\/\/www.comidadibuteco.com.br\/rio-de-janeiro\/botecos\/bar-do-david\/\" target=\"_blank\" rel=\"noopener\">Bar do David<\/a>, este que j\u00e1 participou do Comida de Buteco tendo inclusive sido premiado.<\/p>\n<p align=\"justify\"><img loading=\"lazy\" decoding=\"async\" class=\"aligncenter wp-image-943 size-full\" src=\"https:\/\/fatosfotoseregistros.files.wordpress.com\/2016\/05\/2015-04-19-12-45-05.jpg\" alt=\"2015-04-19 12.45.05\" width=\"700\" height=\"525\" \/><\/p>\n<p align=\"center\"><b>Shopping Center Rio Sul<\/b><\/p>\n<p align=\"justify\">Em abril de 1980, foi inaugurado o Shopping Center Rio Sul, localizado na vertente norte do Morro da Babil\u00f4nia. A sua instala\u00e7\u00e3o causou muita pol\u00eamica.<\/p>\n<figure id=\"attachment_946\" aria-describedby=\"caption-attachment-946\" style=\"width: 700px\" class=\"wp-caption aligncenter\"><img loading=\"lazy\" decoding=\"async\" class=\"wp-image-946 size-full\" src=\"https:\/\/fatosfotoseregistros.files.wordpress.com\/2016\/05\/img_20150613_110713968.jpg\" alt=\"IMG_20150613_110713968\" width=\"700\" height=\"394\" \/><figcaption id=\"caption-attachment-946\" class=\"wp-caption-text\">Torre do Rio Sul<\/figcaption><\/figure>\n<p align=\"justify\">Para a minimiza\u00e7\u00e3o dos impactos causados, o Shopping se tornou respons\u00e1vel pelo processo de reflorestamento da regi\u00e3o, tanto no morro da Babil\u00f4nia como no morro S\u00e3o Jo\u00e3o.<\/p>\n<p align=\"justify\">Atualmente, al\u00e9m do reflorestamento, o shopping tamb\u00e9m faz a manuten\u00e7\u00e3o da trilha bem como <a href=\"http:\/\/www.riosul.com.br\/shopping_trilhas.php\" target=\"_blank\" rel=\"noopener\">trilhas guiadas<\/a>, por interm\u00e9dio da Cooperativa de Reflorestadores do Babil\u00f4nia \u2013 Coop Babil\u00f4nia.<\/p>\n<p align=\"justify\">O reflorestamento do Morro da Babil\u00f4nia vem se tornando uma realidade, atrav\u00e9s da luta das associa\u00e7\u00f5es de moradores da \u00e1rea: a ALMA &#8211; da Rua Lauro Muller, a AMOVILA &#8211; da Vila Benjamim Constant, e a do Babil\u00f4nia. E tamb\u00e9m da ONG Grupo A\u00e7\u00e3o Ecol\u00f3gica &#8211; GAE.<\/p>\n<p align=\"center\"><b>Trilhas e escaladas<\/b><\/p>\n<p align=\"justify\">O morro da Babil\u00f4nia conta com uma trilha, conhecida como \u201cTrilha das Fortalezas\u201d, muito bem definida e que j\u00e1 foi destaque em outro post neste blog (veja mais <a href=\"https:\/\/fatosfotoseregistros.kanenberg.com.br\/trilha-morro-da-babilonia\/\">aqui<\/a> e <a href=\"https:\/\/fatosfotoseregistros.kanenberg.com.br\/morro-da-babilonia\/\">aqui<\/a>). O acesso a trilha pode ser feito pela vila militar existente na Ladeira do Leme (mediante autoriza\u00e7\u00e3o por escrito) ou ent\u00e3o subindo pela ladeira Ary Barroso, no Leme.<\/p>\n<p align=\"justify\">Mas n\u00e3o s\u00f3 trilhas s\u00e3o as aventuras por l\u00e1. O Morro da Babil\u00f4nia possui as vias de escaladas mais frequentadas do Rio de Janeiro. Fato este em raz\u00e3o da facilidade de acesso al\u00e9m da sua gradua\u00e7\u00e3o ser considerada de f\u00e1cil \u00e0 mediana.<\/p>\n","protected":false},"excerpt":{"rendered":"<p>O Morro da Babil\u00f4nia esta localizado na divisa entre os bairros do Leme, Botafogo, Urca e Copacabana. A localidade abriga as comunidades do Morro da Babil\u00f4nia e a do Chap\u00e9u Mangueira al\u00e9m de uma ampla \u00e1rea de prote\u00e7\u00e3o ambiental fazendo parte do Parque Natural Municipal Paisagem Carioca.<\/p>\n","protected":false},"author":1,"featured_media":0,"comment_status":"open","ping_status":"open","sticky":false,"template":"","format":"standard","meta":{"_exactmetrics_skip_tracking":false,"_jetpack_newsletter_access":"","_jetpack_dont_email_post_to_subs":false,"_jetpack_newsletter_tier_id":0,"_jetpack_memberships_contains_paywalled_content":false,"_jetpack_feature_clip_id":0,"_jetpack_memberships_contains_paid_content":false,"footnotes":"","jetpack_publicize_message":"","jetpack_publicize_feature_enabled":true,"jetpack_social_post_already_shared":true,"jetpack_social_options":{"image_generator_settings":{"template":"highway","default_image_id":0,"font":"","enabled":false},"version":2},"jetpack_post_was_ever_published":false},"categories":[282,265],"tags":[341,255,289,320],"class_list":["post-938","post","type-post","status-publish","format-standard","hentry","category-lugares","category-textos","tag-fortes-e-fortalezas","tag-historia","tag-rio-de-janeiro","tag-trilhas"],"jetpack_publicize_connections":[],"jetpack_sharing_enabled":true,"jetpack_shortlink":"https:\/\/wp.me\/phkM1X-f8","jetpack-related-posts":[{"id":147,"url":"https:\/\/www.kanenberg.com.br\/fatosfotoseregistros\/morro-da-babilonia\/","url_meta":{"origin":938,"position":0},"title":"Morro da Babil\u00f4nia","author":"kanenberg","date":"2 de julho de 2015","format":false,"excerpt":"O Morro da Babil\u00f4nia era uma \u00e1rea militar, usada como ponto estrat\u00e9gico no controle da entrada de embarca\u00e7\u00f5es na Ba\u00eda de Guanabara.","rel":"","context":"Em &quot;Imagem&quot;","block_context":{"text":"Imagem","link":"https:\/\/www.kanenberg.com.br\/fatosfotoseregistros\/category\/imagem\/"},"img":{"alt_text":"Copacabana - Babil\u00f4nia","src":"http:\/\/i0.wp.com\/fatosfotoseregistros.files.wordpress.com\/2015\/06\/wpid-wp-1434853041335.jpeg?w=528%3Fw%3D700&resize=350%2C200","width":350,"height":200,"srcset":"http:\/\/i0.wp.com\/fatosfotoseregistros.files.wordpress.com\/2015\/06\/wpid-wp-1434853041335.jpeg?w=528%3Fw%3D700&resize=350%2C200 1x, http:\/\/i0.wp.com\/fatosfotoseregistros.files.wordpress.com\/2015\/06\/wpid-wp-1434853041335.jpeg?w=528%3Fw%3D700&resize=525%2C300 1.5x, http:\/\/i0.wp.com\/fatosfotoseregistros.files.wordpress.com\/2015\/06\/wpid-wp-1434853041335.jpeg?w=528%3Fw%3D700&resize=700%2C400 2x"},"classes":[]},{"id":99,"url":"https:\/\/www.kanenberg.com.br\/fatosfotoseregistros\/trilha-morro-da-babilonia\/","url_meta":{"origin":938,"position":1},"title":"Trilha Morro da Babil\u00f4nia","author":"kanenberg","date":"27 de abril de 2015","format":false,"excerpt":"Entre os bairros do Leme, Botafogo, Urca, Babil\u00f4nia e Chap\u00e9u-Mangueira, uma linda trilha, a mais de 230 metros de altitude, guarda muitas surpresas: ru\u00ednas de casamatas...","rel":"","context":"Em &quot;Lugares&quot;","block_context":{"text":"Lugares","link":"https:\/\/www.kanenberg.com.br\/fatosfotoseregistros\/category\/lugares\/"},"img":{"alt_text":"Morro da Babil\u00f4nia","src":"https:\/\/i0.wp.com\/www.kanenberg.com.br\/fatosfotoseregistros\/wp-content\/uploads\/2015\/04\/2015-04-19-11-36-08.jpg?resize=350%2C200&ssl=1","width":350,"height":200,"srcset":"https:\/\/i0.wp.com\/www.kanenberg.com.br\/fatosfotoseregistros\/wp-content\/uploads\/2015\/04\/2015-04-19-11-36-08.jpg?resize=350%2C200&ssl=1 1x, https:\/\/i0.wp.com\/www.kanenberg.com.br\/fatosfotoseregistros\/wp-content\/uploads\/2015\/04\/2015-04-19-11-36-08.jpg?resize=525%2C300&ssl=1 1.5x, https:\/\/i0.wp.com\/www.kanenberg.com.br\/fatosfotoseregistros\/wp-content\/uploads\/2015\/04\/2015-04-19-11-36-08.jpg?resize=700%2C400&ssl=1 2x, https:\/\/i0.wp.com\/www.kanenberg.com.br\/fatosfotoseregistros\/wp-content\/uploads\/2015\/04\/2015-04-19-11-36-08.jpg?resize=1050%2C600&ssl=1 3x, https:\/\/i0.wp.com\/www.kanenberg.com.br\/fatosfotoseregistros\/wp-content\/uploads\/2015\/04\/2015-04-19-11-36-08.jpg?resize=1400%2C800&ssl=1 4x"},"classes":[]},{"id":5343,"url":"https:\/\/www.kanenberg.com.br\/fatosfotoseregistros\/do-caminho-do-boi-aos-tabajaras-a-historia-e-as-curiosidades-de-uma-das-ladeiras-mais-famosas-do-rio\/","url_meta":{"origin":938,"position":2},"title":"Do Caminho do Boi aos Tabajaras: A Hist\u00f3ria e as Curiosidades de uma das Ladeiras Mais Famosas do Rio","author":"kanenberg","date":"14 de fevereiro de 2019","format":false,"excerpt":"Quem passa hoje pelo in\u00edcio da Ladeira dos Tabajaras, logo na altura da Rua Siqueira Campos, em Copacabana, dificilmente imagina que aquele corredor urbano j\u00e1 foi uma rota estreita e poeirenta usada para o transporte de gado no s\u00e9culo XIX.","rel":"","context":"Em &quot;Lugares&quot;","block_context":{"text":"Lugares","link":"https:\/\/www.kanenberg.com.br\/fatosfotoseregistros\/category\/lugares\/"},"img":{"alt_text":"Ladeira dos Tabajaras","src":"https:\/\/i0.wp.com\/www.kanenberg.com.br\/fatosfotoseregistros\/wp-content\/uploads\/2019\/02\/FB_IMG_1550139554943.jpg?resize=350%2C200&ssl=1","width":350,"height":200,"srcset":"https:\/\/i0.wp.com\/www.kanenberg.com.br\/fatosfotoseregistros\/wp-content\/uploads\/2019\/02\/FB_IMG_1550139554943.jpg?resize=350%2C200&ssl=1 1x, https:\/\/i0.wp.com\/www.kanenberg.com.br\/fatosfotoseregistros\/wp-content\/uploads\/2019\/02\/FB_IMG_1550139554943.jpg?resize=525%2C300&ssl=1 1.5x, https:\/\/i0.wp.com\/www.kanenberg.com.br\/fatosfotoseregistros\/wp-content\/uploads\/2019\/02\/FB_IMG_1550139554943.jpg?resize=700%2C400&ssl=1 2x"},"classes":[]},{"id":2062,"url":"https:\/\/www.kanenberg.com.br\/fatosfotoseregistros\/museu-historico-do-exercito-e-forte-de-copacabana\/","url_meta":{"origin":938,"position":3},"title":"Museu Hist\u00f3rico do Ex\u00e9rcito e Forte de Copacabana","author":"kanenberg","date":"19 de julho de 2016","format":false,"excerpt":"O local escolhido para a sua constru\u00e7\u00e3o consistia numa regi\u00e3o cujos rochedos avan\u00e7avam contra o mar em dire\u00e7\u00e3o \u00e0 entrada da Ba\u00eda de Guanabara.","rel":"","context":"Em &quot;Imagem&quot;","block_context":{"text":"Imagem","link":"https:\/\/www.kanenberg.com.br\/fatosfotoseregistros\/category\/imagem\/"},"img":{"alt_text":"","src":"https:\/\/i0.wp.com\/www.kanenberg.com.br\/fatosfotoseregistros\/wp-content\/uploads\/2016\/07\/1922-07-06-150x150.jpg?resize=350%2C200&ssl=1","width":350,"height":200,"srcset":"https:\/\/i0.wp.com\/www.kanenberg.com.br\/fatosfotoseregistros\/wp-content\/uploads\/2016\/07\/1922-07-06-150x150.jpg?resize=350%2C200&ssl=1 1x, https:\/\/i0.wp.com\/www.kanenberg.com.br\/fatosfotoseregistros\/wp-content\/uploads\/2016\/07\/1922-07-06-150x150.jpg?resize=525%2C300&ssl=1 1.5x"},"classes":[]},{"id":290,"url":"https:\/\/www.kanenberg.com.br\/fatosfotoseregistros\/engenho-da-rainha\/","url_meta":{"origin":938,"position":4},"title":"Engenho da Rainha","author":"kanenberg","date":"14 de junho de 2016","format":false,"excerpt":"A regi\u00e3o acolhia uma resid\u00eancia adquirida pela Rainha Carlota Joaquina, esposa de D. Jo\u00e3o VI, por volta de 1810 com o objetivo de nela descansar, dai tamb\u00e9m a origem do nome do bairro.","rel":"","context":"Em &quot;Textos&quot;","block_context":{"text":"Textos","link":"https:\/\/www.kanenberg.com.br\/fatosfotoseregistros\/category\/textos\/"},"img":{"alt_text":"12717974_968432819919974_7760659722182098204_n","src":"https:\/\/fatosfotoseregistros.files.wordpress.com\/2016\/04\/12717974_968432819919974_7760659722182098204_n.jpg?w=350&h=200&crop=1","width":350,"height":200,"srcset":"https:\/\/fatosfotoseregistros.files.wordpress.com\/2016\/04\/12717974_968432819919974_7760659722182098204_n.jpg?w=350&h=200&crop=1 1x, https:\/\/fatosfotoseregistros.files.wordpress.com\/2016\/04\/12717974_968432819919974_7760659722182098204_n.jpg?w=525&h=300&crop=1 1.5x"},"classes":[]},{"id":6214,"url":"https:\/\/www.kanenberg.com.br\/fatosfotoseregistros\/o-rio-de-janeiro-sem-o-pao-de-acucar-lenda-urbana-ou-um-projeto-que-quase-aconteceu\/","url_meta":{"origin":938,"position":5},"title":"O Rio de Janeiro sem o P\u00e3o de A\u00e7\u00facar: Lenda urbana ou um projeto que quase aconteceu?","author":"kanenberg","date":"8 de agosto de 2026","format":false,"excerpt":"Voc\u00ea consegue imaginar a paisagem do Rio de Janeiro sem a silhueta marcante do P\u00e3o de A\u00e7\u00facar? Para qualquer pessoa hoje, essa ideia parece absurda ou at\u00e9 um roteiro de fic\u00e7\u00e3o cient\u00edfica. No entanto, no final do s\u00e9culo XIX, a elimina\u00e7\u00e3o desse gigante de granito foi seriamente discutida como uma\u2026","rel":"","context":"Em &quot;Lugares&quot;","block_context":{"text":"Lugares","link":"https:\/\/www.kanenberg.com.br\/fatosfotoseregistros\/category\/lugares\/"},"img":{"alt_text":"Demolir P\u00e3o de A\u00e7\u00facar","src":"https:\/\/i0.wp.com\/www.kanenberg.com.br\/fatosfotoseregistros\/wp-content\/uploads\/2026\/08\/Demolir-Pao-de-Acucar.jpg?resize=350%2C200&ssl=1","width":350,"height":200,"srcset":"https:\/\/i0.wp.com\/www.kanenberg.com.br\/fatosfotoseregistros\/wp-content\/uploads\/2026\/08\/Demolir-Pao-de-Acucar.jpg?resize=350%2C200&ssl=1 1x, https:\/\/i0.wp.com\/www.kanenberg.com.br\/fatosfotoseregistros\/wp-content\/uploads\/2026\/08\/Demolir-Pao-de-Acucar.jpg?resize=525%2C300&ssl=1 1.5x, https:\/\/i0.wp.com\/www.kanenberg.com.br\/fatosfotoseregistros\/wp-content\/uploads\/2026\/08\/Demolir-Pao-de-Acucar.jpg?resize=700%2C400&ssl=1 2x, https:\/\/i0.wp.com\/www.kanenberg.com.br\/fatosfotoseregistros\/wp-content\/uploads\/2026\/08\/Demolir-Pao-de-Acucar.jpg?resize=1050%2C600&ssl=1 3x, https:\/\/i0.wp.com\/www.kanenberg.com.br\/fatosfotoseregistros\/wp-content\/uploads\/2026\/08\/Demolir-Pao-de-Acucar.jpg?resize=1400%2C800&ssl=1 4x"},"classes":[]}],"jetpack_likes_enabled":true,"amp_enabled":true,"jetpack_featured_media_url":"","_links":{"self":[{"href":"https:\/\/www.kanenberg.com.br\/fatosfotoseregistros\/wp-json\/wp\/v2\/posts\/938","targetHints":{"allow":["GET"]}}],"collection":[{"href":"https:\/\/www.kanenberg.com.br\/fatosfotoseregistros\/wp-json\/wp\/v2\/posts"}],"about":[{"href":"https:\/\/www.kanenberg.com.br\/fatosfotoseregistros\/wp-json\/wp\/v2\/types\/post"}],"author":[{"embeddable":true,"href":"https:\/\/www.kanenberg.com.br\/fatosfotoseregistros\/wp-json\/wp\/v2\/users\/1"}],"replies":[{"embeddable":true,"href":"https:\/\/www.kanenberg.com.br\/fatosfotoseregistros\/wp-json\/wp\/v2\/comments?post=938"}],"version-history":[{"count":3,"href":"https:\/\/www.kanenberg.com.br\/fatosfotoseregistros\/wp-json\/wp\/v2\/posts\/938\/revisions"}],"predecessor-version":[{"id":5318,"href":"https:\/\/www.kanenberg.com.br\/fatosfotoseregistros\/wp-json\/wp\/v2\/posts\/938\/revisions\/5318"}],"wp:attachment":[{"href":"https:\/\/www.kanenberg.com.br\/fatosfotoseregistros\/wp-json\/wp\/v2\/media?parent=938"}],"wp:term":[{"taxonomy":"category","embeddable":true,"href":"https:\/\/www.kanenberg.com.br\/fatosfotoseregistros\/wp-json\/wp\/v2\/categories?post=938"},{"taxonomy":"post_tag","embeddable":true,"href":"https:\/\/www.kanenberg.com.br\/fatosfotoseregistros\/wp-json\/wp\/v2\/tags?post=938"}],"curies":[{"name":"wp","href":"https:\/\/api.w.org\/{rel}","templated":true}]}}