{"id":846,"date":"2016-05-24T09:19:58","date_gmt":"2016-05-24T12:19:58","guid":{"rendered":"https:\/\/fatosfotoseregistros.wordpress.com\/?p=846"},"modified":"2026-08-27T20:44:08","modified_gmt":"2026-08-27T23:44:08","slug":"ruinas-do-matadouro-de-santa-cruz","status":"publish","type":"post","link":"https:\/\/www.kanenberg.com.br\/fatosfotoseregistros\/ruinas-do-matadouro-de-santa-cruz\/","title":{"rendered":"Ru\u00ednas do Matadouro de Santa Cruz"},"content":{"rendered":"<figure id=\"attachment_850\" aria-describedby=\"caption-attachment-850\" style=\"width: 960px\" class=\"wp-caption aligncenter\"><img loading=\"lazy\" decoding=\"async\" data-attachment-id=\"850\" data-permalink=\"https:\/\/www.kanenberg.com.br\/fatosfotoseregistros\/ruinas-do-matadouro-de-santa-cruz\/matadouro\/\" data-orig-file=\"https:\/\/www.kanenberg.com.br\/fatosfotoseregistros\/wp-content\/uploads\/2016\/05\/matadouro.jpg\" data-orig-size=\"960,540\" data-comments-opened=\"1\" data-image-meta=\"{&quot;aperture&quot;:&quot;0&quot;,&quot;credit&quot;:&quot;&quot;,&quot;camera&quot;:&quot;&quot;,&quot;caption&quot;:&quot;&quot;,&quot;created_timestamp&quot;:&quot;0&quot;,&quot;copyright&quot;:&quot;&quot;,&quot;focal_length&quot;:&quot;0&quot;,&quot;iso&quot;:&quot;0&quot;,&quot;shutter_speed&quot;:&quot;0&quot;,&quot;title&quot;:&quot;&quot;,&quot;orientation&quot;:&quot;0&quot;}\" data-image-title=\"matadouro\" data-image-description=\"\" data-image-caption=\"\" data-large-file=\"https:\/\/www.kanenberg.com.br\/fatosfotoseregistros\/wp-content\/uploads\/2016\/05\/matadouro.jpg\" class=\"wp-image-850 size-full\" src=\"https:\/\/www.kanenberg.com.br\/fatosfotoseregistros\/wp-content\/uploads\/2016\/05\/matadouro.jpg\" alt=\"matadouro\" width=\"960\" height=\"540\" srcset=\"https:\/\/www.kanenberg.com.br\/fatosfotoseregistros\/wp-content\/uploads\/2016\/05\/matadouro.jpg 960w, https:\/\/www.kanenberg.com.br\/fatosfotoseregistros\/wp-content\/uploads\/2016\/05\/matadouro-300x169.jpg 300w, https:\/\/www.kanenberg.com.br\/fatosfotoseregistros\/wp-content\/uploads\/2016\/05\/matadouro-768x432.jpg 768w\" sizes=\"auto, (max-width: 960px) 100vw, 960px\" \/><figcaption id=\"caption-attachment-850\" class=\"wp-caption-text\">Ru\u00ednas do Matadouro<\/figcaption><\/figure>\n<p align=\"justify\">O Matadouro de Santa Cruz foi uma importante unidade industrial para abastecimento de carne do munic\u00edpio do Rio de Janeiro que funcionou do final do s\u00e9culo XIX at\u00e9 a segunda metade do s\u00e9culo XX no bairro de Santa Cruz. Foi constru\u00eddo devido a deteriora\u00e7\u00e3o do primeiro matadouro do Rio de Janeiro, criado em 1774 na Praia de Santa Luzia (hoje aterrada) e transferido para o Aterrado de S\u00e3o Crist\u00f3v\u00e3o em 1853.<\/p>\n<p align=\"justify\">Em 1876 \u00e9 lan\u00e7ada a pedra fundamental e em 09\/09\/1881 \u00e9 colocado em funcionamento, com o primeiro abate acontecendo em 04\/11\/1881. Em 30\/12\/1881, com a presen\u00e7a de D. Pedro II e membros da Fam\u00edlia Imperial, parlamentares, ministros, diplomatas, autoridades e imprensa, o Matadouro \u00e9 inaugurado oficialmente e de forma festiva.<\/p>\n<p align=\"justify\">O mesmo era servido por um ramal circular da Estrada de Ferro Central do Brasil que ia da Esta\u00e7\u00e3o Santa Cruz at\u00e9 a Esta\u00e7\u00e3o Matadouro dentro de suas depend\u00eancias e abastecia de carne toda a cidade do Rio de Janeiro.<\/p>\n<p align=\"justify\">A instala\u00e7\u00e3o do Matadouro em Santa Cruz trouxe diversos benef\u00edcios aos bairro tais como melhoras no com\u00e9rcio local assim como de infraestrutura e inclusive novas resid\u00eancias.<\/p>\n<p align=\"justify\">N\u00e3o podemos esquecer que foram constru\u00eddas, pr\u00f3ximo ao Matadouro, duas Vilas Oper\u00e1rias para servir de alojamento aos funcion\u00e1rios e suas fam\u00edlias. Na ocasi\u00e3o, trabalhar no matadouro era sin\u00f4nimo de status.<\/p>\n<figure id=\"attachment_904\" aria-describedby=\"caption-attachment-904\" style=\"width: 3264px\" class=\"wp-caption aligncenter\"><img loading=\"lazy\" decoding=\"async\" data-attachment-id=\"904\" data-permalink=\"https:\/\/www.kanenberg.com.br\/fatosfotoseregistros\/ruinas-do-matadouro-de-santa-cruz\/img_20150628_140955441\/\" data-orig-file=\"https:\/\/www.kanenberg.com.br\/fatosfotoseregistros\/wp-content\/uploads\/2016\/05\/img_20150628_140955441.jpg\" data-orig-size=\"3264,1836\" data-comments-opened=\"1\" data-image-meta=\"{&quot;aperture&quot;:&quot;2&quot;,&quot;credit&quot;:&quot;&quot;,&quot;camera&quot;:&quot;XT1069&quot;,&quot;caption&quot;:&quot;&quot;,&quot;created_timestamp&quot;:&quot;1039348800&quot;,&quot;copyright&quot;:&quot;&quot;,&quot;focal_length&quot;:&quot;3.54&quot;,&quot;iso&quot;:&quot;80&quot;,&quot;shutter_speed&quot;:&quot;0.00082&quot;,&quot;title&quot;:&quot;&quot;,&quot;orientation&quot;:&quot;0&quot;}\" data-image-title=\"IMG_20150628_140955441\" data-image-description=\"\" data-image-caption=\"\" data-large-file=\"https:\/\/www.kanenberg.com.br\/fatosfotoseregistros\/wp-content\/uploads\/2016\/05\/img_20150628_140955441-1024x576.jpg\" class=\"wp-image-904 size-full\" src=\"https:\/\/www.kanenberg.com.br\/fatosfotoseregistros\/wp-content\/uploads\/2016\/05\/img_20150628_140955441.jpg\" alt=\"IMG_20150628_140955441\" width=\"3264\" height=\"1836\" srcset=\"https:\/\/www.kanenberg.com.br\/fatosfotoseregistros\/wp-content\/uploads\/2016\/05\/img_20150628_140955441.jpg 3264w, https:\/\/www.kanenberg.com.br\/fatosfotoseregistros\/wp-content\/uploads\/2016\/05\/img_20150628_140955441-300x169.jpg 300w, https:\/\/www.kanenberg.com.br\/fatosfotoseregistros\/wp-content\/uploads\/2016\/05\/img_20150628_140955441-768x432.jpg 768w, https:\/\/www.kanenberg.com.br\/fatosfotoseregistros\/wp-content\/uploads\/2016\/05\/img_20150628_140955441-1024x576.jpg 1024w\" sizes=\"auto, (max-width: 3264px) 100vw, 3264px\" \/><figcaption id=\"caption-attachment-904\" class=\"wp-caption-text\">Vila Oper\u00e1ria<\/figcaption><\/figure>\n<p align=\"justify\">Outro marco importante foi que Santa Cruz foi o primeiro bairro a ter ilumina\u00e7\u00e3o el\u00e9trica, em virtude do gerador do matadouro.<\/p>\n<figure id=\"attachment_895\" aria-describedby=\"caption-attachment-895\" style=\"width: 3264px\" class=\"wp-caption aligncenter\"><img loading=\"lazy\" decoding=\"async\" data-attachment-id=\"895\" data-permalink=\"https:\/\/www.kanenberg.com.br\/fatosfotoseregistros\/ruinas-do-matadouro-de-santa-cruz\/img_20150628_131349844_hdr\/\" data-orig-file=\"https:\/\/www.kanenberg.com.br\/fatosfotoseregistros\/wp-content\/uploads\/2016\/05\/img_20150628_131349844_hdr.jpg\" data-orig-size=\"3264,1836\" data-comments-opened=\"1\" data-image-meta=\"{&quot;aperture&quot;:&quot;2&quot;,&quot;credit&quot;:&quot;&quot;,&quot;camera&quot;:&quot;XT1069&quot;,&quot;caption&quot;:&quot;&quot;,&quot;created_timestamp&quot;:&quot;1039348800&quot;,&quot;copyright&quot;:&quot;&quot;,&quot;focal_length&quot;:&quot;3.54&quot;,&quot;iso&quot;:&quot;80&quot;,&quot;shutter_speed&quot;:&quot;0.00296&quot;,&quot;title&quot;:&quot;&quot;,&quot;orientation&quot;:&quot;0&quot;}\" data-image-title=\"IMG_20150628_131349844_HDR\" data-image-description=\"\" data-image-caption=\"\" data-large-file=\"https:\/\/www.kanenberg.com.br\/fatosfotoseregistros\/wp-content\/uploads\/2016\/05\/img_20150628_131349844_hdr-1024x576.jpg\" class=\"wp-image-895 size-full\" src=\"https:\/\/www.kanenberg.com.br\/fatosfotoseregistros\/wp-content\/uploads\/2016\/05\/img_20150628_131349844_hdr.jpg\" alt=\"IMG_20150628_131349844_HDR\" width=\"3264\" height=\"1836\" srcset=\"https:\/\/www.kanenberg.com.br\/fatosfotoseregistros\/wp-content\/uploads\/2016\/05\/img_20150628_131349844_hdr.jpg 3264w, https:\/\/www.kanenberg.com.br\/fatosfotoseregistros\/wp-content\/uploads\/2016\/05\/img_20150628_131349844_hdr-300x169.jpg 300w, https:\/\/www.kanenberg.com.br\/fatosfotoseregistros\/wp-content\/uploads\/2016\/05\/img_20150628_131349844_hdr-768x432.jpg 768w, https:\/\/www.kanenberg.com.br\/fatosfotoseregistros\/wp-content\/uploads\/2016\/05\/img_20150628_131349844_hdr-1024x576.jpg 1024w\" sizes=\"auto, (max-width: 3264px) 100vw, 3264px\" \/><figcaption id=\"caption-attachment-895\" class=\"wp-caption-text\">Gerador<\/figcaption><\/figure>\n<p align=\"justify\">Mas, nem tudo era maravilhoso, pois a instala\u00e7\u00e3o ou melhor a transfer\u00eancia do bairro de S\u00e3o Crist\u00f3v\u00e3o para Santa Cruz foi na pr\u00e1tica levar a &#8220;sujeira&#8221; para longe onde n\u00e3o fosse causar incomodo. Afinal de contas a produ\u00e7\u00e3o de carne deixava restos (sangue, pelos e v\u00edsceras) que precisavam de um destino.<\/p>\n<p align=\"justify\">E este destino foi uma vala aberta para escoar estes restos. Todavia, foi apenas uma solu\u00e7\u00e3o incompleta, pois a tal vala se tornou algo insuport\u00e1vel at\u00e9 para se descrever.<\/p>\n<p align=\"justify\">Hoje funciona no pr\u00e9dio em que funcionava o matadouro uma escola t\u00e9cnica da FAETEC desde 1998, chamada CETEP-Centro de Educa\u00e7\u00e3o Tecnol\u00f3gica e Profissionalizante Santa Cruz ou ETESC -Escola T\u00e9cnica Estadual Santa Cruz.<\/p>\n","protected":false},"excerpt":{"rendered":"<p>O Matadouro de Santa Cruz foi uma importante unidade industrial para abastecimento de carne do munic\u00edpio do Rio de Janeiro que funcionou do final do s\u00e9culo XIX at\u00e9 a segunda metade do s\u00e9culo XX no bairro de Santa Cruz&#8230;<\/p>\n","protected":false},"author":1,"featured_media":0,"comment_status":"open","ping_status":"open","sticky":false,"template":"","format":"standard","meta":{"_exactmetrics_skip_tracking":false,"_jetpack_newsletter_access":"","_jetpack_dont_email_post_to_subs":false,"_jetpack_newsletter_tier_id":0,"_jetpack_memberships_contains_paywalled_content":false,"_jetpack_feature_clip_id":0,"_jetpack_memberships_contains_paid_content":false,"footnotes":"","jetpack_publicize_message":"","jetpack_publicize_feature_enabled":true,"jetpack_social_post_already_shared":true,"jetpack_social_options":{"image_generator_settings":{"template":"highway","default_image_id":0,"font":"","enabled":false},"version":2},"jetpack_post_was_ever_published":false},"categories":[262,265],"tags":[255,289,340],"class_list":["post-846","post","type-post","status-publish","format-standard","hentry","category-imagem","category-textos","tag-historia","tag-rio-de-janeiro","tag-santa-cruz"],"jetpack_publicize_connections":[],"jetpack_sharing_enabled":true,"jetpack_shortlink":"https:\/\/wp.me\/phkM1X-dE","jetpack-related-posts":[{"id":6327,"url":"https:\/\/www.kanenberg.com.br\/fatosfotoseregistros\/o-caso-taninha-e-a-fera-da-penha\/","url_meta":{"origin":846,"position":0},"title":"O Caso Taninha e a &#8220;Fera da Penha&#8221;: Trag\u00e9dia, Devocion\u00e1rio e Cinema","author":"kanenberg","date":"25 de agosto de 2026","format":false,"excerpt":"Um t\u00famulo rosa no Cemit\u00e9rio de Inha\u00fama\u00a0carrega uma das hist\u00f3rias de crimes reais mais famosas, tr\u00e1gicas e intrigantes da cr\u00f4nica urbana do Rio de Janeiro do s\u00e9culo XX.","rel":"","context":"Em &quot;Lugares&quot;","block_context":{"text":"Lugares","link":"https:\/\/www.kanenberg.com.br\/fatosfotoseregistros\/category\/lugares\/"},"img":{"alt_text":"","src":"https:\/\/i0.wp.com\/www.kanenberg.com.br\/fatosfotoseregistros\/wp-content\/uploads\/2026\/08\/Taninha_3.jpg?resize=350%2C200&ssl=1","width":350,"height":200,"srcset":"https:\/\/i0.wp.com\/www.kanenberg.com.br\/fatosfotoseregistros\/wp-content\/uploads\/2026\/08\/Taninha_3.jpg?resize=350%2C200&ssl=1 1x, https:\/\/i0.wp.com\/www.kanenberg.com.br\/fatosfotoseregistros\/wp-content\/uploads\/2026\/08\/Taninha_3.jpg?resize=525%2C300&ssl=1 1.5x"},"classes":[]},{"id":161,"url":"https:\/\/www.kanenberg.com.br\/fatosfotoseregistros\/casa-do-sal\/","url_meta":{"origin":846,"position":1},"title":"Hist\u00f3rica Casa do Sal em Santa Cruz","author":"kanenberg","date":"9 de julho de 2015","format":false,"excerpt":"A Casa do Sal \u00e9 um dos testemunhos materiais mais intrigantes da transi\u00e7\u00e3o entre o per\u00edodo colonial e o imperial na Zona Oeste do Rio de Janeiro.","rel":"","context":"Em &quot;Lugares&quot;","block_context":{"text":"Lugares","link":"https:\/\/www.kanenberg.com.br\/fatosfotoseregistros\/category\/lugares\/"},"img":{"alt_text":"Fachada da hist\u00f3rica Casa do Sal em Santa Cruz.. Fonte: NOPH - N\u00facleo de Orienta\u00e7\u00e3o e Pesquisa Hist\u00f3rica de Santa Cruz","src":"https:\/\/i0.wp.com\/www.kanenberg.com.br\/fatosfotoseregistros\/wp-content\/uploads\/2015\/07\/Casa_Sal.jpg?resize=350%2C200&ssl=1","width":350,"height":200,"srcset":"https:\/\/i0.wp.com\/www.kanenberg.com.br\/fatosfotoseregistros\/wp-content\/uploads\/2015\/07\/Casa_Sal.jpg?resize=350%2C200&ssl=1 1x, https:\/\/i0.wp.com\/www.kanenberg.com.br\/fatosfotoseregistros\/wp-content\/uploads\/2015\/07\/Casa_Sal.jpg?resize=525%2C300&ssl=1 1.5x, https:\/\/i0.wp.com\/www.kanenberg.com.br\/fatosfotoseregistros\/wp-content\/uploads\/2015\/07\/Casa_Sal.jpg?resize=700%2C400&ssl=1 2x"},"classes":[]},{"id":5343,"url":"https:\/\/www.kanenberg.com.br\/fatosfotoseregistros\/do-caminho-do-boi-aos-tabajaras-a-historia-e-as-curiosidades-de-uma-das-ladeiras-mais-famosas-do-rio\/","url_meta":{"origin":846,"position":2},"title":"Do Caminho do Boi aos Tabajaras: A Hist\u00f3ria e as Curiosidades de uma das Ladeiras Mais Famosas do Rio","author":"kanenberg","date":"14 de fevereiro de 2019","format":false,"excerpt":"Quem passa hoje pelo in\u00edcio da Ladeira dos Tabajaras, logo na altura da Rua Siqueira Campos, em Copacabana, dificilmente imagina que aquele corredor urbano j\u00e1 foi uma rota estreita e poeirenta usada para o transporte de gado no s\u00e9culo XIX.","rel":"","context":"Em &quot;Lugares&quot;","block_context":{"text":"Lugares","link":"https:\/\/www.kanenberg.com.br\/fatosfotoseregistros\/category\/lugares\/"},"img":{"alt_text":"Ladeira dos Tabajaras","src":"https:\/\/i0.wp.com\/www.kanenberg.com.br\/fatosfotoseregistros\/wp-content\/uploads\/2019\/02\/FB_IMG_1550139554943.jpg?resize=350%2C200&ssl=1","width":350,"height":200,"srcset":"https:\/\/i0.wp.com\/www.kanenberg.com.br\/fatosfotoseregistros\/wp-content\/uploads\/2019\/02\/FB_IMG_1550139554943.jpg?resize=350%2C200&ssl=1 1x, https:\/\/i0.wp.com\/www.kanenberg.com.br\/fatosfotoseregistros\/wp-content\/uploads\/2019\/02\/FB_IMG_1550139554943.jpg?resize=525%2C300&ssl=1 1.5x, https:\/\/i0.wp.com\/www.kanenberg.com.br\/fatosfotoseregistros\/wp-content\/uploads\/2019\/02\/FB_IMG_1550139554943.jpg?resize=700%2C400&ssl=1 2x"},"classes":[]},{"id":1077,"url":"https:\/\/www.kanenberg.com.br\/fatosfotoseregistros\/fortaleza-de-sao-jose-da-ponta-grossa\/","url_meta":{"origin":846,"position":3},"title":"Fortaleza de S\u00e3o Jos\u00e9 da Ponta Grossa","author":"kanenberg","date":"7 de junho de 2016","format":false,"excerpt":"Est\u00e1 localizada ao norte da Ilha de Santa Catarina, entre as Praias do Forte e de Jurer\u00ea, em Florian\u00f3polis, no Estado de Santa Catarina. A constru\u00e7\u00e3o austera e imponente caracteriza-se pela riqueza da sua arquitetura, apresentando tra\u00e7os de influ\u00eancia renascentista.","rel":"","context":"Em &quot;Imagem&quot;","block_context":{"text":"Imagem","link":"https:\/\/www.kanenberg.com.br\/fatosfotoseregistros\/category\/imagem\/"},"img":{"alt_text":"pub_ponta_grossa_01","src":"https:\/\/fatosfotoseregistros.files.wordpress.com\/2016\/06\/pub_ponta_grossa_01.jpg?w=350&h=200&crop=1","width":350,"height":200,"srcset":"https:\/\/fatosfotoseregistros.files.wordpress.com\/2016\/06\/pub_ponta_grossa_01.jpg?w=350&h=200&crop=1 1x, https:\/\/fatosfotoseregistros.files.wordpress.com\/2016\/06\/pub_ponta_grossa_01.jpg?w=525&h=300&crop=1 1.5x"},"classes":[]},{"id":6214,"url":"https:\/\/www.kanenberg.com.br\/fatosfotoseregistros\/o-rio-de-janeiro-sem-o-pao-de-acucar-lenda-urbana-ou-um-projeto-que-quase-aconteceu\/","url_meta":{"origin":846,"position":4},"title":"O Rio de Janeiro sem o P\u00e3o de A\u00e7\u00facar: Lenda urbana ou um projeto que quase aconteceu?","author":"kanenberg","date":"8 de agosto de 2026","format":false,"excerpt":"Voc\u00ea consegue imaginar a paisagem do Rio de Janeiro sem a silhueta marcante do P\u00e3o de A\u00e7\u00facar? Para qualquer pessoa hoje, essa ideia parece absurda ou at\u00e9 um roteiro de fic\u00e7\u00e3o cient\u00edfica. No entanto, no final do s\u00e9culo XIX, a elimina\u00e7\u00e3o desse gigante de granito foi seriamente discutida como uma\u2026","rel":"","context":"Em &quot;Lugares&quot;","block_context":{"text":"Lugares","link":"https:\/\/www.kanenberg.com.br\/fatosfotoseregistros\/category\/lugares\/"},"img":{"alt_text":"Demolir P\u00e3o de A\u00e7\u00facar","src":"https:\/\/i0.wp.com\/www.kanenberg.com.br\/fatosfotoseregistros\/wp-content\/uploads\/2026\/08\/Demolir-Pao-de-Acucar.jpg?resize=350%2C200&ssl=1","width":350,"height":200,"srcset":"https:\/\/i0.wp.com\/www.kanenberg.com.br\/fatosfotoseregistros\/wp-content\/uploads\/2026\/08\/Demolir-Pao-de-Acucar.jpg?resize=350%2C200&ssl=1 1x, https:\/\/i0.wp.com\/www.kanenberg.com.br\/fatosfotoseregistros\/wp-content\/uploads\/2026\/08\/Demolir-Pao-de-Acucar.jpg?resize=525%2C300&ssl=1 1.5x, https:\/\/i0.wp.com\/www.kanenberg.com.br\/fatosfotoseregistros\/wp-content\/uploads\/2026\/08\/Demolir-Pao-de-Acucar.jpg?resize=700%2C400&ssl=1 2x, https:\/\/i0.wp.com\/www.kanenberg.com.br\/fatosfotoseregistros\/wp-content\/uploads\/2026\/08\/Demolir-Pao-de-Acucar.jpg?resize=1050%2C600&ssl=1 3x, https:\/\/i0.wp.com\/www.kanenberg.com.br\/fatosfotoseregistros\/wp-content\/uploads\/2026\/08\/Demolir-Pao-de-Acucar.jpg?resize=1400%2C800&ssl=1 4x"},"classes":[]},{"id":6149,"url":"https:\/\/www.kanenberg.com.br\/fatosfotoseregistros\/igreja_antiga_se_rio_de_janeiro\/","url_meta":{"origin":846,"position":5},"title":"Testemunha da Hist\u00f3ria: Conhe\u00e7a a Igreja de Nossa Senhora do Carmo da Antiga S\u00e9","author":"kanenberg","date":"19 de julho de 2026","format":false,"excerpt":"Se voc\u00ea passa pela agita\u00e7\u00e3o do Centro do Rio de Janeiro, na altura da Pra\u00e7a XV, \u00e9 imposs\u00edvel n\u00e3o notar um imponente conjunto arquitet\u00f4nico que respira o passado colonial e imperial do Brasil. No cora\u00e7\u00e3o desse complexo est\u00e1 a Igreja de Nossa Senhora do Carmo da Antiga S\u00e9.","rel":"","context":"Em &quot;Imagem&quot;","block_context":{"text":"Imagem","link":"https:\/\/www.kanenberg.com.br\/fatosfotoseregistros\/category\/imagem\/"},"img":{"alt_text":"Restos mortais de Pedro \u00c1lvares Cabral","src":"https:\/\/i0.wp.com\/www.kanenberg.com.br\/fatosfotoseregistros\/wp-content\/uploads\/2026\/07\/cabral_cripta.jpg?resize=350%2C200&ssl=1","width":350,"height":200},"classes":[]}],"jetpack_likes_enabled":true,"amp_enabled":true,"jetpack_featured_media_url":"","_links":{"self":[{"href":"https:\/\/www.kanenberg.com.br\/fatosfotoseregistros\/wp-json\/wp\/v2\/posts\/846","targetHints":{"allow":["GET"]}}],"collection":[{"href":"https:\/\/www.kanenberg.com.br\/fatosfotoseregistros\/wp-json\/wp\/v2\/posts"}],"about":[{"href":"https:\/\/www.kanenberg.com.br\/fatosfotoseregistros\/wp-json\/wp\/v2\/types\/post"}],"author":[{"embeddable":true,"href":"https:\/\/www.kanenberg.com.br\/fatosfotoseregistros\/wp-json\/wp\/v2\/users\/1"}],"replies":[{"embeddable":true,"href":"https:\/\/www.kanenberg.com.br\/fatosfotoseregistros\/wp-json\/wp\/v2\/comments?post=846"}],"version-history":[{"count":3,"href":"https:\/\/www.kanenberg.com.br\/fatosfotoseregistros\/wp-json\/wp\/v2\/posts\/846\/revisions"}],"predecessor-version":[{"id":6338,"href":"https:\/\/www.kanenberg.com.br\/fatosfotoseregistros\/wp-json\/wp\/v2\/posts\/846\/revisions\/6338"}],"wp:attachment":[{"href":"https:\/\/www.kanenberg.com.br\/fatosfotoseregistros\/wp-json\/wp\/v2\/media?parent=846"}],"wp:term":[{"taxonomy":"category","embeddable":true,"href":"https:\/\/www.kanenberg.com.br\/fatosfotoseregistros\/wp-json\/wp\/v2\/categories?post=846"},{"taxonomy":"post_tag","embeddable":true,"href":"https:\/\/www.kanenberg.com.br\/fatosfotoseregistros\/wp-json\/wp\/v2\/tags?post=846"}],"curies":[{"name":"wp","href":"https:\/\/api.w.org\/{rel}","templated":true}]}}