{"id":815,"date":"2016-05-20T10:16:17","date_gmt":"2016-05-20T13:16:17","guid":{"rendered":"https:\/\/fatosfotoseregistros.wordpress.com\/?p=815"},"modified":"2016-05-20T10:16:17","modified_gmt":"2016-05-20T13:16:17","slug":"jaime-gold-um-ano-se-passou","status":"publish","type":"post","link":"https:\/\/www.kanenberg.com.br\/fatosfotoseregistros\/jaime-gold-um-ano-se-passou\/","title":{"rendered":"Jaime Gold &#8211; Um ano se passou"},"content":{"rendered":"<p align=\"justify\">No dia 19 de maio de 2015, o m\u00e9dico Jaime Gold, de 57 anos, foi covardemente esfaqueado enquanto andava de bicicleta na Lagoa Rodrigo de Freitas.<\/p>\n<p><a href=\"http:\/\/i0.wp.com\/fatosfotoseregistros.files.wordpress.com\/2016\/05\/jaime_gold-01.jpg?w=528\"><img decoding=\"async\" title=\"jaime_gold-01.jpg\" class=\"aligncenter size-full\" alt=\"image\" src=\"http:\/\/i0.wp.com\/fatosfotoseregistros.files.wordpress.com\/2016\/05\/jaime_gold-01.jpg?w=528?w=650\" \/><\/a> <\/p>\n<p align=\"justify\">Um ano depois do crime, apenas o tempo passou pois a inseguran\u00e7a afins continua a mesma!<\/p>\n<p align=\"justify\">At\u00e9 quando?<\/p>\n","protected":false},"excerpt":{"rendered":"<p>Um ano depois do crime, apenas o tempo passou pois a inseguran\u00e7a afins continua a mesma!<\/p>\n","protected":false},"author":1,"featured_media":0,"comment_status":"open","ping_status":"open","sticky":false,"template":"","format":"standard","meta":{"_exactmetrics_skip_tracking":false,"_jetpack_newsletter_access":"","_jetpack_dont_email_post_to_subs":false,"_jetpack_newsletter_tier_id":0,"_jetpack_memberships_contains_paywalled_content":false,"_jetpack_feature_clip_id":0,"_jetpack_memberships_contains_paid_content":false,"footnotes":"","jetpack_publicize_message":"","jetpack_publicize_feature_enabled":true,"jetpack_social_post_already_shared":false,"jetpack_social_options":{"image_generator_settings":{"template":"highway","default_image_id":0,"font":"","enabled":false},"version":2},"jetpack_post_was_ever_published":false},"categories":[265],"tags":[337],"class_list":["post-815","post","type-post","status-publish","format-standard","hentry","category-textos","tag-seguranca"],"jetpack_publicize_connections":[],"jetpack_sharing_enabled":true,"jetpack_shortlink":"https:\/\/wp.me\/phkM1X-d9","jetpack-related-posts":[{"id":6115,"url":"https:\/\/www.kanenberg.com.br\/fatosfotoseregistros\/jaiminho-o-papagaio-de-pirata-carioca\/","url_meta":{"origin":815,"position":0},"title":"Jaiminho: O Papagaio de Pirata Carioca","author":"kanenberg","date":"13 de julho de 2026","format":false,"excerpt":"O Rio de Janeiro \u00e9 famoso por seus personagens folcl\u00f3ricos, e Jaime Dias Sabino, o popular Jaiminho, certamente ocupa um lugar de destaque nessa galeria urbana. Conhecido nacionalmente como o maior \"papagaio de pirata\" (termo usado para quem faz de tudo para aparecer atr\u00e1s de entrevistados ou rep\u00f3rteres) da televis\u00e3o\u2026","rel":"","context":"Em &quot;Personalidades&quot;","block_context":{"text":"Personalidades","link":"https:\/\/www.kanenberg.com.br\/fatosfotoseregistros\/category\/personalidades\/"},"img":{"alt_text":"Jaiminho","src":"https:\/\/i0.wp.com\/www.kanenberg.com.br\/fatosfotoseregistros\/wp-content\/uploads\/2026\/07\/jaiminho.jpg?resize=350%2C200&ssl=1","width":350,"height":200},"classes":[]},{"id":1230,"url":"https:\/\/www.kanenberg.com.br\/fatosfotoseregistros\/japeri\/","url_meta":{"origin":815,"position":1},"title":"Cidade de Japeri","author":"kanenberg","date":"5 de julho de 2016","format":false,"excerpt":"A hist\u00f3ria de Japeri come\u00e7a no dia 13 de agosto de 1743, data de sua funda\u00e7\u00e3o, por In\u00e1cio Dias da C\u00e2mara Leme, denominado Morgado de Bel\u00e9m. A partir de 1750, as terras passaram a pertencer \u00e0 Freguesia de Sacra Fam\u00edlia de Tingu\u00e1, pois at\u00e9 ent\u00e3o pertenciam \u00e0 Freguesia de Paty\u2026","rel":"","context":"Em &quot;Imagem&quot;","block_context":{"text":"Imagem","link":"https:\/\/www.kanenberg.com.br\/fatosfotoseregistros\/category\/imagem\/"},"img":{"alt_text":"japeri_1928","src":"https:\/\/i0.wp.com\/www.kanenberg.com.br\/fatosfotoseregistros\/wp-content\/uploads\/2016\/07\/japeri_1928.jpg?resize=350%2C200&ssl=1","width":350,"height":200},"classes":[]},{"id":5408,"url":"https:\/\/www.kanenberg.com.br\/fatosfotoseregistros\/40-museus\/","url_meta":{"origin":815,"position":2},"title":"40 museus para visitar de gra\u00e7a no Rio de Janeiro","author":"kanenberg","date":"23 de fevereiro de 2019","format":false,"excerpt":"Com uma lista destas, com certeza n\u00e3o vai falta op\u00e7\u00e3o de passeio para a fam\u00edlia inteira. Ainda mais que, muitos destes museus al\u00e9m das exposi\u00e7\u00f5es permanentes ou de longa dura\u00e7\u00e3o ainda com frequ\u00eancia mudam as exposi\u00e7\u00f5es tempor\u00e1rias. Bor\u00e1 l\u00e1 aproveitar?","rel":"","context":"Em &quot;Lugares&quot;","block_context":{"text":"Lugares","link":"https:\/\/www.kanenberg.com.br\/fatosfotoseregistros\/category\/lugares\/"},"img":{"alt_text":"MAR Rio","src":"https:\/\/i0.wp.com\/www.kanenberg.com.br\/fatosfotoseregistros\/wp-content\/uploads\/2019\/02\/mar_rio.jpg?resize=350%2C200&ssl=1","width":350,"height":200,"srcset":"https:\/\/i0.wp.com\/www.kanenberg.com.br\/fatosfotoseregistros\/wp-content\/uploads\/2019\/02\/mar_rio.jpg?resize=350%2C200&ssl=1 1x, https:\/\/i0.wp.com\/www.kanenberg.com.br\/fatosfotoseregistros\/wp-content\/uploads\/2019\/02\/mar_rio.jpg?resize=525%2C300&ssl=1 1.5x, https:\/\/i0.wp.com\/www.kanenberg.com.br\/fatosfotoseregistros\/wp-content\/uploads\/2019\/02\/mar_rio.jpg?resize=700%2C400&ssl=1 2x, https:\/\/i0.wp.com\/www.kanenberg.com.br\/fatosfotoseregistros\/wp-content\/uploads\/2019\/02\/mar_rio.jpg?resize=1050%2C600&ssl=1 3x"},"classes":[]},{"id":5305,"url":"https:\/\/www.kanenberg.com.br\/fatosfotoseregistros\/menino-de-3-anos-recorda-vida-passada-identifica-assassino-e-localiza-corpo-enterrado\/","url_meta":{"origin":815,"position":3},"title":"Menino de 3 anos recorda vida passada, identifica assassino e localiza corpo enterrado","author":"kanenberg","date":"5 de fevereiro de 2015","format":false,"excerpt":"Um menino de 3 anos de idade, da regi\u00e3o das Colinas de Gol\u00e3, perto da fronteira entre a S\u00edria e Israel, afirma que foi assassinado com um machado em sua vida passada. Ele mostrou para os adultos de sua aldeia o local onde o assassino enterrou seu corpo, e incrivelmente,\u2026","rel":"","context":"Em &quot;Textos&quot;","block_context":{"text":"Textos","link":"https:\/\/www.kanenberg.com.br\/fatosfotoseregistros\/category\/textos\/"},"img":{"alt_text":"","src":"","width":0,"height":0},"classes":[]},{"id":6327,"url":"https:\/\/www.kanenberg.com.br\/fatosfotoseregistros\/o-caso-taninha-e-a-fera-da-penha\/","url_meta":{"origin":815,"position":4},"title":"O Caso Taninha e a &#8220;Fera da Penha&#8221;: Trag\u00e9dia, Devocion\u00e1rio e Cinema","author":"kanenberg","date":"25 de agosto de 2026","format":false,"excerpt":"Um t\u00famulo rosa no Cemit\u00e9rio de Inha\u00fama\u00a0carrega uma das hist\u00f3rias de crimes reais mais famosas, tr\u00e1gicas e intrigantes da cr\u00f4nica urbana do Rio de Janeiro do s\u00e9culo XX.","rel":"","context":"Em &quot;Lugares&quot;","block_context":{"text":"Lugares","link":"https:\/\/www.kanenberg.com.br\/fatosfotoseregistros\/category\/lugares\/"},"img":{"alt_text":"","src":"https:\/\/i0.wp.com\/www.kanenberg.com.br\/fatosfotoseregistros\/wp-content\/uploads\/2026\/08\/Taninha_3.jpg?resize=350%2C200&ssl=1","width":350,"height":200,"srcset":"https:\/\/i0.wp.com\/www.kanenberg.com.br\/fatosfotoseregistros\/wp-content\/uploads\/2026\/08\/Taninha_3.jpg?resize=350%2C200&ssl=1 1x, https:\/\/i0.wp.com\/www.kanenberg.com.br\/fatosfotoseregistros\/wp-content\/uploads\/2026\/08\/Taninha_3.jpg?resize=525%2C300&ssl=1 1.5x"},"classes":[]},{"id":6111,"url":"https:\/\/www.kanenberg.com.br\/fatosfotoseregistros\/minancora-uma-pequena-lata-que-atravessou-geracoes\/","url_meta":{"origin":815,"position":5},"title":"Min\u00e2ncora: uma pequena lata que atravessou gera\u00e7\u00f5es","author":"kanenberg","date":"11 de julho de 2026","format":false,"excerpt":"A embalagem mudou. A comunica\u00e7\u00e3o mudou. O p\u00fablico mudou. O mundo mudou. Mas a f\u00f3rmula continua essencialmente a mesma desde 1915.","rel":"","context":"Em &quot;Textos&quot;","block_context":{"text":"Textos","link":"https:\/\/www.kanenberg.com.br\/fatosfotoseregistros\/category\/textos\/"},"img":{"alt_text":"Min\u00e2ncora","src":"https:\/\/i0.wp.com\/www.kanenberg.com.br\/fatosfotoseregistros\/wp-content\/uploads\/2026\/07\/23937204-968x1024.jpg?resize=350%2C200&ssl=1","width":350,"height":200,"srcset":"https:\/\/i0.wp.com\/www.kanenberg.com.br\/fatosfotoseregistros\/wp-content\/uploads\/2026\/07\/23937204-968x1024.jpg?resize=350%2C200&ssl=1 1x, https:\/\/i0.wp.com\/www.kanenberg.com.br\/fatosfotoseregistros\/wp-content\/uploads\/2026\/07\/23937204-968x1024.jpg?resize=525%2C300&ssl=1 1.5x, https:\/\/i0.wp.com\/www.kanenberg.com.br\/fatosfotoseregistros\/wp-content\/uploads\/2026\/07\/23937204-968x1024.jpg?resize=700%2C400&ssl=1 2x"},"classes":[]}],"jetpack_likes_enabled":true,"amp_enabled":true,"jetpack_featured_media_url":"","_links":{"self":[{"href":"https:\/\/www.kanenberg.com.br\/fatosfotoseregistros\/wp-json\/wp\/v2\/posts\/815","targetHints":{"allow":["GET"]}}],"collection":[{"href":"https:\/\/www.kanenberg.com.br\/fatosfotoseregistros\/wp-json\/wp\/v2\/posts"}],"about":[{"href":"https:\/\/www.kanenberg.com.br\/fatosfotoseregistros\/wp-json\/wp\/v2\/types\/post"}],"author":[{"embeddable":true,"href":"https:\/\/www.kanenberg.com.br\/fatosfotoseregistros\/wp-json\/wp\/v2\/users\/1"}],"replies":[{"embeddable":true,"href":"https:\/\/www.kanenberg.com.br\/fatosfotoseregistros\/wp-json\/wp\/v2\/comments?post=815"}],"version-history":[{"count":0,"href":"https:\/\/www.kanenberg.com.br\/fatosfotoseregistros\/wp-json\/wp\/v2\/posts\/815\/revisions"}],"wp:attachment":[{"href":"https:\/\/www.kanenberg.com.br\/fatosfotoseregistros\/wp-json\/wp\/v2\/media?parent=815"}],"wp:term":[{"taxonomy":"category","embeddable":true,"href":"https:\/\/www.kanenberg.com.br\/fatosfotoseregistros\/wp-json\/wp\/v2\/categories?post=815"},{"taxonomy":"post_tag","embeddable":true,"href":"https:\/\/www.kanenberg.com.br\/fatosfotoseregistros\/wp-json\/wp\/v2\/tags?post=815"}],"curies":[{"name":"wp","href":"https:\/\/api.w.org\/{rel}","templated":true}]}}