{"id":722,"date":"2016-05-13T06:00:15","date_gmt":"2016-05-13T09:00:15","guid":{"rendered":"https:\/\/fatosfotoseregistros.wordpress.com\/?p=722"},"modified":"2016-05-13T06:00:15","modified_gmt":"2016-05-13T09:00:15","slug":"sexta-feira-13","status":"publish","type":"post","link":"https:\/\/www.kanenberg.com.br\/fatosfotoseregistros\/sexta-feira-13\/","title":{"rendered":"Sexta-Feira 13"},"content":{"rendered":"<p align=\"justify\">A\u00a0<strong>Sexta-feira\u00a0no dia 13<\/strong>\u00a0de qualquer m\u00eas \u00e9 considerada popularmente como um\u00a0dia\u00a0de azar.<\/p>\n<p><a href=\"http:\/\/fatosfotoseregistros.files.wordpress.com\/2016\/05\/wp-1462748149458.jpg\"><img decoding=\"async\" class=\"aligncenter size-full\" title=\"wp-1462748149458\" src=\"http:\/\/fatosfotoseregistros.files.wordpress.com\/2016\/05\/wp-1462748149458.jpg\" alt=\"image\" \/><\/a><\/p>\n<p align=\"justify\">O n\u00famero\u00a013\u00a0\u00e9 considerado de m\u00e1 sorte. Na numerologia\u00a0o n\u00famero 12 \u00e9 considerado de algo completo, como por exemplo: 12 meses no ano, 12 tribos de Israel, 12 ap\u00f3stolos de Jesus ou 12 constela\u00e7\u00f5es do Zod\u00edaco. J\u00e1 o 13 \u00e9 considerado um n\u00famero irregular, sinal de infort\u00fanio. A sexta-feira foi o dia em que Jesus foi crucificado e tamb\u00e9m \u00e9 considerado um dia de azar. Somando o dia da semana de azar (sexta) com o n\u00famero de azar (13) tem-se pela tradi\u00e7\u00e3o, o mais azarado dos dias.<\/p>\n<p align=\"justify\"><a href=\"https:\/\/pt.m.wikipedia.org\/wiki\/Triscaidecafobia\">Triscaidecafobia<\/a>\u00a0\u00e9 um medo irracional e incomum do n\u00famero 13. O medo espec\u00edfico da sexta-feira 13 (fobia) \u00e9 chamado de parascavedecatriafobia ou frigatriscaidecafobia.<\/p>\n<p align=\"justify\">Alguns pesquisadores relatam que o grande\u00a0dil\u00favio\u00a0aconteceu na sexta-feira.<\/p>\n<p align=\"justify\">A morte de Cristo aconteceu numa sexta-feira conhecida como\u00a0Sexta-Feira da Paix\u00e3o.<\/p>\n<p align=\"justify\">Marinheiros ingleses n\u00e3o gostam de zarpar seus navios \u00e0 sexta-feira.<\/p>\n<p align=\"justify\">Recorde-se ainda que na\u00a0Santa Ceia sentaram-se \u00e0 mesa treze pessoas, sendo que duas delas,\u00a0Jesus e\u00a0Judas Iscariotes, apesar do \u00faltimo n\u00e3o ter participado de toda a celebra\u00e7\u00e3o, morreram em seguida, por mortes tr\u00e1gicas. Jesus executado no madeiro e Judas por\u00a0suic\u00eddio.<\/p>\n<p align=\"justify\">Note-se tamb\u00e9m que, no\u00a0Tar\u00f4, a carta de n\u00famero 13 representa a Morte.<\/p>\n<p align=\"justify\">A queda do avi\u00e3o que levava a equipe uruguaia de r\u00fagbi nos Andes foi em uma sexta-feira 13 de\u00a01972. Os acontecimentos neste acidente deram origem ao livro Sobreviventes: a Trag\u00e9dia dos Andes, e ao filme\u00a0Alive\u00a0(Vivos) de\u00a01993.<\/p>\n<p align=\"justify\">Sexta-feira 13 de Novembro de 2015 foi um dia negro para a hist\u00f3ria da Fran\u00e7a devido aos 7 ataques terroristas, em Paris, que mataram cerca de 130 pessoas e feriram cerca de 400.<\/p>\n<p align=\"justify\">13 de Dezembro de\u00a01968: O governo militar do\u00a0Brasil\u00a0decreta o\u00a0AI-5, que, entre outras coisas, suspendeu direitos e garantias pol\u00edticas, decretou\u00a0estado de s\u00edtio\u00a0no Brasil e dava poderes aos\u00a0militares\u00a0de fechar o Congresso.<\/p>\n<p align=\"justify\">E voc\u00ea, tem algo de negativo quanto a este dia?<\/p>\n","protected":false},"excerpt":{"rendered":"<p>A\u00a0Sexta-feira\u00a0no dia 13\u00a0de qualquer m\u00eas \u00e9 considerada popularmente como um\u00a0dia\u00a0de azar<\/p>\n","protected":false},"author":1,"featured_media":0,"comment_status":"open","ping_status":"open","sticky":false,"template":"","format":"standard","meta":{"_exactmetrics_skip_tracking":false,"_jetpack_newsletter_access":"","_jetpack_dont_email_post_to_subs":false,"_jetpack_newsletter_tier_id":0,"_jetpack_memberships_contains_paywalled_content":false,"_jetpack_feature_clip_id":0,"_jetpack_memberships_contains_paid_content":false,"footnotes":"","jetpack_publicize_message":"","jetpack_publicize_feature_enabled":true,"jetpack_social_post_already_shared":false,"jetpack_social_options":{"image_generator_settings":{"template":"highway","default_image_id":0,"font":"","enabled":false},"version":2},"jetpack_post_was_ever_published":false},"categories":[265],"tags":[254],"class_list":["post-722","post","type-post","status-publish","format-standard","hentry","category-textos","tag-curiosidades"],"jetpack_publicize_connections":[],"jetpack_sharing_enabled":true,"jetpack_shortlink":"https:\/\/wp.me\/phkM1X-bE","jetpack-related-posts":[{"id":3980,"url":"https:\/\/www.kanenberg.com.br\/fatosfotoseregistros\/ponte-vereador-aldo-pereira-de-andrade\/","url_meta":{"origin":722,"position":0},"title":"Ponte Vereador Aldo Pereira de Andrade","author":"kanenberg","date":"1 de janeiro de 2017","format":false,"excerpt":"A Ponte da Estrada de Ferro que serviu de travessia sobre o Rio Itaja\u00ed-A\u00e7u para a ferrovia que ligava Blumenau \u00e0 Itaja\u00ed","rel":"","context":"Em &quot;Imagem&quot;","block_context":{"text":"Imagem","link":"https:\/\/www.kanenberg.com.br\/fatosfotoseregistros\/category\/imagem\/"},"img":{"alt_text":"","src":"https:\/\/i0.wp.com\/www.kanenberg.com.br\/fatosfotoseregistros\/wp-content\/uploads\/2017\/01\/ponte_ferro_blumenau.jpg?resize=350%2C200&ssl=1","width":350,"height":200,"srcset":"https:\/\/i0.wp.com\/www.kanenberg.com.br\/fatosfotoseregistros\/wp-content\/uploads\/2017\/01\/ponte_ferro_blumenau.jpg?resize=350%2C200&ssl=1 1x, https:\/\/i0.wp.com\/www.kanenberg.com.br\/fatosfotoseregistros\/wp-content\/uploads\/2017\/01\/ponte_ferro_blumenau.jpg?resize=525%2C300&ssl=1 1.5x, https:\/\/i0.wp.com\/www.kanenberg.com.br\/fatosfotoseregistros\/wp-content\/uploads\/2017\/01\/ponte_ferro_blumenau.jpg?resize=700%2C400&ssl=1 2x"},"classes":[]},{"id":5408,"url":"https:\/\/www.kanenberg.com.br\/fatosfotoseregistros\/40-museus\/","url_meta":{"origin":722,"position":1},"title":"40 museus para visitar de gra\u00e7a no Rio de Janeiro","author":"kanenberg","date":"23 de fevereiro de 2019","format":false,"excerpt":"Com uma lista destas, com certeza n\u00e3o vai falta op\u00e7\u00e3o de passeio para a fam\u00edlia inteira. Ainda mais que, muitos destes museus al\u00e9m das exposi\u00e7\u00f5es permanentes ou de longa dura\u00e7\u00e3o ainda com frequ\u00eancia mudam as exposi\u00e7\u00f5es tempor\u00e1rias. Bor\u00e1 l\u00e1 aproveitar?","rel":"","context":"Em &quot;Lugares&quot;","block_context":{"text":"Lugares","link":"https:\/\/www.kanenberg.com.br\/fatosfotoseregistros\/category\/lugares\/"},"img":{"alt_text":"MAR Rio","src":"https:\/\/i0.wp.com\/www.kanenberg.com.br\/fatosfotoseregistros\/wp-content\/uploads\/2019\/02\/mar_rio.jpg?resize=350%2C200&ssl=1","width":350,"height":200,"srcset":"https:\/\/i0.wp.com\/www.kanenberg.com.br\/fatosfotoseregistros\/wp-content\/uploads\/2019\/02\/mar_rio.jpg?resize=350%2C200&ssl=1 1x, https:\/\/i0.wp.com\/www.kanenberg.com.br\/fatosfotoseregistros\/wp-content\/uploads\/2019\/02\/mar_rio.jpg?resize=525%2C300&ssl=1 1.5x, https:\/\/i0.wp.com\/www.kanenberg.com.br\/fatosfotoseregistros\/wp-content\/uploads\/2019\/02\/mar_rio.jpg?resize=700%2C400&ssl=1 2x, https:\/\/i0.wp.com\/www.kanenberg.com.br\/fatosfotoseregistros\/wp-content\/uploads\/2019\/02\/mar_rio.jpg?resize=1050%2C600&ssl=1 3x"},"classes":[]},{"id":6353,"url":"https:\/\/www.kanenberg.com.br\/fatosfotoseregistros\/velho-oeste-historia-e-ficcao\/","url_meta":{"origin":722,"position":2},"title":"Velho Oeste: Hist\u00f3ria e Fic\u00e7\u00e3o","author":"kanenberg","date":"2 de setembro de 2026","format":false,"excerpt":"A \u00e9poca retratada nos filmes de faroeste existiu de verdade e ficou conhecida na hist\u00f3ria como a era do Velho Oeste (ou Wild West \u2014 Oeste Selvagem).","rel":"","context":"Em &quot;Lugares&quot;","block_context":{"text":"Lugares","link":"https:\/\/www.kanenberg.com.br\/fatosfotoseregistros\/category\/lugares\/"},"img":{"alt_text":"Figura 1 - Dodge City, Kansas (1878): Uma das cidades mais famosas e violentas do Velho Oeste real. Fonte: Smithsonian Magazine","src":"https:\/\/i0.wp.com\/www.kanenberg.com.br\/fatosfotoseregistros\/wp-content\/uploads\/2026\/08\/Dodge-City.jpg?resize=350%2C200&ssl=1","width":350,"height":200,"srcset":"https:\/\/i0.wp.com\/www.kanenberg.com.br\/fatosfotoseregistros\/wp-content\/uploads\/2026\/08\/Dodge-City.jpg?resize=350%2C200&ssl=1 1x, https:\/\/i0.wp.com\/www.kanenberg.com.br\/fatosfotoseregistros\/wp-content\/uploads\/2026\/08\/Dodge-City.jpg?resize=525%2C300&ssl=1 1.5x"},"classes":[]},{"id":1357,"url":"https:\/\/www.kanenberg.com.br\/fatosfotoseregistros\/central-do-brasil\/","url_meta":{"origin":722,"position":3},"title":"Central do Brasil","author":"kanenberg","date":"28 de junho de 2016","format":false,"excerpt":"Central do Brasil, lugar conhecido por alguns e desconhecido por outros, admirado por uns e temido por outros, para alguns \u00e9 caminho obrigat\u00f3rio no dia-a-dia, enfim, um lugar cheio de hist\u00f3rias e curiosidades.","rel":"","context":"Em &quot;Imagem&quot;","block_context":{"text":"Imagem","link":"https:\/\/www.kanenberg.com.br\/fatosfotoseregistros\/category\/imagem\/"},"img":{"alt_text":"","src":"https:\/\/i0.wp.com\/www.kanenberg.com.br\/fatosfotoseregistros\/wp-content\/uploads\/2016\/06\/pvargas.jpg?resize=350%2C200&ssl=1","width":350,"height":200,"srcset":"https:\/\/i0.wp.com\/www.kanenberg.com.br\/fatosfotoseregistros\/wp-content\/uploads\/2016\/06\/pvargas.jpg?resize=350%2C200&ssl=1 1x, https:\/\/i0.wp.com\/www.kanenberg.com.br\/fatosfotoseregistros\/wp-content\/uploads\/2016\/06\/pvargas.jpg?resize=525%2C300&ssl=1 1.5x"},"classes":[]},{"id":5427,"url":"https:\/\/www.kanenberg.com.br\/fatosfotoseregistros\/hino-nacional-nas-escolas\/","url_meta":{"origin":722,"position":4},"title":"Hino Nacional nas escolas","author":"kanenberg","date":"27 de fevereiro de 2019","format":false,"excerpt":"O Hino Nacional Brasileiro \u00e9 um dos quatro s\u00edmbolos oficiais da Rep\u00fablica Federativa do Brasil, conforme estabelece o art. 13, \u00a7 1.\u00ba, da Constitui\u00e7\u00e3o do Brasil.","rel":"","context":"Em &quot;Textos&quot;","block_context":{"text":"Textos","link":"https:\/\/www.kanenberg.com.br\/fatosfotoseregistros\/category\/textos\/"},"img":{"alt_text":"LEI N\u00ba 12.031, DE 21 DE SETEMBRO DE 2009","src":"https:\/\/i0.wp.com\/www.kanenberg.com.br\/fatosfotoseregistros\/wp-content\/uploads\/2019\/02\/hino_nacional.jpg?resize=350%2C200&ssl=1","width":350,"height":200,"srcset":"https:\/\/i0.wp.com\/www.kanenberg.com.br\/fatosfotoseregistros\/wp-content\/uploads\/2019\/02\/hino_nacional.jpg?resize=350%2C200&ssl=1 1x, https:\/\/i0.wp.com\/www.kanenberg.com.br\/fatosfotoseregistros\/wp-content\/uploads\/2019\/02\/hino_nacional.jpg?resize=525%2C300&ssl=1 1.5x"},"classes":[]},{"id":1230,"url":"https:\/\/www.kanenberg.com.br\/fatosfotoseregistros\/japeri\/","url_meta":{"origin":722,"position":5},"title":"Cidade de Japeri","author":"kanenberg","date":"5 de julho de 2016","format":false,"excerpt":"A hist\u00f3ria de Japeri come\u00e7a no dia 13 de agosto de 1743, data de sua funda\u00e7\u00e3o, por In\u00e1cio Dias da C\u00e2mara Leme, denominado Morgado de Bel\u00e9m. A partir de 1750, as terras passaram a pertencer \u00e0 Freguesia de Sacra Fam\u00edlia de Tingu\u00e1, pois at\u00e9 ent\u00e3o pertenciam \u00e0 Freguesia de Paty\u2026","rel":"","context":"Em &quot;Imagem&quot;","block_context":{"text":"Imagem","link":"https:\/\/www.kanenberg.com.br\/fatosfotoseregistros\/category\/imagem\/"},"img":{"alt_text":"japeri_1928","src":"https:\/\/i0.wp.com\/www.kanenberg.com.br\/fatosfotoseregistros\/wp-content\/uploads\/2016\/07\/japeri_1928.jpg?resize=350%2C200&ssl=1","width":350,"height":200},"classes":[]}],"jetpack_likes_enabled":true,"amp_enabled":true,"jetpack_featured_media_url":"","_links":{"self":[{"href":"https:\/\/www.kanenberg.com.br\/fatosfotoseregistros\/wp-json\/wp\/v2\/posts\/722","targetHints":{"allow":["GET"]}}],"collection":[{"href":"https:\/\/www.kanenberg.com.br\/fatosfotoseregistros\/wp-json\/wp\/v2\/posts"}],"about":[{"href":"https:\/\/www.kanenberg.com.br\/fatosfotoseregistros\/wp-json\/wp\/v2\/types\/post"}],"author":[{"embeddable":true,"href":"https:\/\/www.kanenberg.com.br\/fatosfotoseregistros\/wp-json\/wp\/v2\/users\/1"}],"replies":[{"embeddable":true,"href":"https:\/\/www.kanenberg.com.br\/fatosfotoseregistros\/wp-json\/wp\/v2\/comments?post=722"}],"version-history":[{"count":0,"href":"https:\/\/www.kanenberg.com.br\/fatosfotoseregistros\/wp-json\/wp\/v2\/posts\/722\/revisions"}],"wp:attachment":[{"href":"https:\/\/www.kanenberg.com.br\/fatosfotoseregistros\/wp-json\/wp\/v2\/media?parent=722"}],"wp:term":[{"taxonomy":"category","embeddable":true,"href":"https:\/\/www.kanenberg.com.br\/fatosfotoseregistros\/wp-json\/wp\/v2\/categories?post=722"},{"taxonomy":"post_tag","embeddable":true,"href":"https:\/\/www.kanenberg.com.br\/fatosfotoseregistros\/wp-json\/wp\/v2\/tags?post=722"}],"curies":[{"name":"wp","href":"https:\/\/api.w.org\/{rel}","templated":true}]}}