{"id":710,"date":"2016-05-07T23:24:46","date_gmt":"2016-05-08T02:24:46","guid":{"rendered":"https:\/\/fatosfotoseregistros.wordpress.com\/?p=710"},"modified":"2016-05-07T23:24:46","modified_gmt":"2016-05-08T02:24:46","slug":"dia-das-maes","status":"publish","type":"post","link":"https:\/\/www.kanenberg.com.br\/fatosfotoseregistros\/dia-das-maes\/","title":{"rendered":"Dia das M\u00e3es"},"content":{"rendered":"<p><strong><\/p>\n<p align=\"justify\">Dia das M\u00e3es<\/strong>, tamb\u00e9m designado de\u00a0<strong>Dia da M\u00e3e<\/strong>, \u00e9 uma data comemorativa em que se homenageia a\u00a0m\u00e3e e a\u00a0maternidade. Em alguns pa\u00edses \u00e9 comemorado no segundo domingo do m\u00eas de maio (como no\u00a0Brasil e na\u00a0Irlanda). Em\u00a0Portugal \u00e9 comemorado no primeiro domingo do m\u00eas de Maio.<\/p>\n<p><a href=\"http:\/\/fatosfotoseregistros.files.wordpress.com\/2016\/05\/wp-1462673818906.jpg\"><img decoding=\"async\" title=\"wp-1462673818906\" class=\"alignnone size-full\" alt=\"image\" src=\"http:\/\/fatosfotoseregistros.files.wordpress.com\/2016\/05\/wp-1462673818906.jpg\" \/><\/a><\/p>\n<p><strong><\/p>\n<p align=\"justify\"><\/strong>A mais antiga comemora\u00e7\u00e3o do dia das m\u00e3es \u00e9 mitol\u00f3gica. Na\u00a0Gr\u00e9cia antiga, a entrada da primavera era festejada em honra de\u00a0Rhea, a M\u00e3e dos Deuses. A\u00a0Enciclop\u00e9dia Brit\u00e2nica diz: &#8220;Uma festividade derivada do costume de adorar a m\u00e3e, na antiga Gr\u00e9cia. A adora\u00e7\u00e3o formal da m\u00e3e, com cerim\u00f4nias para Cibele ou Rhea, a Grande M\u00e3e dos Deuses, era realizada nos idos de mar\u00e7o, em toda a \u00c1sia Menor.&#8221;<\/p>\n<p><strong><\/p>\n<p align=\"justify\"><\/strong>No Brasil, em 1932, o ent\u00e3o presidente\u00a0Get\u00falio Vargas, a pedido das feministas da Federa\u00e7\u00e3o Brasileira pelo Progresso Feminino, oficializou a data no segundo domingo de maio. A iniciativa fazia parte da estrat\u00e9gia das feministas de valorizar a importancia das mulheres na sociedade, animadas com as perspectivas que se abriram a partir da conquista do direito de votar, em fevereiro do mesmo ano.<\/p>\n","protected":false},"excerpt":{"rendered":"<p>Dia das M\u00e3es, tamb\u00e9m designado de\u00a0Dia da M\u00e3e, \u00e9 uma data comemorativa em que se homenageia a\u00a0m\u00e3e e a\u00a0maternidade. Em alguns pa\u00edses \u00e9 comemorado no segundo domingo do m\u00eas de maio (como no\u00a0Brasil e na\u00a0Irlanda). Em\u00a0Portugal \u00e9 comemorado no primeiro domingo do m\u00eas de Maio.<\/p>\n","protected":false},"author":1,"featured_media":0,"comment_status":"open","ping_status":"open","sticky":false,"template":"","format":"standard","meta":{"_exactmetrics_skip_tracking":false,"_jetpack_newsletter_access":"","_jetpack_dont_email_post_to_subs":false,"_jetpack_newsletter_tier_id":0,"_jetpack_memberships_contains_paywalled_content":false,"_jetpack_feature_clip_id":0,"_jetpack_memberships_contains_paid_content":false,"footnotes":"","jetpack_publicize_message":"","jetpack_publicize_feature_enabled":true,"jetpack_social_post_already_shared":false,"jetpack_social_options":{"image_generator_settings":{"template":"highway","default_image_id":0,"font":"","enabled":false},"version":2},"jetpack_post_was_ever_published":false},"categories":[265],"tags":[258],"class_list":["post-710","post","type-post","status-publish","format-standard","hentry","category-textos","tag-comemoracoes"],"jetpack_publicize_connections":[],"jetpack_sharing_enabled":true,"jetpack_shortlink":"https:\/\/wp.me\/phkM1X-bs","jetpack-related-posts":[{"id":5424,"url":"https:\/\/www.kanenberg.com.br\/fatosfotoseregistros\/a-origem-dos-aniversarios\/","url_meta":{"origin":710,"position":0},"title":"A origem dos anivers\u00e1rios","author":"kanenberg","date":"27 de fevereiro de 2019","format":false,"excerpt":"Como todos os dias se celebram milhares de anivers\u00e1rios no mundo, \u00e9 interessante saber qual a origem deste costume.","rel":"","context":"Em &quot;Textos&quot;","block_context":{"text":"Textos","link":"https:\/\/www.kanenberg.com.br\/fatosfotoseregistros\/category\/textos\/"},"img":{"alt_text":"anivers\u00e1rio","src":"https:\/\/i0.wp.com\/www.kanenberg.com.br\/fatosfotoseregistros\/wp-content\/uploads\/2019\/02\/aniversario-300x169.jpg?resize=350%2C200&ssl=1","width":350,"height":200},"classes":[]},{"id":625,"url":"https:\/\/www.kanenberg.com.br\/fatosfotoseregistros\/dia-nacional-do-pau-brasil\/","url_meta":{"origin":710,"position":1},"title":"Dia Nacional do Pau-Brasil","author":"kanenberg","date":"3 de maio de 2016","format":false,"excerpt":"Hoje (03\/Maio) \u00e9 comemorado o Dia Nacional do Pau-Brasil","rel":"","context":"Em &quot;Textos&quot;","block_context":{"text":"Textos","link":"https:\/\/www.kanenberg.com.br\/fatosfotoseregistros\/category\/textos\/"},"img":{"alt_text":"Paubrasil31.JPG","src":"https:\/\/upload.wikimedia.org\/wikipedia\/commons\/b\/b3\/Paubrasil31.JPG","width":350,"height":200,"srcset":"https:\/\/upload.wikimedia.org\/wikipedia\/commons\/b\/b3\/Paubrasil31.JPG 1x, https:\/\/upload.wikimedia.org\/wikipedia\/commons\/b\/b3\/Paubrasil31.JPG 1.5x"},"classes":[]},{"id":6122,"url":"https:\/\/www.kanenberg.com.br\/fatosfotoseregistros\/vila-mimosa-30-anos\/","url_meta":{"origin":710,"position":2},"title":"Vila Mimosa: 30 anos na Pra\u00e7a da Bandeira","author":"kanenberg","date":"13 de julho de 2026","format":false,"excerpt":"Em 2026, a Vila Mimosa completa 30 anos em sua atual localiza\u00e7\u00e3o, na regi\u00e3o da Pra\u00e7a da Bandeira, na Zona[\u2026]","rel":"","context":"Em &quot;Lugares&quot;","block_context":{"text":"Lugares","link":"https:\/\/www.kanenberg.com.br\/fatosfotoseregistros\/category\/lugares\/"},"img":{"alt_text":"","src":"https:\/\/i0.wp.com\/www.kanenberg.com.br\/fatosfotoseregistros\/wp-content\/uploads\/2026\/07\/vila_mimosa_old1629409711295348501.jpg?resize=350%2C200&ssl=1","width":350,"height":200,"srcset":"https:\/\/i0.wp.com\/www.kanenberg.com.br\/fatosfotoseregistros\/wp-content\/uploads\/2026\/07\/vila_mimosa_old1629409711295348501.jpg?resize=350%2C200&ssl=1 1x, https:\/\/i0.wp.com\/www.kanenberg.com.br\/fatosfotoseregistros\/wp-content\/uploads\/2026\/07\/vila_mimosa_old1629409711295348501.jpg?resize=525%2C300&ssl=1 1.5x"},"classes":[]},{"id":251,"url":"https:\/\/www.kanenberg.com.br\/fatosfotoseregistros\/ainda-ha-tempo\/","url_meta":{"origin":710,"position":3},"title":"Ainda h\u00e1 tempo","author":"kanenberg","date":"23 de mar\u00e7o de 2016","format":false,"excerpt":"Era uma vez um garoto que nasceu com uma doen\u00e7a que n\u00e3o tinha cura. Tinha 17 anos e podia morrer a qualquer momento. Sempre viveu na casa de seus pais, sob o cuidado constante de sua m\u00e3e. Um dia decidiu sair sozinho e, com a permiss\u00e3o da m\u00e3e, caminhou pela\u2026","rel":"","context":"Em &quot;Textos&quot;","block_context":{"text":"Textos","link":"https:\/\/www.kanenberg.com.br\/fatosfotoseregistros\/category\/textos\/"},"img":{"alt_text":"wp-1458694381585.jpg","src":"https:\/\/fatosfotoseregistros.files.wordpress.com\/2016\/03\/wp-1458694381585.jpg?w=350&h=200&crop=1","width":350,"height":200},"classes":[]},{"id":800,"url":"https:\/\/www.kanenberg.com.br\/fatosfotoseregistros\/18maio-dia-mundial-do-museu\/","url_meta":{"origin":710,"position":4},"title":"18\/Maio &#8211; Dia Mundial do Museu","author":"kanenberg","date":"18 de maio de 2016","format":false,"excerpt":"No dia 18 de maio \u00e9 comemorado o Dia Mundial do Museu. A data foi institu\u00edda pelo Comit\u00ea Internacional de Museus com o objetivo de chamar a aten\u00e7\u00e3o da sociedade e do p\u00fablico para a import\u00e2ncia dos museus","rel":"","context":"Em &quot;Textos&quot;","block_context":{"text":"Textos","link":"https:\/\/www.kanenberg.com.br\/fatosfotoseregistros\/category\/textos\/"},"img":{"alt_text":"fb_img_1463581297637.jpg","src":"https:\/\/fatosfotoseregistros.files.wordpress.com\/2016\/05\/fb_img_1463581297637.jpg?w=350&h=200&crop=1","width":350,"height":200,"srcset":"https:\/\/fatosfotoseregistros.files.wordpress.com\/2016\/05\/fb_img_1463581297637.jpg?w=350&h=200&crop=1 1x, https:\/\/fatosfotoseregistros.files.wordpress.com\/2016\/05\/fb_img_1463581297637.jpg?w=525&h=300&crop=1 1.5x, https:\/\/fatosfotoseregistros.files.wordpress.com\/2016\/05\/fb_img_1463581297637.jpg?w=700&h=400&crop=1 2x"},"classes":[]},{"id":6173,"url":"https:\/\/www.kanenberg.com.br\/fatosfotoseregistros\/25-de-julho-dia-da-imigracao-alema\/","url_meta":{"origin":710,"position":5},"title":"25 de julho: Dia da Imigra\u00e7\u00e3o Alem\u00e3","author":"kanenberg","date":"25 de julho de 2026","format":false,"excerpt":"O dia 25 de julho ocupa um lugar especial na hist\u00f3ria do Brasil. Nesta data, celebra-se o Dia da Imigra\u00e7\u00e3o Alem\u00e3, uma homenagem \u00e0 chegada dos primeiros imigrantes alem\u00e3es ao pa\u00eds, em 1824, quando desembarcaram na ent\u00e3o Col\u00f4nia de S\u00e3o Leopoldo, no Rio Grande do Sul. A partir daquele momento,\u2026","rel":"","context":"Em &quot;Textos&quot;","block_context":{"text":"Textos","link":"https:\/\/www.kanenberg.com.br\/fatosfotoseregistros\/category\/textos\/"},"img":{"alt_text":"25 de julho: Dia da Imigra\u00e7\u00e3o Alem\u00e3 O dia 25 de julho ocupa um lugar especial na hist\u00f3ria do Brasi","src":"https:\/\/i0.wp.com\/www.kanenberg.com.br\/fatosfotoseregistros\/wp-content\/uploads\/2026\/07\/ChatGPT-Image-25-de-jul.-de-2026-19_37_25.png?resize=350%2C200&ssl=1","width":350,"height":200,"srcset":"https:\/\/i0.wp.com\/www.kanenberg.com.br\/fatosfotoseregistros\/wp-content\/uploads\/2026\/07\/ChatGPT-Image-25-de-jul.-de-2026-19_37_25.png?resize=350%2C200&ssl=1 1x, https:\/\/i0.wp.com\/www.kanenberg.com.br\/fatosfotoseregistros\/wp-content\/uploads\/2026\/07\/ChatGPT-Image-25-de-jul.-de-2026-19_37_25.png?resize=525%2C300&ssl=1 1.5x, https:\/\/i0.wp.com\/www.kanenberg.com.br\/fatosfotoseregistros\/wp-content\/uploads\/2026\/07\/ChatGPT-Image-25-de-jul.-de-2026-19_37_25.png?resize=700%2C400&ssl=1 2x, https:\/\/i0.wp.com\/www.kanenberg.com.br\/fatosfotoseregistros\/wp-content\/uploads\/2026\/07\/ChatGPT-Image-25-de-jul.-de-2026-19_37_25.png?resize=1050%2C600&ssl=1 3x, https:\/\/i0.wp.com\/www.kanenberg.com.br\/fatosfotoseregistros\/wp-content\/uploads\/2026\/07\/ChatGPT-Image-25-de-jul.-de-2026-19_37_25.png?resize=1400%2C800&ssl=1 4x"},"classes":[]}],"jetpack_likes_enabled":true,"amp_enabled":true,"jetpack_featured_media_url":"","_links":{"self":[{"href":"https:\/\/www.kanenberg.com.br\/fatosfotoseregistros\/wp-json\/wp\/v2\/posts\/710","targetHints":{"allow":["GET"]}}],"collection":[{"href":"https:\/\/www.kanenberg.com.br\/fatosfotoseregistros\/wp-json\/wp\/v2\/posts"}],"about":[{"href":"https:\/\/www.kanenberg.com.br\/fatosfotoseregistros\/wp-json\/wp\/v2\/types\/post"}],"author":[{"embeddable":true,"href":"https:\/\/www.kanenberg.com.br\/fatosfotoseregistros\/wp-json\/wp\/v2\/users\/1"}],"replies":[{"embeddable":true,"href":"https:\/\/www.kanenberg.com.br\/fatosfotoseregistros\/wp-json\/wp\/v2\/comments?post=710"}],"version-history":[{"count":0,"href":"https:\/\/www.kanenberg.com.br\/fatosfotoseregistros\/wp-json\/wp\/v2\/posts\/710\/revisions"}],"wp:attachment":[{"href":"https:\/\/www.kanenberg.com.br\/fatosfotoseregistros\/wp-json\/wp\/v2\/media?parent=710"}],"wp:term":[{"taxonomy":"category","embeddable":true,"href":"https:\/\/www.kanenberg.com.br\/fatosfotoseregistros\/wp-json\/wp\/v2\/categories?post=710"},{"taxonomy":"post_tag","embeddable":true,"href":"https:\/\/www.kanenberg.com.br\/fatosfotoseregistros\/wp-json\/wp\/v2\/tags?post=710"}],"curies":[{"name":"wp","href":"https:\/\/api.w.org\/{rel}","templated":true}]}}