{"id":68,"date":"2015-03-15T10:06:39","date_gmt":"2015-03-15T13:06:39","guid":{"rendered":"https:\/\/fatosfotoseregistros.wordpress.com\/?p=68"},"modified":"2026-08-09T12:48:45","modified_gmt":"2026-08-09T15:48:45","slug":"cachoeiras-do-mendanha","status":"publish","type":"post","link":"https:\/\/www.kanenberg.com.br\/fatosfotoseregistros\/cachoeiras-do-mendanha\/","title":{"rendered":"Cachoeiras do Mendanha"},"content":{"rendered":"<p align=\"justify\">As Cachoeiras do Mendanha est\u00e3o localizadas no bairro de Campo Grande, em plena zona oeste da cidade do Rio de Janeiro, local este que muitas vezes passa at\u00e9 por desconhecido para muitos moradores que residem na regi\u00e3o.<\/p>\n<p align=\"justify\">O local fica na \u00c1rea de Prote\u00e7\u00e3o Ambiental (APA) do Gericin\u00f3-Mendanha, dentro do Parque Estadual do Mendanha, a regi\u00e3o forma a maior \u00e1rea com mata atl\u00e2ntica prim\u00e1ria do munic\u00edpio. Para quem n\u00e3o sabe, a Serra do Mendanha \u00e9 uma forma\u00e7\u00e3o vulc\u00e2nica.<\/p>\n<p align=\"justify\">Para chegar as cachoeiras, usando transporte p\u00fablico, voc\u00ea poder\u00e1 utilizar a linha de onibus 895 (Campo Grande X Serrinha). Um local bastante conhecido por onde esta linha passa \u00e9 o West Shopping na Estrada do Mendanha.<\/p>\n<p align=\"justify\">Dali em diante o onibus ir\u00e1 passar por debaixo da Av. Brasil em sentido a Serra do Mendanha. Mais a frente ir\u00e1 subir a serra. Quando come\u00e7ar a descer a serra, pe\u00e7a ao motorista para lhe deixar defronte a Igreja Batista do Mendanha que fica na esquina da Ab\u00edlio Bastos, mais conhecida como a Estrada das Cachoeiras.<\/p>\n<p align=\"justify\">Deste ponto em diante, a dica \u00e9 seguir sempre \u00e0s esquerdas, conforme indicado na imagem abaixo.<\/p>\n<figure id=\"attachment_69\" aria-describedby=\"caption-attachment-69\" style=\"width: 840px\" class=\"wp-caption alignnone left\"><a href=\"https:\/\/fatosfotoseregistros.kanenberg.com.br\/wp-content\/uploads\/2015\/03\/mendanha_2.jpg\"><img loading=\"lazy\" decoding=\"async\" data-attachment-id=\"69\" data-permalink=\"https:\/\/www.kanenberg.com.br\/fatosfotoseregistros\/cachoeiras-do-mendanha\/mendanha_2\/\" data-orig-file=\"https:\/\/www.kanenberg.com.br\/fatosfotoseregistros\/wp-content\/uploads\/2015\/03\/mendanha_2.jpg\" data-orig-size=\"1366,768\" data-comments-opened=\"1\" data-image-meta=\"{&quot;aperture&quot;:&quot;0&quot;,&quot;credit&quot;:&quot;&quot;,&quot;camera&quot;:&quot;&quot;,&quot;caption&quot;:&quot;&quot;,&quot;created_timestamp&quot;:&quot;0&quot;,&quot;copyright&quot;:&quot;&quot;,&quot;focal_length&quot;:&quot;0&quot;,&quot;iso&quot;:&quot;0&quot;,&quot;shutter_speed&quot;:&quot;0&quot;,&quot;title&quot;:&quot;&quot;,&quot;orientation&quot;:&quot;0&quot;}\" data-image-title=\"Mapa &amp;#8211; Cachoeiras do Mendanha\" data-image-description=\"\" data-image-caption=\"&lt;p&gt;Mapa &amp;#8211; Cachoeiras do Mendanha&lt;\/p&gt;\n\" data-large-file=\"https:\/\/www.kanenberg.com.br\/fatosfotoseregistros\/wp-content\/uploads\/2015\/03\/mendanha_2-1024x576.jpg\" class=\"wp-image-69 size-large\" src=\"https:\/\/www.kanenberg.com.br\/fatosfotoseregistros\/wp-content\/uploads\/2015\/03\/mendanha_2-1024x576.jpg\" alt=\"Mapa - Cachoeiras do Mendanha\" width=\"840\" height=\"473\" srcset=\"https:\/\/www.kanenberg.com.br\/fatosfotoseregistros\/wp-content\/uploads\/2015\/03\/mendanha_2-1024x576.jpg 1024w, https:\/\/www.kanenberg.com.br\/fatosfotoseregistros\/wp-content\/uploads\/2015\/03\/mendanha_2-300x169.jpg 300w, https:\/\/www.kanenberg.com.br\/fatosfotoseregistros\/wp-content\/uploads\/2015\/03\/mendanha_2-768x432.jpg 768w, https:\/\/www.kanenberg.com.br\/fatosfotoseregistros\/wp-content\/uploads\/2015\/03\/mendanha_2.jpg 1366w\" sizes=\"auto, (max-width: 840px) 100vw, 840px\" \/><\/a><figcaption id=\"caption-attachment-69\" class=\"wp-caption-text\">Mapa &#8211; Cachoeiras do Mendanha (Clique para ampliar)<\/figcaption><\/figure>\n<p align=\"justify\">Caso queira, poder\u00e1 se orientar melhor usando o <a href=\"https:\/\/goo.gl\/maps\/P3heI\" target=\"_blank\" rel=\"noopener\">Google Maps<\/a>.<\/p>\n<p align=\"justify\">Existem v\u00e1rios v\u00eddeos no YouTube sobre o local. Um deles mostra alguns trechos do caminho a ser percorrido para chegar l\u00e1. Veja no YouTube clicando <a href=\"http:\/\/www.youtube.com\/watch?v=Ssd3OzJIouE\" target=\"_blank\" rel=\"noopener\">aqui<\/a>.<\/p>\n<p align=\"justify\">Em suma, ap\u00f3s entrar na Estrada Ab\u00edlio Bastos (do outro lado da igreja), vire a primeira rua as esquerda. Siga at\u00e9 um cruzamento onde existe uma escola p\u00fablica. Continue novamente a esquerda atravessando uma pequena ponte de concreto. Ap\u00f3s esta ponte existe um estacionamento particular para quem vai de condu\u00e7\u00e3o pr\u00f3pria.<\/p>\n<p align=\"justify\">Continue caminhando subindo agora uma estrada de ch\u00e3o batido subindo a serrinha at\u00e9 chegar no local onde \u00e9 a entrada da trilha que ir\u00e1 levar at\u00e9 as cachoeiras. Esta entrada \u00e9 bem sinalizada e de f\u00e1cil localiza\u00e7\u00e3o, embora que algumas vezes alguns v\u00e2ndalos estragam as placas indicativas.<\/p>\n<p><img loading=\"lazy\" decoding=\"async\" data-attachment-id=\"85\" data-permalink=\"https:\/\/www.kanenberg.com.br\/fatosfotoseregistros\/cachoeiras-do-mendanha\/trilha_mendanha\/\" data-orig-file=\"https:\/\/www.kanenberg.com.br\/fatosfotoseregistros\/wp-content\/uploads\/2015\/03\/trilha_mendanha.png\" data-orig-size=\"550,413\" data-comments-opened=\"1\" data-image-meta=\"{&quot;aperture&quot;:&quot;0&quot;,&quot;credit&quot;:&quot;&quot;,&quot;camera&quot;:&quot;&quot;,&quot;caption&quot;:&quot;&quot;,&quot;created_timestamp&quot;:&quot;0&quot;,&quot;copyright&quot;:&quot;&quot;,&quot;focal_length&quot;:&quot;0&quot;,&quot;iso&quot;:&quot;0&quot;,&quot;shutter_speed&quot;:&quot;0&quot;,&quot;title&quot;:&quot;&quot;,&quot;orientation&quot;:&quot;0&quot;}\" data-image-title=\"trilha_mendanha\" data-image-description=\"\" data-image-caption=\"\" data-large-file=\"https:\/\/www.kanenberg.com.br\/fatosfotoseregistros\/wp-content\/uploads\/2015\/03\/trilha_mendanha.png\" class=\"aligncenter wp-image-85 size-full\" src=\"https:\/\/www.kanenberg.com.br\/fatosfotoseregistros\/wp-content\/uploads\/2015\/03\/trilha_mendanha.png\" alt=\"trilha_mendanha\" width=\"550\" height=\"413\" srcset=\"https:\/\/www.kanenberg.com.br\/fatosfotoseregistros\/wp-content\/uploads\/2015\/03\/trilha_mendanha.png 550w, https:\/\/www.kanenberg.com.br\/fatosfotoseregistros\/wp-content\/uploads\/2015\/03\/trilha_mendanha-300x225.png 300w\" sizes=\"auto, (max-width: 550px) 100vw, 550px\" \/><\/p>\n<p align=\"justify\">A trilha \u00e9 de n\u00edvel moderado. Considere no m\u00ednimo 1 hora de caminhada na trilha at\u00e9 as cachoeiras. V\u00e1 sem pressa. Aproveite para contemplar a natureza. Observe tudo a sua volta. Procure n\u00e3o fazer muito barulho e voc\u00ea poder\u00e1 ver v\u00e1rios bichos nativos.<\/p>\n<p align=\"justify\">Ap\u00f3s percorrer a trilha, que na sua grande maioria \u00e9 de subida, quando esta come\u00e7ar a descer voc\u00ea j\u00e1 poder\u00e1 come\u00e7ar a escutar o barulho da \u00e1gua. Dali para frente prepare-se para um mergulho nas \u00e1guas cristalinas das piscinas naturais da cachoeira.<\/p>\n<p><img loading=\"lazy\" decoding=\"async\" data-attachment-id=\"86\" data-permalink=\"https:\/\/www.kanenberg.com.br\/fatosfotoseregistros\/cachoeiras-do-mendanha\/mendanha\/\" data-orig-file=\"https:\/\/www.kanenberg.com.br\/fatosfotoseregistros\/wp-content\/uploads\/2015\/03\/mendanha.png\" data-orig-size=\"550,413\" data-comments-opened=\"1\" data-image-meta=\"{&quot;aperture&quot;:&quot;0&quot;,&quot;credit&quot;:&quot;&quot;,&quot;camera&quot;:&quot;&quot;,&quot;caption&quot;:&quot;&quot;,&quot;created_timestamp&quot;:&quot;0&quot;,&quot;copyright&quot;:&quot;&quot;,&quot;focal_length&quot;:&quot;0&quot;,&quot;iso&quot;:&quot;0&quot;,&quot;shutter_speed&quot;:&quot;0&quot;,&quot;title&quot;:&quot;&quot;,&quot;orientation&quot;:&quot;0&quot;}\" data-image-title=\"mendanha\" data-image-description=\"\" data-image-caption=\"\" data-large-file=\"https:\/\/www.kanenberg.com.br\/fatosfotoseregistros\/wp-content\/uploads\/2015\/03\/mendanha.png\" class=\"aligncenter wp-image-86 size-full\" src=\"https:\/\/www.kanenberg.com.br\/fatosfotoseregistros\/wp-content\/uploads\/2015\/03\/mendanha.png\" alt=\"mendanha\" width=\"550\" height=\"413\" srcset=\"https:\/\/www.kanenberg.com.br\/fatosfotoseregistros\/wp-content\/uploads\/2015\/03\/mendanha.png 550w, https:\/\/www.kanenberg.com.br\/fatosfotoseregistros\/wp-content\/uploads\/2015\/03\/mendanha-300x225.png 300w\" sizes=\"auto, (max-width: 550px) 100vw, 550px\" \/><\/p>\n<p align=\"justify\">Recomenda-se ir usando roupas e cal\u00e7ados confort\u00e1veis, de prefer\u00eancia um t\u00eanis fechado. Leve bastante \u00e1gua, sucos ou outra bebida da sua prefer\u00eancia para consumo durante a trilha. Lanches tamb\u00e9m s\u00e3o uma excelente pedida. Leve sacola pl\u00e1stica para trazer de volta todo o lixo produzido. Sob hip\u00f3tese nenhuma deixe lixo no local, jamais fa\u00e7a fogo ou leve animais de estima\u00e7\u00e3o, o que \u00e9 proibido por ser uma \u00e1rea de prote\u00e7\u00e3o ambiental.<\/p>\n<p align=\"justify\">Apesar de no local haver sinal de telefonia celular, nunca v\u00e1 sozinho pois acidentes na natureza podem ser fatais e opte sempre em avisar algu\u00e9m pr\u00f3ximo sobre o seu paradeiro.<\/p>\n<p align=\"justify\"><b><span style=\"color: red;\">IMPORTANTE<\/span><\/b>: Existem muitos boatos que o local \u00e9 perigoso, que o local \u00e9 dominado pelo tr\u00e1fico, etc. Essas informa\u00e7\u00f5es n\u00e3o procedem. O local \u00e9 bem afastado e n\u00e3o h\u00e1 nenhuma comunidade pr\u00f3xima.<\/p>\n<blockquote>\n<p align=\"justify\">&#8220;O nome Mendanha tem sua origem vinculada ao primeiro propriet\u00e1rio daquela fazenda, o Sargento-Mor Luiz Vieira Mendanha , poderoso senhor de escravos e grande produtor de a\u00e7\u00facar e aguardente. A fazenda Mendanha ganhou notoriedade devido ao fato de ter sido uma das primeiras terras cariocas a desenvolver-se no cultivo do caf\u00e9 e, principalmente, porque de l\u00e1 sa\u00edram grande parte das matrizes dos maiores cafezais fluminenses , que se alastraram pelo Vale do para\u00edba, at\u00e9 S\u00e3o Paulo, sendo respons\u00e1vel pela riqueza dessas \u00e1reas. As primeiras mudas de caf\u00e9 chegaram a Campo Grande atrav\u00e9s do padre Ant\u00f4nio Couto da Fonseca, ent\u00e3o propriet\u00e1rio da fazenda Mendanha, que as recebeu do Bispo Justiniano, um dos primeiros a cultivar o caf\u00e9 no Rio de Janeiro&#8221;. &#8211; Wikip\u00e9dia.<\/p>\n<\/blockquote>\n","protected":false},"excerpt":{"rendered":"<p>As Cachoeiras do Mendanha est\u00e3o localizadas no bairro de Campo Grande, em plena zona oeste da cidade do Rio de Janeiro, local este que muitas vezes passa at\u00e9 por desconhecido para muitos moradores que residem na regi\u00e3o.<\/p>\n","protected":false},"author":1,"featured_media":0,"comment_status":"open","ping_status":"open","sticky":false,"template":"","format":"standard","meta":{"_exactmetrics_skip_tracking":false,"_jetpack_newsletter_access":"","_jetpack_dont_email_post_to_subs":false,"_jetpack_newsletter_tier_id":0,"_jetpack_memberships_contains_paywalled_content":false,"_jetpack_feature_clip_id":0,"_jetpack_memberships_contains_paid_content":false,"footnotes":"","jetpack_publicize_message":"","jetpack_publicize_feature_enabled":true,"jetpack_social_post_already_shared":true,"jetpack_social_options":{"image_generator_settings":{"template":"highway","default_image_id":0,"font":"","enabled":false},"version":2},"jetpack_post_was_ever_published":false},"categories":[282],"tags":[280,410,289,320],"class_list":["post-68","post","type-post","status-publish","format-standard","hentry","category-lugares","tag-cachoeiras","tag-campo-grande","tag-rio-de-janeiro","tag-trilhas"],"jetpack_publicize_connections":[],"jetpack_sharing_enabled":true,"jetpack_shortlink":"https:\/\/wp.me\/phkM1X-16","jetpack-related-posts":[{"id":4172,"url":"https:\/\/www.kanenberg.com.br\/fatosfotoseregistros\/parque-natural-municipal-de-nova-iguacu\/","url_meta":{"origin":68,"position":0},"title":"Parque Natural Municipal de Nova Igua\u00e7u","author":"kanenberg","date":"15 de fevereiro de 2017","format":false,"excerpt":"O parque abriga trilhas, aproximadamente 14 po\u00e7os e cachoeiras abertas para uso recreativo. Um belo local para caminhadas, trilhas, rapel, banhos e muito mais.","rel":"","context":"Em &quot;Lugares&quot;","block_context":{"text":"Lugares","link":"https:\/\/www.kanenberg.com.br\/fatosfotoseregistros\/category\/lugares\/"},"img":{"alt_text":"","src":"https:\/\/i0.wp.com\/www.kanenberg.com.br\/fatosfotoseregistros\/wp-content\/uploads\/2017\/02\/varginha.png?resize=350%2C200&ssl=1","width":350,"height":200,"srcset":"https:\/\/i0.wp.com\/www.kanenberg.com.br\/fatosfotoseregistros\/wp-content\/uploads\/2017\/02\/varginha.png?resize=350%2C200&ssl=1 1x, https:\/\/i0.wp.com\/www.kanenberg.com.br\/fatosfotoseregistros\/wp-content\/uploads\/2017\/02\/varginha.png?resize=525%2C300&ssl=1 1.5x"},"classes":[]},{"id":1230,"url":"https:\/\/www.kanenberg.com.br\/fatosfotoseregistros\/japeri\/","url_meta":{"origin":68,"position":1},"title":"Cidade de Japeri","author":"kanenberg","date":"5 de julho de 2016","format":false,"excerpt":"A hist\u00f3ria de Japeri come\u00e7a no dia 13 de agosto de 1743, data de sua funda\u00e7\u00e3o, por In\u00e1cio Dias da C\u00e2mara Leme, denominado Morgado de Bel\u00e9m. A partir de 1750, as terras passaram a pertencer \u00e0 Freguesia de Sacra Fam\u00edlia de Tingu\u00e1, pois at\u00e9 ent\u00e3o pertenciam \u00e0 Freguesia de Paty\u2026","rel":"","context":"Em &quot;Imagem&quot;","block_context":{"text":"Imagem","link":"https:\/\/www.kanenberg.com.br\/fatosfotoseregistros\/category\/imagem\/"},"img":{"alt_text":"japeri_1928","src":"https:\/\/i0.wp.com\/www.kanenberg.com.br\/fatosfotoseregistros\/wp-content\/uploads\/2016\/07\/japeri_1928.jpg?resize=350%2C200&ssl=1","width":350,"height":200},"classes":[]},{"id":290,"url":"https:\/\/www.kanenberg.com.br\/fatosfotoseregistros\/engenho-da-rainha\/","url_meta":{"origin":68,"position":2},"title":"Engenho da Rainha","author":"kanenberg","date":"14 de junho de 2016","format":false,"excerpt":"A regi\u00e3o acolhia uma resid\u00eancia adquirida pela Rainha Carlota Joaquina, esposa de D. Jo\u00e3o VI, por volta de 1810 com o objetivo de nela descansar, dai tamb\u00e9m a origem do nome do bairro.","rel":"","context":"Em &quot;Textos&quot;","block_context":{"text":"Textos","link":"https:\/\/www.kanenberg.com.br\/fatosfotoseregistros\/category\/textos\/"},"img":{"alt_text":"12717974_968432819919974_7760659722182098204_n","src":"https:\/\/fatosfotoseregistros.files.wordpress.com\/2016\/04\/12717974_968432819919974_7760659722182098204_n.jpg?w=350&h=200&crop=1","width":350,"height":200,"srcset":"https:\/\/fatosfotoseregistros.files.wordpress.com\/2016\/04\/12717974_968432819919974_7760659722182098204_n.jpg?w=350&h=200&crop=1 1x, https:\/\/fatosfotoseregistros.files.wordpress.com\/2016\/04\/12717974_968432819919974_7760659722182098204_n.jpg?w=525&h=300&crop=1 1.5x"},"classes":[]},{"id":6289,"url":"https:\/\/www.kanenberg.com.br\/fatosfotoseregistros\/luz-del-fuego-a-pioneira-do-naturismo-das-cobras-e-da-liberdade-no-rio-de-janeiro\/","url_meta":{"origin":68,"position":3},"title":"Luz Del Fuego: A pioneira do naturismo, das cobras e da liberdade no Rio de Janeiro","author":"kanenberg","date":"13 de agosto de 2026","format":false,"excerpt":"Se voc\u00ea caminhar pela hist\u00f3ria cultural do Rio de Janeiro em meados do s\u00e9culo XX, encontrar\u00e1 figuras fascinantes, mas poucas foram t\u00e3o ousadas, vision\u00e1rias e pol\u00eamicas quanto Luz Del Fuego. Artista, bailarina, ativista e pioneira do naturismo no Brasil, ela desafiou a moral conservadora de sua \u00e9poca e transformou uma\u2026","rel":"","context":"Em &quot;Lugares&quot;","block_context":{"text":"Lugares","link":"https:\/\/www.kanenberg.com.br\/fatosfotoseregistros\/category\/lugares\/"},"img":{"alt_text":"Luz Del Fuego e suas famosas cobras. Fonte: Wikip\u00e9dia \/ Luz del Fuego \u2013 Wikip\u00e9dia, a enciclop\u00e9dia livre","src":"https:\/\/i0.wp.com\/www.kanenberg.com.br\/fatosfotoseregistros\/wp-content\/uploads\/2026\/08\/Luz-Del-Fuego.jpg?resize=350%2C200&ssl=1","width":350,"height":200},"classes":[]},{"id":507,"url":"https:\/\/www.kanenberg.com.br\/fatosfotoseregistros\/jose-datrino\/","url_meta":{"origin":68,"position":4},"title":"Voc\u00ea sabe quem foi Jos\u00e9 Datrino?","author":"kanenberg","date":"14 de abril de 2016","format":false,"excerpt":"Talvez muitos v\u00e3o se lembrar da express\u00e3o Gentileza gera Gentileza, ou ainda v\u00e3o se lembrar das 56 inscri\u00e7\u00f5es ou prov\u00e9rbios nas pilastras do Viaduto do Gas\u00f4metro, no Rio de Janeiro, que v\u00e3o do Cemit\u00e9rio do Caj\u00fa at\u00e9 a Rodovi\u00e1ria Novo Rio.","rel":"","context":"Em &quot;Textos&quot;","block_context":{"text":"Textos","link":"https:\/\/www.kanenberg.com.br\/fatosfotoseregistros\/category\/textos\/"},"img":{"alt_text":"datrino1","src":"https:\/\/i0.wp.com\/fatosfotoseregistros.kanenberg.com.br\/wp-content\/uploads\/2016\/04\/datrino1.jpg?resize=350%2C200&ssl=1","width":350,"height":200},"classes":[]},{"id":1357,"url":"https:\/\/www.kanenberg.com.br\/fatosfotoseregistros\/central-do-brasil\/","url_meta":{"origin":68,"position":5},"title":"Central do Brasil","author":"kanenberg","date":"28 de junho de 2016","format":false,"excerpt":"Central do Brasil, lugar conhecido por alguns e desconhecido por outros, admirado por uns e temido por outros, para alguns \u00e9 caminho obrigat\u00f3rio no dia-a-dia, enfim, um lugar cheio de hist\u00f3rias e curiosidades.","rel":"","context":"Em &quot;Imagem&quot;","block_context":{"text":"Imagem","link":"https:\/\/www.kanenberg.com.br\/fatosfotoseregistros\/category\/imagem\/"},"img":{"alt_text":"","src":"https:\/\/i0.wp.com\/www.kanenberg.com.br\/fatosfotoseregistros\/wp-content\/uploads\/2016\/06\/pvargas.jpg?resize=350%2C200&ssl=1","width":350,"height":200,"srcset":"https:\/\/i0.wp.com\/www.kanenberg.com.br\/fatosfotoseregistros\/wp-content\/uploads\/2016\/06\/pvargas.jpg?resize=350%2C200&ssl=1 1x, https:\/\/i0.wp.com\/www.kanenberg.com.br\/fatosfotoseregistros\/wp-content\/uploads\/2016\/06\/pvargas.jpg?resize=525%2C300&ssl=1 1.5x"},"classes":[]}],"jetpack_likes_enabled":true,"amp_enabled":true,"jetpack_featured_media_url":"","_links":{"self":[{"href":"https:\/\/www.kanenberg.com.br\/fatosfotoseregistros\/wp-json\/wp\/v2\/posts\/68","targetHints":{"allow":["GET"]}}],"collection":[{"href":"https:\/\/www.kanenberg.com.br\/fatosfotoseregistros\/wp-json\/wp\/v2\/posts"}],"about":[{"href":"https:\/\/www.kanenberg.com.br\/fatosfotoseregistros\/wp-json\/wp\/v2\/types\/post"}],"author":[{"embeddable":true,"href":"https:\/\/www.kanenberg.com.br\/fatosfotoseregistros\/wp-json\/wp\/v2\/users\/1"}],"replies":[{"embeddable":true,"href":"https:\/\/www.kanenberg.com.br\/fatosfotoseregistros\/wp-json\/wp\/v2\/comments?post=68"}],"version-history":[{"count":3,"href":"https:\/\/www.kanenberg.com.br\/fatosfotoseregistros\/wp-json\/wp\/v2\/posts\/68\/revisions"}],"predecessor-version":[{"id":6269,"href":"https:\/\/www.kanenberg.com.br\/fatosfotoseregistros\/wp-json\/wp\/v2\/posts\/68\/revisions\/6269"}],"wp:attachment":[{"href":"https:\/\/www.kanenberg.com.br\/fatosfotoseregistros\/wp-json\/wp\/v2\/media?parent=68"}],"wp:term":[{"taxonomy":"category","embeddable":true,"href":"https:\/\/www.kanenberg.com.br\/fatosfotoseregistros\/wp-json\/wp\/v2\/categories?post=68"},{"taxonomy":"post_tag","embeddable":true,"href":"https:\/\/www.kanenberg.com.br\/fatosfotoseregistros\/wp-json\/wp\/v2\/tags?post=68"}],"curies":[{"name":"wp","href":"https:\/\/api.w.org\/{rel}","templated":true}]}}