{"id":6396,"date":"2026-09-06T11:16:44","date_gmt":"2026-09-06T14:16:44","guid":{"rendered":"https:\/\/www.kanenberg.com.br\/fatosfotoseregistros\/?p=6396"},"modified":"2026-09-06T11:16:44","modified_gmt":"2026-09-06T14:16:44","slug":"dia-do-sexo","status":"publish","type":"post","link":"https:\/\/www.kanenberg.com.br\/fatosfotoseregistros\/dia-do-sexo\/","title":{"rendered":"6 de Setembro: Origem, Curiosidades e A Import\u00e2ncia do Dia do Sexo"},"content":{"rendered":"<p style=\"text-align: justify;\">O dia 6 de setembro \u00e9 marcado no Brasil como o <strong>Dia do Sexo<\/strong>. Al\u00e9m de render piadas e memes nas redes sociais, a data \u00e9 um convite para refletir sobre sa\u00fade sexual, bem-estar, consentimento e quebra de tabus.<\/p>\n<figure id=\"attachment_6397\" aria-describedby=\"caption-attachment-6397\" style=\"width: 1448px\" class=\"wp-caption aligncenter\"><img loading=\"lazy\" decoding=\"async\" data-attachment-id=\"6397\" data-permalink=\"https:\/\/www.kanenberg.com.br\/fatosfotoseregistros\/dia-do-sexo\/dia-do-sexo\/\" data-orig-file=\"https:\/\/www.kanenberg.com.br\/fatosfotoseregistros\/wp-content\/uploads\/2026\/09\/Dia-do-sexo.jpg\" data-orig-size=\"1448,1086\" data-comments-opened=\"1\" data-image-meta=\"{&quot;aperture&quot;:&quot;0&quot;,&quot;credit&quot;:&quot;&quot;,&quot;camera&quot;:&quot;&quot;,&quot;caption&quot;:&quot;&quot;,&quot;created_timestamp&quot;:&quot;0&quot;,&quot;copyright&quot;:&quot;&quot;,&quot;focal_length&quot;:&quot;0&quot;,&quot;iso&quot;:&quot;0&quot;,&quot;shutter_speed&quot;:&quot;0&quot;,&quot;title&quot;:&quot;&quot;,&quot;orientation&quot;:&quot;0&quot;,&quot;alt&quot;:&quot;&quot;}\" data-image-title=\"Dia do Sexo: 6 de setembro\" data-image-description=\"\" data-image-caption=\"&lt;p&gt;Dia do Sexo: 6 de setembro&lt;\/p&gt;\n\" data-large-file=\"https:\/\/www.kanenberg.com.br\/fatosfotoseregistros\/wp-content\/uploads\/2026\/09\/Dia-do-sexo-1024x768.jpg\" class=\"size-full wp-image-6397\" src=\"https:\/\/www.kanenberg.com.br\/fatosfotoseregistros\/wp-content\/uploads\/2026\/09\/Dia-do-sexo.jpg\" alt=\"Dia do Sexo: 6 de setembro\" width=\"1448\" height=\"1086\" srcset=\"https:\/\/www.kanenberg.com.br\/fatosfotoseregistros\/wp-content\/uploads\/2026\/09\/Dia-do-sexo.jpg 1448w, https:\/\/www.kanenberg.com.br\/fatosfotoseregistros\/wp-content\/uploads\/2026\/09\/Dia-do-sexo-300x225.jpg 300w, https:\/\/www.kanenberg.com.br\/fatosfotoseregistros\/wp-content\/uploads\/2026\/09\/Dia-do-sexo-1024x768.jpg 1024w, https:\/\/www.kanenberg.com.br\/fatosfotoseregistros\/wp-content\/uploads\/2026\/09\/Dia-do-sexo-768x576.jpg 768w\" sizes=\"auto, (max-width: 1448px) 100vw, 1448px\" \/><figcaption id=\"caption-attachment-6397\" class=\"wp-caption-text\">Dia do Sexo: 6 de setembro<\/figcaption><\/figure>\n<h2>Como Nasceu a Data?<\/h2>\n<p style=\"text-align: justify;\">Diferente de datas comemorativas tradicionais ou hist\u00f3ricas, o Dia do Sexo nasceu de uma sacada de marketing no Brasil:<\/p>\n<ul>\n<li style=\"text-align: justify;\"><strong>A Origem (2008)<\/strong>: A marca de preservativos OLA lan\u00e7ou uma campanha publicit\u00e1ria promovendo o dia 6\/9 como o &#8220;Dia do Sexo&#8221;.<\/li>\n<li style=\"text-align: justify;\"><strong>O Trote Num\u00e9rico<\/strong>: A escolha da data foi um trocadilho direto com a famosa posi\u00e7\u00e3o sexual 69.<\/li>\n<li style=\"text-align: justify;\"><strong>Do Marketing para a Cultura Popular<\/strong>: A ideia viralizou rapidamente, ganhou o apoio de outras marcas, mot\u00e9is e do p\u00fablico, tornando-se parte do calend\u00e1rio informal do pa\u00eds.<\/li>\n<\/ul>\n<h2>Curiosidades sobre o Dia e a Pr\u00e1tica<\/h2>\n<ul>\n<li style=\"text-align: justify;\"><strong>Benef\u00edcios para a Sa\u00fade<\/strong>: A pr\u00e1tica sexual regular libera endorfina e oxitocina, horm\u00f4nios que reduzem o estresse, melhoram a qualidade do sono e fortalecem o sistema imunol\u00f3gico.<\/li>\n<li style=\"text-align: justify;\"><strong>Queimador de Calorias<\/strong>: Uma sess\u00e3o de sexo consome em m\u00e9dia de 80 a 100 calorias, funcionando como uma atividade f\u00edsica leve a moderada.<\/li>\n<li style=\"text-align: justify;\"><strong>Movimenta\u00e7\u00e3o do Mercado<\/strong>: Setor hoteleiro, mot\u00e9is e sex shops registram picos de faturamento no dia 6 de setembro, compar\u00e1veis aos n\u00edveis do Dia dos Namorados.<\/li>\n<\/ul>\n<h2>Muito Al\u00e9m do Prazer: Conscientiza\u00e7\u00e3o e Autoconhecimento<\/h2>\n<p style=\"text-align: justify;\">Embora a data tenha um apelo divertido, especialistas em sexologia aproveitam o momento para levantar discuss\u00f5es essenciais:<\/p>\n<ul>\n<li style=\"text-align: justify;\"><strong>Sexo Seguro<\/strong>: A conscientiza\u00e7\u00e3o sobre o uso de preservativos e a preven\u00e7\u00e3o de Infec\u00e7\u00f5es Sexualmente Transmiss\u00edveis (ISTs).<\/li>\n<li style=\"text-align: justify;\"><strong>Consentimento e Comunica\u00e7\u00e3o<\/strong>: Lembrete de que o respeito mudo, o di\u00e1logo aberto e o consentimento entusiasmado s\u00e3o a base de qualquer experi\u00eancia saud\u00e1vel.<\/li>\n<li style=\"text-align: justify;\"><strong>Autoconhecimento<\/strong>: A import\u00e2ncia de entender o pr\u00f3prio corpo e os pr\u00f3prios limites antes de partilhar a intimidade com outra pessoa.<\/li>\n<\/ul>\n<p style=\"text-align: justify;\">Aproveitar o 6 de setembro \u00e9 celebrar o afeto, o prazer e a sa\u00fade com responsabilidade e sem preconceitos.<\/p>\n","protected":false},"excerpt":{"rendered":"<p>O dia 6 de setembro \u00e9 marcado no Brasil como o Dia do Sexo. Al\u00e9m de render piadas e memes nas redes sociais, a data \u00e9 um convite para refletir sobre sa\u00fade sexual, bem-estar, consentimento e quebra de tabus.<\/p>\n","protected":false},"author":1,"featured_media":0,"comment_status":"open","ping_status":"open","sticky":false,"template":"","format":"standard","meta":{"_exactmetrics_skip_tracking":false,"_jetpack_newsletter_access":"","_jetpack_dont_email_post_to_subs":false,"_jetpack_newsletter_tier_id":0,"_jetpack_memberships_contains_paywalled_content":false,"_jetpack_feature_clip_id":0,"_jetpack_memberships_contains_paid_content":false,"footnotes":"","jetpack_publicize_message":"","jetpack_publicize_feature_enabled":true,"jetpack_social_post_already_shared":true,"jetpack_social_options":{"image_generator_settings":{"template":"highway","default_image_id":0,"font":"","enabled":false},"version":2},"jetpack_post_was_ever_published":false},"categories":[265],"tags":[291,258,260],"class_list":["post-6396","post","type-post","status-publish","format-standard","hentry","category-textos","tag-comemoracao","tag-comemoracoes","tag-datas-comemorativas"],"jetpack_publicize_connections":[],"jetpack_sharing_enabled":true,"jetpack_shortlink":"https:\/\/wp.me\/phkM1X-1Fa","jetpack-related-posts":[{"id":6122,"url":"https:\/\/www.kanenberg.com.br\/fatosfotoseregistros\/vila-mimosa-30-anos\/","url_meta":{"origin":6396,"position":0},"title":"Vila Mimosa: 30 anos na Pra\u00e7a da Bandeira","author":"kanenberg","date":"13 de julho de 2026","format":false,"excerpt":"Em 2026, a Vila Mimosa completa 30 anos em sua atual localiza\u00e7\u00e3o, na regi\u00e3o da Pra\u00e7a da Bandeira, na Zona[\u2026]","rel":"","context":"Em &quot;Lugares&quot;","block_context":{"text":"Lugares","link":"https:\/\/www.kanenberg.com.br\/fatosfotoseregistros\/category\/lugares\/"},"img":{"alt_text":"","src":"https:\/\/i0.wp.com\/www.kanenberg.com.br\/fatosfotoseregistros\/wp-content\/uploads\/2026\/07\/vila_mimosa_old1629409711295348501.jpg?resize=350%2C200&ssl=1","width":350,"height":200,"srcset":"https:\/\/i0.wp.com\/www.kanenberg.com.br\/fatosfotoseregistros\/wp-content\/uploads\/2026\/07\/vila_mimosa_old1629409711295348501.jpg?resize=350%2C200&ssl=1 1x, https:\/\/i0.wp.com\/www.kanenberg.com.br\/fatosfotoseregistros\/wp-content\/uploads\/2026\/07\/vila_mimosa_old1629409711295348501.jpg?resize=525%2C300&ssl=1 1.5x"},"classes":[]},{"id":5427,"url":"https:\/\/www.kanenberg.com.br\/fatosfotoseregistros\/hino-nacional-nas-escolas\/","url_meta":{"origin":6396,"position":1},"title":"Hino Nacional nas escolas","author":"kanenberg","date":"27 de fevereiro de 2019","format":false,"excerpt":"O Hino Nacional Brasileiro \u00e9 um dos quatro s\u00edmbolos oficiais da Rep\u00fablica Federativa do Brasil, conforme estabelece o art. 13, \u00a7 1.\u00ba, da Constitui\u00e7\u00e3o do Brasil.","rel":"","context":"Em &quot;Textos&quot;","block_context":{"text":"Textos","link":"https:\/\/www.kanenberg.com.br\/fatosfotoseregistros\/category\/textos\/"},"img":{"alt_text":"LEI N\u00ba 12.031, DE 21 DE SETEMBRO DE 2009","src":"https:\/\/i0.wp.com\/www.kanenberg.com.br\/fatosfotoseregistros\/wp-content\/uploads\/2019\/02\/hino_nacional.jpg?resize=350%2C200&ssl=1","width":350,"height":200,"srcset":"https:\/\/i0.wp.com\/www.kanenberg.com.br\/fatosfotoseregistros\/wp-content\/uploads\/2019\/02\/hino_nacional.jpg?resize=350%2C200&ssl=1 1x, https:\/\/i0.wp.com\/www.kanenberg.com.br\/fatosfotoseregistros\/wp-content\/uploads\/2019\/02\/hino_nacional.jpg?resize=525%2C300&ssl=1 1.5x"},"classes":[]},{"id":6289,"url":"https:\/\/www.kanenberg.com.br\/fatosfotoseregistros\/luz-del-fuego-a-pioneira-do-naturismo-das-cobras-e-da-liberdade-no-rio-de-janeiro\/","url_meta":{"origin":6396,"position":2},"title":"Luz Del Fuego: A pioneira do naturismo, das cobras e da liberdade no Rio de Janeiro","author":"kanenberg","date":"13 de agosto de 2026","format":false,"excerpt":"Se voc\u00ea caminhar pela hist\u00f3ria cultural do Rio de Janeiro em meados do s\u00e9culo XX, encontrar\u00e1 figuras fascinantes, mas poucas foram t\u00e3o ousadas, vision\u00e1rias e pol\u00eamicas quanto Luz Del Fuego. Artista, bailarina, ativista e pioneira do naturismo no Brasil, ela desafiou a moral conservadora de sua \u00e9poca e transformou uma\u2026","rel":"","context":"Em &quot;Lugares&quot;","block_context":{"text":"Lugares","link":"https:\/\/www.kanenberg.com.br\/fatosfotoseregistros\/category\/lugares\/"},"img":{"alt_text":"Luz Del Fuego e suas famosas cobras. Fonte: Wikip\u00e9dia \/ Luz del Fuego \u2013 Wikip\u00e9dia, a enciclop\u00e9dia livre","src":"https:\/\/i0.wp.com\/www.kanenberg.com.br\/fatosfotoseregistros\/wp-content\/uploads\/2026\/08\/Luz-Del-Fuego.jpg?resize=350%2C200&ssl=1","width":350,"height":200},"classes":[]},{"id":3471,"url":"https:\/\/www.kanenberg.com.br\/fatosfotoseregistros\/12-de-setembro\/","url_meta":{"origin":6396,"position":3},"title":"12 de setembro","author":"kanenberg","date":"12 de setembro de 2016","format":false,"excerpt":"Hoje, 12 de setembro, comemoramos dois importantes fatos: A cria\u00e7\u00e3o do Instituto Benjamin Constant e a Inaugura\u00e7\u00e3o da R\u00e1dio Nacional.","rel":"","context":"Em &quot;Textos&quot;","block_context":{"text":"Textos","link":"https:\/\/www.kanenberg.com.br\/fatosfotoseregistros\/category\/textos\/"},"img":{"alt_text":"2015-04-05-11-38","src":"https:\/\/fatosfotoseregistros.files.wordpress.com\/2016\/09\/2015-04-05-11-38.jpg?w=350&h=200&crop=1","width":350,"height":200,"srcset":"https:\/\/fatosfotoseregistros.files.wordpress.com\/2016\/09\/2015-04-05-11-38.jpg?w=350&h=200&crop=1 1x, https:\/\/fatosfotoseregistros.files.wordpress.com\/2016\/09\/2015-04-05-11-38.jpg?w=525&h=300&crop=1 1.5x"},"classes":[]},{"id":6173,"url":"https:\/\/www.kanenberg.com.br\/fatosfotoseregistros\/25-de-julho-dia-da-imigracao-alema\/","url_meta":{"origin":6396,"position":4},"title":"25 de julho: Dia da Imigra\u00e7\u00e3o Alem\u00e3","author":"kanenberg","date":"25 de julho de 2026","format":false,"excerpt":"O dia 25 de julho ocupa um lugar especial na hist\u00f3ria do Brasil. Nesta data, celebra-se o Dia da Imigra\u00e7\u00e3o Alem\u00e3, uma homenagem \u00e0 chegada dos primeiros imigrantes alem\u00e3es ao pa\u00eds, em 1824, quando desembarcaram na ent\u00e3o Col\u00f4nia de S\u00e3o Leopoldo, no Rio Grande do Sul. A partir daquele momento,\u2026","rel":"","context":"Em &quot;Textos&quot;","block_context":{"text":"Textos","link":"https:\/\/www.kanenberg.com.br\/fatosfotoseregistros\/category\/textos\/"},"img":{"alt_text":"25 de julho: Dia da Imigra\u00e7\u00e3o Alem\u00e3 O dia 25 de julho ocupa um lugar especial na hist\u00f3ria do Brasi","src":"https:\/\/i0.wp.com\/www.kanenberg.com.br\/fatosfotoseregistros\/wp-content\/uploads\/2026\/07\/ChatGPT-Image-25-de-jul.-de-2026-19_37_25.png?resize=350%2C200&ssl=1","width":350,"height":200,"srcset":"https:\/\/i0.wp.com\/www.kanenberg.com.br\/fatosfotoseregistros\/wp-content\/uploads\/2026\/07\/ChatGPT-Image-25-de-jul.-de-2026-19_37_25.png?resize=350%2C200&ssl=1 1x, https:\/\/i0.wp.com\/www.kanenberg.com.br\/fatosfotoseregistros\/wp-content\/uploads\/2026\/07\/ChatGPT-Image-25-de-jul.-de-2026-19_37_25.png?resize=525%2C300&ssl=1 1.5x, https:\/\/i0.wp.com\/www.kanenberg.com.br\/fatosfotoseregistros\/wp-content\/uploads\/2026\/07\/ChatGPT-Image-25-de-jul.-de-2026-19_37_25.png?resize=700%2C400&ssl=1 2x, https:\/\/i0.wp.com\/www.kanenberg.com.br\/fatosfotoseregistros\/wp-content\/uploads\/2026\/07\/ChatGPT-Image-25-de-jul.-de-2026-19_37_25.png?resize=1050%2C600&ssl=1 3x, https:\/\/i0.wp.com\/www.kanenberg.com.br\/fatosfotoseregistros\/wp-content\/uploads\/2026\/07\/ChatGPT-Image-25-de-jul.-de-2026-19_37_25.png?resize=1400%2C800&ssl=1 4x"},"classes":[]},{"id":710,"url":"https:\/\/www.kanenberg.com.br\/fatosfotoseregistros\/dia-das-maes\/","url_meta":{"origin":6396,"position":5},"title":"Dia das M\u00e3es","author":"kanenberg","date":"7 de maio de 2016","format":false,"excerpt":"Dia das M\u00e3es, tamb\u00e9m designado de\u00a0Dia da M\u00e3e, \u00e9 uma data comemorativa em que se homenageia a\u00a0m\u00e3e e a\u00a0maternidade. Em alguns pa\u00edses \u00e9 comemorado no segundo domingo do m\u00eas de maio (como no\u00a0Brasil e na\u00a0Irlanda). Em\u00a0Portugal \u00e9 comemorado no primeiro domingo do m\u00eas de Maio.","rel":"","context":"Em &quot;Textos&quot;","block_context":{"text":"Textos","link":"https:\/\/www.kanenberg.com.br\/fatosfotoseregistros\/category\/textos\/"},"img":{"alt_text":"","src":"","width":0,"height":0},"classes":[]}],"jetpack_likes_enabled":true,"amp_enabled":true,"jetpack_featured_media_url":"","_links":{"self":[{"href":"https:\/\/www.kanenberg.com.br\/fatosfotoseregistros\/wp-json\/wp\/v2\/posts\/6396","targetHints":{"allow":["GET"]}}],"collection":[{"href":"https:\/\/www.kanenberg.com.br\/fatosfotoseregistros\/wp-json\/wp\/v2\/posts"}],"about":[{"href":"https:\/\/www.kanenberg.com.br\/fatosfotoseregistros\/wp-json\/wp\/v2\/types\/post"}],"author":[{"embeddable":true,"href":"https:\/\/www.kanenberg.com.br\/fatosfotoseregistros\/wp-json\/wp\/v2\/users\/1"}],"replies":[{"embeddable":true,"href":"https:\/\/www.kanenberg.com.br\/fatosfotoseregistros\/wp-json\/wp\/v2\/comments?post=6396"}],"version-history":[{"count":2,"href":"https:\/\/www.kanenberg.com.br\/fatosfotoseregistros\/wp-json\/wp\/v2\/posts\/6396\/revisions"}],"predecessor-version":[{"id":6399,"href":"https:\/\/www.kanenberg.com.br\/fatosfotoseregistros\/wp-json\/wp\/v2\/posts\/6396\/revisions\/6399"}],"wp:attachment":[{"href":"https:\/\/www.kanenberg.com.br\/fatosfotoseregistros\/wp-json\/wp\/v2\/media?parent=6396"}],"wp:term":[{"taxonomy":"category","embeddable":true,"href":"https:\/\/www.kanenberg.com.br\/fatosfotoseregistros\/wp-json\/wp\/v2\/categories?post=6396"},{"taxonomy":"post_tag","embeddable":true,"href":"https:\/\/www.kanenberg.com.br\/fatosfotoseregistros\/wp-json\/wp\/v2\/tags?post=6396"}],"curies":[{"name":"wp","href":"https:\/\/api.w.org\/{rel}","templated":true}]}}