{"id":6365,"date":"2026-09-02T12:23:30","date_gmt":"2026-09-02T15:23:30","guid":{"rendered":"https:\/\/www.kanenberg.com.br\/fatosfotoseregistros\/?p=6365"},"modified":"2026-09-02T12:23:30","modified_gmt":"2026-09-02T15:23:30","slug":"andre-nunes","status":"publish","type":"post","link":"https:\/\/www.kanenberg.com.br\/fatosfotoseregistros\/andre-nunes\/","title":{"rendered":"Andr\u00e9 L. F. Nunes: um autor independente que transita por diferentes universos da literatura"},"content":{"rendered":"<p style=\"text-align: justify;\">A literatura independente brasileira vem revelando autores que, livres das amarras de um \u00fanico g\u00eanero, exploram mundos, personagens e possibilidades narrativas de todo tipo. Um desses nomes \u00e9 <strong>Andr\u00e9 L. F. Nunes<\/strong>, autor brasileiro que vem ampliando sua produ\u00e7\u00e3o liter\u00e1ria com hist\u00f3rias que atravessam v\u00e1rias vertentes da fic\u00e7\u00e3o.<\/p>\n<figure id=\"attachment_6366\" aria-describedby=\"caption-attachment-6366\" style=\"width: 1600px\" class=\"wp-caption aligncenter\"><img loading=\"lazy\" decoding=\"async\" data-attachment-id=\"6366\" data-permalink=\"https:\/\/www.kanenberg.com.br\/fatosfotoseregistros\/andre-nunes\/andre_foto\/\" data-orig-file=\"https:\/\/www.kanenberg.com.br\/fatosfotoseregistros\/wp-content\/uploads\/2026\/09\/andre_foto.jpeg\" data-orig-size=\"1600,1200\" data-comments-opened=\"1\" data-image-meta=\"{&quot;aperture&quot;:&quot;0&quot;,&quot;credit&quot;:&quot;&quot;,&quot;camera&quot;:&quot;&quot;,&quot;caption&quot;:&quot;&quot;,&quot;created_timestamp&quot;:&quot;0&quot;,&quot;copyright&quot;:&quot;&quot;,&quot;focal_length&quot;:&quot;0&quot;,&quot;iso&quot;:&quot;0&quot;,&quot;shutter_speed&quot;:&quot;0&quot;,&quot;title&quot;:&quot;&quot;,&quot;orientation&quot;:&quot;0&quot;,&quot;alt&quot;:&quot;&quot;}\" data-image-title=\"andre_foto\" data-image-description=\"\" data-image-caption=\"\" data-large-file=\"https:\/\/www.kanenberg.com.br\/fatosfotoseregistros\/wp-content\/uploads\/2026\/09\/andre_foto-1024x768.jpeg\" class=\"wp-image-6366 size-full\" src=\"https:\/\/www.kanenberg.com.br\/fatosfotoseregistros\/wp-content\/uploads\/2026\/09\/andre_foto.jpeg\" alt=\"Andr\u00e9 L. F. Nunes\" width=\"1600\" height=\"1200\" srcset=\"https:\/\/www.kanenberg.com.br\/fatosfotoseregistros\/wp-content\/uploads\/2026\/09\/andre_foto.jpeg 1600w, https:\/\/www.kanenberg.com.br\/fatosfotoseregistros\/wp-content\/uploads\/2026\/09\/andre_foto-300x225.jpeg 300w, https:\/\/www.kanenberg.com.br\/fatosfotoseregistros\/wp-content\/uploads\/2026\/09\/andre_foto-1024x768.jpeg 1024w, https:\/\/www.kanenberg.com.br\/fatosfotoseregistros\/wp-content\/uploads\/2026\/09\/andre_foto-768x576.jpeg 768w, https:\/\/www.kanenberg.com.br\/fatosfotoseregistros\/wp-content\/uploads\/2026\/09\/andre_foto-1536x1152.jpeg 1536w\" sizes=\"auto, (max-width: 1600px) 100vw, 1600px\" \/><figcaption id=\"caption-attachment-6366\" class=\"wp-caption-text\">Andr\u00e9 L. F. Nunes<\/figcaption><\/figure>\n<p style=\"text-align: justify;\">Recentemente, o autor lan\u00e7ou dez novos e-books na Amazon, refor\u00e7ando um cat\u00e1logo que j\u00e1 re\u00fane obras de estilos bem distintos entre si.<\/p>\n<p style=\"text-align: justify;\">Entre os novos t\u00edtulos est\u00e3o <strong>A \u00daltima Contagem<\/strong>, <strong>A Saga do Viajante Extratemporal<\/strong>, <strong>O \u00daltimo Ber\u00e7o<\/strong>, <strong>Vig\u00edlia Estelar: O Exterm\u00ednio<\/strong>, <strong>Tr\u00e1gica Aventura na Amaz\u00f4nia 5 \u2013 O Vale das Almas<\/strong>, <strong>A Progenitora<\/strong>, <strong>Efeito Spark<\/strong>, <strong>Crystal<\/strong>, <strong>Cora\u00e7\u00e3o Dividido<\/strong> e <strong>Fora da Redoma<\/strong>.<\/p>\n<p style=\"text-align: justify;\">Essa lista j\u00e1 entrega o recado: fic\u00e7\u00e3o cient\u00edfica, aventura, fantasia, terror, suspense e romance dividem espa\u00e7o na obra do escritor, permitindo que o leitor encontre propostas bem variadas dentro da produ\u00e7\u00e3o de um mesmo autor.<\/p>\n<p style=\"text-align: justify;\">Entre seus trabalhos est\u00e1 a s\u00e9rie <strong>Tr\u00e1gica Aventura na Amaz\u00f4nia<\/strong>, universo em que o autor explora a grandiosidade e os mist\u00e9rios da floresta. Tamb\u00e9m fazem parte de sua produ\u00e7\u00e3o hist\u00f3rias de fic\u00e7\u00e3o cient\u00edfica e fantasia, nas quais viagens extraordin\u00e1rias, mundos desconhecidos, acontecimentos sobrenaturais e situa\u00e7\u00f5es-limite ganham espa\u00e7o.<\/p>\n<p style=\"text-align: justify;\">N\u00e3o se prender a um \u00fanico g\u00eanero liter\u00e1rio talvez seja a marca mais reconhec\u00edvel de Andr\u00e9 L. F. Nunes. Em vez disso, o autor experimenta propostas narrativas distintas e leva o leitor para universos que pouco se parecem entre si.<\/p>\n<p style=\"text-align: justify;\">Para quem gosta de descobrir novos escritores, os livros de Andr\u00e9 L. F. Nunes \u2014 todos dispon\u00edveis em formato digital na <a href=\"https:\/\/www.amazon.com.br\/stores\/Andr%C3%A9-L.-F.-Nunes\/author\/B0G66P9Q7K?ref=ap_rdr&amp;shoppingPortalEnabled=true\" target=\"_blank\" rel=\"noopener\">Amazon<\/a> \u2014 s\u00e3o uma porta de entrada para uma literatura que aposta na criatividade, na imagina\u00e7\u00e3o e na liberdade de contar hist\u00f3rias.<\/p>\n<div data-carousel-extra='{&quot;blog_id&quot;:1,&quot;permalink&quot;:&quot;https:\/\/www.kanenberg.com.br\/fatosfotoseregistros\/andre-nunes\/&quot;}' id='gallery-1' class='gallery galleryid-6365 gallery-columns-4 gallery-size-full'><figure class='gallery-item'>\n\t\t\t<div class='gallery-icon portrait'>\n\t\t\t\t<img loading=\"lazy\" decoding=\"async\" width=\"1024\" height=\"1536\" src=\"https:\/\/www.kanenberg.com.br\/fatosfotoseregistros\/wp-content\/uploads\/2026\/09\/andre_livros_01.jpeg\" class=\"attachment-full size-full\" alt=\"A grande guerra interplanet\u00e1ria\" aria-describedby=\"gallery-1-6367\" srcset=\"https:\/\/www.kanenberg.com.br\/fatosfotoseregistros\/wp-content\/uploads\/2026\/09\/andre_livros_01.jpeg 1024w, https:\/\/www.kanenberg.com.br\/fatosfotoseregistros\/wp-content\/uploads\/2026\/09\/andre_livros_01-200x300.jpeg 200w, https:\/\/www.kanenberg.com.br\/fatosfotoseregistros\/wp-content\/uploads\/2026\/09\/andre_livros_01-683x1024.jpeg 683w, https:\/\/www.kanenberg.com.br\/fatosfotoseregistros\/wp-content\/uploads\/2026\/09\/andre_livros_01-768x1152.jpeg 768w\" sizes=\"auto, (max-width: 1024px) 100vw, 1024px\" data-attachment-id=\"6367\" data-permalink=\"https:\/\/www.kanenberg.com.br\/fatosfotoseregistros\/andre-nunes\/andre_livros_01\/\" data-orig-file=\"https:\/\/www.kanenberg.com.br\/fatosfotoseregistros\/wp-content\/uploads\/2026\/09\/andre_livros_01.jpeg\" data-orig-size=\"1024,1536\" data-comments-opened=\"1\" data-image-meta=\"{&quot;aperture&quot;:&quot;0&quot;,&quot;credit&quot;:&quot;&quot;,&quot;camera&quot;:&quot;&quot;,&quot;caption&quot;:&quot;&quot;,&quot;created_timestamp&quot;:&quot;0&quot;,&quot;copyright&quot;:&quot;&quot;,&quot;focal_length&quot;:&quot;0&quot;,&quot;iso&quot;:&quot;0&quot;,&quot;shutter_speed&quot;:&quot;0&quot;,&quot;title&quot;:&quot;&quot;,&quot;orientation&quot;:&quot;0&quot;,&quot;alt&quot;:&quot;&quot;}\" data-image-title=\"A grande guerra interplanet\u00e1ria\" data-image-description=\"\" data-image-caption=\"&lt;p&gt;A grande guerra interplanet\u00e1ria&lt;\/p&gt;\n\" data-large-file=\"https:\/\/www.kanenberg.com.br\/fatosfotoseregistros\/wp-content\/uploads\/2026\/09\/andre_livros_01-683x1024.jpeg\" \/>\n\t\t\t<\/div>\n\t\t\t\t<figcaption class='wp-caption-text gallery-caption' id='gallery-1-6367'>\n\t\t\t\tA grande guerra interplanet\u00e1ria\n\t\t\t\t<\/figcaption><\/figure><figure class='gallery-item'>\n\t\t\t<div class='gallery-icon portrait'>\n\t\t\t\t<img loading=\"lazy\" decoding=\"async\" width=\"1024\" height=\"1536\" src=\"https:\/\/www.kanenberg.com.br\/fatosfotoseregistros\/wp-content\/uploads\/2026\/09\/andre_livros_02.jpeg\" class=\"attachment-full size-full\" alt=\"A saga do viajante extratemporal\" aria-describedby=\"gallery-1-6368\" srcset=\"https:\/\/www.kanenberg.com.br\/fatosfotoseregistros\/wp-content\/uploads\/2026\/09\/andre_livros_02.jpeg 1024w, https:\/\/www.kanenberg.com.br\/fatosfotoseregistros\/wp-content\/uploads\/2026\/09\/andre_livros_02-200x300.jpeg 200w, https:\/\/www.kanenberg.com.br\/fatosfotoseregistros\/wp-content\/uploads\/2026\/09\/andre_livros_02-683x1024.jpeg 683w, https:\/\/www.kanenberg.com.br\/fatosfotoseregistros\/wp-content\/uploads\/2026\/09\/andre_livros_02-768x1152.jpeg 768w\" sizes=\"auto, (max-width: 1024px) 100vw, 1024px\" data-attachment-id=\"6368\" data-permalink=\"https:\/\/www.kanenberg.com.br\/fatosfotoseregistros\/andre-nunes\/andre_livros_02\/\" data-orig-file=\"https:\/\/www.kanenberg.com.br\/fatosfotoseregistros\/wp-content\/uploads\/2026\/09\/andre_livros_02.jpeg\" data-orig-size=\"1024,1536\" data-comments-opened=\"1\" data-image-meta=\"{&quot;aperture&quot;:&quot;0&quot;,&quot;credit&quot;:&quot;&quot;,&quot;camera&quot;:&quot;&quot;,&quot;caption&quot;:&quot;&quot;,&quot;created_timestamp&quot;:&quot;0&quot;,&quot;copyright&quot;:&quot;&quot;,&quot;focal_length&quot;:&quot;0&quot;,&quot;iso&quot;:&quot;0&quot;,&quot;shutter_speed&quot;:&quot;0&quot;,&quot;title&quot;:&quot;&quot;,&quot;orientation&quot;:&quot;0&quot;,&quot;alt&quot;:&quot;&quot;}\" data-image-title=\"A saga do viajante extratemporal\" data-image-description=\"\" data-image-caption=\"&lt;p&gt;A saga do viajante extratemporal&lt;\/p&gt;\n\" data-large-file=\"https:\/\/www.kanenberg.com.br\/fatosfotoseregistros\/wp-content\/uploads\/2026\/09\/andre_livros_02-683x1024.jpeg\" \/>\n\t\t\t<\/div>\n\t\t\t\t<figcaption class='wp-caption-text gallery-caption' id='gallery-1-6368'>\n\t\t\t\tA saga do viajante extratemporal\n\t\t\t\t<\/figcaption><\/figure><figure class='gallery-item'>\n\t\t\t<div class='gallery-icon portrait'>\n\t\t\t\t<img loading=\"lazy\" decoding=\"async\" width=\"1024\" height=\"1536\" src=\"https:\/\/www.kanenberg.com.br\/fatosfotoseregistros\/wp-content\/uploads\/2026\/09\/andre_livros_03.jpeg\" class=\"attachment-full size-full\" alt=\"A \u00faltima contagem\" aria-describedby=\"gallery-1-6369\" srcset=\"https:\/\/www.kanenberg.com.br\/fatosfotoseregistros\/wp-content\/uploads\/2026\/09\/andre_livros_03.jpeg 1024w, https:\/\/www.kanenberg.com.br\/fatosfotoseregistros\/wp-content\/uploads\/2026\/09\/andre_livros_03-200x300.jpeg 200w, https:\/\/www.kanenberg.com.br\/fatosfotoseregistros\/wp-content\/uploads\/2026\/09\/andre_livros_03-683x1024.jpeg 683w, https:\/\/www.kanenberg.com.br\/fatosfotoseregistros\/wp-content\/uploads\/2026\/09\/andre_livros_03-768x1152.jpeg 768w\" sizes=\"auto, (max-width: 1024px) 100vw, 1024px\" data-attachment-id=\"6369\" data-permalink=\"https:\/\/www.kanenberg.com.br\/fatosfotoseregistros\/andre-nunes\/andre_livros_03\/\" data-orig-file=\"https:\/\/www.kanenberg.com.br\/fatosfotoseregistros\/wp-content\/uploads\/2026\/09\/andre_livros_03.jpeg\" data-orig-size=\"1024,1536\" data-comments-opened=\"1\" data-image-meta=\"{&quot;aperture&quot;:&quot;0&quot;,&quot;credit&quot;:&quot;&quot;,&quot;camera&quot;:&quot;&quot;,&quot;caption&quot;:&quot;&quot;,&quot;created_timestamp&quot;:&quot;0&quot;,&quot;copyright&quot;:&quot;&quot;,&quot;focal_length&quot;:&quot;0&quot;,&quot;iso&quot;:&quot;0&quot;,&quot;shutter_speed&quot;:&quot;0&quot;,&quot;title&quot;:&quot;&quot;,&quot;orientation&quot;:&quot;0&quot;,&quot;alt&quot;:&quot;&quot;}\" data-image-title=\"A \u00faltima contagem\" data-image-description=\"\" data-image-caption=\"&lt;p&gt;A \u00faltima contagem&lt;\/p&gt;\n\" data-large-file=\"https:\/\/www.kanenberg.com.br\/fatosfotoseregistros\/wp-content\/uploads\/2026\/09\/andre_livros_03-683x1024.jpeg\" \/>\n\t\t\t<\/div>\n\t\t\t\t<figcaption class='wp-caption-text gallery-caption' id='gallery-1-6369'>\n\t\t\t\tA \u00faltima contagem\n\t\t\t\t<\/figcaption><\/figure><figure class='gallery-item'>\n\t\t\t<div class='gallery-icon portrait'>\n\t\t\t\t<img loading=\"lazy\" decoding=\"async\" width=\"1060\" height=\"1484\" src=\"https:\/\/www.kanenberg.com.br\/fatosfotoseregistros\/wp-content\/uploads\/2026\/09\/andre_livros_04.jpeg\" class=\"attachment-full size-full\" alt=\"Am\u00e1lia\" aria-describedby=\"gallery-1-6370\" srcset=\"https:\/\/www.kanenberg.com.br\/fatosfotoseregistros\/wp-content\/uploads\/2026\/09\/andre_livros_04.jpeg 1060w, https:\/\/www.kanenberg.com.br\/fatosfotoseregistros\/wp-content\/uploads\/2026\/09\/andre_livros_04-214x300.jpeg 214w, https:\/\/www.kanenberg.com.br\/fatosfotoseregistros\/wp-content\/uploads\/2026\/09\/andre_livros_04-731x1024.jpeg 731w, https:\/\/www.kanenberg.com.br\/fatosfotoseregistros\/wp-content\/uploads\/2026\/09\/andre_livros_04-768x1075.jpeg 768w\" sizes=\"auto, (max-width: 1060px) 100vw, 1060px\" data-attachment-id=\"6370\" data-permalink=\"https:\/\/www.kanenberg.com.br\/fatosfotoseregistros\/andre-nunes\/andre_livros_04\/\" data-orig-file=\"https:\/\/www.kanenberg.com.br\/fatosfotoseregistros\/wp-content\/uploads\/2026\/09\/andre_livros_04.jpeg\" data-orig-size=\"1060,1484\" data-comments-opened=\"1\" data-image-meta=\"{&quot;aperture&quot;:&quot;0&quot;,&quot;credit&quot;:&quot;&quot;,&quot;camera&quot;:&quot;&quot;,&quot;caption&quot;:&quot;&quot;,&quot;created_timestamp&quot;:&quot;0&quot;,&quot;copyright&quot;:&quot;&quot;,&quot;focal_length&quot;:&quot;0&quot;,&quot;iso&quot;:&quot;0&quot;,&quot;shutter_speed&quot;:&quot;0&quot;,&quot;title&quot;:&quot;&quot;,&quot;orientation&quot;:&quot;0&quot;,&quot;alt&quot;:&quot;&quot;}\" data-image-title=\"Am\u00e1lia\" data-image-description=\"\" data-image-caption=\"&lt;p&gt;Am\u00e1lia&lt;\/p&gt;\n\" data-large-file=\"https:\/\/www.kanenberg.com.br\/fatosfotoseregistros\/wp-content\/uploads\/2026\/09\/andre_livros_04-731x1024.jpeg\" \/>\n\t\t\t<\/div>\n\t\t\t\t<figcaption class='wp-caption-text gallery-caption' id='gallery-1-6370'>\n\t\t\t\tAm\u00e1lia\n\t\t\t\t<\/figcaption><\/figure><figure class='gallery-item'>\n\t\t\t<div class='gallery-icon portrait'>\n\t\t\t\t<img loading=\"lazy\" decoding=\"async\" width=\"1024\" height=\"1536\" src=\"https:\/\/www.kanenberg.com.br\/fatosfotoseregistros\/wp-content\/uploads\/2026\/09\/andre_livros_05.jpeg\" class=\"attachment-full size-full\" alt=\"Cora\u00e7\u00e3o dividido\" aria-describedby=\"gallery-1-6371\" srcset=\"https:\/\/www.kanenberg.com.br\/fatosfotoseregistros\/wp-content\/uploads\/2026\/09\/andre_livros_05.jpeg 1024w, https:\/\/www.kanenberg.com.br\/fatosfotoseregistros\/wp-content\/uploads\/2026\/09\/andre_livros_05-200x300.jpeg 200w, https:\/\/www.kanenberg.com.br\/fatosfotoseregistros\/wp-content\/uploads\/2026\/09\/andre_livros_05-683x1024.jpeg 683w, https:\/\/www.kanenberg.com.br\/fatosfotoseregistros\/wp-content\/uploads\/2026\/09\/andre_livros_05-768x1152.jpeg 768w\" sizes=\"auto, (max-width: 1024px) 100vw, 1024px\" data-attachment-id=\"6371\" data-permalink=\"https:\/\/www.kanenberg.com.br\/fatosfotoseregistros\/andre-nunes\/andre_livros_05\/\" data-orig-file=\"https:\/\/www.kanenberg.com.br\/fatosfotoseregistros\/wp-content\/uploads\/2026\/09\/andre_livros_05.jpeg\" data-orig-size=\"1024,1536\" data-comments-opened=\"1\" data-image-meta=\"{&quot;aperture&quot;:&quot;0&quot;,&quot;credit&quot;:&quot;&quot;,&quot;camera&quot;:&quot;&quot;,&quot;caption&quot;:&quot;&quot;,&quot;created_timestamp&quot;:&quot;0&quot;,&quot;copyright&quot;:&quot;&quot;,&quot;focal_length&quot;:&quot;0&quot;,&quot;iso&quot;:&quot;0&quot;,&quot;shutter_speed&quot;:&quot;0&quot;,&quot;title&quot;:&quot;&quot;,&quot;orientation&quot;:&quot;0&quot;,&quot;alt&quot;:&quot;&quot;}\" data-image-title=\"Cora\u00e7\u00e3o dividido\" data-image-description=\"\" data-image-caption=\"&lt;p&gt;Cora\u00e7\u00e3o dividido&lt;\/p&gt;\n\" data-large-file=\"https:\/\/www.kanenberg.com.br\/fatosfotoseregistros\/wp-content\/uploads\/2026\/09\/andre_livros_05-683x1024.jpeg\" \/>\n\t\t\t<\/div>\n\t\t\t\t<figcaption class='wp-caption-text gallery-caption' id='gallery-1-6371'>\n\t\t\t\tCora\u00e7\u00e3o dividido\n\t\t\t\t<\/figcaption><\/figure><figure class='gallery-item'>\n\t\t\t<div class='gallery-icon portrait'>\n\t\t\t\t<img loading=\"lazy\" decoding=\"async\" width=\"1023\" height=\"1537\" src=\"https:\/\/www.kanenberg.com.br\/fatosfotoseregistros\/wp-content\/uploads\/2026\/09\/andre_livros_06.jpeg\" class=\"attachment-full size-full\" alt=\"Crystal\" aria-describedby=\"gallery-1-6372\" srcset=\"https:\/\/www.kanenberg.com.br\/fatosfotoseregistros\/wp-content\/uploads\/2026\/09\/andre_livros_06.jpeg 1023w, https:\/\/www.kanenberg.com.br\/fatosfotoseregistros\/wp-content\/uploads\/2026\/09\/andre_livros_06-200x300.jpeg 200w, https:\/\/www.kanenberg.com.br\/fatosfotoseregistros\/wp-content\/uploads\/2026\/09\/andre_livros_06-682x1024.jpeg 682w, https:\/\/www.kanenberg.com.br\/fatosfotoseregistros\/wp-content\/uploads\/2026\/09\/andre_livros_06-768x1154.jpeg 768w\" sizes=\"auto, (max-width: 1023px) 100vw, 1023px\" data-attachment-id=\"6372\" data-permalink=\"https:\/\/www.kanenberg.com.br\/fatosfotoseregistros\/andre-nunes\/andre_livros_06\/\" data-orig-file=\"https:\/\/www.kanenberg.com.br\/fatosfotoseregistros\/wp-content\/uploads\/2026\/09\/andre_livros_06.jpeg\" data-orig-size=\"1023,1537\" data-comments-opened=\"1\" data-image-meta=\"{&quot;aperture&quot;:&quot;0&quot;,&quot;credit&quot;:&quot;&quot;,&quot;camera&quot;:&quot;&quot;,&quot;caption&quot;:&quot;&quot;,&quot;created_timestamp&quot;:&quot;0&quot;,&quot;copyright&quot;:&quot;&quot;,&quot;focal_length&quot;:&quot;0&quot;,&quot;iso&quot;:&quot;0&quot;,&quot;shutter_speed&quot;:&quot;0&quot;,&quot;title&quot;:&quot;&quot;,&quot;orientation&quot;:&quot;0&quot;,&quot;alt&quot;:&quot;&quot;}\" data-image-title=\"Crystal\" data-image-description=\"\" data-image-caption=\"&lt;p&gt;Crystal&lt;\/p&gt;\n\" data-large-file=\"https:\/\/www.kanenberg.com.br\/fatosfotoseregistros\/wp-content\/uploads\/2026\/09\/andre_livros_06-682x1024.jpeg\" \/>\n\t\t\t<\/div>\n\t\t\t\t<figcaption class='wp-caption-text gallery-caption' id='gallery-1-6372'>\n\t\t\t\tCrystal\n\t\t\t\t<\/figcaption><\/figure><figure class='gallery-item'>\n\t\t\t<div class='gallery-icon portrait'>\n\t\t\t\t<img loading=\"lazy\" decoding=\"async\" width=\"1024\" height=\"1536\" src=\"https:\/\/www.kanenberg.com.br\/fatosfotoseregistros\/wp-content\/uploads\/2026\/09\/andre_livros_07.jpeg\" class=\"attachment-full size-full\" alt=\"Dimens\u00e3o sinistra\" aria-describedby=\"gallery-1-6373\" srcset=\"https:\/\/www.kanenberg.com.br\/fatosfotoseregistros\/wp-content\/uploads\/2026\/09\/andre_livros_07.jpeg 1024w, https:\/\/www.kanenberg.com.br\/fatosfotoseregistros\/wp-content\/uploads\/2026\/09\/andre_livros_07-200x300.jpeg 200w, https:\/\/www.kanenberg.com.br\/fatosfotoseregistros\/wp-content\/uploads\/2026\/09\/andre_livros_07-683x1024.jpeg 683w, https:\/\/www.kanenberg.com.br\/fatosfotoseregistros\/wp-content\/uploads\/2026\/09\/andre_livros_07-768x1152.jpeg 768w\" sizes=\"auto, (max-width: 1024px) 100vw, 1024px\" data-attachment-id=\"6373\" data-permalink=\"https:\/\/www.kanenberg.com.br\/fatosfotoseregistros\/andre-nunes\/andre_livros_07\/\" data-orig-file=\"https:\/\/www.kanenberg.com.br\/fatosfotoseregistros\/wp-content\/uploads\/2026\/09\/andre_livros_07.jpeg\" data-orig-size=\"1024,1536\" data-comments-opened=\"1\" data-image-meta=\"{&quot;aperture&quot;:&quot;0&quot;,&quot;credit&quot;:&quot;&quot;,&quot;camera&quot;:&quot;&quot;,&quot;caption&quot;:&quot;&quot;,&quot;created_timestamp&quot;:&quot;0&quot;,&quot;copyright&quot;:&quot;&quot;,&quot;focal_length&quot;:&quot;0&quot;,&quot;iso&quot;:&quot;0&quot;,&quot;shutter_speed&quot;:&quot;0&quot;,&quot;title&quot;:&quot;&quot;,&quot;orientation&quot;:&quot;0&quot;,&quot;alt&quot;:&quot;&quot;}\" data-image-title=\"Dimens\u00e3o sinistra\" data-image-description=\"\" data-image-caption=\"&lt;p&gt;Dimens\u00e3o sinistra&lt;\/p&gt;\n\" data-large-file=\"https:\/\/www.kanenberg.com.br\/fatosfotoseregistros\/wp-content\/uploads\/2026\/09\/andre_livros_07-683x1024.jpeg\" \/>\n\t\t\t<\/div>\n\t\t\t\t<figcaption class='wp-caption-text gallery-caption' id='gallery-1-6373'>\n\t\t\t\tDimens\u00e3o sinistra\n\t\t\t\t<\/figcaption><\/figure><figure class='gallery-item'>\n\t\t\t<div class='gallery-icon portrait'>\n\t\t\t\t<img loading=\"lazy\" decoding=\"async\" width=\"1023\" height=\"1537\" src=\"https:\/\/www.kanenberg.com.br\/fatosfotoseregistros\/wp-content\/uploads\/2026\/09\/andre_livros_08.jpeg\" class=\"attachment-full size-full\" alt=\"Fora da redoma\" aria-describedby=\"gallery-1-6374\" srcset=\"https:\/\/www.kanenberg.com.br\/fatosfotoseregistros\/wp-content\/uploads\/2026\/09\/andre_livros_08.jpeg 1023w, https:\/\/www.kanenberg.com.br\/fatosfotoseregistros\/wp-content\/uploads\/2026\/09\/andre_livros_08-200x300.jpeg 200w, https:\/\/www.kanenberg.com.br\/fatosfotoseregistros\/wp-content\/uploads\/2026\/09\/andre_livros_08-682x1024.jpeg 682w, https:\/\/www.kanenberg.com.br\/fatosfotoseregistros\/wp-content\/uploads\/2026\/09\/andre_livros_08-768x1154.jpeg 768w\" sizes=\"auto, (max-width: 1023px) 100vw, 1023px\" data-attachment-id=\"6374\" data-permalink=\"https:\/\/www.kanenberg.com.br\/fatosfotoseregistros\/andre-nunes\/andre_livros_08\/\" data-orig-file=\"https:\/\/www.kanenberg.com.br\/fatosfotoseregistros\/wp-content\/uploads\/2026\/09\/andre_livros_08.jpeg\" data-orig-size=\"1023,1537\" data-comments-opened=\"1\" data-image-meta=\"{&quot;aperture&quot;:&quot;0&quot;,&quot;credit&quot;:&quot;&quot;,&quot;camera&quot;:&quot;&quot;,&quot;caption&quot;:&quot;&quot;,&quot;created_timestamp&quot;:&quot;0&quot;,&quot;copyright&quot;:&quot;&quot;,&quot;focal_length&quot;:&quot;0&quot;,&quot;iso&quot;:&quot;0&quot;,&quot;shutter_speed&quot;:&quot;0&quot;,&quot;title&quot;:&quot;&quot;,&quot;orientation&quot;:&quot;0&quot;,&quot;alt&quot;:&quot;&quot;}\" data-image-title=\"Fora da redoma\" data-image-description=\"\" data-image-caption=\"&lt;p&gt;Fora da redoma&lt;\/p&gt;\n\" data-large-file=\"https:\/\/www.kanenberg.com.br\/fatosfotoseregistros\/wp-content\/uploads\/2026\/09\/andre_livros_08-682x1024.jpeg\" \/>\n\t\t\t<\/div>\n\t\t\t\t<figcaption class='wp-caption-text gallery-caption' id='gallery-1-6374'>\n\t\t\t\tFora da redoma\n\t\t\t\t<\/figcaption><\/figure><figure class='gallery-item'>\n\t\t\t<div class='gallery-icon portrait'>\n\t\t\t\t<img loading=\"lazy\" decoding=\"async\" width=\"1024\" height=\"1536\" src=\"https:\/\/www.kanenberg.com.br\/fatosfotoseregistros\/wp-content\/uploads\/2026\/09\/andre_livros_09.jpeg\" class=\"attachment-full size-full\" alt=\"O lobisomem do \u00e1rtico\" aria-describedby=\"gallery-1-6375\" srcset=\"https:\/\/www.kanenberg.com.br\/fatosfotoseregistros\/wp-content\/uploads\/2026\/09\/andre_livros_09.jpeg 1024w, https:\/\/www.kanenberg.com.br\/fatosfotoseregistros\/wp-content\/uploads\/2026\/09\/andre_livros_09-200x300.jpeg 200w, https:\/\/www.kanenberg.com.br\/fatosfotoseregistros\/wp-content\/uploads\/2026\/09\/andre_livros_09-683x1024.jpeg 683w, https:\/\/www.kanenberg.com.br\/fatosfotoseregistros\/wp-content\/uploads\/2026\/09\/andre_livros_09-768x1152.jpeg 768w\" sizes=\"auto, (max-width: 1024px) 100vw, 1024px\" data-attachment-id=\"6375\" data-permalink=\"https:\/\/www.kanenberg.com.br\/fatosfotoseregistros\/andre-nunes\/andre_livros_09\/\" data-orig-file=\"https:\/\/www.kanenberg.com.br\/fatosfotoseregistros\/wp-content\/uploads\/2026\/09\/andre_livros_09.jpeg\" data-orig-size=\"1024,1536\" data-comments-opened=\"1\" data-image-meta=\"{&quot;aperture&quot;:&quot;0&quot;,&quot;credit&quot;:&quot;&quot;,&quot;camera&quot;:&quot;&quot;,&quot;caption&quot;:&quot;&quot;,&quot;created_timestamp&quot;:&quot;0&quot;,&quot;copyright&quot;:&quot;&quot;,&quot;focal_length&quot;:&quot;0&quot;,&quot;iso&quot;:&quot;0&quot;,&quot;shutter_speed&quot;:&quot;0&quot;,&quot;title&quot;:&quot;&quot;,&quot;orientation&quot;:&quot;0&quot;,&quot;alt&quot;:&quot;&quot;}\" data-image-title=\"O lobisomem do \u00e1rtico\" data-image-description=\"\" data-image-caption=\"&lt;p&gt;O lobisomem do \u00e1rtico&lt;\/p&gt;\n\" data-large-file=\"https:\/\/www.kanenberg.com.br\/fatosfotoseregistros\/wp-content\/uploads\/2026\/09\/andre_livros_09-683x1024.jpeg\" \/>\n\t\t\t<\/div>\n\t\t\t\t<figcaption class='wp-caption-text gallery-caption' id='gallery-1-6375'>\n\t\t\t\tO lobisomem do \u00e1rtico\n\t\t\t\t<\/figcaption><\/figure><figure class='gallery-item'>\n\t\t\t<div class='gallery-icon portrait'>\n\t\t\t\t<img loading=\"lazy\" decoding=\"async\" width=\"1023\" height=\"1537\" src=\"https:\/\/www.kanenberg.com.br\/fatosfotoseregistros\/wp-content\/uploads\/2026\/09\/andre_livros_10.jpeg\" class=\"attachment-full size-full\" alt=\"O \u00faltimo ber\u00e7o\" aria-describedby=\"gallery-1-6376\" srcset=\"https:\/\/www.kanenberg.com.br\/fatosfotoseregistros\/wp-content\/uploads\/2026\/09\/andre_livros_10.jpeg 1023w, https:\/\/www.kanenberg.com.br\/fatosfotoseregistros\/wp-content\/uploads\/2026\/09\/andre_livros_10-200x300.jpeg 200w, https:\/\/www.kanenberg.com.br\/fatosfotoseregistros\/wp-content\/uploads\/2026\/09\/andre_livros_10-682x1024.jpeg 682w, https:\/\/www.kanenberg.com.br\/fatosfotoseregistros\/wp-content\/uploads\/2026\/09\/andre_livros_10-768x1154.jpeg 768w\" sizes=\"auto, (max-width: 1023px) 100vw, 1023px\" data-attachment-id=\"6376\" data-permalink=\"https:\/\/www.kanenberg.com.br\/fatosfotoseregistros\/andre-nunes\/andre_livros_10\/\" data-orig-file=\"https:\/\/www.kanenberg.com.br\/fatosfotoseregistros\/wp-content\/uploads\/2026\/09\/andre_livros_10.jpeg\" data-orig-size=\"1023,1537\" data-comments-opened=\"1\" data-image-meta=\"{&quot;aperture&quot;:&quot;0&quot;,&quot;credit&quot;:&quot;&quot;,&quot;camera&quot;:&quot;&quot;,&quot;caption&quot;:&quot;&quot;,&quot;created_timestamp&quot;:&quot;0&quot;,&quot;copyright&quot;:&quot;&quot;,&quot;focal_length&quot;:&quot;0&quot;,&quot;iso&quot;:&quot;0&quot;,&quot;shutter_speed&quot;:&quot;0&quot;,&quot;title&quot;:&quot;&quot;,&quot;orientation&quot;:&quot;0&quot;,&quot;alt&quot;:&quot;&quot;}\" data-image-title=\"O \u00faltimo ber\u00e7o\" data-image-description=\"\" data-image-caption=\"&lt;p&gt;O \u00faltimo ber\u00e7o&lt;\/p&gt;\n\" data-large-file=\"https:\/\/www.kanenberg.com.br\/fatosfotoseregistros\/wp-content\/uploads\/2026\/09\/andre_livros_10-682x1024.jpeg\" \/>\n\t\t\t<\/div>\n\t\t\t\t<figcaption class='wp-caption-text gallery-caption' id='gallery-1-6376'>\n\t\t\t\tO \u00faltimo ber\u00e7o\n\t\t\t\t<\/figcaption><\/figure><figure class='gallery-item'>\n\t\t\t<div class='gallery-icon portrait'>\n\t\t\t\t<img loading=\"lazy\" decoding=\"async\" width=\"1024\" height=\"1536\" src=\"https:\/\/www.kanenberg.com.br\/fatosfotoseregistros\/wp-content\/uploads\/2026\/09\/andre_livros_11.jpeg\" class=\"attachment-full size-full\" alt=\"Tr\u00e1gica aventura na Amaz\u00f4nia\" aria-describedby=\"gallery-1-6377\" srcset=\"https:\/\/www.kanenberg.com.br\/fatosfotoseregistros\/wp-content\/uploads\/2026\/09\/andre_livros_11.jpeg 1024w, https:\/\/www.kanenberg.com.br\/fatosfotoseregistros\/wp-content\/uploads\/2026\/09\/andre_livros_11-200x300.jpeg 200w, https:\/\/www.kanenberg.com.br\/fatosfotoseregistros\/wp-content\/uploads\/2026\/09\/andre_livros_11-683x1024.jpeg 683w, https:\/\/www.kanenberg.com.br\/fatosfotoseregistros\/wp-content\/uploads\/2026\/09\/andre_livros_11-768x1152.jpeg 768w\" sizes=\"auto, (max-width: 1024px) 100vw, 1024px\" data-attachment-id=\"6377\" data-permalink=\"https:\/\/www.kanenberg.com.br\/fatosfotoseregistros\/andre-nunes\/andre_livros_11\/\" data-orig-file=\"https:\/\/www.kanenberg.com.br\/fatosfotoseregistros\/wp-content\/uploads\/2026\/09\/andre_livros_11.jpeg\" data-orig-size=\"1024,1536\" data-comments-opened=\"1\" data-image-meta=\"{&quot;aperture&quot;:&quot;0&quot;,&quot;credit&quot;:&quot;&quot;,&quot;camera&quot;:&quot;&quot;,&quot;caption&quot;:&quot;&quot;,&quot;created_timestamp&quot;:&quot;0&quot;,&quot;copyright&quot;:&quot;&quot;,&quot;focal_length&quot;:&quot;0&quot;,&quot;iso&quot;:&quot;0&quot;,&quot;shutter_speed&quot;:&quot;0&quot;,&quot;title&quot;:&quot;&quot;,&quot;orientation&quot;:&quot;0&quot;,&quot;alt&quot;:&quot;&quot;}\" data-image-title=\"Tr\u00e1gica aventura na Amaz\u00f4nia\" data-image-description=\"\" data-image-caption=\"&lt;p&gt;Tr\u00e1gica aventura na Amaz\u00f4nia&lt;\/p&gt;\n\" data-large-file=\"https:\/\/www.kanenberg.com.br\/fatosfotoseregistros\/wp-content\/uploads\/2026\/09\/andre_livros_11-683x1024.jpeg\" \/>\n\t\t\t<\/div>\n\t\t\t\t<figcaption class='wp-caption-text gallery-caption' id='gallery-1-6377'>\n\t\t\t\tTr\u00e1gica aventura na Amaz\u00f4nia\n\t\t\t\t<\/figcaption><\/figure><figure class='gallery-item'>\n\t\t\t<div class='gallery-icon portrait'>\n\t\t\t\t<img loading=\"lazy\" decoding=\"async\" width=\"1024\" height=\"1536\" src=\"https:\/\/www.kanenberg.com.br\/fatosfotoseregistros\/wp-content\/uploads\/2026\/09\/andre_livros_12.jpeg\" class=\"attachment-full size-full\" alt=\"Um mundo chamado Vald\u00f3via\" aria-describedby=\"gallery-1-6378\" srcset=\"https:\/\/www.kanenberg.com.br\/fatosfotoseregistros\/wp-content\/uploads\/2026\/09\/andre_livros_12.jpeg 1024w, https:\/\/www.kanenberg.com.br\/fatosfotoseregistros\/wp-content\/uploads\/2026\/09\/andre_livros_12-200x300.jpeg 200w, https:\/\/www.kanenberg.com.br\/fatosfotoseregistros\/wp-content\/uploads\/2026\/09\/andre_livros_12-683x1024.jpeg 683w, https:\/\/www.kanenberg.com.br\/fatosfotoseregistros\/wp-content\/uploads\/2026\/09\/andre_livros_12-768x1152.jpeg 768w\" sizes=\"auto, (max-width: 1024px) 100vw, 1024px\" data-attachment-id=\"6378\" data-permalink=\"https:\/\/www.kanenberg.com.br\/fatosfotoseregistros\/andre-nunes\/andre_livros_12\/\" data-orig-file=\"https:\/\/www.kanenberg.com.br\/fatosfotoseregistros\/wp-content\/uploads\/2026\/09\/andre_livros_12.jpeg\" data-orig-size=\"1024,1536\" data-comments-opened=\"1\" data-image-meta=\"{&quot;aperture&quot;:&quot;0&quot;,&quot;credit&quot;:&quot;&quot;,&quot;camera&quot;:&quot;&quot;,&quot;caption&quot;:&quot;&quot;,&quot;created_timestamp&quot;:&quot;0&quot;,&quot;copyright&quot;:&quot;&quot;,&quot;focal_length&quot;:&quot;0&quot;,&quot;iso&quot;:&quot;0&quot;,&quot;shutter_speed&quot;:&quot;0&quot;,&quot;title&quot;:&quot;&quot;,&quot;orientation&quot;:&quot;0&quot;,&quot;alt&quot;:&quot;&quot;}\" data-image-title=\"Um mundo chamado Vald\u00f3via\" data-image-description=\"\" data-image-caption=\"&lt;p&gt;Um mundo chamado Vald\u00f3via&lt;\/p&gt;\n\" data-large-file=\"https:\/\/www.kanenberg.com.br\/fatosfotoseregistros\/wp-content\/uploads\/2026\/09\/andre_livros_12-683x1024.jpeg\" \/>\n\t\t\t<\/div>\n\t\t\t\t<figcaption class='wp-caption-text gallery-caption' id='gallery-1-6378'>\n\t\t\t\tUm mundo chamado Vald\u00f3via\n\t\t\t\t<\/figcaption><\/figure><figure class='gallery-item'>\n\t\t\t<div class='gallery-icon portrait'>\n\t\t\t\t<img loading=\"lazy\" decoding=\"async\" width=\"1024\" height=\"1536\" src=\"https:\/\/www.kanenberg.com.br\/fatosfotoseregistros\/wp-content\/uploads\/2026\/09\/andre_livros_13.jpeg\" class=\"attachment-full size-full\" alt=\"Vig\u00edlia estelar\" aria-describedby=\"gallery-1-6379\" srcset=\"https:\/\/www.kanenberg.com.br\/fatosfotoseregistros\/wp-content\/uploads\/2026\/09\/andre_livros_13.jpeg 1024w, https:\/\/www.kanenberg.com.br\/fatosfotoseregistros\/wp-content\/uploads\/2026\/09\/andre_livros_13-200x300.jpeg 200w, https:\/\/www.kanenberg.com.br\/fatosfotoseregistros\/wp-content\/uploads\/2026\/09\/andre_livros_13-683x1024.jpeg 683w, https:\/\/www.kanenberg.com.br\/fatosfotoseregistros\/wp-content\/uploads\/2026\/09\/andre_livros_13-768x1152.jpeg 768w\" sizes=\"auto, (max-width: 1024px) 100vw, 1024px\" data-attachment-id=\"6379\" data-permalink=\"https:\/\/www.kanenberg.com.br\/fatosfotoseregistros\/andre-nunes\/andre_livros_13\/\" data-orig-file=\"https:\/\/www.kanenberg.com.br\/fatosfotoseregistros\/wp-content\/uploads\/2026\/09\/andre_livros_13.jpeg\" data-orig-size=\"1024,1536\" data-comments-opened=\"1\" data-image-meta=\"{&quot;aperture&quot;:&quot;0&quot;,&quot;credit&quot;:&quot;&quot;,&quot;camera&quot;:&quot;&quot;,&quot;caption&quot;:&quot;&quot;,&quot;created_timestamp&quot;:&quot;0&quot;,&quot;copyright&quot;:&quot;&quot;,&quot;focal_length&quot;:&quot;0&quot;,&quot;iso&quot;:&quot;0&quot;,&quot;shutter_speed&quot;:&quot;0&quot;,&quot;title&quot;:&quot;&quot;,&quot;orientation&quot;:&quot;0&quot;,&quot;alt&quot;:&quot;&quot;}\" data-image-title=\"Vig\u00edlia estelar\" data-image-description=\"\" data-image-caption=\"&lt;p&gt;Vig\u00edlia estelar&lt;\/p&gt;\n\" data-large-file=\"https:\/\/www.kanenberg.com.br\/fatosfotoseregistros\/wp-content\/uploads\/2026\/09\/andre_livros_13-683x1024.jpeg\" \/>\n\t\t\t<\/div>\n\t\t\t\t<figcaption class='wp-caption-text gallery-caption' id='gallery-1-6379'>\n\t\t\t\tVig\u00edlia estelar\n\t\t\t\t<\/figcaption><\/figure><figure class='gallery-item'>\n\t\t\t<div class='gallery-icon portrait'>\n\t\t\t\t<img loading=\"lazy\" decoding=\"async\" width=\"1023\" height=\"1537\" src=\"https:\/\/www.kanenberg.com.br\/fatosfotoseregistros\/wp-content\/uploads\/2026\/09\/andre_livros_14.jpeg\" class=\"attachment-full size-full\" alt=\"Nobreza na alma\" aria-describedby=\"gallery-1-6380\" srcset=\"https:\/\/www.kanenberg.com.br\/fatosfotoseregistros\/wp-content\/uploads\/2026\/09\/andre_livros_14.jpeg 1023w, https:\/\/www.kanenberg.com.br\/fatosfotoseregistros\/wp-content\/uploads\/2026\/09\/andre_livros_14-200x300.jpeg 200w, https:\/\/www.kanenberg.com.br\/fatosfotoseregistros\/wp-content\/uploads\/2026\/09\/andre_livros_14-682x1024.jpeg 682w, https:\/\/www.kanenberg.com.br\/fatosfotoseregistros\/wp-content\/uploads\/2026\/09\/andre_livros_14-768x1154.jpeg 768w\" sizes=\"auto, (max-width: 1023px) 100vw, 1023px\" data-attachment-id=\"6380\" data-permalink=\"https:\/\/www.kanenberg.com.br\/fatosfotoseregistros\/andre-nunes\/andre_livros_14\/\" data-orig-file=\"https:\/\/www.kanenberg.com.br\/fatosfotoseregistros\/wp-content\/uploads\/2026\/09\/andre_livros_14.jpeg\" data-orig-size=\"1023,1537\" data-comments-opened=\"1\" data-image-meta=\"{&quot;aperture&quot;:&quot;0&quot;,&quot;credit&quot;:&quot;&quot;,&quot;camera&quot;:&quot;&quot;,&quot;caption&quot;:&quot;&quot;,&quot;created_timestamp&quot;:&quot;0&quot;,&quot;copyright&quot;:&quot;&quot;,&quot;focal_length&quot;:&quot;0&quot;,&quot;iso&quot;:&quot;0&quot;,&quot;shutter_speed&quot;:&quot;0&quot;,&quot;title&quot;:&quot;&quot;,&quot;orientation&quot;:&quot;0&quot;,&quot;alt&quot;:&quot;&quot;}\" data-image-title=\"Nobreza na alma\" data-image-description=\"\" data-image-caption=\"&lt;p&gt;Nobreza na alma&lt;\/p&gt;\n\" data-large-file=\"https:\/\/www.kanenberg.com.br\/fatosfotoseregistros\/wp-content\/uploads\/2026\/09\/andre_livros_14-682x1024.jpeg\" \/>\n\t\t\t<\/div>\n\t\t\t\t<figcaption class='wp-caption-text gallery-caption' id='gallery-1-6380'>\n\t\t\t\tNobreza na alma\n\t\t\t\t<\/figcaption><\/figure><figure class='gallery-item'>\n\t\t\t<div class='gallery-icon portrait'>\n\t\t\t\t<img loading=\"lazy\" decoding=\"async\" width=\"1024\" height=\"1536\" src=\"https:\/\/www.kanenberg.com.br\/fatosfotoseregistros\/wp-content\/uploads\/2026\/09\/andre_livros_15.jpeg\" class=\"attachment-full size-full\" alt=\"O que restou de n\u00f3s\" aria-describedby=\"gallery-1-6381\" srcset=\"https:\/\/www.kanenberg.com.br\/fatosfotoseregistros\/wp-content\/uploads\/2026\/09\/andre_livros_15.jpeg 1024w, https:\/\/www.kanenberg.com.br\/fatosfotoseregistros\/wp-content\/uploads\/2026\/09\/andre_livros_15-200x300.jpeg 200w, https:\/\/www.kanenberg.com.br\/fatosfotoseregistros\/wp-content\/uploads\/2026\/09\/andre_livros_15-683x1024.jpeg 683w, https:\/\/www.kanenberg.com.br\/fatosfotoseregistros\/wp-content\/uploads\/2026\/09\/andre_livros_15-768x1152.jpeg 768w\" sizes=\"auto, (max-width: 1024px) 100vw, 1024px\" data-attachment-id=\"6381\" data-permalink=\"https:\/\/www.kanenberg.com.br\/fatosfotoseregistros\/andre-nunes\/andre_livros_15\/\" data-orig-file=\"https:\/\/www.kanenberg.com.br\/fatosfotoseregistros\/wp-content\/uploads\/2026\/09\/andre_livros_15.jpeg\" data-orig-size=\"1024,1536\" data-comments-opened=\"1\" data-image-meta=\"{&quot;aperture&quot;:&quot;0&quot;,&quot;credit&quot;:&quot;&quot;,&quot;camera&quot;:&quot;&quot;,&quot;caption&quot;:&quot;&quot;,&quot;created_timestamp&quot;:&quot;0&quot;,&quot;copyright&quot;:&quot;&quot;,&quot;focal_length&quot;:&quot;0&quot;,&quot;iso&quot;:&quot;0&quot;,&quot;shutter_speed&quot;:&quot;0&quot;,&quot;title&quot;:&quot;&quot;,&quot;orientation&quot;:&quot;0&quot;,&quot;alt&quot;:&quot;&quot;}\" data-image-title=\"O que restou de n\u00f3s\" data-image-description=\"\" data-image-caption=\"&lt;p&gt;O que restou de n\u00f3s&lt;\/p&gt;\n\" data-large-file=\"https:\/\/www.kanenberg.com.br\/fatosfotoseregistros\/wp-content\/uploads\/2026\/09\/andre_livros_15-683x1024.jpeg\" \/>\n\t\t\t<\/div>\n\t\t\t\t<figcaption class='wp-caption-text gallery-caption' id='gallery-1-6381'>\n\t\t\t\tO que restou de n\u00f3s\n\t\t\t\t<\/figcaption><\/figure>\n\t\t<\/div>\n\n<p><strong>Mais informa\u00e7\u00f5es<\/strong>: <a href=\"https:\/\/autor-andre-l-f-nunes.netlify.app\/\" target=\"_blank\" rel=\"noopener\">p\u00e1gina do autor<\/a> ou <a href=\"https:\/\/www.amazon.com.br\/stores\/Andr%C3%A9-L.-F.-Nunes\/author\/B0G66P9Q7K?ref=ap_rdr&amp;shoppingPortalEnabled=true\" target=\"_blank\" rel=\"noopener\">Amazon<\/a>.<\/p>\n","protected":false},"excerpt":{"rendered":"<p>A literatura independente brasileira vem revelando autores que, livres das amarras de um \u00fanico g\u00eanero, exploram mundos, personagens e possibilidades narrativas de todo tipo. Um desses nomes \u00e9 Andr\u00e9 L. F. Nunes, autor brasileiro que vem ampliando sua produ\u00e7\u00e3o liter\u00e1ria com hist\u00f3rias que atravessam v\u00e1rias vertentes da fic\u00e7\u00e3o.<\/p>\n","protected":false},"author":1,"featured_media":0,"comment_status":"open","ping_status":"open","sticky":false,"template":"","format":"standard","meta":{"_exactmetrics_skip_tracking":false,"_jetpack_newsletter_access":"","_jetpack_dont_email_post_to_subs":false,"_jetpack_newsletter_tier_id":0,"_jetpack_memberships_contains_paywalled_content":false,"_jetpack_feature_clip_id":0,"_jetpack_memberships_contains_paid_content":false,"footnotes":"","jetpack_publicize_message":"","jetpack_publicize_feature_enabled":true,"jetpack_social_post_already_shared":true,"jetpack_social_options":{"image_generator_settings":{"template":"highway","default_image_id":0,"font":"","enabled":false},"version":2},"jetpack_post_was_ever_published":false},"categories":[265],"tags":[452,303],"class_list":["post-6365","post","type-post","status-publish","format-standard","hentry","category-textos","tag-literatura","tag-livros"],"jetpack_publicize_connections":[],"jetpack_sharing_enabled":true,"jetpack_shortlink":"https:\/\/wp.me\/phkM1X-1EF","jetpack-related-posts":[{"id":6161,"url":"https:\/\/www.kanenberg.com.br\/fatosfotoseregistros\/dia-do-escritor-2026\/","url_meta":{"origin":6365,"position":0},"title":"O Imperador da Mente Versada: A Faceta Escritora e Tradutora de D. Pedro II","author":"kanenberg","date":"25 de julho de 2026","format":false,"excerpt":"Neste Dia do Escritor, celebrado em 25 de julho, costumamos lembrar das grandes mentes que moldaram a literatura brasileira, de Machado de Assis a Clarice Lispector. No entanto, h\u00e1 um cap\u00edtulo fascinante da nossa hist\u00f3ria liter\u00e1ria que muitas vezes permanece \u00e0 sombra da pol\u00edtica: a faceta de Dom Pedro II\u2026","rel":"","context":"Em &quot;Personalidades&quot;","block_context":{"text":"Personalidades","link":"https:\/\/www.kanenberg.com.br\/fatosfotoseregistros\/category\/personalidades\/"},"img":{"alt_text":"","src":"https:\/\/i0.wp.com\/www.kanenberg.com.br\/fatosfotoseregistros\/wp-content\/uploads\/2026\/07\/file_000000003a14820ea374c6653d068dae8963584501828690726.png?resize=350%2C200&ssl=1","width":350,"height":200,"srcset":"https:\/\/i0.wp.com\/www.kanenberg.com.br\/fatosfotoseregistros\/wp-content\/uploads\/2026\/07\/file_000000003a14820ea374c6653d068dae8963584501828690726.png?resize=350%2C200&ssl=1 1x, https:\/\/i0.wp.com\/www.kanenberg.com.br\/fatosfotoseregistros\/wp-content\/uploads\/2026\/07\/file_000000003a14820ea374c6653d068dae8963584501828690726.png?resize=525%2C300&ssl=1 1.5x, https:\/\/i0.wp.com\/www.kanenberg.com.br\/fatosfotoseregistros\/wp-content\/uploads\/2026\/07\/file_000000003a14820ea374c6653d068dae8963584501828690726.png?resize=700%2C400&ssl=1 2x, https:\/\/i0.wp.com\/www.kanenberg.com.br\/fatosfotoseregistros\/wp-content\/uploads\/2026\/07\/file_000000003a14820ea374c6653d068dae8963584501828690726.png?resize=1050%2C600&ssl=1 3x, https:\/\/i0.wp.com\/www.kanenberg.com.br\/fatosfotoseregistros\/wp-content\/uploads\/2026\/07\/file_000000003a14820ea374c6653d068dae8963584501828690726.png?resize=1400%2C800&ssl=1 4x"},"classes":[]},{"id":6173,"url":"https:\/\/www.kanenberg.com.br\/fatosfotoseregistros\/25-de-julho-dia-da-imigracao-alema\/","url_meta":{"origin":6365,"position":1},"title":"25 de julho: Dia da Imigra\u00e7\u00e3o Alem\u00e3","author":"kanenberg","date":"25 de julho de 2026","format":false,"excerpt":"O dia 25 de julho ocupa um lugar especial na hist\u00f3ria do Brasil. Nesta data, celebra-se o Dia da Imigra\u00e7\u00e3o Alem\u00e3, uma homenagem \u00e0 chegada dos primeiros imigrantes alem\u00e3es ao pa\u00eds, em 1824, quando desembarcaram na ent\u00e3o Col\u00f4nia de S\u00e3o Leopoldo, no Rio Grande do Sul. A partir daquele momento,\u2026","rel":"","context":"Em &quot;Textos&quot;","block_context":{"text":"Textos","link":"https:\/\/www.kanenberg.com.br\/fatosfotoseregistros\/category\/textos\/"},"img":{"alt_text":"25 de julho: Dia da Imigra\u00e7\u00e3o Alem\u00e3 O dia 25 de julho ocupa um lugar especial na hist\u00f3ria do Brasi","src":"https:\/\/i0.wp.com\/www.kanenberg.com.br\/fatosfotoseregistros\/wp-content\/uploads\/2026\/07\/ChatGPT-Image-25-de-jul.-de-2026-19_37_25.png?resize=350%2C200&ssl=1","width":350,"height":200,"srcset":"https:\/\/i0.wp.com\/www.kanenberg.com.br\/fatosfotoseregistros\/wp-content\/uploads\/2026\/07\/ChatGPT-Image-25-de-jul.-de-2026-19_37_25.png?resize=350%2C200&ssl=1 1x, https:\/\/i0.wp.com\/www.kanenberg.com.br\/fatosfotoseregistros\/wp-content\/uploads\/2026\/07\/ChatGPT-Image-25-de-jul.-de-2026-19_37_25.png?resize=525%2C300&ssl=1 1.5x, https:\/\/i0.wp.com\/www.kanenberg.com.br\/fatosfotoseregistros\/wp-content\/uploads\/2026\/07\/ChatGPT-Image-25-de-jul.-de-2026-19_37_25.png?resize=700%2C400&ssl=1 2x, https:\/\/i0.wp.com\/www.kanenberg.com.br\/fatosfotoseregistros\/wp-content\/uploads\/2026\/07\/ChatGPT-Image-25-de-jul.-de-2026-19_37_25.png?resize=1050%2C600&ssl=1 3x, https:\/\/i0.wp.com\/www.kanenberg.com.br\/fatosfotoseregistros\/wp-content\/uploads\/2026\/07\/ChatGPT-Image-25-de-jul.-de-2026-19_37_25.png?resize=1400%2C800&ssl=1 4x"},"classes":[]},{"id":5343,"url":"https:\/\/www.kanenberg.com.br\/fatosfotoseregistros\/do-caminho-do-boi-aos-tabajaras-a-historia-e-as-curiosidades-de-uma-das-ladeiras-mais-famosas-do-rio\/","url_meta":{"origin":6365,"position":2},"title":"Do Caminho do Boi aos Tabajaras: A Hist\u00f3ria e as Curiosidades de uma das Ladeiras Mais Famosas do Rio","author":"kanenberg","date":"14 de fevereiro de 2019","format":false,"excerpt":"Quem passa hoje pelo in\u00edcio da Ladeira dos Tabajaras, logo na altura da Rua Siqueira Campos, em Copacabana, dificilmente imagina que aquele corredor urbano j\u00e1 foi uma rota estreita e poeirenta usada para o transporte de gado no s\u00e9culo XIX.","rel":"","context":"Em &quot;Lugares&quot;","block_context":{"text":"Lugares","link":"https:\/\/www.kanenberg.com.br\/fatosfotoseregistros\/category\/lugares\/"},"img":{"alt_text":"Ladeira dos Tabajaras","src":"https:\/\/i0.wp.com\/www.kanenberg.com.br\/fatosfotoseregistros\/wp-content\/uploads\/2019\/02\/FB_IMG_1550139554943.jpg?resize=350%2C200&ssl=1","width":350,"height":200,"srcset":"https:\/\/i0.wp.com\/www.kanenberg.com.br\/fatosfotoseregistros\/wp-content\/uploads\/2019\/02\/FB_IMG_1550139554943.jpg?resize=350%2C200&ssl=1 1x, https:\/\/i0.wp.com\/www.kanenberg.com.br\/fatosfotoseregistros\/wp-content\/uploads\/2019\/02\/FB_IMG_1550139554943.jpg?resize=525%2C300&ssl=1 1.5x, https:\/\/i0.wp.com\/www.kanenberg.com.br\/fatosfotoseregistros\/wp-content\/uploads\/2019\/02\/FB_IMG_1550139554943.jpg?resize=700%2C400&ssl=1 2x"},"classes":[]},{"id":1212,"url":"https:\/\/www.kanenberg.com.br\/fatosfotoseregistros\/o-homem-que-calculava\/","url_meta":{"origin":6365,"position":3},"title":"O Homem que Calculava","author":"kanenberg","date":"21 de junho de 2016","format":false,"excerpt":"Livro de autoria do escritor, matem\u00e1tico e professor J\u00falio C\u00e9sar de Mello e Souza (1895-1974), cujo pseud\u00f4nimo era Malba Tahan. Foi publicado pela primeira vez em 1946 e at\u00e9 hoje j\u00e1 alcan\u00e7ou mais de 80 edi\u00e7\u00f5es. Em 1972, a obra foi premiada pela Academia Brasileira de Letras em 1972, ocasi\u00e3o\u2026","rel":"","context":"Em &quot;Textos&quot;","block_context":{"text":"Textos","link":"https:\/\/www.kanenberg.com.br\/fatosfotoseregistros\/category\/textos\/"},"img":{"alt_text":"Capa-do-Livro-O-Homem-Que-Calculava","src":"https:\/\/fatosfotoseregistros.files.wordpress.com\/2016\/06\/capa-do-livro-o-homem-que-calculava.jpg?w=350&h=200&crop=1","width":350,"height":200},"classes":[]},{"id":5066,"url":"https:\/\/www.kanenberg.com.br\/fatosfotoseregistros\/gemidao-zap\/","url_meta":{"origin":6365,"position":4},"title":"A verdadeira hist\u00f3ria do Gemid\u00e3o do Zap","author":"kanenberg","date":"11 de dezembro de 2018","format":false,"excerpt":"Provavelmente voc\u00ea j\u00e1 caiu e sofreu com o Gemid\u00e3o do Zap, mas voc\u00ea conhece a origem do \u00e1udio?","rel":"","context":"Em &quot;Textos&quot;","block_context":{"text":"Textos","link":"https:\/\/www.kanenberg.com.br\/fatosfotoseregistros\/category\/textos\/"},"img":{"alt_text":"","src":"https:\/\/i0.wp.com\/fatosfotoseregistros.kanenberg.com.br\/wp-content\/uploads\/2018\/12\/gemidao.jpg?resize=350%2C200&ssl=1","width":350,"height":200,"srcset":"https:\/\/i0.wp.com\/fatosfotoseregistros.kanenberg.com.br\/wp-content\/uploads\/2018\/12\/gemidao.jpg?resize=350%2C200&ssl=1 1x, https:\/\/i0.wp.com\/fatosfotoseregistros.kanenberg.com.br\/wp-content\/uploads\/2018\/12\/gemidao.jpg?resize=525%2C300&ssl=1 1.5x"},"classes":[]},{"id":2062,"url":"https:\/\/www.kanenberg.com.br\/fatosfotoseregistros\/museu-historico-do-exercito-e-forte-de-copacabana\/","url_meta":{"origin":6365,"position":5},"title":"Museu Hist\u00f3rico do Ex\u00e9rcito e Forte de Copacabana","author":"kanenberg","date":"19 de julho de 2016","format":false,"excerpt":"O local escolhido para a sua constru\u00e7\u00e3o consistia numa regi\u00e3o cujos rochedos avan\u00e7avam contra o mar em dire\u00e7\u00e3o \u00e0 entrada da Ba\u00eda de Guanabara.","rel":"","context":"Em &quot;Imagem&quot;","block_context":{"text":"Imagem","link":"https:\/\/www.kanenberg.com.br\/fatosfotoseregistros\/category\/imagem\/"},"img":{"alt_text":"","src":"https:\/\/i0.wp.com\/www.kanenberg.com.br\/fatosfotoseregistros\/wp-content\/uploads\/2016\/07\/1922-07-06-150x150.jpg?resize=350%2C200&ssl=1","width":350,"height":200,"srcset":"https:\/\/i0.wp.com\/www.kanenberg.com.br\/fatosfotoseregistros\/wp-content\/uploads\/2016\/07\/1922-07-06-150x150.jpg?resize=350%2C200&ssl=1 1x, https:\/\/i0.wp.com\/www.kanenberg.com.br\/fatosfotoseregistros\/wp-content\/uploads\/2016\/07\/1922-07-06-150x150.jpg?resize=525%2C300&ssl=1 1.5x"},"classes":[]}],"jetpack_likes_enabled":true,"amp_enabled":true,"jetpack_featured_media_url":"","_links":{"self":[{"href":"https:\/\/www.kanenberg.com.br\/fatosfotoseregistros\/wp-json\/wp\/v2\/posts\/6365","targetHints":{"allow":["GET"]}}],"collection":[{"href":"https:\/\/www.kanenberg.com.br\/fatosfotoseregistros\/wp-json\/wp\/v2\/posts"}],"about":[{"href":"https:\/\/www.kanenberg.com.br\/fatosfotoseregistros\/wp-json\/wp\/v2\/types\/post"}],"author":[{"embeddable":true,"href":"https:\/\/www.kanenberg.com.br\/fatosfotoseregistros\/wp-json\/wp\/v2\/users\/1"}],"replies":[{"embeddable":true,"href":"https:\/\/www.kanenberg.com.br\/fatosfotoseregistros\/wp-json\/wp\/v2\/comments?post=6365"}],"version-history":[{"count":6,"href":"https:\/\/www.kanenberg.com.br\/fatosfotoseregistros\/wp-json\/wp\/v2\/posts\/6365\/revisions"}],"predecessor-version":[{"id":6387,"href":"https:\/\/www.kanenberg.com.br\/fatosfotoseregistros\/wp-json\/wp\/v2\/posts\/6365\/revisions\/6387"}],"wp:attachment":[{"href":"https:\/\/www.kanenberg.com.br\/fatosfotoseregistros\/wp-json\/wp\/v2\/media?parent=6365"}],"wp:term":[{"taxonomy":"category","embeddable":true,"href":"https:\/\/www.kanenberg.com.br\/fatosfotoseregistros\/wp-json\/wp\/v2\/categories?post=6365"},{"taxonomy":"post_tag","embeddable":true,"href":"https:\/\/www.kanenberg.com.br\/fatosfotoseregistros\/wp-json\/wp\/v2\/tags?post=6365"}],"curies":[{"name":"wp","href":"https:\/\/api.w.org\/{rel}","templated":true}]}}