{"id":6359,"date":"2026-09-03T09:02:45","date_gmt":"2026-09-03T12:02:45","guid":{"rendered":"https:\/\/www.kanenberg.com.br\/fatosfotoseregistros\/?p=6359"},"modified":"2026-08-30T12:03:47","modified_gmt":"2026-08-30T15:03:47","slug":"primeiro-veiculo-de-luxo-fabricado-no-brasil","status":"publish","type":"post","link":"https:\/\/www.kanenberg.com.br\/fatosfotoseregistros\/primeiro-veiculo-de-luxo-fabricado-no-brasil\/","title":{"rendered":"Primeiro ve\u00edculo de luxo fabricado no Brasil"},"content":{"rendered":"<p style=\"text-align: justify;\">O Simca Chambord, lan\u00e7ado em 1959, \u00e9 amplamente considerado o primeiro carro de luxo fabricado no Brasil. Produzido pela filial brasileira da montadora francesa, o modelo destacava-se pelo motor V8, bancos reclin\u00e1veis e visual sofisticado.<\/p>\n<p style=\"text-align: center;\"><img loading=\"lazy\" decoding=\"async\" data-attachment-id=\"6360\" data-permalink=\"https:\/\/www.kanenberg.com.br\/fatosfotoseregistros\/primeiro-veiculo-de-luxo-fabricado-no-brasil\/sinca-chambord\/\" data-orig-file=\"https:\/\/www.kanenberg.com.br\/fatosfotoseregistros\/wp-content\/uploads\/2026\/08\/Sinca-Chambord.jpg\" data-orig-size=\"955,590\" data-comments-opened=\"1\" data-image-meta=\"{&quot;aperture&quot;:&quot;0&quot;,&quot;credit&quot;:&quot;&quot;,&quot;camera&quot;:&quot;&quot;,&quot;caption&quot;:&quot;&quot;,&quot;created_timestamp&quot;:&quot;0&quot;,&quot;copyright&quot;:&quot;&quot;,&quot;focal_length&quot;:&quot;0&quot;,&quot;iso&quot;:&quot;0&quot;,&quot;shutter_speed&quot;:&quot;0&quot;,&quot;title&quot;:&quot;&quot;,&quot;orientation&quot;:&quot;0&quot;,&quot;alt&quot;:&quot;&quot;}\" data-image-title=\"Sinca Chambord\" data-image-description=\"\" data-image-caption=\"\" data-large-file=\"https:\/\/www.kanenberg.com.br\/fatosfotoseregistros\/wp-content\/uploads\/2026\/08\/Sinca-Chambord.jpg\" class=\"aligncenter size-full wp-image-6360\" src=\"https:\/\/www.kanenberg.com.br\/fatosfotoseregistros\/wp-content\/uploads\/2026\/08\/Sinca-Chambord.jpg\" alt=\"Simca Chambord\" width=\"955\" height=\"590\" srcset=\"https:\/\/www.kanenberg.com.br\/fatosfotoseregistros\/wp-content\/uploads\/2026\/08\/Sinca-Chambord.jpg 955w, https:\/\/www.kanenberg.com.br\/fatosfotoseregistros\/wp-content\/uploads\/2026\/08\/Sinca-Chambord-300x185.jpg 300w, https:\/\/www.kanenberg.com.br\/fatosfotoseregistros\/wp-content\/uploads\/2026\/08\/Sinca-Chambord-768x474.jpg 768w\" sizes=\"auto, (max-width: 955px) 100vw, 955px\" \/><\/p>\n<p style=\"text-align: justify;\">Era uma adapta\u00e7\u00e3o do modelo franc\u00eas Simca Versailles.<\/p>\n<p style=\"text-align: justify;\">Esse modelo chegou ao mercado em uma \u00e9poca crucial, marcando o in\u00edcio da ind\u00fastria automobil\u00edstica nacional.<\/p>\n<p style=\"text-align: justify;\">Outro destaque entre os primeiros carros de luxo do Brasil foi o Ford Galaxie, lan\u00e7ado em 1967. Considerado um dos sed\u00e3s mais confort\u00e1veis e espa\u00e7osos da \u00e9poca, ele tinha uma produ\u00e7\u00e3o local que seguia fielmente o design do modelo original americano. Sua vers\u00e3o mais sofisticada, o Ford LTD, foi pioneira ao trazer o c\u00e2mbio autom\u00e1tico para o mercado brasileiro.<\/p>\n<p style=\"text-align: justify;\">Com a compra da Simca pela Chrysler em 1967, os modelos da marca, incluindo o Chambord, sa\u00edram de produ\u00e7\u00e3o. Apesar disso, o Chambord teve um papel significativo no cen\u00e1rio automobil\u00edstico, representando um momento de transi\u00e7\u00e3o e desenvolvimento da ind\u00fastria nacional.<\/p>\n<p style=\"text-align: justify;\">A palavra <strong>Simca<\/strong> \u00e9 a sigla de <strong>S<\/strong>oci\u00e9t\u00e9 <strong>I<\/strong>ndustrielle de <strong>M<\/strong>\u00e9canique et <strong>C<\/strong>arrosserie <strong>A<\/strong>utomobile, que em franc\u00eas significa \u201cSociedade Industrial de Mec\u00e2nica e Carrocerias Automotivas\u201d.<\/p>\n","protected":false},"excerpt":{"rendered":"<p>O Simca Chambord, lan\u00e7ado em 1959, \u00e9 amplamente considerado o primeiro carro de luxo fabricado no Brasil. Produzido pela filial brasileira da montadora francesa, o modelo destacava-se pelo motor V8, bancos reclin\u00e1veis e visual sofisticado.<\/p>\n","protected":false},"author":1,"featured_media":0,"comment_status":"open","ping_status":"open","sticky":false,"template":"","format":"standard","meta":{"_exactmetrics_skip_tracking":false,"_jetpack_newsletter_access":"","_jetpack_dont_email_post_to_subs":false,"_jetpack_newsletter_tier_id":0,"_jetpack_memberships_contains_paywalled_content":false,"_jetpack_feature_clip_id":0,"_jetpack_memberships_contains_paid_content":false,"footnotes":"","jetpack_publicize_message":"","jetpack_publicize_feature_enabled":true,"jetpack_social_post_already_shared":true,"jetpack_social_options":{"image_generator_settings":{"template":"highway","default_image_id":0,"font":"","enabled":false},"version":2},"jetpack_post_was_ever_published":false},"categories":[265],"tags":[254,255,434],"class_list":["post-6359","post","type-post","status-publish","format-standard","hentry","category-textos","tag-curiosidades","tag-historia","tag-veiculos-antigos"],"jetpack_publicize_connections":[],"jetpack_sharing_enabled":true,"jetpack_shortlink":"https:\/\/wp.me\/phkM1X-1Ez","jetpack-related-posts":[{"id":6284,"url":"https:\/\/www.kanenberg.com.br\/fatosfotoseregistros\/o-charmoso-ronco-da-historia-origem-sucesso-e-curiosidades-da-lambretta\/","url_meta":{"origin":6359,"position":0},"title":"O Charmoso Ronco da Hist\u00f3ria: Origem, Sucesso e Curiosidades da Lambretta","author":"kanenberg","date":"12 de agosto de 2026","format":false,"excerpt":"Se existe um ve\u00edculo capaz de despertar nostalgia imediata e remeter a uma \u00e9poca de eleg\u00e2ncia sobre duas rodas, esse ve\u00edculo \u00e9 a Lambretta. Com suas linhas fluidas, mec\u00e2nica simples e um visual inconfund\u00edvel, o cl\u00e1ssico scooter ultrapassou as barreiras de mero meio de transporte e se tornou um verdadeiro\u2026","rel":"","context":"Em &quot;Textos&quot;","block_context":{"text":"Textos","link":"https:\/\/www.kanenberg.com.br\/fatosfotoseregistros\/category\/textos\/"},"img":{"alt_text":"Lambretta: \u00cdcone italiano sobre duas rodas","src":"https:\/\/i0.wp.com\/www.kanenberg.com.br\/fatosfotoseregistros\/wp-content\/uploads\/2026\/08\/Lambretta.jpg?resize=350%2C200&ssl=1","width":350,"height":200,"srcset":"https:\/\/i0.wp.com\/www.kanenberg.com.br\/fatosfotoseregistros\/wp-content\/uploads\/2026\/08\/Lambretta.jpg?resize=350%2C200&ssl=1 1x, https:\/\/i0.wp.com\/www.kanenberg.com.br\/fatosfotoseregistros\/wp-content\/uploads\/2026\/08\/Lambretta.jpg?resize=525%2C300&ssl=1 1.5x, https:\/\/i0.wp.com\/www.kanenberg.com.br\/fatosfotoseregistros\/wp-content\/uploads\/2026\/08\/Lambretta.jpg?resize=700%2C400&ssl=1 2x, https:\/\/i0.wp.com\/www.kanenberg.com.br\/fatosfotoseregistros\/wp-content\/uploads\/2026\/08\/Lambretta.jpg?resize=1050%2C600&ssl=1 3x, https:\/\/i0.wp.com\/www.kanenberg.com.br\/fatosfotoseregistros\/wp-content\/uploads\/2026\/08\/Lambretta.jpg?resize=1400%2C800&ssl=1 4x"},"classes":[]},{"id":6111,"url":"https:\/\/www.kanenberg.com.br\/fatosfotoseregistros\/minancora-uma-pequena-lata-que-atravessou-geracoes\/","url_meta":{"origin":6359,"position":1},"title":"Min\u00e2ncora: uma pequena lata que atravessou gera\u00e7\u00f5es","author":"kanenberg","date":"11 de julho de 2026","format":false,"excerpt":"A embalagem mudou. A comunica\u00e7\u00e3o mudou. O p\u00fablico mudou. O mundo mudou. Mas a f\u00f3rmula continua essencialmente a mesma desde 1915.","rel":"","context":"Em &quot;Textos&quot;","block_context":{"text":"Textos","link":"https:\/\/www.kanenberg.com.br\/fatosfotoseregistros\/category\/textos\/"},"img":{"alt_text":"Min\u00e2ncora","src":"https:\/\/i0.wp.com\/www.kanenberg.com.br\/fatosfotoseregistros\/wp-content\/uploads\/2026\/07\/23937204-968x1024.jpg?resize=350%2C200&ssl=1","width":350,"height":200,"srcset":"https:\/\/i0.wp.com\/www.kanenberg.com.br\/fatosfotoseregistros\/wp-content\/uploads\/2026\/07\/23937204-968x1024.jpg?resize=350%2C200&ssl=1 1x, https:\/\/i0.wp.com\/www.kanenberg.com.br\/fatosfotoseregistros\/wp-content\/uploads\/2026\/07\/23937204-968x1024.jpg?resize=525%2C300&ssl=1 1.5x, https:\/\/i0.wp.com\/www.kanenberg.com.br\/fatosfotoseregistros\/wp-content\/uploads\/2026\/07\/23937204-968x1024.jpg?resize=700%2C400&ssl=1 2x"},"classes":[]},{"id":938,"url":"https:\/\/www.kanenberg.com.br\/fatosfotoseregistros\/morro-da-babilonia-2\/","url_meta":{"origin":6359,"position":2},"title":"Morro da Babil\u00f4nia","author":"kanenberg","date":"25 de maio de 2016","format":false,"excerpt":"O Morro da Babil\u00f4nia esta localizado na divisa entre os bairros do Leme, Botafogo, Urca e Copacabana. A localidade abriga as comunidades do Morro da Babil\u00f4nia e a do Chap\u00e9u Mangueira al\u00e9m de uma ampla \u00e1rea de prote\u00e7\u00e3o ambiental fazendo parte do Parque Natural Municipal Paisagem Carioca.","rel":"","context":"Em &quot;Lugares&quot;","block_context":{"text":"Lugares","link":"https:\/\/www.kanenberg.com.br\/fatosfotoseregistros\/category\/lugares\/"},"img":{"alt_text":"2015-04-19 11.38.46","src":"https:\/\/fatosfotoseregistros.files.wordpress.com\/2016\/05\/2015-04-19-11-38-46.jpg?w=350&h=200&crop=1","width":350,"height":200,"srcset":"https:\/\/fatosfotoseregistros.files.wordpress.com\/2016\/05\/2015-04-19-11-38-46.jpg?w=350&h=200&crop=1 1x, https:\/\/fatosfotoseregistros.files.wordpress.com\/2016\/05\/2015-04-19-11-38-46.jpg?w=525&h=300&crop=1 1.5x, https:\/\/fatosfotoseregistros.files.wordpress.com\/2016\/05\/2015-04-19-11-38-46.jpg?w=700&h=400&crop=1 2x"},"classes":[]},{"id":6308,"url":"https:\/\/www.kanenberg.com.br\/fatosfotoseregistros\/a-tragedia-da-reduc-em-1972\/","url_meta":{"origin":6359,"position":3},"title":"O &#8220;Fim do Mundo&#8221; em Duque de Caxias: A Trag\u00e9dia da REDUC em 1972","author":"kanenberg","date":"20 de agosto de 2026","format":false,"excerpt":"Na madrugada de 30 de mar\u00e7o de 1972, a Baixada Fluminense viveu um dos cap\u00edtulos mais dram\u00e1ticos da hist\u00f3ria industrial do Brasil. A Refinaria Duque de Caxias (REDUC), inaugurada no in\u00edcio da d\u00e9cada anterior e orgulho da ind\u00fastria petrol\u00edfera nacional, tornou-se o cen\u00e1rio de um desastre que marcaria para sempre\u2026","rel":"","context":"Em &quot;Textos&quot;","block_context":{"text":"Textos","link":"https:\/\/www.kanenberg.com.br\/fatosfotoseregistros\/category\/textos\/"},"img":{"alt_text":"Acidente Reduc","src":"https:\/\/i0.wp.com\/www.kanenberg.com.br\/fatosfotoseregistros\/wp-content\/uploads\/2026\/08\/Acidente-Reduc.jpg?resize=350%2C200&ssl=1","width":350,"height":200},"classes":[]},{"id":6080,"url":"https:\/\/www.kanenberg.com.br\/fatosfotoseregistros\/peppino-di-capri-morre-aos-86-anos\/","url_meta":{"origin":6359,"position":4},"title":"Cantor italiano Peppino di Capri morre aos 86 anos","author":"kanenberg","date":"11 de julho de 2026","format":false,"excerpt":"\u00c9 um dia triste para os amantes da m\u00fasica rom\u00e2ntica e da tradicional melodia italiana. O falecimento de Peppino di Capri deixa um vazio enorme, mas tamb\u00e9m um legado eterno que embalou gera\u00e7\u00f5es, jantares rom\u00e2nticos e mem\u00f3rias afetivas ao som de cl\u00e1ssicos como \"Champagne\" e \"Roberta\".","rel":"","context":"Em &quot;Personalidades&quot;","block_context":{"text":"Personalidades","link":"https:\/\/www.kanenberg.com.br\/fatosfotoseregistros\/category\/personalidades\/"},"img":{"alt_text":"Peppino di Capri","src":"https:\/\/i0.wp.com\/www.kanenberg.com.br\/fatosfotoseregistros\/wp-content\/uploads\/2026\/07\/ChatGPT-Image-11-de-jul.-de-2026-16_39_36.png?resize=350%2C200&ssl=1","width":350,"height":200,"srcset":"https:\/\/i0.wp.com\/www.kanenberg.com.br\/fatosfotoseregistros\/wp-content\/uploads\/2026\/07\/ChatGPT-Image-11-de-jul.-de-2026-16_39_36.png?resize=350%2C200&ssl=1 1x, https:\/\/i0.wp.com\/www.kanenberg.com.br\/fatosfotoseregistros\/wp-content\/uploads\/2026\/07\/ChatGPT-Image-11-de-jul.-de-2026-16_39_36.png?resize=525%2C300&ssl=1 1.5x, https:\/\/i0.wp.com\/www.kanenberg.com.br\/fatosfotoseregistros\/wp-content\/uploads\/2026\/07\/ChatGPT-Image-11-de-jul.-de-2026-16_39_36.png?resize=700%2C400&ssl=1 2x, https:\/\/i0.wp.com\/www.kanenberg.com.br\/fatosfotoseregistros\/wp-content\/uploads\/2026\/07\/ChatGPT-Image-11-de-jul.-de-2026-16_39_36.png?resize=1050%2C600&ssl=1 3x, https:\/\/i0.wp.com\/www.kanenberg.com.br\/fatosfotoseregistros\/wp-content\/uploads\/2026\/07\/ChatGPT-Image-11-de-jul.-de-2026-16_39_36.png?resize=1400%2C800&ssl=1 4x"},"classes":[]},{"id":5396,"url":"https:\/\/www.kanenberg.com.br\/fatosfotoseregistros\/chocolate-surpresa\/","url_meta":{"origin":6359,"position":5},"title":"O Gosto da Inf\u00e2ncia: Por que o Chocolate Surpresa Deixou Tanta Saudade?","author":"kanenberg","date":"17 de fevereiro de 2019","format":false,"excerpt":"Se voc\u00ea viveu a inf\u00e2ncia ou a adolesc\u00eancia nos anos 80 ou 90, basta fechar os olhos por um segundo para lembrar da sensa\u00e7\u00e3o: abrir a embalagem pl\u00e1stica, sentir o cheiro inconfund\u00edvel do chocolate ao leite e, antes mesmo de dar a primeira mordida, tirar com cuidado aquele peda\u00e7o de\u2026","rel":"","context":"Em &quot;Imagem&quot;","block_context":{"text":"Imagem","link":"https:\/\/www.kanenberg.com.br\/fatosfotoseregistros\/category\/imagem\/"},"img":{"alt_text":"","src":"https:\/\/i0.wp.com\/www.kanenberg.com.br\/fatosfotoseregistros\/wp-content\/uploads\/2019\/02\/FB_IMG_1550402147114.jpg?resize=350%2C200&ssl=1","width":350,"height":200,"srcset":"https:\/\/i0.wp.com\/www.kanenberg.com.br\/fatosfotoseregistros\/wp-content\/uploads\/2019\/02\/FB_IMG_1550402147114.jpg?resize=350%2C200&ssl=1 1x, https:\/\/i0.wp.com\/www.kanenberg.com.br\/fatosfotoseregistros\/wp-content\/uploads\/2019\/02\/FB_IMG_1550402147114.jpg?resize=525%2C300&ssl=1 1.5x"},"classes":[]}],"jetpack_likes_enabled":true,"amp_enabled":true,"jetpack_featured_media_url":"","_links":{"self":[{"href":"https:\/\/www.kanenberg.com.br\/fatosfotoseregistros\/wp-json\/wp\/v2\/posts\/6359","targetHints":{"allow":["GET"]}}],"collection":[{"href":"https:\/\/www.kanenberg.com.br\/fatosfotoseregistros\/wp-json\/wp\/v2\/posts"}],"about":[{"href":"https:\/\/www.kanenberg.com.br\/fatosfotoseregistros\/wp-json\/wp\/v2\/types\/post"}],"author":[{"embeddable":true,"href":"https:\/\/www.kanenberg.com.br\/fatosfotoseregistros\/wp-json\/wp\/v2\/users\/1"}],"replies":[{"embeddable":true,"href":"https:\/\/www.kanenberg.com.br\/fatosfotoseregistros\/wp-json\/wp\/v2\/comments?post=6359"}],"version-history":[{"count":1,"href":"https:\/\/www.kanenberg.com.br\/fatosfotoseregistros\/wp-json\/wp\/v2\/posts\/6359\/revisions"}],"predecessor-version":[{"id":6361,"href":"https:\/\/www.kanenberg.com.br\/fatosfotoseregistros\/wp-json\/wp\/v2\/posts\/6359\/revisions\/6361"}],"wp:attachment":[{"href":"https:\/\/www.kanenberg.com.br\/fatosfotoseregistros\/wp-json\/wp\/v2\/media?parent=6359"}],"wp:term":[{"taxonomy":"category","embeddable":true,"href":"https:\/\/www.kanenberg.com.br\/fatosfotoseregistros\/wp-json\/wp\/v2\/categories?post=6359"},{"taxonomy":"post_tag","embeddable":true,"href":"https:\/\/www.kanenberg.com.br\/fatosfotoseregistros\/wp-json\/wp\/v2\/tags?post=6359"}],"curies":[{"name":"wp","href":"https:\/\/api.w.org\/{rel}","templated":true}]}}