{"id":6353,"date":"2026-09-02T10:12:20","date_gmt":"2026-09-02T13:12:20","guid":{"rendered":"https:\/\/www.kanenberg.com.br\/fatosfotoseregistros\/?p=6353"},"modified":"2026-08-30T12:00:06","modified_gmt":"2026-08-30T15:00:06","slug":"velho-oeste-historia-e-ficcao","status":"publish","type":"post","link":"https:\/\/www.kanenberg.com.br\/fatosfotoseregistros\/velho-oeste-historia-e-ficcao\/","title":{"rendered":"Velho Oeste: Hist\u00f3ria e Fic\u00e7\u00e3o"},"content":{"rendered":"<p style=\"text-align: justify;\">A \u00e9poca retratada nos filmes de faroeste existiu de verdade e ficou conhecida na hist\u00f3ria como a era do <strong>Velho Oeste<\/strong> (ou <em>Wild West<\/em> \u2014 Oeste Selvagem).<\/p>\n<p style=\"text-align: justify;\">Embora o cinema de Hollywood tenha romantizado, exagerado e criado muitos mitos (como os duelos perfeitos ao meio-dia), a base hist\u00f3rica \u2014 com xerifes, tiroteios, assaltos a trens, saloons e cavalos \u2014 \u00e9 amplamente documentada por fotografias, jornais da \u00e9poca e registros judiciais.<\/p>\n<figure id=\"attachment_6354\" aria-describedby=\"caption-attachment-6354\" style=\"width: 678px\" class=\"wp-caption aligncenter\"><img loading=\"lazy\" decoding=\"async\" data-attachment-id=\"6354\" data-permalink=\"https:\/\/www.kanenberg.com.br\/fatosfotoseregistros\/velho-oeste-historia-e-ficcao\/dodge-city\/\" data-orig-file=\"https:\/\/www.kanenberg.com.br\/fatosfotoseregistros\/wp-content\/uploads\/2026\/08\/Dodge-City.jpg\" data-orig-size=\"678,452\" data-comments-opened=\"1\" data-image-meta=\"{&quot;aperture&quot;:&quot;0&quot;,&quot;credit&quot;:&quot;&quot;,&quot;camera&quot;:&quot;&quot;,&quot;caption&quot;:&quot;&quot;,&quot;created_timestamp&quot;:&quot;0&quot;,&quot;copyright&quot;:&quot;&quot;,&quot;focal_length&quot;:&quot;0&quot;,&quot;iso&quot;:&quot;0&quot;,&quot;shutter_speed&quot;:&quot;0&quot;,&quot;title&quot;:&quot;&quot;,&quot;orientation&quot;:&quot;0&quot;,&quot;alt&quot;:&quot;&quot;}\" data-image-title=\"Figura 1 &amp;#8211; Dodge City, Kansas (1878): Uma das cidades mais famosas e violentas do Velho Oeste real. Fonte: Smithsonian Magazine\" data-image-description=\"\" data-image-caption=\"&lt;p&gt;Figura 1 &amp;#8211; Dodge City, Kansas (1878): Uma das cidades mais famosas e violentas do Velho Oeste real. Fonte: Smithsonian Magazine&lt;\/p&gt;\n\" data-large-file=\"https:\/\/www.kanenberg.com.br\/fatosfotoseregistros\/wp-content\/uploads\/2026\/08\/Dodge-City.jpg\" class=\"wp-image-6354 size-full\" src=\"https:\/\/www.kanenberg.com.br\/fatosfotoseregistros\/wp-content\/uploads\/2026\/08\/Dodge-City.jpg\" alt=\"Figura 1 - Dodge City, Kansas (1878): Uma das cidades mais famosas e violentas do Velho Oeste real. Fonte: Smithsonian Magazine\" width=\"678\" height=\"452\" srcset=\"https:\/\/www.kanenberg.com.br\/fatosfotoseregistros\/wp-content\/uploads\/2026\/08\/Dodge-City.jpg 678w, https:\/\/www.kanenberg.com.br\/fatosfotoseregistros\/wp-content\/uploads\/2026\/08\/Dodge-City-300x200.jpg 300w, https:\/\/www.kanenberg.com.br\/fatosfotoseregistros\/wp-content\/uploads\/2026\/08\/Dodge-City-120x80.jpg 120w, https:\/\/www.kanenberg.com.br\/fatosfotoseregistros\/wp-content\/uploads\/2026\/08\/Dodge-City-360x240.jpg 360w, https:\/\/www.kanenberg.com.br\/fatosfotoseregistros\/wp-content\/uploads\/2026\/08\/Dodge-City-600x400.jpg 600w\" sizes=\"auto, (max-width: 678px) 100vw, 678px\" \/><figcaption id=\"caption-attachment-6354\" class=\"wp-caption-text\">Figura 1 &#8211; Dodge City, Kansas (1878): Uma das cidades mais famosas e violentas do Velho Oeste real. Fonte: Smithsonian Magazine<\/figcaption><\/figure>\n<h3>Onde e Quando Aconteceu?<\/h3>\n<ul>\n<li>\n<p style=\"text-align: justify;\"><strong>A \u00c9poca:<\/strong> O per\u00edodo central do Velho Oeste durou cerca de 30 anos, situando-se entre <strong>1865<\/strong> (fim da Guerra Civil Americana) e <strong>1890<\/strong> (quando o governo americano declarou que a &#8220;fronteira&#8221; do pa\u00eds j\u00e1 estava totalmente explorada e colonizada).<\/p>\n<\/li>\n<li>\n<p style=\"text-align: justify;\"><strong>O Local:<\/strong> Aconteceu nos <strong>Estados Unidos<\/strong>, especificamente na regi\u00e3o a oeste do Rio Mississippi. Estados como Texas, Kansas, Arizona, Novo M\u00e9xico, Nevada e Calif\u00f3rnia foram os principais palcos dessas hist\u00f3rias.<\/p>\n<\/li>\n<\/ul>\n<h3>Os Registros Reais e os Elementos do Faroeste<\/h3>\n<p style=\"text-align: justify;\">Existem milhares de registros hist\u00f3ricos, incluindo as primeiras fotografias de cidades que parecem sa\u00eddas de um cen\u00e1rio de filme.<\/p>\n<p style=\"text-align: justify;\">Abaixo, veja como os principais elementos dos filmes funcionavam na vida real:<\/p>\n<ol>\n<li><strong> Saloons<\/strong><\/li>\n<\/ol>\n<p style=\"text-align: justify;\">Eles eram o cora\u00e7\u00e3o social das cidades pioneiras. O saloon n\u00e3o era apenas um bar; funcionava como ponto de encontro, hotel improvisado, mesa de p\u00f4quer e at\u00e9 tribunal antes das cidades terem pr\u00e9dios p\u00fablicos. O u\u00edsque servido costumava ser de p\u00e9ssima qualidade (muitas vezes batizado com tabaco ou p\u00f3lvora para dar &#8220;gosto&#8221;).<\/p>\n<ol start=\"2\">\n<li><strong> Xerifes e Delegados (Lawmen)<\/strong><\/li>\n<\/ol>\n<p style=\"text-align: justify;\">Diferente dos filmes onde o xerife \u00e9 um her\u00f3i incorrupt\u00edvel, a linha entre a lei e o crime no Velho Oeste era muito t\u00eanue. Cidades contratavam pistoleiros famosos para serem seus xerifes porque eles sabiam atirar. O famoso <strong>Wyatt Earp<a href=\"#_ftn1\" name=\"_ftnref1\">[1]<\/a><\/strong>, por exemplo, foi xerife e ca\u00e7ador de recompensas, mas tamb\u00e9m foi acusado de roubo de cavalos e operava bord\u00e9is e casas de jogos.<\/p>\n<ol start=\"3\">\n<li><strong> Bandidos e Assaltos<\/strong><\/li>\n<\/ol>\n<p style=\"text-align: justify;\">Houve gangues reais incrivelmente famosas. O bando de <strong>Jesse James<a href=\"#_ftn2\" name=\"_ftnref2\">[2]<\/a><\/strong> e a gangue de <strong>Butch Cassidy<a href=\"#_ftn3\" name=\"_ftnref3\">[3]<\/a> e Sundance Kid<a href=\"#_ftn4\" name=\"_ftnref4\">[4]<\/a><\/strong> aterrorizaram o oeste. Os assaltos a bancos e trens eram comuns porque os trens transportavam o pagamento de mineradores e os cofres dos bancos eram vulner\u00e1veis em cidades isoladas.<\/p>\n<ol start=\"4\">\n<li><strong> O Trem e o Tel\u00e9grafo<\/strong><\/li>\n<\/ol>\n<p style=\"text-align: justify;\">A chegada da linha de trem transcontinental em 1869 mudou tudo. Foi ela que permitiu que o leste desenvolvido se conectasse ao oeste selvagem, transportando pessoas, gado e mercadorias, acelerando o fim daquela era de isolamento.<\/p>\n<h3>Mito vs. Realidade<\/h3>\n<p style=\"text-align: justify;\">Embora a \u00e9poca tenha sido real, Hollywood mudou alguns fatos importantes:<\/p>\n<ul>\n<li>\n<p style=\"text-align: justify;\"><strong>Os duelos:<\/strong> Aquela cena cl\u00e1ssica de dois homens parados na rua esperando quem saca mais r\u00e1pido quase nunca acontecia. Na realidade, os tiroteios eram ca\u00f3ticos, r\u00e1pidos, \u00e0 queima-roupas e, muitas vezes, as pessoas atiravam pelas costas ou emboscavam os rivais.<\/p>\n<\/li>\n<li>\n<p style=\"text-align: justify;\"><strong>A verdadeira viol\u00eancia:<\/strong> O Velho Oeste era violento, mas n\u00e3o tanto quanto o cinema mostra. Cidades famosas como Tombstone ou Dodge City tinham leis de controle de armas r\u00edgidas \u2014 os viajantes eram obrigados a deixar suas armas no posto do xerife ao entrar na cidade.<\/p>\n<\/li>\n<li>\n<p style=\"text-align: justify;\"><strong>Diversidade:<\/strong> No cinema antigo, quase todos eram homens brancos. Na realidade, cerca de <strong>um quarto (25%) de todos os caub\u00f3is eram negros<\/strong> (ex-escravizados que foram para o oeste buscar liberdade), al\u00e9m de uma enorme quantidade de vaqueiros mexicanos e imigrantes chineses que constru\u00edram as ferrovias.<\/p>\n<\/li>\n<\/ul>\n<p style=\"text-align: justify;\">O faroeste que assistimos hoje \u00e9 uma lenda constru\u00edda sobre uma base hist\u00f3rica muito real, barulhenta e poeirenta do s\u00e9culo XIX americano.<\/p>\n<p style=\"text-align: justify; font-size: 12px;\"><a href=\"#_ftnref1\" name=\"_ftn1\">[1]<\/a> Wyatt Berry Stapp Earp (Monmouth, 19 de mar\u00e7o de 1848 \u2013 13 de Janeiro de 1929) ocupou v\u00e1rios postos policiais no oeste Americano. Foi um dos protagonistas do Tiroteio em O.K. Corral em Tombstone, Arizona, junto com Doc Holliday, Virgil Earp, e Morgan Earp. Faz parte dos vultos reais que se tornaram lend\u00e1rios pelos seus feitos registrados na Hist\u00f3ria do Velho Oeste americano, inspirando numerosos westerns.<\/p>\n<p style=\"text-align: justify; font-size: 12px;\"><a href=\"#_ftnref2\" name=\"_ftn2\">[2]<\/a> Jesse Woodson James (Kearney, 5 de setembro de 1847 \u2013 Saint Joseph, Missouri, 3 de abril de 1882) foi um fora da lei do Velho Oeste dos Estados Unidos, conhecido por seus roubos. Por\u00e9m, nem sempre Jesse foi um fora da lei. Antes de entrar para o mundo do crime, Jesse e seu irm\u00e3o Frank eram agricultores.<\/p>\n<p style=\"text-align: justify; font-size: 12px;\"><a href=\"#_ftnref3\" name=\"_ftn3\">[3]<\/a> Robert LeRoy Parker, mais conhecido como Butch Cassidy (Beaver, 13 de abril de 1866 \u2013 San Vicente, ca. 7 de novembro de 1908) foi um famoso criminoso norte-americano, assaltante de comboios, e l\u00edder da quadrilha de foras-da-lei Hole in the Wall Gang.<\/p>\n<p style=\"text-align: justify; font-size: 12px;\"><a href=\"#_ftnref4\" name=\"_ftn4\">[4]<\/a> Harry Alonzo Longabaugh, mais conhecido pelo ep\u00edteto Sundance Kid (Estados Unidos da Am\u00e9rica, 1870 &#8211; Bol\u00edvia, 1908), foi um c\u00e9lebre fora-da-lei dos Estados Unidos da Am\u00e9rica.<\/p>\n","protected":false},"excerpt":{"rendered":"<p>A \u00e9poca retratada nos filmes de faroeste existiu de verdade e ficou conhecida na hist\u00f3ria como a era do Velho Oeste (ou Wild West \u2014 Oeste Selvagem).<\/p>\n","protected":false},"author":1,"featured_media":0,"comment_status":"open","ping_status":"open","sticky":false,"template":"","format":"standard","meta":{"_exactmetrics_skip_tracking":false,"_jetpack_newsletter_access":"","_jetpack_dont_email_post_to_subs":false,"_jetpack_newsletter_tier_id":0,"_jetpack_memberships_contains_paywalled_content":false,"_jetpack_feature_clip_id":0,"_jetpack_memberships_contains_paid_content":false,"footnotes":"","jetpack_publicize_message":"","jetpack_publicize_feature_enabled":true,"jetpack_social_post_already_shared":true,"jetpack_social_options":{"image_generator_settings":{"template":"highway","default_image_id":0,"font":"","enabled":false},"version":2},"jetpack_post_was_ever_published":false},"categories":[282,265],"tags":[451,255],"class_list":["post-6353","post","type-post","status-publish","format-standard","hentry","category-lugares","category-textos","tag-faroeste","tag-historia"],"jetpack_publicize_connections":[],"jetpack_sharing_enabled":true,"jetpack_shortlink":"https:\/\/wp.me\/phkM1X-1Et","jetpack-related-posts":[{"id":161,"url":"https:\/\/www.kanenberg.com.br\/fatosfotoseregistros\/casa-do-sal\/","url_meta":{"origin":6353,"position":0},"title":"Hist\u00f3rica Casa do Sal em Santa Cruz","author":"kanenberg","date":"9 de julho de 2015","format":false,"excerpt":"A Casa do Sal \u00e9 um dos testemunhos materiais mais intrigantes da transi\u00e7\u00e3o entre o per\u00edodo colonial e o imperial na Zona Oeste do Rio de Janeiro.","rel":"","context":"Em &quot;Lugares&quot;","block_context":{"text":"Lugares","link":"https:\/\/www.kanenberg.com.br\/fatosfotoseregistros\/category\/lugares\/"},"img":{"alt_text":"Fachada da hist\u00f3rica Casa do Sal em Santa Cruz.. Fonte: NOPH - N\u00facleo de Orienta\u00e7\u00e3o e Pesquisa Hist\u00f3rica de Santa Cruz","src":"https:\/\/i0.wp.com\/www.kanenberg.com.br\/fatosfotoseregistros\/wp-content\/uploads\/2015\/07\/Casa_Sal.jpg?resize=350%2C200&ssl=1","width":350,"height":200,"srcset":"https:\/\/i0.wp.com\/www.kanenberg.com.br\/fatosfotoseregistros\/wp-content\/uploads\/2015\/07\/Casa_Sal.jpg?resize=350%2C200&ssl=1 1x, https:\/\/i0.wp.com\/www.kanenberg.com.br\/fatosfotoseregistros\/wp-content\/uploads\/2015\/07\/Casa_Sal.jpg?resize=525%2C300&ssl=1 1.5x, https:\/\/i0.wp.com\/www.kanenberg.com.br\/fatosfotoseregistros\/wp-content\/uploads\/2015\/07\/Casa_Sal.jpg?resize=700%2C400&ssl=1 2x"},"classes":[]},{"id":68,"url":"https:\/\/www.kanenberg.com.br\/fatosfotoseregistros\/cachoeiras-do-mendanha\/","url_meta":{"origin":6353,"position":1},"title":"Cachoeiras do Mendanha","author":"kanenberg","date":"15 de mar\u00e7o de 2015","format":false,"excerpt":"As Cachoeiras do Mendanha est\u00e3o localizadas no bairro de Campo Grande, em plena zona oeste da cidade do Rio de Janeiro, local este que muitas vezes passa at\u00e9 por desconhecido para muitos moradores que residem na regi\u00e3o.","rel":"","context":"Em &quot;Lugares&quot;","block_context":{"text":"Lugares","link":"https:\/\/www.kanenberg.com.br\/fatosfotoseregistros\/category\/lugares\/"},"img":{"alt_text":"","src":"https:\/\/i0.wp.com\/www.kanenberg.com.br\/fatosfotoseregistros\/wp-content\/uploads\/2015\/03\/mendanha.png?resize=350%2C200&ssl=1","width":350,"height":200,"srcset":"https:\/\/i0.wp.com\/www.kanenberg.com.br\/fatosfotoseregistros\/wp-content\/uploads\/2015\/03\/mendanha.png?resize=350%2C200&ssl=1 1x, https:\/\/i0.wp.com\/www.kanenberg.com.br\/fatosfotoseregistros\/wp-content\/uploads\/2015\/03\/mendanha.png?resize=525%2C300&ssl=1 1.5x"},"classes":[]},{"id":1357,"url":"https:\/\/www.kanenberg.com.br\/fatosfotoseregistros\/central-do-brasil\/","url_meta":{"origin":6353,"position":2},"title":"Central do Brasil","author":"kanenberg","date":"28 de junho de 2016","format":false,"excerpt":"Central do Brasil, lugar conhecido por alguns e desconhecido por outros, admirado por uns e temido por outros, para alguns \u00e9 caminho obrigat\u00f3rio no dia-a-dia, enfim, um lugar cheio de hist\u00f3rias e curiosidades.","rel":"","context":"Em &quot;Imagem&quot;","block_context":{"text":"Imagem","link":"https:\/\/www.kanenberg.com.br\/fatosfotoseregistros\/category\/imagem\/"},"img":{"alt_text":"","src":"https:\/\/i0.wp.com\/www.kanenberg.com.br\/fatosfotoseregistros\/wp-content\/uploads\/2016\/06\/pvargas.jpg?resize=350%2C200&ssl=1","width":350,"height":200,"srcset":"https:\/\/i0.wp.com\/www.kanenberg.com.br\/fatosfotoseregistros\/wp-content\/uploads\/2016\/06\/pvargas.jpg?resize=350%2C200&ssl=1 1x, https:\/\/i0.wp.com\/www.kanenberg.com.br\/fatosfotoseregistros\/wp-content\/uploads\/2016\/06\/pvargas.jpg?resize=525%2C300&ssl=1 1.5x"},"classes":[]},{"id":5343,"url":"https:\/\/www.kanenberg.com.br\/fatosfotoseregistros\/do-caminho-do-boi-aos-tabajaras-a-historia-e-as-curiosidades-de-uma-das-ladeiras-mais-famosas-do-rio\/","url_meta":{"origin":6353,"position":3},"title":"Do Caminho do Boi aos Tabajaras: A Hist\u00f3ria e as Curiosidades de uma das Ladeiras Mais Famosas do Rio","author":"kanenberg","date":"14 de fevereiro de 2019","format":false,"excerpt":"Quem passa hoje pelo in\u00edcio da Ladeira dos Tabajaras, logo na altura da Rua Siqueira Campos, em Copacabana, dificilmente imagina que aquele corredor urbano j\u00e1 foi uma rota estreita e poeirenta usada para o transporte de gado no s\u00e9culo XIX.","rel":"","context":"Em &quot;Lugares&quot;","block_context":{"text":"Lugares","link":"https:\/\/www.kanenberg.com.br\/fatosfotoseregistros\/category\/lugares\/"},"img":{"alt_text":"Ladeira dos Tabajaras","src":"https:\/\/i0.wp.com\/www.kanenberg.com.br\/fatosfotoseregistros\/wp-content\/uploads\/2019\/02\/FB_IMG_1550139554943.jpg?resize=350%2C200&ssl=1","width":350,"height":200,"srcset":"https:\/\/i0.wp.com\/www.kanenberg.com.br\/fatosfotoseregistros\/wp-content\/uploads\/2019\/02\/FB_IMG_1550139554943.jpg?resize=350%2C200&ssl=1 1x, https:\/\/i0.wp.com\/www.kanenberg.com.br\/fatosfotoseregistros\/wp-content\/uploads\/2019\/02\/FB_IMG_1550139554943.jpg?resize=525%2C300&ssl=1 1.5x, https:\/\/i0.wp.com\/www.kanenberg.com.br\/fatosfotoseregistros\/wp-content\/uploads\/2019\/02\/FB_IMG_1550139554943.jpg?resize=700%2C400&ssl=1 2x"},"classes":[]},{"id":5396,"url":"https:\/\/www.kanenberg.com.br\/fatosfotoseregistros\/chocolate-surpresa\/","url_meta":{"origin":6353,"position":4},"title":"O Gosto da Inf\u00e2ncia: Por que o Chocolate Surpresa Deixou Tanta Saudade?","author":"kanenberg","date":"17 de fevereiro de 2019","format":false,"excerpt":"Se voc\u00ea viveu a inf\u00e2ncia ou a adolesc\u00eancia nos anos 80 ou 90, basta fechar os olhos por um segundo para lembrar da sensa\u00e7\u00e3o: abrir a embalagem pl\u00e1stica, sentir o cheiro inconfund\u00edvel do chocolate ao leite e, antes mesmo de dar a primeira mordida, tirar com cuidado aquele peda\u00e7o de\u2026","rel":"","context":"Em &quot;Imagem&quot;","block_context":{"text":"Imagem","link":"https:\/\/www.kanenberg.com.br\/fatosfotoseregistros\/category\/imagem\/"},"img":{"alt_text":"","src":"https:\/\/i0.wp.com\/www.kanenberg.com.br\/fatosfotoseregistros\/wp-content\/uploads\/2019\/02\/FB_IMG_1550402147114.jpg?resize=350%2C200&ssl=1","width":350,"height":200,"srcset":"https:\/\/i0.wp.com\/www.kanenberg.com.br\/fatosfotoseregistros\/wp-content\/uploads\/2019\/02\/FB_IMG_1550402147114.jpg?resize=350%2C200&ssl=1 1x, https:\/\/i0.wp.com\/www.kanenberg.com.br\/fatosfotoseregistros\/wp-content\/uploads\/2019\/02\/FB_IMG_1550402147114.jpg?resize=525%2C300&ssl=1 1.5x"},"classes":[]},{"id":6284,"url":"https:\/\/www.kanenberg.com.br\/fatosfotoseregistros\/o-charmoso-ronco-da-historia-origem-sucesso-e-curiosidades-da-lambretta\/","url_meta":{"origin":6353,"position":5},"title":"O Charmoso Ronco da Hist\u00f3ria: Origem, Sucesso e Curiosidades da Lambretta","author":"kanenberg","date":"12 de agosto de 2026","format":false,"excerpt":"Se existe um ve\u00edculo capaz de despertar nostalgia imediata e remeter a uma \u00e9poca de eleg\u00e2ncia sobre duas rodas, esse ve\u00edculo \u00e9 a Lambretta. Com suas linhas fluidas, mec\u00e2nica simples e um visual inconfund\u00edvel, o cl\u00e1ssico scooter ultrapassou as barreiras de mero meio de transporte e se tornou um verdadeiro\u2026","rel":"","context":"Em &quot;Textos&quot;","block_context":{"text":"Textos","link":"https:\/\/www.kanenberg.com.br\/fatosfotoseregistros\/category\/textos\/"},"img":{"alt_text":"Lambretta: \u00cdcone italiano sobre duas rodas","src":"https:\/\/i0.wp.com\/www.kanenberg.com.br\/fatosfotoseregistros\/wp-content\/uploads\/2026\/08\/Lambretta.jpg?resize=350%2C200&ssl=1","width":350,"height":200,"srcset":"https:\/\/i0.wp.com\/www.kanenberg.com.br\/fatosfotoseregistros\/wp-content\/uploads\/2026\/08\/Lambretta.jpg?resize=350%2C200&ssl=1 1x, https:\/\/i0.wp.com\/www.kanenberg.com.br\/fatosfotoseregistros\/wp-content\/uploads\/2026\/08\/Lambretta.jpg?resize=525%2C300&ssl=1 1.5x, https:\/\/i0.wp.com\/www.kanenberg.com.br\/fatosfotoseregistros\/wp-content\/uploads\/2026\/08\/Lambretta.jpg?resize=700%2C400&ssl=1 2x, https:\/\/i0.wp.com\/www.kanenberg.com.br\/fatosfotoseregistros\/wp-content\/uploads\/2026\/08\/Lambretta.jpg?resize=1050%2C600&ssl=1 3x, https:\/\/i0.wp.com\/www.kanenberg.com.br\/fatosfotoseregistros\/wp-content\/uploads\/2026\/08\/Lambretta.jpg?resize=1400%2C800&ssl=1 4x"},"classes":[]}],"jetpack_likes_enabled":true,"amp_enabled":true,"jetpack_featured_media_url":"","_links":{"self":[{"href":"https:\/\/www.kanenberg.com.br\/fatosfotoseregistros\/wp-json\/wp\/v2\/posts\/6353","targetHints":{"allow":["GET"]}}],"collection":[{"href":"https:\/\/www.kanenberg.com.br\/fatosfotoseregistros\/wp-json\/wp\/v2\/posts"}],"about":[{"href":"https:\/\/www.kanenberg.com.br\/fatosfotoseregistros\/wp-json\/wp\/v2\/types\/post"}],"author":[{"embeddable":true,"href":"https:\/\/www.kanenberg.com.br\/fatosfotoseregistros\/wp-json\/wp\/v2\/users\/1"}],"replies":[{"embeddable":true,"href":"https:\/\/www.kanenberg.com.br\/fatosfotoseregistros\/wp-json\/wp\/v2\/comments?post=6353"}],"version-history":[{"count":4,"href":"https:\/\/www.kanenberg.com.br\/fatosfotoseregistros\/wp-json\/wp\/v2\/posts\/6353\/revisions"}],"predecessor-version":[{"id":6358,"href":"https:\/\/www.kanenberg.com.br\/fatosfotoseregistros\/wp-json\/wp\/v2\/posts\/6353\/revisions\/6358"}],"wp:attachment":[{"href":"https:\/\/www.kanenberg.com.br\/fatosfotoseregistros\/wp-json\/wp\/v2\/media?parent=6353"}],"wp:term":[{"taxonomy":"category","embeddable":true,"href":"https:\/\/www.kanenberg.com.br\/fatosfotoseregistros\/wp-json\/wp\/v2\/categories?post=6353"},{"taxonomy":"post_tag","embeddable":true,"href":"https:\/\/www.kanenberg.com.br\/fatosfotoseregistros\/wp-json\/wp\/v2\/tags?post=6353"}],"curies":[{"name":"wp","href":"https:\/\/api.w.org\/{rel}","templated":true}]}}