{"id":6332,"date":"2026-08-26T20:39:55","date_gmt":"2026-08-26T23:39:55","guid":{"rendered":"https:\/\/www.kanenberg.com.br\/fatosfotoseregistros\/?p=6332"},"modified":"2026-08-26T20:39:55","modified_gmt":"2026-08-26T23:39:55","slug":"quando-o-tempo-deixa-de-ser-uma-certeza","status":"publish","type":"post","link":"https:\/\/www.kanenberg.com.br\/fatosfotoseregistros\/quando-o-tempo-deixa-de-ser-uma-certeza\/","title":{"rendered":"Quando o tempo deixa de ser uma certeza"},"content":{"rendered":"<p style=\"text-align: justify;\">Nas \u00faltimas semanas, muito provavelmente voc\u00ea j\u00e1 ouviu falar do piloto e influenciador <strong>Lito Sousa<\/strong>, do canal <a href=\"https:\/\/www.youtube.com\/avioesemusicas\" target=\"_blank\" rel=\"noopener\"><em>Avi\u00f5es e M\u00fasica<\/em><\/a>, que recebeu a confirma\u00e7\u00e3o do diagn\u00f3stico da doen\u00e7a de Creutzfeldt-Jakob (DCJ), uma condi\u00e7\u00e3o neurol\u00f3gica rara, degenerativa e, atualmente, sem cura conhecida.<\/p>\n<figure id=\"attachment_6333\" aria-describedby=\"caption-attachment-6333\" style=\"width: 1448px\" class=\"wp-caption aligncenter\"><img loading=\"lazy\" decoding=\"async\" data-attachment-id=\"6333\" data-permalink=\"https:\/\/www.kanenberg.com.br\/fatosfotoseregistros\/quando-o-tempo-deixa-de-ser-uma-certeza\/lito-e-o-tempo\/\" data-orig-file=\"https:\/\/www.kanenberg.com.br\/fatosfotoseregistros\/wp-content\/uploads\/2026\/08\/Lito-e-o-tempo.jpg\" data-orig-size=\"1448,1086\" data-comments-opened=\"1\" data-image-meta=\"{&quot;aperture&quot;:&quot;0&quot;,&quot;credit&quot;:&quot;&quot;,&quot;camera&quot;:&quot;&quot;,&quot;caption&quot;:&quot;&quot;,&quot;created_timestamp&quot;:&quot;0&quot;,&quot;copyright&quot;:&quot;&quot;,&quot;focal_length&quot;:&quot;0&quot;,&quot;iso&quot;:&quot;0&quot;,&quot;shutter_speed&quot;:&quot;0&quot;,&quot;title&quot;:&quot;&quot;,&quot;orientation&quot;:&quot;0&quot;,&quot;alt&quot;:&quot;&quot;}\" data-image-title=\"Quando o tempo deixa de ser uma certeza\" data-image-description=\"\" data-image-caption=\"\" data-large-file=\"https:\/\/www.kanenberg.com.br\/fatosfotoseregistros\/wp-content\/uploads\/2026\/08\/Lito-e-o-tempo-1024x768.jpg\" class=\"wp-image-6333 size-full\" src=\"https:\/\/www.kanenberg.com.br\/fatosfotoseregistros\/wp-content\/uploads\/2026\/08\/Lito-e-o-tempo.jpg\" alt=\"Quando o tempo deixa de ser uma certeza\" width=\"1448\" height=\"1086\" srcset=\"https:\/\/www.kanenberg.com.br\/fatosfotoseregistros\/wp-content\/uploads\/2026\/08\/Lito-e-o-tempo.jpg 1448w, https:\/\/www.kanenberg.com.br\/fatosfotoseregistros\/wp-content\/uploads\/2026\/08\/Lito-e-o-tempo-300x225.jpg 300w, https:\/\/www.kanenberg.com.br\/fatosfotoseregistros\/wp-content\/uploads\/2026\/08\/Lito-e-o-tempo-1024x768.jpg 1024w, https:\/\/www.kanenberg.com.br\/fatosfotoseregistros\/wp-content\/uploads\/2026\/08\/Lito-e-o-tempo-768x576.jpg 768w\" sizes=\"auto, (max-width: 1448px) 100vw, 1448px\" \/><figcaption id=\"caption-attachment-6333\" class=\"wp-caption-text\">&#8220;O jogo s\u00f3 acaba quando termina&#8221; &#8211; Lito Sousa<\/figcaption><\/figure>\n<p style=\"text-align: justify;\">Eu n\u00e3o acompanhava seu trabalho regularmente, mas, talvez por gostar de avia\u00e7\u00e3o desde crian\u00e7a, algumas vezes assisti a seus v\u00eddeos. E foi justamente ao tomar conhecimento de sua situa\u00e7\u00e3o que comecei a pensar em algo que vai muito al\u00e9m da avia\u00e7\u00e3o ou da pr\u00f3pria doen\u00e7a.<\/p>\n<p style=\"text-align: justify;\">Na vida, todos n\u00f3s, em algum momento, acabamos enfrentando problemas, dificuldades e situa\u00e7\u00f5es que fogem ao nosso controle. Talvez possamos compar\u00e1-las \u00e0s turbul\u00eancias de um voo: algumas s\u00e3o leves e passageiras; outras nos assustam e nos fazem questionar se tudo ficar\u00e1 bem. Mas, depois da turbul\u00eancia, o avi\u00e3o continua seu caminho.<\/p>\n<p style=\"text-align: justify;\">Problemas e turbul\u00eancias fazem parte da vida. E a morte tamb\u00e9m.<\/p>\n<p style=\"text-align: justify;\">Todos sabemos, desde muito cedo, que um dia iremos morrer. O que n\u00e3o sabemos \u00e9 quando. E talvez seja justamente essa incerteza que nos permita seguir vivendo normalmente. Esperamos que n\u00e3o seja em breve. Fazemos planos, projetamos o futuro, imaginamos os pr\u00f3ximos anos e, de certa forma, agimos como se tiv\u00e9ssemos tempo de sobra.<\/p>\n<p style=\"text-align: justify;\">Mas nunca temos essa garantia.<\/p>\n<p style=\"text-align: justify;\">Em uma reportagem sobre sua situa\u00e7\u00e3o, Lito afirmou que n\u00e3o tem medo da morte iminente. Para ele, talvez essa seja a parte mais f\u00e1cil. O mais dif\u00edcil seria pensar na esposa e, principalmente, no filho de apenas sete anos. Ele fala sobre n\u00e3o saber como preparar uma crian\u00e7a para algo t\u00e3o dif\u00edcil e sobre desejar ter mais tempo.<\/p>\n<p style=\"text-align: justify;\">\u00c9 uma situa\u00e7\u00e3o que nos faz pensar.<\/p>\n<p><strong>Tempo.<\/strong><\/p>\n<p style=\"text-align: justify;\">A medida do tempo n\u00e3o \u00e9 igual para todos. Para alguns, um ano pode parecer uma eternidade. Para outros, alguns meses podem passar como se fossem apenas alguns instantes.<\/p>\n<p style=\"text-align: justify;\">E talvez o verdadeiro valor do tempo n\u00e3o esteja na quantidade, mas naquilo que conseguimos fazer com ele.<\/p>\n<p style=\"text-align: justify;\">Passamos boa parte da vida preocupados com o amanh\u00e3. Trabalhamos pensando no futuro, economizamos para depois, adiamos encontros, viagens, conversas, abra\u00e7os e tantos outros pequenos momentos porque acreditamos que haver\u00e1 uma oportunidade mais adiante.<\/p>\n<p>Na maioria das vezes, haver\u00e1 mesmo.<\/p>\n<p>Mas n\u00e3o podemos ter certeza.<\/p>\n<p style=\"text-align: justify;\">Talvez essa seja uma das grandes li\u00e7\u00f5es que situa\u00e7\u00f5es como a de Lito nos trazem. N\u00e3o se trata de viver com medo da morte ou de abandonar os planos para o futuro. Trata-se apenas de lembrar que o presente tamb\u00e9m faz parte da vida que estamos construindo.<\/p>\n<p style=\"text-align: justify;\">N\u00e3o sabemos quantas p\u00e1ginas ainda teremos para escrever. N\u00e3o sabemos quantos anivers\u00e1rios, encontros, viagens, conversas ou simples tardes ao lado das pessoas que amamos ainda teremos.<\/p>\n<p>E \u00e9 justamente por n\u00e3o sabermos que cada uma delas tem valor.<\/p>\n<p style=\"text-align: justify;\">A avia\u00e7\u00e3o, que tantas vezes aparece nos v\u00eddeos de Lito, talvez ofere\u00e7a uma met\u00e1fora interessante para tudo isso. Um voo pode encontrar c\u00e9u aberto, nuvens, ventos fortes e turbul\u00eancias. O piloto n\u00e3o controla tudo aquilo que acontece durante a viagem, mas continua conduzindo o avi\u00e3o, tomando decis\u00f5es e seguindo em frente.<\/p>\n<p>Na vida tamb\u00e9m \u00e9 assim.<\/p>\n<p style=\"text-align: justify;\">N\u00e3o escolhemos todas as turbul\u00eancias que encontramos pelo caminho. Podemos apenas decidir como enfrent\u00e1-las.<\/p>\n<p style=\"text-align: justify;\">E talvez seja por isso que uma frase dita por Lito Sousa tenha ficado em minha mente:<\/p>\n<p><strong>\u201cO jogo s\u00f3 acaba quando termina.\u201d<\/strong><\/p>\n<p>Enquanto o jogo continua, ainda existe tempo.<\/p>\n<p>Tempo para dizer o que precisa ser dito.<br \/>\nTempo para estar perto de quem amamos.<br \/>\nTempo para fazer aquilo que adiamos.<br \/>\nTempo para simplesmente viver.<\/p>\n<p>N\u00e3o sabemos quanto tempo temos.<\/p>\n<p>Mas, enquanto temos tempo, ainda estamos aqui.<\/p>\n<p style=\"text-align: justify;\">E talvez isso, por si s\u00f3, j\u00e1 seja um motivo suficiente para n\u00e3o desperdi\u00e7\u00e1-lo.<\/p>\n","protected":false},"excerpt":{"rendered":"<p>N\u00e3o escolhemos todas as turbul\u00eancias que encontramos pelo caminho. Podemos apenas decidir como enfrent\u00e1-las.  O jogo s\u00f3 acaba quando termina.<\/p>\n","protected":false},"author":1,"featured_media":0,"comment_status":"open","ping_status":"open","sticky":false,"template":"","format":"standard","meta":{"_exactmetrics_skip_tracking":false,"_jetpack_newsletter_access":"","_jetpack_dont_email_post_to_subs":false,"_jetpack_newsletter_tier_id":0,"_jetpack_memberships_contains_paywalled_content":false,"_jetpack_feature_clip_id":0,"_jetpack_memberships_contains_paid_content":false,"footnotes":"","jetpack_publicize_message":"","jetpack_publicize_feature_enabled":true,"jetpack_social_post_already_shared":true,"jetpack_social_options":{"image_generator_settings":{"template":"highway","default_image_id":0,"font":"","enabled":false},"version":2},"jetpack_post_was_ever_published":false},"categories":[265],"tags":[304,423],"class_list":["post-6332","post","type-post","status-publish","format-standard","hentry","category-textos","tag-refletir","tag-reflexoes"],"jetpack_publicize_connections":[],"jetpack_sharing_enabled":true,"jetpack_shortlink":"https:\/\/wp.me\/phkM1X-1E8","jetpack-related-posts":[{"id":541,"url":"https:\/\/www.kanenberg.com.br\/fatosfotoseregistros\/forte-da-laje\/","url_meta":{"origin":6332,"position":0},"title":"Forte Tamandar\u00e9 (Forte da Laje)","author":"kanenberg","date":"20 de abril de 2016","format":false,"excerpt":"Laje \u00e9 uma pequena ilha ou ilhota, que mede cerca de 100 metros em sua maior dimens\u00e3o. Certamente o nome Laje \u00e9 decorrente de ser uma ilha de pedra, com forma semelhante \u00e0 um plat\u00f4 de rocha sobre o mar. O nome oficial do Forte da Lage \u00e9 Forte Tamandar\u00e9,\u2026","rel":"","context":"Em &quot;Lugares&quot;","block_context":{"text":"Lugares","link":"https:\/\/www.kanenberg.com.br\/fatosfotoseregistros\/category\/lugares\/"},"img":{"alt_text":"Forte-da-lage-baia-da-guanabara-rio-de-janeiro.jpg","src":"https:\/\/upload.wikimedia.org\/wikipedia\/commons\/4\/49\/Forte-da-lage-baia-da-guanabara-rio-de-janeiro.jpg","width":350,"height":200,"srcset":"https:\/\/upload.wikimedia.org\/wikipedia\/commons\/4\/49\/Forte-da-lage-baia-da-guanabara-rio-de-janeiro.jpg 1x, https:\/\/upload.wikimedia.org\/wikipedia\/commons\/4\/49\/Forte-da-lage-baia-da-guanabara-rio-de-janeiro.jpg 1.5x"},"classes":[]},{"id":2,"url":"https:\/\/www.kanenberg.com.br\/fatosfotoseregistros\/as-cinco-grandes-licoes\/","url_meta":{"origin":6332,"position":1},"title":"As cinco grandes li\u00e7\u00f5es","author":"kanenberg","date":"31 de janeiro de 2015","format":false,"excerpt":"Cinco grandes li\u00e7\u00f5es para refletirmos mais em nossas vidas","rel":"","context":"Em &quot;Textos&quot;","block_context":{"text":"Textos","link":"https:\/\/www.kanenberg.com.br\/fatosfotoseregistros\/category\/textos\/"},"img":{"alt_text":"","src":"","width":0,"height":0},"classes":[]},{"id":4927,"url":"https:\/\/www.kanenberg.com.br\/fatosfotoseregistros\/banhos\/","url_meta":{"origin":6332,"position":2},"title":"A absurda falta de higiene na idade m\u00e9dia","author":"kanenberg","date":"21 de mar\u00e7o de 2018","format":false,"excerpt":"A falta de higiene n\u00e3o era apenas um costume dos pobres, a rejei\u00e7\u00e3o pela \u00e1gua, chegava aos estratos mais altos da sociedade. As damas mais entusiastas do asseio tomavam banho, quando muito, duas vezes ao ano...","rel":"","context":"Em &quot;Textos&quot;","block_context":{"text":"Textos","link":"https:\/\/www.kanenberg.com.br\/fatosfotoseregistros\/category\/textos\/"},"img":{"alt_text":"banhos","src":"https:\/\/i0.wp.com\/fatosfotoseregistros.kanenberg.com.br\/wp-content\/uploads\/2018\/03\/banhos.png?resize=350%2C200&ssl=1","width":350,"height":200},"classes":[]},{"id":6214,"url":"https:\/\/www.kanenberg.com.br\/fatosfotoseregistros\/o-rio-de-janeiro-sem-o-pao-de-acucar-lenda-urbana-ou-um-projeto-que-quase-aconteceu\/","url_meta":{"origin":6332,"position":3},"title":"O Rio de Janeiro sem o P\u00e3o de A\u00e7\u00facar: Lenda urbana ou um projeto que quase aconteceu?","author":"kanenberg","date":"8 de agosto de 2026","format":false,"excerpt":"Voc\u00ea consegue imaginar a paisagem do Rio de Janeiro sem a silhueta marcante do P\u00e3o de A\u00e7\u00facar? Para qualquer pessoa hoje, essa ideia parece absurda ou at\u00e9 um roteiro de fic\u00e7\u00e3o cient\u00edfica. No entanto, no final do s\u00e9culo XIX, a elimina\u00e7\u00e3o desse gigante de granito foi seriamente discutida como uma\u2026","rel":"","context":"Em &quot;Lugares&quot;","block_context":{"text":"Lugares","link":"https:\/\/www.kanenberg.com.br\/fatosfotoseregistros\/category\/lugares\/"},"img":{"alt_text":"Demolir P\u00e3o de A\u00e7\u00facar","src":"https:\/\/i0.wp.com\/www.kanenberg.com.br\/fatosfotoseregistros\/wp-content\/uploads\/2026\/08\/Demolir-Pao-de-Acucar.jpg?resize=350%2C200&ssl=1","width":350,"height":200,"srcset":"https:\/\/i0.wp.com\/www.kanenberg.com.br\/fatosfotoseregistros\/wp-content\/uploads\/2026\/08\/Demolir-Pao-de-Acucar.jpg?resize=350%2C200&ssl=1 1x, https:\/\/i0.wp.com\/www.kanenberg.com.br\/fatosfotoseregistros\/wp-content\/uploads\/2026\/08\/Demolir-Pao-de-Acucar.jpg?resize=525%2C300&ssl=1 1.5x, https:\/\/i0.wp.com\/www.kanenberg.com.br\/fatosfotoseregistros\/wp-content\/uploads\/2026\/08\/Demolir-Pao-de-Acucar.jpg?resize=700%2C400&ssl=1 2x, https:\/\/i0.wp.com\/www.kanenberg.com.br\/fatosfotoseregistros\/wp-content\/uploads\/2026\/08\/Demolir-Pao-de-Acucar.jpg?resize=1050%2C600&ssl=1 3x, https:\/\/i0.wp.com\/www.kanenberg.com.br\/fatosfotoseregistros\/wp-content\/uploads\/2026\/08\/Demolir-Pao-de-Acucar.jpg?resize=1400%2C800&ssl=1 4x"},"classes":[]},{"id":49,"url":"https:\/\/www.kanenberg.com.br\/fatosfotoseregistros\/a-parabola-da-vaca\/","url_meta":{"origin":6332,"position":4},"title":"A par\u00e1bola da vaca","author":"kanenberg","date":"22 de junho de 2015","format":false,"excerpt":"A Par\u00e1bola da Vaca","rel":"","context":"Em &quot;Textos&quot;","block_context":{"text":"Textos","link":"https:\/\/www.kanenberg.com.br\/fatosfotoseregistros\/category\/textos\/"},"img":{"alt_text":"","src":"","width":0,"height":0},"classes":[]},{"id":251,"url":"https:\/\/www.kanenberg.com.br\/fatosfotoseregistros\/ainda-ha-tempo\/","url_meta":{"origin":6332,"position":5},"title":"Ainda h\u00e1 tempo","author":"kanenberg","date":"23 de mar\u00e7o de 2016","format":false,"excerpt":"Era uma vez um garoto que nasceu com uma doen\u00e7a que n\u00e3o tinha cura. Tinha 17 anos e podia morrer a qualquer momento. Sempre viveu na casa de seus pais, sob o cuidado constante de sua m\u00e3e. Um dia decidiu sair sozinho e, com a permiss\u00e3o da m\u00e3e, caminhou pela\u2026","rel":"","context":"Em &quot;Textos&quot;","block_context":{"text":"Textos","link":"https:\/\/www.kanenberg.com.br\/fatosfotoseregistros\/category\/textos\/"},"img":{"alt_text":"wp-1458694381585.jpg","src":"https:\/\/fatosfotoseregistros.files.wordpress.com\/2016\/03\/wp-1458694381585.jpg?w=350&h=200&crop=1","width":350,"height":200},"classes":[]}],"jetpack_likes_enabled":true,"amp_enabled":true,"jetpack_featured_media_url":"","_links":{"self":[{"href":"https:\/\/www.kanenberg.com.br\/fatosfotoseregistros\/wp-json\/wp\/v2\/posts\/6332","targetHints":{"allow":["GET"]}}],"collection":[{"href":"https:\/\/www.kanenberg.com.br\/fatosfotoseregistros\/wp-json\/wp\/v2\/posts"}],"about":[{"href":"https:\/\/www.kanenberg.com.br\/fatosfotoseregistros\/wp-json\/wp\/v2\/types\/post"}],"author":[{"embeddable":true,"href":"https:\/\/www.kanenberg.com.br\/fatosfotoseregistros\/wp-json\/wp\/v2\/users\/1"}],"replies":[{"embeddable":true,"href":"https:\/\/www.kanenberg.com.br\/fatosfotoseregistros\/wp-json\/wp\/v2\/comments?post=6332"}],"version-history":[{"count":1,"href":"https:\/\/www.kanenberg.com.br\/fatosfotoseregistros\/wp-json\/wp\/v2\/posts\/6332\/revisions"}],"predecessor-version":[{"id":6334,"href":"https:\/\/www.kanenberg.com.br\/fatosfotoseregistros\/wp-json\/wp\/v2\/posts\/6332\/revisions\/6334"}],"wp:attachment":[{"href":"https:\/\/www.kanenberg.com.br\/fatosfotoseregistros\/wp-json\/wp\/v2\/media?parent=6332"}],"wp:term":[{"taxonomy":"category","embeddable":true,"href":"https:\/\/www.kanenberg.com.br\/fatosfotoseregistros\/wp-json\/wp\/v2\/categories?post=6332"},{"taxonomy":"post_tag","embeddable":true,"href":"https:\/\/www.kanenberg.com.br\/fatosfotoseregistros\/wp-json\/wp\/v2\/tags?post=6332"}],"curies":[{"name":"wp","href":"https:\/\/api.w.org\/{rel}","templated":true}]}}