{"id":6327,"date":"2026-08-25T21:26:42","date_gmt":"2026-08-26T00:26:42","guid":{"rendered":"https:\/\/www.kanenberg.com.br\/fatosfotoseregistros\/?p=6327"},"modified":"2026-08-25T21:26:42","modified_gmt":"2026-08-26T00:26:42","slug":"o-caso-taninha-e-a-fera-da-penha","status":"publish","type":"post","link":"https:\/\/www.kanenberg.com.br\/fatosfotoseregistros\/o-caso-taninha-e-a-fera-da-penha\/","title":{"rendered":"O Caso Taninha e a &#8220;Fera da Penha&#8221;: Trag\u00e9dia, Devocion\u00e1rio e Cinema"},"content":{"rendered":"<p style=\"text-align: justify;\">Um <strong>t\u00famulo rosa<\/strong> no <strong>Cemit\u00e9rio de Inha\u00fama<\/strong>\u00a0carrega uma das hist\u00f3rias de crimes reais mais famosas, tr\u00e1gicas e intrigantes da cr\u00f4nica urbana do Rio de Janeiro do s\u00e9culo XX.<\/p>\n<p style=\"text-align: center;\"><img loading=\"lazy\" decoding=\"async\" data-attachment-id=\"6328\" data-permalink=\"https:\/\/www.kanenberg.com.br\/fatosfotoseregistros\/o-caso-taninha-e-a-fera-da-penha\/taninha_1\/\" data-orig-file=\"https:\/\/www.kanenberg.com.br\/fatosfotoseregistros\/wp-content\/uploads\/2026\/08\/Taninha_1.jpg\" data-orig-size=\"1439,1158\" data-comments-opened=\"1\" data-image-meta=\"{&quot;aperture&quot;:&quot;0&quot;,&quot;credit&quot;:&quot;&quot;,&quot;camera&quot;:&quot;&quot;,&quot;caption&quot;:&quot;&quot;,&quot;created_timestamp&quot;:&quot;0&quot;,&quot;copyright&quot;:&quot;&quot;,&quot;focal_length&quot;:&quot;0&quot;,&quot;iso&quot;:&quot;0&quot;,&quot;shutter_speed&quot;:&quot;0&quot;,&quot;title&quot;:&quot;&quot;,&quot;orientation&quot;:&quot;0&quot;,&quot;alt&quot;:&quot;&quot;}\" data-image-title=\"Taninha_1\" data-image-description=\"\" data-image-caption=\"\" data-large-file=\"https:\/\/www.kanenberg.com.br\/fatosfotoseregistros\/wp-content\/uploads\/2026\/08\/Taninha_1-1024x824.jpg\" class=\"aligncenter size-full wp-image-6328\" src=\"https:\/\/www.kanenberg.com.br\/fatosfotoseregistros\/wp-content\/uploads\/2026\/08\/Taninha_1.jpg\" alt=\"\" width=\"1439\" height=\"1158\" srcset=\"https:\/\/www.kanenberg.com.br\/fatosfotoseregistros\/wp-content\/uploads\/2026\/08\/Taninha_1.jpg 1439w, https:\/\/www.kanenberg.com.br\/fatosfotoseregistros\/wp-content\/uploads\/2026\/08\/Taninha_1-300x241.jpg 300w, https:\/\/www.kanenberg.com.br\/fatosfotoseregistros\/wp-content\/uploads\/2026\/08\/Taninha_1-1024x824.jpg 1024w, https:\/\/www.kanenberg.com.br\/fatosfotoseregistros\/wp-content\/uploads\/2026\/08\/Taninha_1-768x618.jpg 768w\" sizes=\"auto, (max-width: 1439px) 100vw, 1439px\" \/><\/p>\n<p style=\"text-align: justify;\">O Cemit\u00e9rio de Inha\u00fama \u00e9 um cemit\u00e9rio p\u00fablico ecum\u00eanico, de grande porte, pertencente ao munic\u00edpio do Rio de Janeiro e atualmente administrado pela concession\u00e1ria privada Rio Pax. Permanece ativo, realizando sepultamentos e exuma\u00e7\u00f5es diariamente para o p\u00fablico geral. Ao seu lado fica o 2. Cemit\u00e9rio Israelita de Inha\u00fama (Cemit\u00e9rio das Polacas) que \u00e9 uma necr\u00f3pole particular hist\u00f3rica de orienta\u00e7\u00e3o judaica, com menos de 800 t\u00famulos. Ele foi fundado em 1906 pela Associa\u00e7\u00e3o Beneficente Funer\u00e1ria e Religiosa Israelita (ABFRI).<\/p>\n<p style=\"text-align: justify;\">O Cemit\u00e9rio de Inha\u00fama, localizado na Zona Norte do Rio de Janeiro, abriga um fen\u00f4meno de religiosidade popular que nasceu de uma das maiores trag\u00e9dias policiais do pa\u00eds: o t\u00famulo de <strong>T\u00e2nia Maria Vasconcelos de Carvalho<\/strong>, a <strong>Taninha<\/strong>. Assassinada brutalmente em 1960, aos quatro anos de idade, a menina tornou-se uma &#8220;santa popular&#8221;, atraindo devotos que transformaram sua sepultura em um santu\u00e1rio de cores vivas e ex-votos.<\/p>\n<h2>O Crime da &#8220;Fera da Penha&#8221; (1960)<\/h2>\n<p style=\"text-align: justify;\">O crime ocorreu no dia <strong>30 de junho de 1960<\/strong> e parou o Brasil. A autora do homic\u00eddio foi <strong>Neyde Maia Lopes<\/strong>, que a imprensa carioca rapidamente apelidou de <strong>&#8220;A Fera da Penha<\/strong><strong>&#8220;<\/strong>.<\/p>\n<p style=\"text-align: justify;\">Neyde mantinha um relacionamento extraconjugal e obsessivo com Ant\u00f4nio Carvalho, pai de Taninha. Movida por ci\u00fames doentios e pelo desejo de vingan\u00e7a contra o amante \u2014 que havia decidido romper o caso para reatar com a esposa \u2014, Neyde planejou um crime meticuloso:<\/p>\n<ul>\n<li>\n<p style=\"text-align: justify;\"><strong>O Sequestro:<\/strong> Disfar\u00e7ada, Neyde foi at\u00e9 o col\u00e9gio de Taninha, em Guadalupe, e conseguiu convencer a dire\u00e7\u00e3o a liberar a menina, fingindo ser uma tia ou conhecida da fam\u00edlia.<\/p>\n<\/li>\n<li>\n<p style=\"text-align: justify;\"><strong>O Desfecho:<\/strong> Ela levou a crian\u00e7a at\u00e9 o Matadouro de Terra Nova, na Penha. L\u00e1, ap\u00f3s manter a menina sob seu poder por horas, Neyde disparou um tiro na nuca de Taninha e, em seguida, tentou atear fogo ao corpo da crian\u00e7a para ocultar o cad\u00e1ver.<\/p>\n<\/li>\n<\/ul>\n<p style=\"text-align: justify;\">O caso causou como\u00e7\u00e3o p\u00fablica sem precedentes. O julgamento de Neyde atraiu multid\u00f5es \u00e0 porta do tribunal e ela foi condenada \u00e0 pena m\u00e1xima da \u00e9poca (30 anos de pris\u00e3o), cumprindo grande parte dela antes de ser libertada e viver no anonimato.<\/p>\n<h2>A Santifica\u00e7\u00e3o Popular e o Enigma da Placa Rosa<\/h2>\n<p style=\"text-align: justify;\">Ap\u00f3s o sepultamento no Cemit\u00e9rio de Inha\u00fama, o t\u00famulo de Taninha virou ponto de peregrina\u00e7\u00e3o. Na cultura popular brasileira \u2014 fortemente influenciada pelo catolicismo r\u00fastico e pelo espiritismo \u2014, existe a cren\u00e7a de que crian\u00e7as que morrem de forma tr\u00e1gica ou violenta tornam-se &#8220;anjos&#8221; intercessores diretos junto a Deus, capazes de realizar milagres.<\/p>\n<p style=\"text-align: justify;\"><strong>O Fen\u00f4meno dos Ex-votos:<\/strong> O t\u00famulo \u00e9 tradicionalmente pintado de rosa, coberto de bonecas, doces, brinquedos e placas de m\u00e1rmore ou metal. Essas placas s\u00e3o conhecidas como <strong>ex-votos<\/strong> (promessas pagas).<\/p>\n<p style=\"text-align: center;\"><img loading=\"lazy\" decoding=\"async\" data-attachment-id=\"6329\" data-permalink=\"https:\/\/www.kanenberg.com.br\/fatosfotoseregistros\/o-caso-taninha-e-a-fera-da-penha\/taninha_2\/\" data-orig-file=\"https:\/\/www.kanenberg.com.br\/fatosfotoseregistros\/wp-content\/uploads\/2026\/08\/Taninha_2.jpg\" data-orig-size=\"1440,1440\" data-comments-opened=\"1\" data-image-meta=\"{&quot;aperture&quot;:&quot;0&quot;,&quot;credit&quot;:&quot;&quot;,&quot;camera&quot;:&quot;&quot;,&quot;caption&quot;:&quot;&quot;,&quot;created_timestamp&quot;:&quot;0&quot;,&quot;copyright&quot;:&quot;&quot;,&quot;focal_length&quot;:&quot;0&quot;,&quot;iso&quot;:&quot;0&quot;,&quot;shutter_speed&quot;:&quot;0&quot;,&quot;title&quot;:&quot;&quot;,&quot;orientation&quot;:&quot;0&quot;,&quot;alt&quot;:&quot;&quot;}\" data-image-title=\"Taninha_2\" data-image-description=\"\" data-image-caption=\"\" data-large-file=\"https:\/\/www.kanenberg.com.br\/fatosfotoseregistros\/wp-content\/uploads\/2026\/08\/Taninha_2-1024x1024.jpg\" class=\"aligncenter size-full wp-image-6329\" src=\"https:\/\/www.kanenberg.com.br\/fatosfotoseregistros\/wp-content\/uploads\/2026\/08\/Taninha_2.jpg\" alt=\"\" width=\"1440\" height=\"1440\" srcset=\"https:\/\/www.kanenberg.com.br\/fatosfotoseregistros\/wp-content\/uploads\/2026\/08\/Taninha_2.jpg 1440w, https:\/\/www.kanenberg.com.br\/fatosfotoseregistros\/wp-content\/uploads\/2026\/08\/Taninha_2-300x300.jpg 300w, https:\/\/www.kanenberg.com.br\/fatosfotoseregistros\/wp-content\/uploads\/2026\/08\/Taninha_2-1024x1024.jpg 1024w, https:\/\/www.kanenberg.com.br\/fatosfotoseregistros\/wp-content\/uploads\/2026\/08\/Taninha_2-150x150.jpg 150w, https:\/\/www.kanenberg.com.br\/fatosfotoseregistros\/wp-content\/uploads\/2026\/08\/Taninha_2-768x768.jpg 768w\" sizes=\"auto, (max-width: 1440px) 100vw, 1440px\" \/><\/p>\n<p style=\"text-align: justify;\">Ao passar pela sepultura observa-se uma placa (nascimento em 17\/06\/1984 e falecimento em 17\/06\/2020 e abaixo a inscri\u00e7\u00e3o \u201c<em>presenteio essa placa a menina Tainha por um milagre alcan\u00e7ado<\/em>\u201d) que reflete exatamente essa pr\u00e1tica. Como Taninha faleceu em 1960, as datas de 1984 e 2020 pertencem a outra pessoa. Existem duas explica\u00e7\u00f5es comuns para isso no cotidiano dos cemit\u00e9rios cariocas:<\/p>\n<ol>\n<li>\n<p style=\"text-align: justify;\"><strong>Gra\u00e7a Alcan\u00e7ada:<\/strong> Um devoto (nascimento em 1984 e falecimento em 2020) recebeu uma gra\u00e7a em vida por intercess\u00e3o de Taninha, e sua fam\u00edlia colocou a placa ali para agradecer e ligar a mem\u00f3ria do falecido \u00e0 &#8220;santinha&#8221;.<\/p>\n<\/li>\n<li>\n<p style=\"text-align: justify;\"><strong>Sepultamento Compartilhado ou Proximidade:<\/strong> Em cemit\u00e9rios p\u00fablicos antigos, n\u00e3o \u00e9 raro que gavetas ou covas pr\u00f3ximas recebam homenagens cruzadas, ou que fam\u00edlias comprem o direito de uso do espa\u00e7o para homenagear seus entes queridos junto a figuras de forte devo\u00e7\u00e3o protetora.<\/p>\n<\/li>\n<\/ol>\n<h2>O Impacto na Cultura e o Cinema<\/h2>\n<p style=\"text-align: justify;\">A hist\u00f3ria da Fera da Penha permanece viva no imagin\u00e1rio carioca e serve como um retrato da cr\u00f4nica policial do Rio dos anos 60, \u00e9poca em que a imprensa sensacionalista (como o cl\u00e1ssico jornal <em>Luta Democr\u00e1tica<\/em>) moldava a opini\u00e3o p\u00fablica com tons dram\u00e1ticos.<\/p>\n<p style=\"text-align: justify;\">Em <strong>2013<\/strong>, o diretor Fernando Coimbra levou essa hist\u00f3ria aos cinemas com o aclamado filme <strong><em>O Lobo Atr\u00e1s da Porta<\/em><\/strong>, estrelado por Leandra Leal (no papel inspirado em Neyde), Milhem Cortaz e Fabiula Nascimento. Embora o longa-metragem mude os nomes dos personagens e modernize a ambienta\u00e7\u00e3o para os dias atuais, a estrutura narrativa \u2014 o tri\u00e2ngulo amoroso t\u00f3xico, o sequestro da crian\u00e7a na escola e o desfecho tr\u00e1gico \u2014 \u00e9 uma transposi\u00e7\u00e3o direta e psicol\u00f3gica do caso de Taninha. O filme foi amplamente premiado, mostrando que o drama ocorrido no sub\u00farbio carioca ainda possui uma for\u00e7a narrativa universal e avassaladora.<\/p>\n<p style=\"text-align: center;\"><img loading=\"lazy\" decoding=\"async\" data-attachment-id=\"6330\" data-permalink=\"https:\/\/www.kanenberg.com.br\/fatosfotoseregistros\/o-caso-taninha-e-a-fera-da-penha\/taninha_3\/\" data-orig-file=\"https:\/\/www.kanenberg.com.br\/fatosfotoseregistros\/wp-content\/uploads\/2026\/08\/Taninha_3.jpg\" data-orig-size=\"571,669\" data-comments-opened=\"1\" data-image-meta=\"{&quot;aperture&quot;:&quot;0&quot;,&quot;credit&quot;:&quot;&quot;,&quot;camera&quot;:&quot;&quot;,&quot;caption&quot;:&quot;&quot;,&quot;created_timestamp&quot;:&quot;0&quot;,&quot;copyright&quot;:&quot;&quot;,&quot;focal_length&quot;:&quot;0&quot;,&quot;iso&quot;:&quot;0&quot;,&quot;shutter_speed&quot;:&quot;0&quot;,&quot;title&quot;:&quot;&quot;,&quot;orientation&quot;:&quot;0&quot;,&quot;alt&quot;:&quot;&quot;}\" data-image-title=\"Taninha_3\" data-image-description=\"\" data-image-caption=\"\" data-large-file=\"https:\/\/www.kanenberg.com.br\/fatosfotoseregistros\/wp-content\/uploads\/2026\/08\/Taninha_3.jpg\" class=\"aligncenter size-full wp-image-6330\" src=\"https:\/\/www.kanenberg.com.br\/fatosfotoseregistros\/wp-content\/uploads\/2026\/08\/Taninha_3.jpg\" alt=\"\" width=\"571\" height=\"669\" srcset=\"https:\/\/www.kanenberg.com.br\/fatosfotoseregistros\/wp-content\/uploads\/2026\/08\/Taninha_3.jpg 571w, https:\/\/www.kanenberg.com.br\/fatosfotoseregistros\/wp-content\/uploads\/2026\/08\/Taninha_3-256x300.jpg 256w\" sizes=\"auto, (max-width: 571px) 100vw, 571px\" \/><\/p>\n","protected":false},"excerpt":{"rendered":"<p>Um t\u00famulo rosa no Cemit\u00e9rio de Inha\u00fama\u00a0carrega uma das hist\u00f3rias de crimes reais mais famosas, tr\u00e1gicas e intrigantes da cr\u00f4nica urbana do Rio de Janeiro do s\u00e9culo XX.<\/p>\n","protected":false},"author":1,"featured_media":0,"comment_status":"open","ping_status":"open","sticky":false,"template":"","format":"standard","meta":{"_exactmetrics_skip_tracking":false,"_jetpack_newsletter_access":"","_jetpack_dont_email_post_to_subs":false,"_jetpack_newsletter_tier_id":0,"_jetpack_memberships_contains_paywalled_content":false,"_jetpack_feature_clip_id":0,"_jetpack_memberships_contains_paid_content":false,"footnotes":"","jetpack_publicize_message":"","jetpack_publicize_feature_enabled":true,"jetpack_social_post_already_shared":true,"jetpack_social_options":{"image_generator_settings":{"template":"highway","default_image_id":0,"font":"","enabled":false},"version":2},"jetpack_post_was_ever_published":false},"categories":[282,265],"tags":[421,445,444,289,446],"class_list":["post-6327","post","type-post","status-publish","format-standard","hentry","category-lugares","category-textos","tag-cemiterios","tag-crimes","tag-inhauma","tag-rio-de-janeiro","tag-santos-populares"],"jetpack_publicize_connections":[],"jetpack_sharing_enabled":true,"jetpack_shortlink":"https:\/\/wp.me\/phkM1X-1E3","jetpack-related-posts":[{"id":4071,"url":"https:\/\/www.kanenberg.com.br\/fatosfotoseregistros\/cemiterio-de-gatos\/","url_meta":{"origin":6327,"position":0},"title":"O curioso Cemit\u00e9rio dos Gatos de Blumenau","author":"kanenberg","date":"25 de janeiro de 2017","format":false,"excerpt":"Existem cemit\u00e9rios que chamam a aten\u00e7\u00e3o n\u00e3o apenas por sua hist\u00f3ria, mas tamb\u00e9m pela singularidade de sua exist\u00eancia. Ao redor do mundo h\u00e1 exemplos dedicados a animais, como o conhecido Cemit\u00e9rio de P\u00e1ssaros da Ilha de Paquet\u00e1, no Rio de Janeiro. Em Blumenau, Santa Catarina, um dos locais mais curiosos\u2026","rel":"","context":"Em &quot;Imagem&quot;","block_context":{"text":"Imagem","link":"https:\/\/www.kanenberg.com.br\/fatosfotoseregistros\/category\/imagem\/"},"img":{"alt_text":"img_20161228_150137441_hdr-01.jpeg","src":"https:\/\/fatosfotoseregistros.files.wordpress.com\/2017\/01\/img_20161228_150137441_hdr-01.jpeg?w=350&h=200&crop=1","width":350,"height":200,"srcset":"https:\/\/fatosfotoseregistros.files.wordpress.com\/2017\/01\/img_20161228_150137441_hdr-01.jpeg?w=350&h=200&crop=1 1x, https:\/\/fatosfotoseregistros.files.wordpress.com\/2017\/01\/img_20161228_150137441_hdr-01.jpeg?w=525&h=300&crop=1 1.5x, https:\/\/fatosfotoseregistros.files.wordpress.com\/2017\/01\/img_20161228_150137441_hdr-01.jpeg?w=700&h=400&crop=1 2x, https:\/\/fatosfotoseregistros.files.wordpress.com\/2017\/01\/img_20161228_150137441_hdr-01.jpeg?w=1050&h=600&crop=1 3x, https:\/\/fatosfotoseregistros.files.wordpress.com\/2017\/01\/img_20161228_150137441_hdr-01.jpeg?w=1400&h=800&crop=1 4x"},"classes":[]},{"id":6292,"url":"https:\/\/www.kanenberg.com.br\/fatosfotoseregistros\/branquinha-de-avare\/","url_meta":{"origin":6327,"position":1},"title":"A Lealdade Al\u00e9m do Tempo: A Hist\u00f3ria de Branquinha, a Anja Guardi\u00e3 de Avar\u00e9","author":"kanenberg","date":"16 de agosto de 2026","format":false,"excerpt":"H\u00e1 hist\u00f3rias que desafiam a nossa compreens\u00e3o sobre a profundidade do afeto animal, e a de Branquinha, a emblem\u00e1tica cachorrinha do Cemit\u00e9rio Municipal de Avar\u00e9 (SP), \u00e9 um desses relatos que merecem ficar gravados na mem\u00f3ria coletiva.","rel":"","context":"Em &quot;Lugares&quot;","block_context":{"text":"Lugares","link":"https:\/\/www.kanenberg.com.br\/fatosfotoseregistros\/category\/lugares\/"},"img":{"alt_text":"Branquinha de Avar\u00e9","src":"https:\/\/i0.wp.com\/www.kanenberg.com.br\/fatosfotoseregistros\/wp-content\/uploads\/2026\/08\/branquinha.jpg?resize=350%2C200&ssl=1","width":350,"height":200,"srcset":"https:\/\/i0.wp.com\/www.kanenberg.com.br\/fatosfotoseregistros\/wp-content\/uploads\/2026\/08\/branquinha.jpg?resize=350%2C200&ssl=1 1x, https:\/\/i0.wp.com\/www.kanenberg.com.br\/fatosfotoseregistros\/wp-content\/uploads\/2026\/08\/branquinha.jpg?resize=525%2C300&ssl=1 1.5x"},"classes":[]},{"id":16,"url":"https:\/\/www.kanenberg.com.br\/fatosfotoseregistros\/cemiterio-de-passaros-ilha-de-paqueta\/","url_meta":{"origin":6327,"position":2},"title":"Cemit\u00e9rio de p\u00e1ssaros &#8211; Ilha de Paquet\u00e1","author":"kanenberg","date":"20 de fevereiro de 2015","format":false,"excerpt":"O Cemit\u00e9rio de p\u00e1ssaros da Ilha de Paquet\u00e1 no Rio de Janeiro, \u00fanico no Brasil, foi fundado em 1915. Foi idealizado pelo artista pl\u00e1stico Pedro Bruno e seu amigo Augusto Silva. O local possu\u00ed 24 pequenas covas, que possuem aproximadamente o tamanho de uma caixa de sapatos, o espa\u00e7o parece\u2026","rel":"","context":"Em &quot;Lugares&quot;","block_context":{"text":"Lugares","link":"https:\/\/www.kanenberg.com.br\/fatosfotoseregistros\/category\/lugares\/"},"img":{"alt_text":"","src":"https:\/\/i0.wp.com\/www.kanenberg.com.br\/fatosfotoseregistros\/wp-content\/uploads\/2015\/02\/cemiterio2.jpg?resize=350%2C200&ssl=1","width":350,"height":200},"classes":[]},{"id":507,"url":"https:\/\/www.kanenberg.com.br\/fatosfotoseregistros\/jose-datrino\/","url_meta":{"origin":6327,"position":3},"title":"Voc\u00ea sabe quem foi Jos\u00e9 Datrino?","author":"kanenberg","date":"14 de abril de 2016","format":false,"excerpt":"Talvez muitos v\u00e3o se lembrar da express\u00e3o Gentileza gera Gentileza, ou ainda v\u00e3o se lembrar das 56 inscri\u00e7\u00f5es ou prov\u00e9rbios nas pilastras do Viaduto do Gas\u00f4metro, no Rio de Janeiro, que v\u00e3o do Cemit\u00e9rio do Caj\u00fa at\u00e9 a Rodovi\u00e1ria Novo Rio.","rel":"","context":"Em &quot;Textos&quot;","block_context":{"text":"Textos","link":"https:\/\/www.kanenberg.com.br\/fatosfotoseregistros\/category\/textos\/"},"img":{"alt_text":"datrino1","src":"https:\/\/i0.wp.com\/fatosfotoseregistros.kanenberg.com.br\/wp-content\/uploads\/2016\/04\/datrino1.jpg?resize=350%2C200&ssl=1","width":350,"height":200},"classes":[]},{"id":1848,"url":"https:\/\/www.kanenberg.com.br\/fatosfotoseregistros\/favela-da-catacumba\/","url_meta":{"origin":6327,"position":4},"title":"Favela da Catacumba","author":"kanenberg","date":"12 de julho de 2016","format":false,"excerpt":"Em 1970, durante gest\u00e3o de Negr\u00e3o de Lima, a favela ali instalada foi removida. Na ocasi\u00e3o, a favela contava com mais de 2000 barracos onde viviam mais de 10000 pessoas em p\u00e9ssimas condi\u00e7\u00f5es, sem servi\u00e7o de \u00e1gua pot\u00e1vel e o esgoto in natura sendo despejado diretamente na Lagoa Rodrigo de\u2026","rel":"","context":"Em &quot;Imagem&quot;","block_context":{"text":"Imagem","link":"https:\/\/www.kanenberg.com.br\/fatosfotoseregistros\/category\/imagem\/"},"img":{"alt_text":"jb_09-09-1967","src":"https:\/\/fatosfotoseregistros.files.wordpress.com\/2016\/07\/jb_09-09-1967.jpg?w=350&h=200&crop=1","width":350,"height":200},"classes":[]},{"id":6115,"url":"https:\/\/www.kanenberg.com.br\/fatosfotoseregistros\/jaiminho-o-papagaio-de-pirata-carioca\/","url_meta":{"origin":6327,"position":5},"title":"Jaiminho: O Papagaio de Pirata Carioca","author":"kanenberg","date":"13 de julho de 2026","format":false,"excerpt":"O Rio de Janeiro \u00e9 famoso por seus personagens folcl\u00f3ricos, e Jaime Dias Sabino, o popular Jaiminho, certamente ocupa um lugar de destaque nessa galeria urbana. Conhecido nacionalmente como o maior \"papagaio de pirata\" (termo usado para quem faz de tudo para aparecer atr\u00e1s de entrevistados ou rep\u00f3rteres) da televis\u00e3o\u2026","rel":"","context":"Em &quot;Personalidades&quot;","block_context":{"text":"Personalidades","link":"https:\/\/www.kanenberg.com.br\/fatosfotoseregistros\/category\/personalidades\/"},"img":{"alt_text":"Jaiminho","src":"https:\/\/i0.wp.com\/www.kanenberg.com.br\/fatosfotoseregistros\/wp-content\/uploads\/2026\/07\/jaiminho.jpg?resize=350%2C200&ssl=1","width":350,"height":200},"classes":[]}],"jetpack_likes_enabled":true,"amp_enabled":true,"jetpack_featured_media_url":"","_links":{"self":[{"href":"https:\/\/www.kanenberg.com.br\/fatosfotoseregistros\/wp-json\/wp\/v2\/posts\/6327","targetHints":{"allow":["GET"]}}],"collection":[{"href":"https:\/\/www.kanenberg.com.br\/fatosfotoseregistros\/wp-json\/wp\/v2\/posts"}],"about":[{"href":"https:\/\/www.kanenberg.com.br\/fatosfotoseregistros\/wp-json\/wp\/v2\/types\/post"}],"author":[{"embeddable":true,"href":"https:\/\/www.kanenberg.com.br\/fatosfotoseregistros\/wp-json\/wp\/v2\/users\/1"}],"replies":[{"embeddable":true,"href":"https:\/\/www.kanenberg.com.br\/fatosfotoseregistros\/wp-json\/wp\/v2\/comments?post=6327"}],"version-history":[{"count":1,"href":"https:\/\/www.kanenberg.com.br\/fatosfotoseregistros\/wp-json\/wp\/v2\/posts\/6327\/revisions"}],"predecessor-version":[{"id":6331,"href":"https:\/\/www.kanenberg.com.br\/fatosfotoseregistros\/wp-json\/wp\/v2\/posts\/6327\/revisions\/6331"}],"wp:attachment":[{"href":"https:\/\/www.kanenberg.com.br\/fatosfotoseregistros\/wp-json\/wp\/v2\/media?parent=6327"}],"wp:term":[{"taxonomy":"category","embeddable":true,"href":"https:\/\/www.kanenberg.com.br\/fatosfotoseregistros\/wp-json\/wp\/v2\/categories?post=6327"},{"taxonomy":"post_tag","embeddable":true,"href":"https:\/\/www.kanenberg.com.br\/fatosfotoseregistros\/wp-json\/wp\/v2\/tags?post=6327"}],"curies":[{"name":"wp","href":"https:\/\/api.w.org\/{rel}","templated":true}]}}