{"id":6308,"date":"2026-08-20T13:30:09","date_gmt":"2026-08-20T16:30:09","guid":{"rendered":"https:\/\/www.kanenberg.com.br\/fatosfotoseregistros\/?p=6308"},"modified":"2026-08-20T13:30:09","modified_gmt":"2026-08-20T16:30:09","slug":"a-tragedia-da-reduc-em-1972","status":"publish","type":"post","link":"https:\/\/www.kanenberg.com.br\/fatosfotoseregistros\/a-tragedia-da-reduc-em-1972\/","title":{"rendered":"O &#8220;Fim do Mundo&#8221; em Duque de Caxias: A Trag\u00e9dia da REDUC em 1972"},"content":{"rendered":"<p id=\"p-rc_4e26ac9d83314eb6-20\" style=\"text-align: justify;\" data-path-to-node=\"1\">Na madrugada de <b data-path-to-node=\"1\" data-index-in-node=\"16\">30 de mar\u00e7o de 1972<\/b>, a Baixada Fluminense viveu um dos cap\u00edtulos mais dram\u00e1ticos da hist\u00f3ria industrial do Brasil. <span class=\"citation-18 citation-end-18\">A Refinaria Duque de Caxias (REDUC), inaugurada no in\u00edcio da d\u00e9cada anterior e orgulho da ind\u00fastria petrol\u00edfera nacional, tornou-se o cen\u00e1rio de um desastre que marcaria para sempre a mem\u00f3ria dos trabalhadores e dos moradores da regi\u00e3o.<\/span><\/p>\n<p style=\"text-align: center;\" data-path-to-node=\"1\"><img loading=\"lazy\" decoding=\"async\" data-attachment-id=\"6310\" data-permalink=\"https:\/\/www.kanenberg.com.br\/fatosfotoseregistros\/a-tragedia-da-reduc-em-1972\/acidente-reduc\/\" data-orig-file=\"https:\/\/www.kanenberg.com.br\/fatosfotoseregistros\/wp-content\/uploads\/2026\/08\/Acidente-Reduc.jpg\" data-orig-size=\"371,539\" data-comments-opened=\"1\" data-image-meta=\"{&quot;aperture&quot;:&quot;0&quot;,&quot;credit&quot;:&quot;&quot;,&quot;camera&quot;:&quot;&quot;,&quot;caption&quot;:&quot;&quot;,&quot;created_timestamp&quot;:&quot;0&quot;,&quot;copyright&quot;:&quot;&quot;,&quot;focal_length&quot;:&quot;0&quot;,&quot;iso&quot;:&quot;0&quot;,&quot;shutter_speed&quot;:&quot;0&quot;,&quot;title&quot;:&quot;&quot;,&quot;orientation&quot;:&quot;0&quot;,&quot;alt&quot;:&quot;&quot;}\" data-image-title=\"Acidente Reduc\" data-image-description=\"\" data-image-caption=\"\" data-large-file=\"https:\/\/www.kanenberg.com.br\/fatosfotoseregistros\/wp-content\/uploads\/2026\/08\/Acidente-Reduc.jpg\" class=\"aligncenter wp-image-6310 size-full\" src=\"https:\/\/www.kanenberg.com.br\/fatosfotoseregistros\/wp-content\/uploads\/2026\/08\/Acidente-Reduc.jpg\" alt=\"Acidente Reduc\" width=\"371\" height=\"539\" srcset=\"https:\/\/www.kanenberg.com.br\/fatosfotoseregistros\/wp-content\/uploads\/2026\/08\/Acidente-Reduc.jpg 371w, https:\/\/www.kanenberg.com.br\/fatosfotoseregistros\/wp-content\/uploads\/2026\/08\/Acidente-Reduc-206x300.jpg 206w\" sizes=\"auto, (max-width: 371px) 100vw, 371px\" \/><\/p>\n<h2 data-path-to-node=\"3\">A Sequ\u00eancia dos Fatos: O Vazamento e o Caos<\/h2>\n<p id=\"p-rc_4e26ac9d83314eb6-21\" style=\"text-align: justify;\" data-path-to-node=\"4\">A trag\u00e9dia come\u00e7ou a se desenhar ainda na tarde do dia 29 de mar\u00e7o. <span class=\"citation-17 citation-end-17\">Durante manobras operacionais de drenagem de \u00e1gua em um dos tanques esf\u00e9ricos de G\u00e1s Liquefeito de Petr\u00f3leo (GLP), ocorreu um vazamento maci\u00e7o de g\u00e1s.<\/span> <span class=\"citation-16 citation-end-16\">Ao entrar em contato com a atmosfera e expandir-se rapidamente, o GLP provocou o congelamento da v\u00e1lvula, impedindo seu fechamento manual pelos operadores.<\/span><\/p>\n<p data-path-to-node=\"5\">\u00c0 medida que as horas passavam, uma imensa nuvem inflam\u00e1vel se espalhou pelo complexo e ultrapassou os limites da refinaria. Brigadistas e bombeiros lutavam contra o tempo lan\u00e7ando \u00e1gua para resfriar as esferas e diluir o g\u00e1s, mas a temperatura e a press\u00e3o no local continuavam a subir.<\/p>\n<p id=\"p-rc_4e26ac9d83314eb6-22\" style=\"text-align: justify;\" data-path-to-node=\"6\"><span class=\"citation-15\">Por volta das <\/span><b data-path-to-node=\"6\" data-index-in-node=\"14\"><span class=\"citation-15\">0h50 da madrugada do dia 30<\/span><\/b><span class=\"citation-15 citation-end-15\">, veio a primeira e mais forte explos\u00e3o.<\/span> O impacto transformou a noite em dia. Nas horas seguintes, \u00e0s <b data-path-to-node=\"6\" data-index-in-node=\"144\">1h30<\/b> e \u00e0s <b data-path-to-node=\"6\" data-index-in-node=\"154\">2h30<\/b>, outras duas grandes explos\u00f5es devastaram a \u00e1rea de armazenamento de GLP.<\/p>\n<h3 id=\"p-rc_4e26ac9d83314eb6-23\" data-path-to-node=\"8\"><span class=\"citation-14 citation-end-14\">O Impacto da Explos\u00e3o<\/span><\/h3>\n<p id=\"p-rc_4e26ac9d83314eb6-24\" style=\"text-align: justify;\" data-path-to-node=\"9\"><span class=\"citation-13 citation-end-13\">A for\u00e7a do deslocamento de ar e o calor gerado foram avassaladores:<\/span><\/p>\n<ul data-path-to-node=\"10\">\n<li>\n<p style=\"text-align: justify;\" data-path-to-node=\"10,0,0\"><b data-path-to-node=\"10,0,0\" data-index-in-node=\"0\">Bolas de fogo e destrui\u00e7\u00e3o:<\/b> As labaredas atingiram centenas de metros de altura. Partes dos tanques de a\u00e7o de dezenas de toneladas foram rasgadas e arremessadas a mais de um quil\u00f4metro de dist\u00e2ncia, alcan\u00e7ando bairros vizinhos como Campos El\u00edseos.<\/p>\n<\/li>\n<li>\n<p id=\"p-rc_4e26ac9d83314eb6-25\" style=\"text-align: justify;\" data-path-to-node=\"10,1,0\"><b data-path-to-node=\"10,1,0\" data-index-in-node=\"0\"><span class=\"citation-12 citation-end-12\">P\u00e2nico nas rodovias:<\/span><\/b> O estrondo assustou motoristas na Rodovia Washington Lu\u00eds. <span class=\"citation-11 citation-end-11\">Muitos abandonaram seus ve\u00edculos na pista e correram junto aos moradores em busca de abrigo.<\/span><\/p>\n<\/li>\n<li>\n<p style=\"text-align: justify;\" data-path-to-node=\"10,2,0\"><b data-path-to-node=\"10,2,0\" data-index-in-node=\"0\">V\u00edtimas e como\u00e7\u00e3o:<\/b> O acidente deixou cerca de <b data-path-to-node=\"10,2,0\" data-index-in-node=\"46\">38 a 42 mortos e dezenas de feridos gravemente queimados<\/b>. Os relatos da imprensa da \u00e9poca descreviam o horror nos hospitais, onde m\u00e9dicos e socorristas se mobilizavam em um cen\u00e1rio de dor extrema.<\/p>\n<\/li>\n<\/ul>\n<p style=\"text-align: justify;\" data-path-to-node=\"11\">Entre os relatos marcantes daquela noite, destaca-se a atitude heroica de operadores e brigadistas que, no meio do fogo, tentaram conter o avan\u00e7o das chamas para evitar que a explos\u00e3o atingisse outras unidades do complexo e causasse uma trag\u00e9dia ainda maior.<\/p>\n<h2 data-path-to-node=\"13\">Mem\u00f3ria e Seguran\u00e7a Industrial<\/h2>\n<p style=\"text-align: justify;\" data-path-to-node=\"14\">O acidente na REDUC em 1972 tornou-se um divisor de \u00e1guas na ind\u00fastria qu\u00edmica e petrol\u00edfera brasileira. A cat\u00e1strofe evidenciou a necessidade urgente de reformular protocolos de emerg\u00eancia, melhorar o treinamento de operadores e implementar novos sistemas automatizados de seguran\u00e7a e mitiga\u00e7\u00e3o de riscos.<\/p>\n<p style=\"text-align: justify;\" data-path-to-node=\"15\">Relembrar a hist\u00f3ria da REDUC em 1972 \u00e9 honrar a mem\u00f3ria dos petroleiros e moradores que perderam a vida naquela madrugada, garantindo que a busca por condi\u00e7\u00f5es mais seguras de trabalho seja uma prioridade cont\u00ednua na ind\u00fastria nacional.<\/p>\n<p id=\"p-rc_4e26ac9d83314eb6-26\" style=\"text-align: justify;\" data-path-to-node=\"17\"><span data-path-to-node=\"17,0\"><span class=\"citation-10\">Para entender em detalhes a din\u00e2mica f\u00edsica e t\u00e9cnica desse acidente hist\u00f3rico, voc\u00ea pode assistir ao <\/span><a class=\"ng-star-inserted\" href=\"https:\/\/www.youtube.com\/watch?v=ICG6OXpEaXY\" target=\"_blank\" rel=\"noopener\" data-hveid=\"3\"><span class=\"citation-10\">Trabalho sobre o Acidente da Refinaria Duque de Caxias<\/span><\/a><span class=\"citation-10 citation-end-10\">, um v\u00eddeo educativo que explica os fatores operacionais e o efeito qu\u00edmico que causaram as explos\u00f5es na refinaria em 1972:<\/span><\/span><\/p>\n<p><span class=\"embed-youtube\" style=\"text-align:center; display: block;\"><iframe loading=\"lazy\" class=\"youtube-player\" width=\"840\" height=\"473\" src=\"https:\/\/www.youtube.com\/embed\/ICG6OXpEaXY?version=3&#038;rel=1&#038;showsearch=0&#038;showinfo=1&#038;iv_load_policy=1&#038;fs=1&#038;hl=pt-BR&#038;autohide=2&#038;wmode=transparent\" allowfullscreen=\"true\" style=\"border:0;\" sandbox=\"allow-scripts allow-same-origin allow-popups allow-presentation allow-popups-to-escape-sandbox\"><\/iframe><\/span><\/p>\n","protected":false},"excerpt":{"rendered":"<p>Na madrugada de 30 de mar\u00e7o de 1972, a Baixada Fluminense viveu um dos cap\u00edtulos mais dram\u00e1ticos da hist\u00f3ria industrial do Brasil. A Refinaria Duque de Caxias (REDUC), inaugurada no in\u00edcio da d\u00e9cada anterior e orgulho da ind\u00fastria petrol\u00edfera nacional, tornou-se o cen\u00e1rio de um desastre que marcaria para sempre a mem\u00f3ria dos trabalhadores e dos moradores da regi\u00e3o.<\/p>\n","protected":false},"author":1,"featured_media":0,"comment_status":"open","ping_status":"open","sticky":false,"template":"","format":"standard","meta":{"_exactmetrics_skip_tracking":false,"_jetpack_newsletter_access":"","_jetpack_dont_email_post_to_subs":false,"_jetpack_newsletter_tier_id":0,"_jetpack_memberships_contains_paywalled_content":false,"_jetpack_feature_clip_id":0,"_jetpack_memberships_contains_paid_content":false,"footnotes":"","jetpack_publicize_message":"","jetpack_publicize_feature_enabled":true,"jetpack_social_post_already_shared":true,"jetpack_social_options":{"image_generator_settings":{"template":"highway","default_image_id":0,"font":"","enabled":false},"version":2},"jetpack_post_was_ever_published":false},"categories":[265],"tags":[439,442,438,441,289,440],"class_list":["post-6308","post","type-post","status-publish","format-standard","hentry","category-textos","tag-acidente","tag-baixada-fluminense","tag-duque-de-caxias","tag-explosao","tag-rio-de-janeiro","tag-tragedia"],"jetpack_publicize_connections":[],"jetpack_sharing_enabled":true,"jetpack_shortlink":"https:\/\/wp.me\/phkM1X-1DK","jetpack-related-posts":[{"id":4071,"url":"https:\/\/www.kanenberg.com.br\/fatosfotoseregistros\/cemiterio-de-gatos\/","url_meta":{"origin":6308,"position":0},"title":"O curioso Cemit\u00e9rio dos Gatos de Blumenau","author":"kanenberg","date":"25 de janeiro de 2017","format":false,"excerpt":"Existem cemit\u00e9rios que chamam a aten\u00e7\u00e3o n\u00e3o apenas por sua hist\u00f3ria, mas tamb\u00e9m pela singularidade de sua exist\u00eancia. Ao redor do mundo h\u00e1 exemplos dedicados a animais, como o conhecido Cemit\u00e9rio de P\u00e1ssaros da Ilha de Paquet\u00e1, no Rio de Janeiro. Em Blumenau, Santa Catarina, um dos locais mais curiosos\u2026","rel":"","context":"Em &quot;Imagem&quot;","block_context":{"text":"Imagem","link":"https:\/\/www.kanenberg.com.br\/fatosfotoseregistros\/category\/imagem\/"},"img":{"alt_text":"img_20161228_150137441_hdr-01.jpeg","src":"https:\/\/fatosfotoseregistros.files.wordpress.com\/2017\/01\/img_20161228_150137441_hdr-01.jpeg?w=350&h=200&crop=1","width":350,"height":200,"srcset":"https:\/\/fatosfotoseregistros.files.wordpress.com\/2017\/01\/img_20161228_150137441_hdr-01.jpeg?w=350&h=200&crop=1 1x, https:\/\/fatosfotoseregistros.files.wordpress.com\/2017\/01\/img_20161228_150137441_hdr-01.jpeg?w=525&h=300&crop=1 1.5x, https:\/\/fatosfotoseregistros.files.wordpress.com\/2017\/01\/img_20161228_150137441_hdr-01.jpeg?w=700&h=400&crop=1 2x, https:\/\/fatosfotoseregistros.files.wordpress.com\/2017\/01\/img_20161228_150137441_hdr-01.jpeg?w=1050&h=600&crop=1 3x, https:\/\/fatosfotoseregistros.files.wordpress.com\/2017\/01\/img_20161228_150137441_hdr-01.jpeg?w=1400&h=800&crop=1 4x"},"classes":[]},{"id":6122,"url":"https:\/\/www.kanenberg.com.br\/fatosfotoseregistros\/vila-mimosa-30-anos\/","url_meta":{"origin":6308,"position":1},"title":"Vila Mimosa: 30 anos na Pra\u00e7a da Bandeira","author":"kanenberg","date":"13 de julho de 2026","format":false,"excerpt":"Em 2026, a Vila Mimosa completa 30 anos em sua atual localiza\u00e7\u00e3o, na regi\u00e3o da Pra\u00e7a da Bandeira, na Zona[\u2026]","rel":"","context":"Em &quot;Lugares&quot;","block_context":{"text":"Lugares","link":"https:\/\/www.kanenberg.com.br\/fatosfotoseregistros\/category\/lugares\/"},"img":{"alt_text":"","src":"https:\/\/i0.wp.com\/www.kanenberg.com.br\/fatosfotoseregistros\/wp-content\/uploads\/2026\/07\/vila_mimosa_old1629409711295348501.jpg?resize=350%2C200&ssl=1","width":350,"height":200,"srcset":"https:\/\/i0.wp.com\/www.kanenberg.com.br\/fatosfotoseregistros\/wp-content\/uploads\/2026\/07\/vila_mimosa_old1629409711295348501.jpg?resize=350%2C200&ssl=1 1x, https:\/\/i0.wp.com\/www.kanenberg.com.br\/fatosfotoseregistros\/wp-content\/uploads\/2026\/07\/vila_mimosa_old1629409711295348501.jpg?resize=525%2C300&ssl=1 1.5x"},"classes":[]},{"id":1357,"url":"https:\/\/www.kanenberg.com.br\/fatosfotoseregistros\/central-do-brasil\/","url_meta":{"origin":6308,"position":2},"title":"Central do Brasil","author":"kanenberg","date":"28 de junho de 2016","format":false,"excerpt":"Central do Brasil, lugar conhecido por alguns e desconhecido por outros, admirado por uns e temido por outros, para alguns \u00e9 caminho obrigat\u00f3rio no dia-a-dia, enfim, um lugar cheio de hist\u00f3rias e curiosidades.","rel":"","context":"Em &quot;Imagem&quot;","block_context":{"text":"Imagem","link":"https:\/\/www.kanenberg.com.br\/fatosfotoseregistros\/category\/imagem\/"},"img":{"alt_text":"","src":"https:\/\/i0.wp.com\/www.kanenberg.com.br\/fatosfotoseregistros\/wp-content\/uploads\/2016\/06\/pvargas.jpg?resize=350%2C200&ssl=1","width":350,"height":200,"srcset":"https:\/\/i0.wp.com\/www.kanenberg.com.br\/fatosfotoseregistros\/wp-content\/uploads\/2016\/06\/pvargas.jpg?resize=350%2C200&ssl=1 1x, https:\/\/i0.wp.com\/www.kanenberg.com.br\/fatosfotoseregistros\/wp-content\/uploads\/2016\/06\/pvargas.jpg?resize=525%2C300&ssl=1 1.5x"},"classes":[]},{"id":541,"url":"https:\/\/www.kanenberg.com.br\/fatosfotoseregistros\/forte-da-laje\/","url_meta":{"origin":6308,"position":3},"title":"Forte Tamandar\u00e9 (Forte da Laje)","author":"kanenberg","date":"20 de abril de 2016","format":false,"excerpt":"Laje \u00e9 uma pequena ilha ou ilhota, que mede cerca de 100 metros em sua maior dimens\u00e3o. Certamente o nome Laje \u00e9 decorrente de ser uma ilha de pedra, com forma semelhante \u00e0 um plat\u00f4 de rocha sobre o mar. O nome oficial do Forte da Lage \u00e9 Forte Tamandar\u00e9,\u2026","rel":"","context":"Em &quot;Lugares&quot;","block_context":{"text":"Lugares","link":"https:\/\/www.kanenberg.com.br\/fatosfotoseregistros\/category\/lugares\/"},"img":{"alt_text":"Forte-da-lage-baia-da-guanabara-rio-de-janeiro.jpg","src":"https:\/\/upload.wikimedia.org\/wikipedia\/commons\/4\/49\/Forte-da-lage-baia-da-guanabara-rio-de-janeiro.jpg","width":350,"height":200,"srcset":"https:\/\/upload.wikimedia.org\/wikipedia\/commons\/4\/49\/Forte-da-lage-baia-da-guanabara-rio-de-janeiro.jpg 1x, https:\/\/upload.wikimedia.org\/wikipedia\/commons\/4\/49\/Forte-da-lage-baia-da-guanabara-rio-de-janeiro.jpg 1.5x"},"classes":[]},{"id":722,"url":"https:\/\/www.kanenberg.com.br\/fatosfotoseregistros\/sexta-feira-13\/","url_meta":{"origin":6308,"position":4},"title":"Sexta-Feira 13","author":"kanenberg","date":"13 de maio de 2016","format":false,"excerpt":"A\u00a0Sexta-feira\u00a0no dia 13\u00a0de qualquer m\u00eas \u00e9 considerada popularmente como um\u00a0dia\u00a0de azar","rel":"","context":"Em &quot;Textos&quot;","block_context":{"text":"Textos","link":"https:\/\/www.kanenberg.com.br\/fatosfotoseregistros\/category\/textos\/"},"img":{"alt_text":"","src":"","width":0,"height":0},"classes":[]},{"id":6284,"url":"https:\/\/www.kanenberg.com.br\/fatosfotoseregistros\/o-charmoso-ronco-da-historia-origem-sucesso-e-curiosidades-da-lambretta\/","url_meta":{"origin":6308,"position":5},"title":"O Charmoso Ronco da Hist\u00f3ria: Origem, Sucesso e Curiosidades da Lambretta","author":"kanenberg","date":"12 de agosto de 2026","format":false,"excerpt":"Se existe um ve\u00edculo capaz de despertar nostalgia imediata e remeter a uma \u00e9poca de eleg\u00e2ncia sobre duas rodas, esse ve\u00edculo \u00e9 a Lambretta. Com suas linhas fluidas, mec\u00e2nica simples e um visual inconfund\u00edvel, o cl\u00e1ssico scooter ultrapassou as barreiras de mero meio de transporte e se tornou um verdadeiro\u2026","rel":"","context":"Em &quot;Textos&quot;","block_context":{"text":"Textos","link":"https:\/\/www.kanenberg.com.br\/fatosfotoseregistros\/category\/textos\/"},"img":{"alt_text":"Lambretta: \u00cdcone italiano sobre duas rodas","src":"https:\/\/i0.wp.com\/www.kanenberg.com.br\/fatosfotoseregistros\/wp-content\/uploads\/2026\/08\/Lambretta.jpg?resize=350%2C200&ssl=1","width":350,"height":200,"srcset":"https:\/\/i0.wp.com\/www.kanenberg.com.br\/fatosfotoseregistros\/wp-content\/uploads\/2026\/08\/Lambretta.jpg?resize=350%2C200&ssl=1 1x, https:\/\/i0.wp.com\/www.kanenberg.com.br\/fatosfotoseregistros\/wp-content\/uploads\/2026\/08\/Lambretta.jpg?resize=525%2C300&ssl=1 1.5x, https:\/\/i0.wp.com\/www.kanenberg.com.br\/fatosfotoseregistros\/wp-content\/uploads\/2026\/08\/Lambretta.jpg?resize=700%2C400&ssl=1 2x, https:\/\/i0.wp.com\/www.kanenberg.com.br\/fatosfotoseregistros\/wp-content\/uploads\/2026\/08\/Lambretta.jpg?resize=1050%2C600&ssl=1 3x, https:\/\/i0.wp.com\/www.kanenberg.com.br\/fatosfotoseregistros\/wp-content\/uploads\/2026\/08\/Lambretta.jpg?resize=1400%2C800&ssl=1 4x"},"classes":[]}],"jetpack_likes_enabled":true,"amp_enabled":true,"jetpack_featured_media_url":"","_links":{"self":[{"href":"https:\/\/www.kanenberg.com.br\/fatosfotoseregistros\/wp-json\/wp\/v2\/posts\/6308","targetHints":{"allow":["GET"]}}],"collection":[{"href":"https:\/\/www.kanenberg.com.br\/fatosfotoseregistros\/wp-json\/wp\/v2\/posts"}],"about":[{"href":"https:\/\/www.kanenberg.com.br\/fatosfotoseregistros\/wp-json\/wp\/v2\/types\/post"}],"author":[{"embeddable":true,"href":"https:\/\/www.kanenberg.com.br\/fatosfotoseregistros\/wp-json\/wp\/v2\/users\/1"}],"replies":[{"embeddable":true,"href":"https:\/\/www.kanenberg.com.br\/fatosfotoseregistros\/wp-json\/wp\/v2\/comments?post=6308"}],"version-history":[{"count":2,"href":"https:\/\/www.kanenberg.com.br\/fatosfotoseregistros\/wp-json\/wp\/v2\/posts\/6308\/revisions"}],"predecessor-version":[{"id":6312,"href":"https:\/\/www.kanenberg.com.br\/fatosfotoseregistros\/wp-json\/wp\/v2\/posts\/6308\/revisions\/6312"}],"wp:attachment":[{"href":"https:\/\/www.kanenberg.com.br\/fatosfotoseregistros\/wp-json\/wp\/v2\/media?parent=6308"}],"wp:term":[{"taxonomy":"category","embeddable":true,"href":"https:\/\/www.kanenberg.com.br\/fatosfotoseregistros\/wp-json\/wp\/v2\/categories?post=6308"},{"taxonomy":"post_tag","embeddable":true,"href":"https:\/\/www.kanenberg.com.br\/fatosfotoseregistros\/wp-json\/wp\/v2\/tags?post=6308"}],"curies":[{"name":"wp","href":"https:\/\/api.w.org\/{rel}","templated":true}]}}