{"id":6295,"date":"2026-08-17T12:26:03","date_gmt":"2026-08-17T15:26:03","guid":{"rendered":"https:\/\/www.kanenberg.com.br\/fatosfotoseregistros\/?p=6295"},"modified":"2026-08-17T13:13:50","modified_gmt":"2026-08-17T16:13:50","slug":"espelho-atrai-raio","status":"publish","type":"post","link":"https:\/\/www.kanenberg.com.br\/fatosfotoseregistros\/espelho-atrai-raio\/","title":{"rendered":"Espelho atrai raio? Entenda a origem dessa famosa lenda urbana"},"content":{"rendered":"<p style=\"text-align: justify;\">O costume de cobrir espelhos com panos durante tempestades de vento, raios e trovoadas \u00e9 uma das tradi\u00e7\u00f5es populares mais marcantes da cultura brasileira. Embora hoje seja vista como uma supersti\u00e7\u00e3o das gera\u00e7\u00f5es passadas, essa pr\u00e1tica atravessou d\u00e9cadas carregando justificativas que misturam cren\u00e7as ancestrais e antigas explica\u00e7\u00f5es populares.<\/p>\n<p style=\"text-align: center;\"><img loading=\"lazy\" decoding=\"async\" data-attachment-id=\"6297\" data-permalink=\"https:\/\/www.kanenberg.com.br\/fatosfotoseregistros\/espelho-atrai-raio\/espelho_raio\/\" data-orig-file=\"https:\/\/www.kanenberg.com.br\/fatosfotoseregistros\/wp-content\/uploads\/2026\/08\/Espelho_Raio.jpg\" data-orig-size=\"1448,1086\" data-comments-opened=\"1\" data-image-meta=\"{&quot;aperture&quot;:&quot;0&quot;,&quot;credit&quot;:&quot;&quot;,&quot;camera&quot;:&quot;&quot;,&quot;caption&quot;:&quot;&quot;,&quot;created_timestamp&quot;:&quot;0&quot;,&quot;copyright&quot;:&quot;&quot;,&quot;focal_length&quot;:&quot;0&quot;,&quot;iso&quot;:&quot;0&quot;,&quot;shutter_speed&quot;:&quot;0&quot;,&quot;title&quot;:&quot;&quot;,&quot;orientation&quot;:&quot;0&quot;,&quot;alt&quot;:&quot;&quot;}\" data-image-title=\"Espelho_Raio\" data-image-description=\"\" data-image-caption=\"\" data-large-file=\"https:\/\/www.kanenberg.com.br\/fatosfotoseregistros\/wp-content\/uploads\/2026\/08\/Espelho_Raio-1024x768.jpg\" class=\"aligncenter wp-image-6297 size-full\" src=\"https:\/\/www.kanenberg.com.br\/fatosfotoseregistros\/wp-content\/uploads\/2026\/08\/Espelho_Raio.jpg\" alt=\"Uma imagem exibindo uma mulher cobrindo um espelho com um pano durante uma trovoada\" width=\"1448\" height=\"1086\" srcset=\"https:\/\/www.kanenberg.com.br\/fatosfotoseregistros\/wp-content\/uploads\/2026\/08\/Espelho_Raio.jpg 1448w, https:\/\/www.kanenberg.com.br\/fatosfotoseregistros\/wp-content\/uploads\/2026\/08\/Espelho_Raio-300x225.jpg 300w, https:\/\/www.kanenberg.com.br\/fatosfotoseregistros\/wp-content\/uploads\/2026\/08\/Espelho_Raio-1024x768.jpg 1024w, https:\/\/www.kanenberg.com.br\/fatosfotoseregistros\/wp-content\/uploads\/2026\/08\/Espelho_Raio-768x576.jpg 768w\" sizes=\"auto, (max-width: 1448px) 100vw, 1448px\" \/><\/p>\n<h2>As Origens da Cren\u00e7a<\/h2>\n<p style=\"text-align: justify;\">O costume tem ra\u00edzes profundas na tradi\u00e7\u00e3o folcl\u00f3rica e nas supersti\u00e7\u00f5es antigas. Antes da populariza\u00e7\u00e3o da eletricidade, o reflexo do espelho dentro de casa era visto por muitas culturas como algo m\u00edstico. Acreditava-se que superf\u00edcies reflexivas podiam &#8220;atrair&#8221; energias, esp\u00edritos ou at\u00e9 mesmo o clar\u00e3o dos raios. Com o surgimento dos temporais, cobrir o espelho era uma forma simb\u00f3lica de afastar o perigo do lar.<\/p>\n<h2>A Tese Popular da Tinta e do Metal<\/h2>\n<p style=\"text-align: justify;\">Para dar um ar explicativo \u00e0 pr\u00e1tica, surgiu a teoria de que o espelho atra\u00eda raios devido ao seu processo de fabrica\u00e7\u00e3o. A explica\u00e7\u00e3o popular argumentava que a tinta ou a camada met\u00e1lica aplicada no verso do vidro para criar o reflexo \u2014 historicamente feita com subst\u00e2ncias \u00e0 base de prata, merc\u00fario ou alum\u00ednio \u2014 agia como um \u00edm\u00e3 para as descargas el\u00e9tricas.<\/p>\n<p>Embora metais sejam condutores de eletricidade, essa ideia n\u00e3o passa de um mito urbano quando aplicada aos espelhos dom\u00e9sticos:<\/p>\n<ul>\n<li style=\"text-align: justify;\"><strong>Falta de Atra\u00e7\u00e3o<\/strong>: Metais n\u00e3o &#8220;atraem&#8221; raios \u00e0 dist\u00e2ncia. O raio busca o caminho de menor resist\u00eancia el\u00e9trica at\u00e9 o solo, sendo atra\u00eddo principalmente pela altura e pela pontiagudez dos objetos (efeito de ponta), e n\u00e3o pela presen\u00e7a de um espelho pendurado dentro de uma sala ou quarto.<\/li>\n<li style=\"text-align: justify;\"><strong>Isolamento do Pano<\/strong>: Cobrir o espelho com um tecido fino de algod\u00e3o ou len\u00e7ol n\u00e3o impediria a passagem de uma descarga el\u00e9trica de milhares de volts, caso um raio atingisse a resid\u00eancia.<\/li>\n<\/ul>\n<h2>Por que a Tradi\u00e7\u00e3o Resistiu?<\/h2>\n<p style=\"text-align: justify;\">Muitas fam\u00edlias mantiveram o h\u00e1bito pelo sentimento de zelo e respeito transmitido por pais e av\u00f3s. Em noites de tempestade forte, cobrir os reflexos da casa trazia um sentimento psicol\u00f3gico de prote\u00e7\u00e3o e calma para o ambiente familiar.<\/p>\n<p style=\"text-align: justify;\">Hoje, os espelhos continuam decorando nossas casas sem nenhum risco adicional durante os temporais, mas a lembran\u00e7a dos panos sobre o vidro permanece viva na mem\u00f3ria afetiva de quem viveu essa \u00e9poca.<\/p>\n","protected":false},"excerpt":{"rendered":"<p>A costume de cobrir espelhos com panos durante tempestades de vento, raios e trovoadas \u00e9 uma das tradi\u00e7\u00f5es populares mais marcantes da cultura brasileira. Embora hoje seja vista como uma supersti\u00e7\u00e3o das gera\u00e7\u00f5es passadas, essa pr\u00e1tica atravessou d\u00e9cadas carregando justificativas que misturam cren\u00e7as ancestrais e antigas explica\u00e7\u00f5es populares.<\/p>\n","protected":false},"author":1,"featured_media":0,"comment_status":"open","ping_status":"open","sticky":false,"template":"","format":"standard","meta":{"_exactmetrics_skip_tracking":false,"_jetpack_newsletter_access":"","_jetpack_dont_email_post_to_subs":false,"_jetpack_newsletter_tier_id":0,"_jetpack_memberships_contains_paywalled_content":false,"_jetpack_feature_clip_id":0,"_jetpack_memberships_contains_paid_content":false,"footnotes":"","jetpack_publicize_message":"","jetpack_publicize_feature_enabled":true,"jetpack_social_post_already_shared":true,"jetpack_social_options":{"image_generator_settings":{"template":"highway","default_image_id":0,"font":"","enabled":false},"version":2},"jetpack_post_was_ever_published":false},"categories":[265],"tags":[254,275,437],"class_list":["post-6295","post","type-post","status-publish","format-standard","hentry","category-textos","tag-curiosidades","tag-lendas","tag-supersticao"],"jetpack_publicize_connections":[],"jetpack_sharing_enabled":true,"jetpack_shortlink":"https:\/\/wp.me\/phkM1X-1Dx","jetpack-related-posts":[{"id":456,"url":"https:\/\/www.kanenberg.com.br\/fatosfotoseregistros\/lenda-maria-gorda\/","url_meta":{"origin":6295,"position":0},"title":"Ilha de Paquet\u00e1: A lenda do baob\u00e1 &#8220;Maria Gorda&#8221;","author":"kanenberg","date":"8 de abril de 2016","format":false,"excerpt":"A \"Maria Gorda\" \u00e9 um baob\u00e1 \u2014 \u00e1rvore majestosa localizada na Praia dos Tamoios, bem pr\u00f3ximo \u00e0 esquina com a Ladeira do Vicente. Origin\u00e1ria das savanas africanas, a esp\u00e9cie tamb\u00e9m \u00e9 famosa por sua presen\u00e7a no asteroide B-612, da obra O Pequeno Pr\u00edncipe, de Antoine de Saint-Exup\u00e9ry.","rel":"","context":"Em &quot;Lugares&quot;","block_context":{"text":"Lugares","link":"https:\/\/www.kanenberg.com.br\/fatosfotoseregistros\/category\/lugares\/"},"img":{"alt_text":"sam_1815-01.jpeg","src":"https:\/\/fatosfotoseregistros.files.wordpress.com\/2016\/04\/sam_1815-01.jpeg?w=350&h=200&crop=1","width":350,"height":200},"classes":[]},{"id":5424,"url":"https:\/\/www.kanenberg.com.br\/fatosfotoseregistros\/a-origem-dos-aniversarios\/","url_meta":{"origin":6295,"position":1},"title":"A origem dos anivers\u00e1rios","author":"kanenberg","date":"27 de fevereiro de 2019","format":false,"excerpt":"Como todos os dias se celebram milhares de anivers\u00e1rios no mundo, \u00e9 interessante saber qual a origem deste costume.","rel":"","context":"Em &quot;Textos&quot;","block_context":{"text":"Textos","link":"https:\/\/www.kanenberg.com.br\/fatosfotoseregistros\/category\/textos\/"},"img":{"alt_text":"anivers\u00e1rio","src":"https:\/\/i0.wp.com\/www.kanenberg.com.br\/fatosfotoseregistros\/wp-content\/uploads\/2019\/02\/aniversario-300x169.jpg?resize=350%2C200&ssl=1","width":350,"height":200},"classes":[]},{"id":2353,"url":"https:\/\/www.kanenberg.com.br\/fatosfotoseregistros\/a-carta-de-pero-vaz-de-caminha\/","url_meta":{"origin":6295,"position":2},"title":"A Carta de Pero Vaz de Caminha","author":"kanenberg","date":"26 de julho de 2016","format":false,"excerpt":"A carta que o escriv\u00e3o Pero Vaz de Caminha escreveu ao rei d. Manuel \u00e9 considerada o primeiro documento da nossa hist\u00f3ria, e tamb\u00e9m como o primeiro texto liter\u00e1rio do Brasil.","rel":"","context":"Em &quot;Textos&quot;","block_context":{"text":"Textos","link":"https:\/\/www.kanenberg.com.br\/fatosfotoseregistros\/category\/textos\/"},"img":{"alt_text":"carta_caminha","src":"https:\/\/fatosfotoseregistros.files.wordpress.com\/2016\/07\/carta_caminha.png?w=350&h=200&crop=1","width":350,"height":200},"classes":[]},{"id":6327,"url":"https:\/\/www.kanenberg.com.br\/fatosfotoseregistros\/o-caso-taninha-e-a-fera-da-penha\/","url_meta":{"origin":6295,"position":3},"title":"O Caso Taninha e a &#8220;Fera da Penha&#8221;: Trag\u00e9dia, Devocion\u00e1rio e Cinema","author":"kanenberg","date":"25 de agosto de 2026","format":false,"excerpt":"Um t\u00famulo rosa no Cemit\u00e9rio de Inha\u00fama\u00a0carrega uma das hist\u00f3rias de crimes reais mais famosas, tr\u00e1gicas e intrigantes da cr\u00f4nica urbana do Rio de Janeiro do s\u00e9culo XX.","rel":"","context":"Em &quot;Lugares&quot;","block_context":{"text":"Lugares","link":"https:\/\/www.kanenberg.com.br\/fatosfotoseregistros\/category\/lugares\/"},"img":{"alt_text":"","src":"https:\/\/i0.wp.com\/www.kanenberg.com.br\/fatosfotoseregistros\/wp-content\/uploads\/2026\/08\/Taninha_3.jpg?resize=350%2C200&ssl=1","width":350,"height":200,"srcset":"https:\/\/i0.wp.com\/www.kanenberg.com.br\/fatosfotoseregistros\/wp-content\/uploads\/2026\/08\/Taninha_3.jpg?resize=350%2C200&ssl=1 1x, https:\/\/i0.wp.com\/www.kanenberg.com.br\/fatosfotoseregistros\/wp-content\/uploads\/2026\/08\/Taninha_3.jpg?resize=525%2C300&ssl=1 1.5x"},"classes":[]},{"id":623,"url":"https:\/\/www.kanenberg.com.br\/fatosfotoseregistros\/lenda-do-joao-de-barro\/","url_meta":{"origin":6295,"position":4},"title":"Lenda do Jo\u00e3o de Barro","author":"kanenberg","date":"8 de maio de 2016","format":false,"excerpt":"Segundo a lenda, h\u00e1 muito tempo, numa tribo do sul do Brasil, um jovem se apaixonou por uma mo\u00e7a de grande beleza. Jaeb\u00e9, o mo\u00e7o, foi pedi-la em casamento.","rel":"","context":"Em &quot;Textos&quot;","block_context":{"text":"Textos","link":"https:\/\/www.kanenberg.com.br\/fatosfotoseregistros\/category\/textos\/"},"img":{"alt_text":"517650214_21cbc1e212_z","src":"https:\/\/fatosfotoseregistros.files.wordpress.com\/2016\/05\/517650214_21cbc1e212_z.jpg?w=350&h=200&crop=1","width":350,"height":200},"classes":[]},{"id":6284,"url":"https:\/\/www.kanenberg.com.br\/fatosfotoseregistros\/o-charmoso-ronco-da-historia-origem-sucesso-e-curiosidades-da-lambretta\/","url_meta":{"origin":6295,"position":5},"title":"O Charmoso Ronco da Hist\u00f3ria: Origem, Sucesso e Curiosidades da Lambretta","author":"kanenberg","date":"12 de agosto de 2026","format":false,"excerpt":"Se existe um ve\u00edculo capaz de despertar nostalgia imediata e remeter a uma \u00e9poca de eleg\u00e2ncia sobre duas rodas, esse ve\u00edculo \u00e9 a Lambretta. Com suas linhas fluidas, mec\u00e2nica simples e um visual inconfund\u00edvel, o cl\u00e1ssico scooter ultrapassou as barreiras de mero meio de transporte e se tornou um verdadeiro\u2026","rel":"","context":"Em &quot;Textos&quot;","block_context":{"text":"Textos","link":"https:\/\/www.kanenberg.com.br\/fatosfotoseregistros\/category\/textos\/"},"img":{"alt_text":"Lambretta: \u00cdcone italiano sobre duas rodas","src":"https:\/\/i0.wp.com\/www.kanenberg.com.br\/fatosfotoseregistros\/wp-content\/uploads\/2026\/08\/Lambretta.jpg?resize=350%2C200&ssl=1","width":350,"height":200,"srcset":"https:\/\/i0.wp.com\/www.kanenberg.com.br\/fatosfotoseregistros\/wp-content\/uploads\/2026\/08\/Lambretta.jpg?resize=350%2C200&ssl=1 1x, https:\/\/i0.wp.com\/www.kanenberg.com.br\/fatosfotoseregistros\/wp-content\/uploads\/2026\/08\/Lambretta.jpg?resize=525%2C300&ssl=1 1.5x, https:\/\/i0.wp.com\/www.kanenberg.com.br\/fatosfotoseregistros\/wp-content\/uploads\/2026\/08\/Lambretta.jpg?resize=700%2C400&ssl=1 2x, https:\/\/i0.wp.com\/www.kanenberg.com.br\/fatosfotoseregistros\/wp-content\/uploads\/2026\/08\/Lambretta.jpg?resize=1050%2C600&ssl=1 3x, https:\/\/i0.wp.com\/www.kanenberg.com.br\/fatosfotoseregistros\/wp-content\/uploads\/2026\/08\/Lambretta.jpg?resize=1400%2C800&ssl=1 4x"},"classes":[]}],"jetpack_likes_enabled":true,"amp_enabled":true,"jetpack_featured_media_url":"","_links":{"self":[{"href":"https:\/\/www.kanenberg.com.br\/fatosfotoseregistros\/wp-json\/wp\/v2\/posts\/6295","targetHints":{"allow":["GET"]}}],"collection":[{"href":"https:\/\/www.kanenberg.com.br\/fatosfotoseregistros\/wp-json\/wp\/v2\/posts"}],"about":[{"href":"https:\/\/www.kanenberg.com.br\/fatosfotoseregistros\/wp-json\/wp\/v2\/types\/post"}],"author":[{"embeddable":true,"href":"https:\/\/www.kanenberg.com.br\/fatosfotoseregistros\/wp-json\/wp\/v2\/users\/1"}],"replies":[{"embeddable":true,"href":"https:\/\/www.kanenberg.com.br\/fatosfotoseregistros\/wp-json\/wp\/v2\/comments?post=6295"}],"version-history":[{"count":2,"href":"https:\/\/www.kanenberg.com.br\/fatosfotoseregistros\/wp-json\/wp\/v2\/posts\/6295\/revisions"}],"predecessor-version":[{"id":6299,"href":"https:\/\/www.kanenberg.com.br\/fatosfotoseregistros\/wp-json\/wp\/v2\/posts\/6295\/revisions\/6299"}],"wp:attachment":[{"href":"https:\/\/www.kanenberg.com.br\/fatosfotoseregistros\/wp-json\/wp\/v2\/media?parent=6295"}],"wp:term":[{"taxonomy":"category","embeddable":true,"href":"https:\/\/www.kanenberg.com.br\/fatosfotoseregistros\/wp-json\/wp\/v2\/categories?post=6295"},{"taxonomy":"post_tag","embeddable":true,"href":"https:\/\/www.kanenberg.com.br\/fatosfotoseregistros\/wp-json\/wp\/v2\/tags?post=6295"}],"curies":[{"name":"wp","href":"https:\/\/api.w.org\/{rel}","templated":true}]}}