{"id":6292,"date":"2026-08-16T10:43:35","date_gmt":"2026-08-16T13:43:35","guid":{"rendered":"https:\/\/www.kanenberg.com.br\/fatosfotoseregistros\/?p=6292"},"modified":"2026-08-16T10:44:33","modified_gmt":"2026-08-16T13:44:33","slug":"branquinha-de-avare","status":"publish","type":"post","link":"https:\/\/www.kanenberg.com.br\/fatosfotoseregistros\/branquinha-de-avare\/","title":{"rendered":"A Lealdade Al\u00e9m do Tempo: A Hist\u00f3ria de Branquinha, a Anja Guardi\u00e3 de Avar\u00e9"},"content":{"rendered":"<p style=\"text-align: justify;\">H\u00e1 hist\u00f3rias que desafiam a nossa compreens\u00e3o sobre a profundidade do afeto animal, e a de Branquinha, a emblem\u00e1tica cachorrinha do Cemit\u00e9rio Municipal de Avar\u00e9 (SP), \u00e9 um desses relatos que merecem ficar gravados na mem\u00f3ria coletiva.<\/p>\n<p style=\"text-align: center;\"><img loading=\"lazy\" decoding=\"async\" data-attachment-id=\"6293\" data-permalink=\"https:\/\/www.kanenberg.com.br\/fatosfotoseregistros\/branquinha-de-avare\/branquinha\/\" data-orig-file=\"https:\/\/www.kanenberg.com.br\/fatosfotoseregistros\/wp-content\/uploads\/2026\/08\/branquinha.jpg\" data-orig-size=\"620,465\" data-comments-opened=\"1\" data-image-meta=\"{&quot;aperture&quot;:&quot;0&quot;,&quot;credit&quot;:&quot;&quot;,&quot;camera&quot;:&quot;&quot;,&quot;caption&quot;:&quot;&quot;,&quot;created_timestamp&quot;:&quot;0&quot;,&quot;copyright&quot;:&quot;&quot;,&quot;focal_length&quot;:&quot;0&quot;,&quot;iso&quot;:&quot;0&quot;,&quot;shutter_speed&quot;:&quot;0&quot;,&quot;title&quot;:&quot;&quot;,&quot;orientation&quot;:&quot;0&quot;,&quot;alt&quot;:&quot;&quot;}\" data-image-title=\"Branquinha de Avar\u00e9\" data-image-description=\"\" data-image-caption=\"\" data-large-file=\"https:\/\/www.kanenberg.com.br\/fatosfotoseregistros\/wp-content\/uploads\/2026\/08\/branquinha.jpg\" class=\"aligncenter size-full wp-image-6293\" src=\"https:\/\/www.kanenberg.com.br\/fatosfotoseregistros\/wp-content\/uploads\/2026\/08\/branquinha.jpg\" alt=\"Branquinha de Avar\u00e9\" width=\"620\" height=\"465\" srcset=\"https:\/\/www.kanenberg.com.br\/fatosfotoseregistros\/wp-content\/uploads\/2026\/08\/branquinha.jpg 620w, https:\/\/www.kanenberg.com.br\/fatosfotoseregistros\/wp-content\/uploads\/2026\/08\/branquinha-300x225.jpg 300w\" sizes=\"auto, (max-width: 620px) 100vw, 620px\" \/><\/p>\n<p style=\"text-align: justify;\">Tudo come\u00e7ou no in\u00edcio dos anos 2000, quando o tutor de Branquinha faleceu e foi sepultado no cemit\u00e9rio da cidade. Desconsolada, a vira-lata de pelagem clara recusou-se a aceitar a separa\u00e7\u00e3o. Ela seguiu o cortejo f\u00fanebre e, a partir daquele dia, fez do campo-santo a sua eterna morada.<\/p>\n<h2 style=\"text-align: left;\">O Cotidiano entre as Almas e os Vivos<\/h2>\n<p style=\"text-align: justify;\">Nos primeiros meses, funcion\u00e1rios e visitantes notavam a figura esguia e atenta que vagava entre as alamedas, repousando quase sempre pr\u00f3xima \u00e0 sepultura do seu antigo companheiro. Com o passar do tempo, a tristeza inicial deu lugar a uma voca\u00e7\u00e3o \u00fanica: Branquinha tornou-se a recepcionista e guardi\u00e3 do local.<\/p>\n<ul>\n<li style=\"text-align: justify;\"><strong>Companhia no Luto<\/strong>: Branquinha parecia pressentir a dor dos visitantes. Em dias de sepultamento, aproxima-se com passos mansos das fam\u00edlias enlutadas, oferecendo uma presen\u00e7a silenciosa que trazia alento nos momentos mais dif\u00edceis.<\/li>\n<li style=\"text-align: justify;\"><strong>Ado\u00e7\u00e3o pela Comunidade<\/strong>: Embora muitos tenham tentado lev\u00e1-la para casa na inten\u00e7\u00e3o de lhe dar um lar tradicional, Branquinha sempre encontrava um jeito de escapar e retornar ao cemit\u00e9rio. O local era o seu verdadeiro lar.<\/li>\n<li style=\"text-align: justify;\"><strong style=\"font-size: 1.0625rem;\">Cuidado Coletivo<\/strong><span style=\"font-size: 1.0625rem;\">: Sensibilizados por sua fidelidade, os coveiros, administradores e moradores da vizinhan\u00e7a assumiram os cuidados com sua alimenta\u00e7\u00e3o, \u00e1gua e atendimento veterin\u00e1rio. Ela ganhou casinha, cobertores para as noites frias e o carinho di\u00e1rio de toda a cidade.<\/span><\/li>\n<\/ul>\n<h2 style=\"text-align: left;\">Um Legado de Amor Incondicional<\/h2>\n<p style=\"text-align: justify;\">Branquinha viveu por anos no cemit\u00e9rio, tornando-se uma verdadeira lenda viva da cidade e s\u00edmbolo da fidelidade canina \u2014 uma vers\u00e3o avareense do famoso Hachiko japon\u00eas.<\/p>\n<p style=\"text-align: justify;\">Sua trajet\u00f3ria permanece como um lembrete comovente de que o amor e a lealdade transcendem qualquer barreira, inclusive a pr\u00f3pria morte. Para quem visita o Cemit\u00e9rio Municipal de Avar\u00e9, a lembran\u00e7a de Branquinha continua viva em cada corredor e na mem\u00f3ria daqueles que tiveram a sorte de cruzar com seu olhar sereno e acolhedor.<\/p>\n<h2>Homenagem<\/h2>\n<p style=\"text-align: justify;\">Em julho de 2013, cerca de dois meses ap\u00f3s o falecimento da cachorrinha (ocorrido em maio de 2013), foi inaugurada uma <strong>est\u00e1tua em tamanho natural da Branquinha<\/strong> na entrada do Cemit\u00e9rio Municipal de Avar\u00e9, no jardim localizado em frente ao vel\u00f3rio municipal.<\/p>\n<p style=\"text-align: justify;\">A homenagem foi idealizada por moradores locais sensibilizados com a sua hist\u00f3ria (com iniciativa da artista pl\u00e1stica e presidente da Casa de Artesanato de Avar\u00e9 na \u00e9poca, Castorina Rodrigues) e confeccionada pelo escultor Florisval Tegani.<\/p>\n<p style=\"text-align: justify;\">A escultura fica sobre um pedestal contendo um t\u00famulo simb\u00f3lico e uma placa com a seguinte homenagem em primeira pessoa:<\/p>\n<blockquote>\n<p style=\"text-align: justify;\">&#8220;Sou Branca, branquinha de alma e cora\u00e7\u00e3o. Por muitas vezes, acompanhei suas afli\u00e7\u00f5es. Hoje, estou com os anjos em ora\u00e7\u00e3o e para ser guardi\u00e3 de todos que por aqui se encontrar\u00e3o.&#8221;<\/p>\n<\/blockquote>\n<p style=\"text-align: justify;\">A est\u00e1tua e o monumento simb\u00f3lico tornaram-se pontos de visita\u00e7\u00e3o e refer\u00eancia no cemit\u00e9rio, onde moradores e visitantes costumam parar para tirar fotos, prestar homenagens e deixar flores.<\/p>\n<p><span class=\"embed-youtube\" style=\"text-align:center; display: block;\"><iframe loading=\"lazy\" class=\"youtube-player\" width=\"840\" height=\"473\" src=\"https:\/\/www.youtube.com\/embed\/Kq0gz5xF0EM?version=3&#038;rel=1&#038;showsearch=0&#038;showinfo=1&#038;iv_load_policy=1&#038;fs=1&#038;hl=pt-BR&#038;autohide=2&#038;wmode=transparent\" allowfullscreen=\"true\" style=\"border:0;\" sandbox=\"allow-scripts allow-same-origin allow-popups allow-presentation allow-popups-to-escape-sandbox\"><\/iframe><\/span><\/p>\n","protected":false},"excerpt":{"rendered":"<p>H\u00e1 hist\u00f3rias que desafiam a nossa compreens\u00e3o sobre a profundidade do afeto animal, e a de Branquinha, a emblem\u00e1tica cachorrinha do Cemit\u00e9rio Municipal de Avar\u00e9 (SP), \u00e9 um desses relatos que merecem ficar gravados na mem\u00f3ria coletiva.<\/p>\n","protected":false},"author":1,"featured_media":0,"comment_status":"open","ping_status":"open","sticky":false,"template":"","format":"standard","meta":{"_exactmetrics_skip_tracking":false,"_jetpack_newsletter_access":"","_jetpack_dont_email_post_to_subs":false,"_jetpack_newsletter_tier_id":0,"_jetpack_memberships_contains_paywalled_content":false,"_jetpack_feature_clip_id":0,"_jetpack_memberships_contains_paid_content":false,"footnotes":"","jetpack_publicize_message":"","jetpack_publicize_feature_enabled":true,"jetpack_social_post_already_shared":true,"jetpack_social_options":{"image_generator_settings":{"template":"highway","default_image_id":0,"font":"","enabled":false},"version":2},"jetpack_post_was_ever_published":false},"categories":[282,265],"tags":[436,421,254],"class_list":["post-6292","post","type-post","status-publish","format-standard","hentry","category-lugares","category-textos","tag-cachorros","tag-cemiterios","tag-curiosidades"],"jetpack_publicize_connections":[],"jetpack_sharing_enabled":true,"jetpack_shortlink":"https:\/\/wp.me\/phkM1X-1Du","jetpack-related-posts":[{"id":4071,"url":"https:\/\/www.kanenberg.com.br\/fatosfotoseregistros\/cemiterio-de-gatos\/","url_meta":{"origin":6292,"position":0},"title":"O curioso Cemit\u00e9rio dos Gatos de Blumenau","author":"kanenberg","date":"25 de janeiro de 2017","format":false,"excerpt":"Existem cemit\u00e9rios que chamam a aten\u00e7\u00e3o n\u00e3o apenas por sua hist\u00f3ria, mas tamb\u00e9m pela singularidade de sua exist\u00eancia. Ao redor do mundo h\u00e1 exemplos dedicados a animais, como o conhecido Cemit\u00e9rio de P\u00e1ssaros da Ilha de Paquet\u00e1, no Rio de Janeiro. Em Blumenau, Santa Catarina, um dos locais mais curiosos\u2026","rel":"","context":"Em &quot;Imagem&quot;","block_context":{"text":"Imagem","link":"https:\/\/www.kanenberg.com.br\/fatosfotoseregistros\/category\/imagem\/"},"img":{"alt_text":"img_20161228_150137441_hdr-01.jpeg","src":"https:\/\/fatosfotoseregistros.files.wordpress.com\/2017\/01\/img_20161228_150137441_hdr-01.jpeg?w=350&h=200&crop=1","width":350,"height":200,"srcset":"https:\/\/fatosfotoseregistros.files.wordpress.com\/2017\/01\/img_20161228_150137441_hdr-01.jpeg?w=350&h=200&crop=1 1x, https:\/\/fatosfotoseregistros.files.wordpress.com\/2017\/01\/img_20161228_150137441_hdr-01.jpeg?w=525&h=300&crop=1 1.5x, https:\/\/fatosfotoseregistros.files.wordpress.com\/2017\/01\/img_20161228_150137441_hdr-01.jpeg?w=700&h=400&crop=1 2x, https:\/\/fatosfotoseregistros.files.wordpress.com\/2017\/01\/img_20161228_150137441_hdr-01.jpeg?w=1050&h=600&crop=1 3x, https:\/\/fatosfotoseregistros.files.wordpress.com\/2017\/01\/img_20161228_150137441_hdr-01.jpeg?w=1400&h=800&crop=1 4x"},"classes":[]},{"id":6327,"url":"https:\/\/www.kanenberg.com.br\/fatosfotoseregistros\/o-caso-taninha-e-a-fera-da-penha\/","url_meta":{"origin":6292,"position":1},"title":"O Caso Taninha e a &#8220;Fera da Penha&#8221;: Trag\u00e9dia, Devocion\u00e1rio e Cinema","author":"kanenberg","date":"25 de agosto de 2026","format":false,"excerpt":"Um t\u00famulo rosa no Cemit\u00e9rio de Inha\u00fama\u00a0carrega uma das hist\u00f3rias de crimes reais mais famosas, tr\u00e1gicas e intrigantes da cr\u00f4nica urbana do Rio de Janeiro do s\u00e9culo XX.","rel":"","context":"Em &quot;Lugares&quot;","block_context":{"text":"Lugares","link":"https:\/\/www.kanenberg.com.br\/fatosfotoseregistros\/category\/lugares\/"},"img":{"alt_text":"","src":"https:\/\/i0.wp.com\/www.kanenberg.com.br\/fatosfotoseregistros\/wp-content\/uploads\/2026\/08\/Taninha_3.jpg?resize=350%2C200&ssl=1","width":350,"height":200,"srcset":"https:\/\/i0.wp.com\/www.kanenberg.com.br\/fatosfotoseregistros\/wp-content\/uploads\/2026\/08\/Taninha_3.jpg?resize=350%2C200&ssl=1 1x, https:\/\/i0.wp.com\/www.kanenberg.com.br\/fatosfotoseregistros\/wp-content\/uploads\/2026\/08\/Taninha_3.jpg?resize=525%2C300&ssl=1 1.5x"},"classes":[]},{"id":16,"url":"https:\/\/www.kanenberg.com.br\/fatosfotoseregistros\/cemiterio-de-passaros-ilha-de-paqueta\/","url_meta":{"origin":6292,"position":2},"title":"Cemit\u00e9rio de p\u00e1ssaros &#8211; Ilha de Paquet\u00e1","author":"kanenberg","date":"20 de fevereiro de 2015","format":false,"excerpt":"O Cemit\u00e9rio de p\u00e1ssaros da Ilha de Paquet\u00e1 no Rio de Janeiro, \u00fanico no Brasil, foi fundado em 1915. Foi idealizado pelo artista pl\u00e1stico Pedro Bruno e seu amigo Augusto Silva. O local possu\u00ed 24 pequenas covas, que possuem aproximadamente o tamanho de uma caixa de sapatos, o espa\u00e7o parece\u2026","rel":"","context":"Em &quot;Lugares&quot;","block_context":{"text":"Lugares","link":"https:\/\/www.kanenberg.com.br\/fatosfotoseregistros\/category\/lugares\/"},"img":{"alt_text":"","src":"https:\/\/i0.wp.com\/www.kanenberg.com.br\/fatosfotoseregistros\/wp-content\/uploads\/2015\/02\/cemiterio2.jpg?resize=350%2C200&ssl=1","width":350,"height":200},"classes":[]},{"id":4019,"url":"https:\/\/www.kanenberg.com.br\/fatosfotoseregistros\/museu-da-familia-colonial\/","url_meta":{"origin":6292,"position":3},"title":"Museu da Fam\u00edlia Colonial","author":"kanenberg","date":"3 de janeiro de 2017","format":false,"excerpt":"O Museu da Fam\u00edlia Colonial, situado na cidade de Blumenau, objetiva mostrar \u00e0s atuais gera\u00e7\u00f5es como vivia uma fam\u00edlia de classe m\u00e9dia alta nos primeiros anos da coloniza\u00e7\u00e3o da cidade.","rel":"","context":"Em &quot;Lugares&quot;","block_context":{"text":"Lugares","link":"https:\/\/www.kanenberg.com.br\/fatosfotoseregistros\/category\/lugares\/"},"img":{"alt_text":"","src":"https:\/\/i0.wp.com\/www.kanenberg.com.br\/fatosfotoseregistros\/wp-content\/uploads\/2017\/01\/img_20161228_140857451.jpg?resize=350%2C200&ssl=1","width":350,"height":200,"srcset":"https:\/\/i0.wp.com\/www.kanenberg.com.br\/fatosfotoseregistros\/wp-content\/uploads\/2017\/01\/img_20161228_140857451.jpg?resize=350%2C200&ssl=1 1x, https:\/\/i0.wp.com\/www.kanenberg.com.br\/fatosfotoseregistros\/wp-content\/uploads\/2017\/01\/img_20161228_140857451.jpg?resize=525%2C300&ssl=1 1.5x, https:\/\/i0.wp.com\/www.kanenberg.com.br\/fatosfotoseregistros\/wp-content\/uploads\/2017\/01\/img_20161228_140857451.jpg?resize=700%2C400&ssl=1 2x"},"classes":[]},{"id":507,"url":"https:\/\/www.kanenberg.com.br\/fatosfotoseregistros\/jose-datrino\/","url_meta":{"origin":6292,"position":4},"title":"Voc\u00ea sabe quem foi Jos\u00e9 Datrino?","author":"kanenberg","date":"14 de abril de 2016","format":false,"excerpt":"Talvez muitos v\u00e3o se lembrar da express\u00e3o Gentileza gera Gentileza, ou ainda v\u00e3o se lembrar das 56 inscri\u00e7\u00f5es ou prov\u00e9rbios nas pilastras do Viaduto do Gas\u00f4metro, no Rio de Janeiro, que v\u00e3o do Cemit\u00e9rio do Caj\u00fa at\u00e9 a Rodovi\u00e1ria Novo Rio.","rel":"","context":"Em &quot;Textos&quot;","block_context":{"text":"Textos","link":"https:\/\/www.kanenberg.com.br\/fatosfotoseregistros\/category\/textos\/"},"img":{"alt_text":"datrino1","src":"https:\/\/i0.wp.com\/fatosfotoseregistros.kanenberg.com.br\/wp-content\/uploads\/2016\/04\/datrino1.jpg?resize=350%2C200&ssl=1","width":350,"height":200},"classes":[]},{"id":1848,"url":"https:\/\/www.kanenberg.com.br\/fatosfotoseregistros\/favela-da-catacumba\/","url_meta":{"origin":6292,"position":5},"title":"Favela da Catacumba","author":"kanenberg","date":"12 de julho de 2016","format":false,"excerpt":"Em 1970, durante gest\u00e3o de Negr\u00e3o de Lima, a favela ali instalada foi removida. Na ocasi\u00e3o, a favela contava com mais de 2000 barracos onde viviam mais de 10000 pessoas em p\u00e9ssimas condi\u00e7\u00f5es, sem servi\u00e7o de \u00e1gua pot\u00e1vel e o esgoto in natura sendo despejado diretamente na Lagoa Rodrigo de\u2026","rel":"","context":"Em &quot;Imagem&quot;","block_context":{"text":"Imagem","link":"https:\/\/www.kanenberg.com.br\/fatosfotoseregistros\/category\/imagem\/"},"img":{"alt_text":"jb_09-09-1967","src":"https:\/\/fatosfotoseregistros.files.wordpress.com\/2016\/07\/jb_09-09-1967.jpg?w=350&h=200&crop=1","width":350,"height":200},"classes":[]}],"jetpack_likes_enabled":true,"amp_enabled":true,"jetpack_featured_media_url":"","_links":{"self":[{"href":"https:\/\/www.kanenberg.com.br\/fatosfotoseregistros\/wp-json\/wp\/v2\/posts\/6292","targetHints":{"allow":["GET"]}}],"collection":[{"href":"https:\/\/www.kanenberg.com.br\/fatosfotoseregistros\/wp-json\/wp\/v2\/posts"}],"about":[{"href":"https:\/\/www.kanenberg.com.br\/fatosfotoseregistros\/wp-json\/wp\/v2\/types\/post"}],"author":[{"embeddable":true,"href":"https:\/\/www.kanenberg.com.br\/fatosfotoseregistros\/wp-json\/wp\/v2\/users\/1"}],"replies":[{"embeddable":true,"href":"https:\/\/www.kanenberg.com.br\/fatosfotoseregistros\/wp-json\/wp\/v2\/comments?post=6292"}],"version-history":[{"count":1,"href":"https:\/\/www.kanenberg.com.br\/fatosfotoseregistros\/wp-json\/wp\/v2\/posts\/6292\/revisions"}],"predecessor-version":[{"id":6294,"href":"https:\/\/www.kanenberg.com.br\/fatosfotoseregistros\/wp-json\/wp\/v2\/posts\/6292\/revisions\/6294"}],"wp:attachment":[{"href":"https:\/\/www.kanenberg.com.br\/fatosfotoseregistros\/wp-json\/wp\/v2\/media?parent=6292"}],"wp:term":[{"taxonomy":"category","embeddable":true,"href":"https:\/\/www.kanenberg.com.br\/fatosfotoseregistros\/wp-json\/wp\/v2\/categories?post=6292"},{"taxonomy":"post_tag","embeddable":true,"href":"https:\/\/www.kanenberg.com.br\/fatosfotoseregistros\/wp-json\/wp\/v2\/tags?post=6292"}],"curies":[{"name":"wp","href":"https:\/\/api.w.org\/{rel}","templated":true}]}}