{"id":6284,"date":"2026-08-12T11:59:12","date_gmt":"2026-08-12T14:59:12","guid":{"rendered":"https:\/\/www.kanenberg.com.br\/fatosfotoseregistros\/?p=6284"},"modified":"2026-08-12T11:59:12","modified_gmt":"2026-08-12T14:59:12","slug":"o-charmoso-ronco-da-historia-origem-sucesso-e-curiosidades-da-lambretta","status":"publish","type":"post","link":"https:\/\/www.kanenberg.com.br\/fatosfotoseregistros\/o-charmoso-ronco-da-historia-origem-sucesso-e-curiosidades-da-lambretta\/","title":{"rendered":"O Charmoso Ronco da Hist\u00f3ria: Origem, Sucesso e Curiosidades da Lambretta"},"content":{"rendered":"<p style=\"text-align: justify;\">Se existe um ve\u00edculo capaz de despertar nostalgia imediata e remeter a uma \u00e9poca de eleg\u00e2ncia sobre duas rodas, esse ve\u00edculo \u00e9 a Lambretta. Com suas linhas fluidas, mec\u00e2nica simples e um visual inconfund\u00edvel, o cl\u00e1ssico scooter ultrapassou as barreiras de mero meio de transporte e se tornou um verdadeiro \u00edcone cultural do s\u00e9culo XX.<\/p>\n<figure id=\"attachment_6285\" aria-describedby=\"caption-attachment-6285\" style=\"width: 1448px\" class=\"wp-caption aligncenter\"><img loading=\"lazy\" decoding=\"async\" data-attachment-id=\"6285\" data-permalink=\"https:\/\/www.kanenberg.com.br\/fatosfotoseregistros\/o-charmoso-ronco-da-historia-origem-sucesso-e-curiosidades-da-lambretta\/lambretta\/\" data-orig-file=\"https:\/\/www.kanenberg.com.br\/fatosfotoseregistros\/wp-content\/uploads\/2026\/08\/Lambretta.jpg\" data-orig-size=\"1448,1086\" data-comments-opened=\"1\" data-image-meta=\"{&quot;aperture&quot;:&quot;0&quot;,&quot;credit&quot;:&quot;&quot;,&quot;camera&quot;:&quot;&quot;,&quot;caption&quot;:&quot;&quot;,&quot;created_timestamp&quot;:&quot;0&quot;,&quot;copyright&quot;:&quot;&quot;,&quot;focal_length&quot;:&quot;0&quot;,&quot;iso&quot;:&quot;0&quot;,&quot;shutter_speed&quot;:&quot;0&quot;,&quot;title&quot;:&quot;&quot;,&quot;orientation&quot;:&quot;0&quot;,&quot;alt&quot;:&quot;&quot;}\" data-image-title=\"Lambretta: \u00cdcone italiano sobre duas rodas\" data-image-description=\"\" data-image-caption=\"&lt;p&gt;Lambretta: \u00cdcone italiano sobre duas rodas&lt;\/p&gt;\n\" data-large-file=\"https:\/\/www.kanenberg.com.br\/fatosfotoseregistros\/wp-content\/uploads\/2026\/08\/Lambretta-1024x768.jpg\" class=\"size-full wp-image-6285\" src=\"https:\/\/www.kanenberg.com.br\/fatosfotoseregistros\/wp-content\/uploads\/2026\/08\/Lambretta.jpg\" alt=\"Lambretta: \u00cdcone italiano sobre duas rodas\" width=\"1448\" height=\"1086\" srcset=\"https:\/\/www.kanenberg.com.br\/fatosfotoseregistros\/wp-content\/uploads\/2026\/08\/Lambretta.jpg 1448w, https:\/\/www.kanenberg.com.br\/fatosfotoseregistros\/wp-content\/uploads\/2026\/08\/Lambretta-300x225.jpg 300w, https:\/\/www.kanenberg.com.br\/fatosfotoseregistros\/wp-content\/uploads\/2026\/08\/Lambretta-1024x768.jpg 1024w, https:\/\/www.kanenberg.com.br\/fatosfotoseregistros\/wp-content\/uploads\/2026\/08\/Lambretta-768x576.jpg 768w\" sizes=\"auto, (max-width: 1448px) 100vw, 1448px\" \/><figcaption id=\"caption-attachment-6285\" class=\"wp-caption-text\">Lambretta: \u00cdcone italiano sobre duas rodas<\/figcaption><\/figure>\n<h2><strong>Origem: O Renascimento da It\u00e1lia P\u00f3s-Guerra<\/strong><\/h2>\n<p style=\"text-align: justify;\">A hist\u00f3ria da Lambretta come\u00e7a em Mil\u00e3o, na It\u00e1lia, no final da Segunda Guerra Mundial. O industrial Ferdinando Innocenti possu\u00eda uma f\u00e1brica de tubos de a\u00e7o no distrito de <strong>Lambrate<\/strong> \u2014 regi\u00e3o banhada pelo rio <strong>Lambro<\/strong>, que mais tarde daria nome \u00e0 famosa motoneta.<\/p>\n<p style=\"text-align: justify;\">Com a f\u00e1brica destru\u00edda pelos bombardeios da guerra e o pa\u00eds necessitando urgentemente de um meio de transporte barato, econ\u00f4mico e eficiente para colocar a popula\u00e7\u00e3o em movimento, Innocenti teve uma vis\u00e3o. Inspirado nos pequenos tratores e scooters militares norte-americanos usados na guerra (como os Cushman), ele encomendou o projeto de um novo ve\u00edculo ao engenheiro aeron\u00e1utico D&#8217;Ascanio.<\/p>\n<p style=\"text-align: justify;\">Ap\u00f3s diverg\u00eancias conceituais sobre o chassi tubular, Innocenti escalou o engenheiro <strong>Pierluigi Torre<\/strong> para dar vida ao modelo final. Em 1947, nascia a primeira Lambretta (Modelo A), revolucionando a mobilidade urbana europeia.<\/p>\n<h2><strong>A Chegada e a Febre no Brasil<\/strong><\/h2>\n<p style=\"text-align: justify;\">No Brasil, a rela\u00e7\u00e3o com a motoneta foi intensa. A Lambretta come\u00e7ou a ser importada no in\u00edcio dos anos 1950, mas o sucesso foi t\u00e3o avassalador que, em 1955, instalou-se no pa\u00eds a <strong>Pasco Lambretta<\/strong>, primeira f\u00e1brica de ve\u00edculos de duas rodas do Brasil, localizada no bairro da Lapa, em S\u00e3o Paulo.<\/p>\n<p style=\"text-align: justify;\">Modelos como a <strong>Lambretta LD<\/strong>, a <strong>Standard<\/strong> e a <strong>Cynthia<\/strong> ganharam as ruas de cidades grandes e pequenas por todo o pa\u00eds. Durante as d\u00e9cadas de 1950 e 1960, possuir uma Lambretta era sin\u00f4nimo de modernidade, estilo e status social. O sucesso foi tamanho que o nome &#8220;lambreta&#8221; virou sin\u00f4nimo gen\u00e9rico para qualquer motoneta e at\u00e9 entrou no vocabul\u00e1rio do futebol brasileiro para descrever o famoso drible de calcanhar por cima do advers\u00e1rio.<\/p>\n<h2><strong>Lambretta x Vespa: A Grande Rivalidade<\/strong><\/h2>\n<p style=\"text-align: justify;\">Ao contr\u00e1rio do que muitos pensam, a Lambretta e a Vespa n\u00e3o eram do mesmo fabricante. Trata-se de duas marcas italianas concorrentes com filosofias de engenharia bem distintas:<\/p>\n<table>\n<thead>\n<tr>\n<td><strong>Caracter\u00edstica<\/strong><\/td>\n<td><strong>Lambretta<\/strong><\/td>\n<td><strong>Vespa<\/strong><\/td>\n<\/tr>\n<\/thead>\n<tbody>\n<tr>\n<td><strong>Fabricante<\/strong><\/td>\n<td>Innocenti<\/td>\n<td>Piaggio<\/td>\n<\/tr>\n<tr>\n<td><strong>Estrutura<\/strong><\/td>\n<td>Chassi tubular r\u00edgido de a\u00e7o<\/td>\n<td>Monocoque (carroceria estampada em chapa)<\/td>\n<\/tr>\n<tr>\n<td><strong>Posi\u00e7\u00e3o do Motor<\/strong><\/td>\n<td>Centralizado (melhor distribui\u00e7\u00e3o de peso)<\/td>\n<td>Lateral direita (traseira)<\/td>\n<\/tr>\n<tr>\n<td><strong>Comportamento<\/strong><\/td>\n<td>Mais est\u00e1vel em velocidades maiores<\/td>\n<td>Extremamente \u00e1gil no tr\u00e2nsito urbano<\/td>\n<\/tr>\n<\/tbody>\n<\/table>\n<p style=\"text-align: justify;\">Embora a f\u00e1brica original da Innocenti tenha encerrado a produ\u00e7\u00e3o na It\u00e1lia na d\u00e9cada de 1970, a marca Vespa continuou sendo produzida pela Piaggio e se modernizou ao longo dos anos.<\/p>\n<h2><strong>Curiosidades Surpreendentes<\/strong><\/h2>\n<ul>\n<li>\n<p style=\"text-align: justify;\"><strong>Prote\u00e7\u00e3o contra Graxa:<\/strong> O design carenado da Lambretta foi pensado estrategicamente para que os trabalhadores pudessem ir ao trabalho vestindo terno e gravata sem sujar as cal\u00e7as com \u00f3leo ou graxa da corrente.<\/p>\n<\/li>\n<li>\n<p style=\"text-align: justify;\"><strong>\u00cdcone Mod na Inglaterra:<\/strong> Nos anos 1960, a juventude brit\u00e2nica do movimento <em>Mod<\/em> adotou a Lambretta como s\u00edmbolo de estilo, personalizando as motonetas com dezenas de espelhos retrovisores e far\u00f3is extras.<\/p>\n<\/li>\n<li>\n<p style=\"text-align: justify;\"><strong>Produ\u00e7\u00e3o Indiana:<\/strong> Quando a produ\u00e7\u00e3o encerrou na It\u00e1lia em 1972, todo o maquin\u00e1rio e os direitos da Lambretta foram vendidos ao governo da \u00cdndia, fundando a <em>Scooters India Limited<\/em> (SIL), que continuou fabricando o modelo por mais algumas d\u00e9cadas.<\/p>\n<\/li>\n<\/ul>\n<h2><strong>De Meio de Transporte a Item de Colecionador<\/strong><\/h2>\n<p style=\"text-align: justify;\">Hoje em dia, ver uma Lambretta rodando \u00e9 presenciar a hist\u00f3ria viva. O ve\u00edculo deixou de ser um transporte cotidiano para se transformar em uma cobi\u00e7ada pe\u00e7a de cole\u00e7\u00e3o e restaura\u00e7\u00e3o.<\/p>\n<p style=\"text-align: justify;\">Clubes de <em>lambrettistas<\/em> espalhados pelo Brasil e pelo mundo mant\u00eam acesa a paix\u00e3o por esses ve\u00edculos, promovendo encontros, passeios e preservando com rigor a originalidade das pe\u00e7as. Restaurar uma Lambretta \u00e9 resgatar mem\u00f3rias afetivas de uma \u00e9poca em que o tempo corria em outro ritmo e a liberdade sobre duas rodas tinha um charme incompar\u00e1vel.<\/p>\n","protected":false},"excerpt":{"rendered":"<p>Se existe um ve\u00edculo capaz de despertar nostalgia imediata e remeter a uma \u00e9poca de eleg\u00e2ncia sobre duas rodas, esse ve\u00edculo \u00e9 a Lambretta. Com suas linhas fluidas, mec\u00e2nica simples e um visual inconfund\u00edvel, o cl\u00e1ssico scooter ultrapassou as barreiras de mero meio de transporte e se tornou um verdadeiro \u00edcone cultural do s\u00e9culo XX.<\/p>\n","protected":false},"author":1,"featured_media":0,"comment_status":"open","ping_status":"open","sticky":false,"template":"","format":"standard","meta":{"_exactmetrics_skip_tracking":false,"_jetpack_newsletter_access":"","_jetpack_dont_email_post_to_subs":false,"_jetpack_newsletter_tier_id":0,"_jetpack_memberships_contains_paywalled_content":false,"_jetpack_feature_clip_id":0,"_jetpack_memberships_contains_paid_content":false,"footnotes":"","jetpack_publicize_message":"","jetpack_publicize_feature_enabled":true,"jetpack_social_post_already_shared":true,"jetpack_social_options":{"image_generator_settings":{"template":"highway","default_image_id":0,"font":"","enabled":false},"version":2},"jetpack_post_was_ever_published":false},"categories":[265],"tags":[355,254,434],"class_list":["post-6284","post","type-post","status-publish","format-standard","hentry","category-textos","tag-antiguidades","tag-curiosidades","tag-veiculos-antigos"],"jetpack_publicize_connections":[],"jetpack_sharing_enabled":true,"jetpack_shortlink":"https:\/\/wp.me\/phkM1X-1Dm","jetpack-related-posts":[{"id":6066,"url":"https:\/\/www.kanenberg.com.br\/fatosfotoseregistros\/voce-sabia-invencoes-e-criacoes-de-origem-alema\/","url_meta":{"origin":6284,"position":0},"title":"Voc\u00ea sabia? Inven\u00e7\u00f5es e cria\u00e7\u00f5es de origem alem\u00e3","author":"kanenberg","date":"14 de janeiro de 2026","format":false,"excerpt":"Ao longo da hist\u00f3ria, muitas das inven\u00e7\u00f5es, objetos e conceitos que fazem parte do nosso cotidiano tiveram origem em um mesmo territ\u00f3rio: a Alemanha. Seja por meio do engenho de inventores individuais, do ambiente favor\u00e1vel \u00e0 pesquisa cient\u00edfica ou do surgimento de empresas que apostaram em inova\u00e7\u00e3o, o espa\u00e7o germ\u00e2nico\u2026","rel":"","context":"Em &quot;Lugares&quot;","block_context":{"text":"Lugares","link":"https:\/\/www.kanenberg.com.br\/fatosfotoseregistros\/category\/lugares\/"},"img":{"alt_text":"Alemanha","src":"https:\/\/i0.wp.com\/www.kanenberg.com.br\/fatosfotoseregistros\/wp-content\/uploads\/2026\/01\/mapa-alemanha.png?resize=350%2C200&ssl=1","width":350,"height":200},"classes":[]},{"id":6080,"url":"https:\/\/www.kanenberg.com.br\/fatosfotoseregistros\/peppino-di-capri-morre-aos-86-anos\/","url_meta":{"origin":6284,"position":1},"title":"Cantor italiano Peppino di Capri morre aos 86 anos","author":"kanenberg","date":"11 de julho de 2026","format":false,"excerpt":"\u00c9 um dia triste para os amantes da m\u00fasica rom\u00e2ntica e da tradicional melodia italiana. O falecimento de Peppino di Capri deixa um vazio enorme, mas tamb\u00e9m um legado eterno que embalou gera\u00e7\u00f5es, jantares rom\u00e2nticos e mem\u00f3rias afetivas ao som de cl\u00e1ssicos como \"Champagne\" e \"Roberta\".","rel":"","context":"Em &quot;Personalidades&quot;","block_context":{"text":"Personalidades","link":"https:\/\/www.kanenberg.com.br\/fatosfotoseregistros\/category\/personalidades\/"},"img":{"alt_text":"Peppino di Capri","src":"https:\/\/i0.wp.com\/www.kanenberg.com.br\/fatosfotoseregistros\/wp-content\/uploads\/2026\/07\/ChatGPT-Image-11-de-jul.-de-2026-16_39_36.png?resize=350%2C200&ssl=1","width":350,"height":200,"srcset":"https:\/\/i0.wp.com\/www.kanenberg.com.br\/fatosfotoseregistros\/wp-content\/uploads\/2026\/07\/ChatGPT-Image-11-de-jul.-de-2026-16_39_36.png?resize=350%2C200&ssl=1 1x, https:\/\/i0.wp.com\/www.kanenberg.com.br\/fatosfotoseregistros\/wp-content\/uploads\/2026\/07\/ChatGPT-Image-11-de-jul.-de-2026-16_39_36.png?resize=525%2C300&ssl=1 1.5x, https:\/\/i0.wp.com\/www.kanenberg.com.br\/fatosfotoseregistros\/wp-content\/uploads\/2026\/07\/ChatGPT-Image-11-de-jul.-de-2026-16_39_36.png?resize=700%2C400&ssl=1 2x, https:\/\/i0.wp.com\/www.kanenberg.com.br\/fatosfotoseregistros\/wp-content\/uploads\/2026\/07\/ChatGPT-Image-11-de-jul.-de-2026-16_39_36.png?resize=1050%2C600&ssl=1 3x, https:\/\/i0.wp.com\/www.kanenberg.com.br\/fatosfotoseregistros\/wp-content\/uploads\/2026\/07\/ChatGPT-Image-11-de-jul.-de-2026-16_39_36.png?resize=1400%2C800&ssl=1 4x"},"classes":[]},{"id":6204,"url":"https:\/\/www.kanenberg.com.br\/fatosfotoseregistros\/canhao-el-cristiano-historia-curiosidades-e-a-polemica-do-trofeu-de-guerra\/","url_meta":{"origin":6284,"position":2},"title":"Canh\u00e3o El Cristiano: Hist\u00f3ria, Curiosidades e a Pol\u00eamica do Trof\u00e9u de Guerra","author":"kanenberg","date":"2 de agosto de 2026","format":false,"excerpt":"O canh\u00e3o \"El Cristiano\" \u00e9 uma das pe\u00e7as mais simb\u00f3licas e controversas da hist\u00f3ria militar da Am\u00e9rica do Sul. Exposto no p\u00e1tio do Museu Hist\u00f3rico Nacional (MHN), no centro do Rio de Janeiro, ele voltou aos holofotes devido \u00e0s recorrentes tratativas diplom\u00e1ticas e apelos do governo paraguaio pela sua restitui\u00e7\u00e3o\u2026","rel":"","context":"Em &quot;Textos&quot;","block_context":{"text":"Textos","link":"https:\/\/www.kanenberg.com.br\/fatosfotoseregistros\/category\/textos\/"},"img":{"alt_text":"El Cristiano","src":"https:\/\/i0.wp.com\/www.kanenberg.com.br\/fatosfotoseregistros\/wp-content\/uploads\/2026\/08\/El-Cristiano-scaled.jpg?resize=350%2C200&ssl=1","width":350,"height":200,"srcset":"https:\/\/i0.wp.com\/www.kanenberg.com.br\/fatosfotoseregistros\/wp-content\/uploads\/2026\/08\/El-Cristiano-scaled.jpg?resize=350%2C200&ssl=1 1x, https:\/\/i0.wp.com\/www.kanenberg.com.br\/fatosfotoseregistros\/wp-content\/uploads\/2026\/08\/El-Cristiano-scaled.jpg?resize=525%2C300&ssl=1 1.5x, https:\/\/i0.wp.com\/www.kanenberg.com.br\/fatosfotoseregistros\/wp-content\/uploads\/2026\/08\/El-Cristiano-scaled.jpg?resize=700%2C400&ssl=1 2x, https:\/\/i0.wp.com\/www.kanenberg.com.br\/fatosfotoseregistros\/wp-content\/uploads\/2026\/08\/El-Cristiano-scaled.jpg?resize=1050%2C600&ssl=1 3x, https:\/\/i0.wp.com\/www.kanenberg.com.br\/fatosfotoseregistros\/wp-content\/uploads\/2026\/08\/El-Cristiano-scaled.jpg?resize=1400%2C800&ssl=1 4x"},"classes":[]},{"id":3807,"url":"https:\/\/www.kanenberg.com.br\/fatosfotoseregistros\/barra-velha\/","url_meta":{"origin":6284,"position":3},"title":"Descubra os encantos de Barra Velha","author":"kanenberg","date":"29 de outubro de 2016","format":false,"excerpt":"Barra Velha - Cidade no litoral Norte Catarinense. Primeira pessoa vista pela BR-101 no sentido norte\/sul do estado...","rel":"","context":"Em &quot;Lugares&quot;","block_context":{"text":"Lugares","link":"https:\/\/www.kanenberg.com.br\/fatosfotoseregistros\/category\/lugares\/"},"img":{"alt_text":"","src":"https:\/\/fatosfotoseregistros.files.wordpress.com\/2016\/10\/wp-image-2074729432jpg.jpg?w=350&h=200&crop=1","width":350,"height":200,"srcset":"https:\/\/fatosfotoseregistros.files.wordpress.com\/2016\/10\/wp-image-2074729432jpg.jpg?w=350&h=200&crop=1 1x, https:\/\/fatosfotoseregistros.files.wordpress.com\/2016\/10\/wp-image-2074729432jpg.jpg?w=525&h=300&crop=1 1.5x"},"classes":[]},{"id":541,"url":"https:\/\/www.kanenberg.com.br\/fatosfotoseregistros\/forte-da-laje\/","url_meta":{"origin":6284,"position":4},"title":"Forte Tamandar\u00e9 (Forte da Laje)","author":"kanenberg","date":"20 de abril de 2016","format":false,"excerpt":"Laje \u00e9 uma pequena ilha ou ilhota, que mede cerca de 100 metros em sua maior dimens\u00e3o. Certamente o nome Laje \u00e9 decorrente de ser uma ilha de pedra, com forma semelhante \u00e0 um plat\u00f4 de rocha sobre o mar. O nome oficial do Forte da Lage \u00e9 Forte Tamandar\u00e9,\u2026","rel":"","context":"Em &quot;Lugares&quot;","block_context":{"text":"Lugares","link":"https:\/\/www.kanenberg.com.br\/fatosfotoseregistros\/category\/lugares\/"},"img":{"alt_text":"Forte-da-lage-baia-da-guanabara-rio-de-janeiro.jpg","src":"https:\/\/upload.wikimedia.org\/wikipedia\/commons\/4\/49\/Forte-da-lage-baia-da-guanabara-rio-de-janeiro.jpg","width":350,"height":200,"srcset":"https:\/\/upload.wikimedia.org\/wikipedia\/commons\/4\/49\/Forte-da-lage-baia-da-guanabara-rio-de-janeiro.jpg 1x, https:\/\/upload.wikimedia.org\/wikipedia\/commons\/4\/49\/Forte-da-lage-baia-da-guanabara-rio-de-janeiro.jpg 1.5x"},"classes":[]},{"id":5343,"url":"https:\/\/www.kanenberg.com.br\/fatosfotoseregistros\/do-caminho-do-boi-aos-tabajaras-a-historia-e-as-curiosidades-de-uma-das-ladeiras-mais-famosas-do-rio\/","url_meta":{"origin":6284,"position":5},"title":"Do Caminho do Boi aos Tabajaras: A Hist\u00f3ria e as Curiosidades de uma das Ladeiras Mais Famosas do Rio","author":"kanenberg","date":"14 de fevereiro de 2019","format":false,"excerpt":"Quem passa hoje pelo in\u00edcio da Ladeira dos Tabajaras, logo na altura da Rua Siqueira Campos, em Copacabana, dificilmente imagina que aquele corredor urbano j\u00e1 foi uma rota estreita e poeirenta usada para o transporte de gado no s\u00e9culo XIX.","rel":"","context":"Em &quot;Lugares&quot;","block_context":{"text":"Lugares","link":"https:\/\/www.kanenberg.com.br\/fatosfotoseregistros\/category\/lugares\/"},"img":{"alt_text":"Ladeira dos Tabajaras","src":"https:\/\/i0.wp.com\/www.kanenberg.com.br\/fatosfotoseregistros\/wp-content\/uploads\/2019\/02\/FB_IMG_1550139554943.jpg?resize=350%2C200&ssl=1","width":350,"height":200,"srcset":"https:\/\/i0.wp.com\/www.kanenberg.com.br\/fatosfotoseregistros\/wp-content\/uploads\/2019\/02\/FB_IMG_1550139554943.jpg?resize=350%2C200&ssl=1 1x, https:\/\/i0.wp.com\/www.kanenberg.com.br\/fatosfotoseregistros\/wp-content\/uploads\/2019\/02\/FB_IMG_1550139554943.jpg?resize=525%2C300&ssl=1 1.5x, https:\/\/i0.wp.com\/www.kanenberg.com.br\/fatosfotoseregistros\/wp-content\/uploads\/2019\/02\/FB_IMG_1550139554943.jpg?resize=700%2C400&ssl=1 2x"},"classes":[]}],"jetpack_likes_enabled":true,"amp_enabled":true,"jetpack_featured_media_url":"","_links":{"self":[{"href":"https:\/\/www.kanenberg.com.br\/fatosfotoseregistros\/wp-json\/wp\/v2\/posts\/6284","targetHints":{"allow":["GET"]}}],"collection":[{"href":"https:\/\/www.kanenberg.com.br\/fatosfotoseregistros\/wp-json\/wp\/v2\/posts"}],"about":[{"href":"https:\/\/www.kanenberg.com.br\/fatosfotoseregistros\/wp-json\/wp\/v2\/types\/post"}],"author":[{"embeddable":true,"href":"https:\/\/www.kanenberg.com.br\/fatosfotoseregistros\/wp-json\/wp\/v2\/users\/1"}],"replies":[{"embeddable":true,"href":"https:\/\/www.kanenberg.com.br\/fatosfotoseregistros\/wp-json\/wp\/v2\/comments?post=6284"}],"version-history":[{"count":1,"href":"https:\/\/www.kanenberg.com.br\/fatosfotoseregistros\/wp-json\/wp\/v2\/posts\/6284\/revisions"}],"predecessor-version":[{"id":6286,"href":"https:\/\/www.kanenberg.com.br\/fatosfotoseregistros\/wp-json\/wp\/v2\/posts\/6284\/revisions\/6286"}],"wp:attachment":[{"href":"https:\/\/www.kanenberg.com.br\/fatosfotoseregistros\/wp-json\/wp\/v2\/media?parent=6284"}],"wp:term":[{"taxonomy":"category","embeddable":true,"href":"https:\/\/www.kanenberg.com.br\/fatosfotoseregistros\/wp-json\/wp\/v2\/categories?post=6284"},{"taxonomy":"post_tag","embeddable":true,"href":"https:\/\/www.kanenberg.com.br\/fatosfotoseregistros\/wp-json\/wp\/v2\/tags?post=6284"}],"curies":[{"name":"wp","href":"https:\/\/api.w.org\/{rel}","templated":true}]}}