{"id":623,"date":"2016-05-08T20:00:00","date_gmt":"2016-05-08T23:00:00","guid":{"rendered":"https:\/\/fatosfotoseregistros.wordpress.com\/?p=623"},"modified":"2016-05-08T20:00:00","modified_gmt":"2016-05-08T23:00:00","slug":"lenda-do-joao-de-barro","status":"publish","type":"post","link":"https:\/\/www.kanenberg.com.br\/fatosfotoseregistros\/lenda-do-joao-de-barro\/","title":{"rendered":"Lenda do Jo\u00e3o de Barro"},"content":{"rendered":"<p align=\"justify\">Contam os \u00edndios que foi assim que nasceu o p\u00e1ssaro jo\u00e3o-de-barro.<\/p>\n<p align=\"justify\"><img loading=\"lazy\" decoding=\"async\" data-attachment-id=\"654\" data-permalink=\"https:\/\/www.kanenberg.com.br\/fatosfotoseregistros\/lenda-do-joao-de-barro\/517650214_21cbc1e212_z\/\" data-orig-file=\"https:\/\/www.kanenberg.com.br\/fatosfotoseregistros\/wp-content\/uploads\/2016\/05\/517650214_21cbc1e212_z.jpg\" data-orig-size=\"500,333\" data-comments-opened=\"1\" data-image-meta=\"{&quot;aperture&quot;:&quot;0&quot;,&quot;credit&quot;:&quot;&quot;,&quot;camera&quot;:&quot;&quot;,&quot;caption&quot;:&quot;&quot;,&quot;created_timestamp&quot;:&quot;0&quot;,&quot;copyright&quot;:&quot;&quot;,&quot;focal_length&quot;:&quot;0&quot;,&quot;iso&quot;:&quot;0&quot;,&quot;shutter_speed&quot;:&quot;0&quot;,&quot;title&quot;:&quot;&quot;,&quot;orientation&quot;:&quot;0&quot;}\" data-image-title=\"517650214_21cbc1e212_z\" data-image-description=\"\" data-image-caption=\"\" data-large-file=\"https:\/\/www.kanenberg.com.br\/fatosfotoseregistros\/wp-content\/uploads\/2016\/05\/517650214_21cbc1e212_z.jpg\" class=\"aligncenter size-medium wp-image-654\" src=\"https:\/\/fatosfotoseregistros.files.wordpress.com\/2016\/05\/517650214_21cbc1e212_z.jpg?w=300\" alt=\"517650214_21cbc1e212_z\" width=\"300\" height=\"200\" srcset=\"https:\/\/www.kanenberg.com.br\/fatosfotoseregistros\/wp-content\/uploads\/2016\/05\/517650214_21cbc1e212_z.jpg 500w, https:\/\/www.kanenberg.com.br\/fatosfotoseregistros\/wp-content\/uploads\/2016\/05\/517650214_21cbc1e212_z-300x200.jpg 300w, https:\/\/www.kanenberg.com.br\/fatosfotoseregistros\/wp-content\/uploads\/2016\/05\/517650214_21cbc1e212_z-120x80.jpg 120w, https:\/\/www.kanenberg.com.br\/fatosfotoseregistros\/wp-content\/uploads\/2016\/05\/517650214_21cbc1e212_z-360x240.jpg 360w\" sizes=\"auto, (max-width: 300px) 100vw, 300px\" \/><\/p>\n<p align=\"justify\">Segundo a lenda, \u00a0h\u00e1 muito tempo, numa tribo do sul do Brasil, um jovem se apaixonou por uma mo\u00e7a de grande beleza. Jaeb\u00e9, o mo\u00e7o, foi pedi-la em casamento.<\/p>\n<p align=\"justify\">O pai dela ent\u00e3o perguntou:<\/p>\n<p align=\"justify\">&#8211; Que provas podes dar de sua for\u00e7a para pretender a m\u00e3o da mo\u00e7a mais formosa da tribo?<\/p>\n<p align=\"justify\">&#8211; As provas do meu amor! &#8211; respondeu o jovem Jaeb\u00e9.<\/p>\n<p align=\"justify\">O velho gostou da resposta, mas achou o jovem atrevido, ent\u00e3o disse:<\/p>\n<p align=\"justify\">&#8211; O \u00faltimo pretendente de minha fila falou que ficaria cinco dias em jejum e morreu no quarto dia.<\/p>\n<p align=\"justify\">&#8211; Pois eu digo que ficarei nove dias em jejum e n\u00e3o morrerei.<\/p>\n<p align=\"justify\">Toda a tribo se admirou com a coragem do jovem apaixonado. O velho ordenou que se desse in\u00edcio \u00e0 prova. Ent\u00e3o, enrolaram o rapaz num pesado couro de anta e ficaram dia e noite vigiando para que ele n\u00e3o sa\u00edsse nem fosse alimentado.<\/p>\n<p align=\"justify\">A jovem apaixonada chorava e implorava \u00e0 deusa Lua que o mantivesse vivo. O tempo foi passando e certa manh\u00e3, a filha pediu ao pai:<\/p>\n<p align=\"justify\">&#8211; J\u00e1 se passaram cinco dias. N\u00e3o o deixe morrer.<\/p>\n<p align=\"justify\">E o velho respondeu:<\/p>\n<p align=\"justify\">&#8211; Ele \u00e9 arrogante, falou nas for\u00e7as do amor. Vamos ver o que acontece.<\/p>\n<p align=\"justify\">Esperou ent\u00e3o at\u00e9 a \u00faltima hora do novo dia, ent\u00e3o ordenou:<\/p>\n<p align=\"justify\">&#8211; Vamos ver o que resta do arrogante Jaeb\u00e9.<\/p>\n<p align=\"justify\">Quando abriram o couro da anta, Jaeb\u00e9 saltou ligeiro. Seus olhos brilharam, seu sorriso tinha uma luz m\u00e1gica. Sua pele estava limpa e tinha cheiro de perfume de am\u00eandoas. Todos se admiraram e ficaram mais admirados ainda quando o jovem, ao ver sua amada, se p\u00f4s a cantar como um p\u00e1ssaro enquanto seu corpo, aos poucos, se transformava num corpo de p\u00e1ssaro!<\/p>\n<p align=\"justify\">E foi naquele exato \u00a0momento que os raios do luar tocaram a jovem apaixonada, que tamb\u00e9m se viu transformada em um p\u00e1ssaro. E, ent\u00e3o, ela saiu voando atr\u00e1s de Jaeb\u00e9, que a chamava para a floresta onde desapareceram para sempre.<\/p>\n<p align=\"justify\">Podemos constatar a prova do grande amor que uniu esses dois jovens no cuidado com que o jo\u00e3o-de-barro constr\u00f3i sua casa e protege os filhotes.<\/p>\n<p align=\"justify\">Os homens admiram o p\u00e1ssaro jo\u00e3o-de-barro porque se lembram da for\u00e7a de Jaeb\u00e9, uma for\u00e7a que nasceu do amor e foi maior que a morte.<\/p>\n","protected":false},"excerpt":{"rendered":"<p>Segundo a lenda,  h\u00e1 muito tempo, numa tribo do sul do Brasil, um jovem se apaixonou por uma mo\u00e7a de grande beleza. Jaeb\u00e9, o mo\u00e7o, foi pedi-la em casamento.<\/p>\n","protected":false},"author":1,"featured_media":0,"comment_status":"open","ping_status":"open","sticky":false,"template":"","format":"standard","meta":{"_exactmetrics_skip_tracking":false,"_jetpack_newsletter_access":"","_jetpack_dont_email_post_to_subs":false,"_jetpack_newsletter_tier_id":0,"_jetpack_memberships_contains_paywalled_content":false,"_jetpack_feature_clip_id":0,"_jetpack_memberships_contains_paid_content":false,"footnotes":"","jetpack_publicize_message":"","jetpack_publicize_feature_enabled":true,"jetpack_social_post_already_shared":false,"jetpack_social_options":{"image_generator_settings":{"template":"highway","default_image_id":0,"font":"","enabled":false},"version":2},"jetpack_post_was_ever_published":false},"categories":[265],"tags":[275],"class_list":["post-623","post","type-post","status-publish","format-standard","hentry","category-textos","tag-lendas"],"jetpack_publicize_connections":[],"jetpack_sharing_enabled":true,"jetpack_shortlink":"https:\/\/wp.me\/phkM1X-a3","jetpack-related-posts":[{"id":2169,"url":"https:\/\/www.kanenberg.com.br\/fatosfotoseregistros\/a-lenda-da-pedra-da-onca\/","url_meta":{"origin":623,"position":0},"title":"A Lenda da Pedra da On\u00e7a","author":"kanenberg","date":"21 de julho de 2016","format":false,"excerpt":"Existe uma escultura de uma Gato Maracaj\u00e1 sobre a Pedra dos Amores que fica na praia do Bananal, na Ilha do Governador (cidade do Rio de Janeiro). Essa escultura, da d\u00e9cada de 1920, \u00e9 fruto de famosa lenda e se tornou um s\u00edmbolo daquele bairro.","rel":"","context":"Em &quot;Textos&quot;","block_context":{"text":"Textos","link":"https:\/\/www.kanenberg.com.br\/fatosfotoseregistros\/category\/textos\/"},"img":{"alt_text":"pedra_onca_1954","src":"https:\/\/fatosfotoseregistros.files.wordpress.com\/2016\/07\/pedra_onca_1954.jpg?w=350&h=200&crop=1","width":350,"height":200},"classes":[]},{"id":5343,"url":"https:\/\/www.kanenberg.com.br\/fatosfotoseregistros\/do-caminho-do-boi-aos-tabajaras-a-historia-e-as-curiosidades-de-uma-das-ladeiras-mais-famosas-do-rio\/","url_meta":{"origin":623,"position":1},"title":"Do Caminho do Boi aos Tabajaras: A Hist\u00f3ria e as Curiosidades de uma das Ladeiras Mais Famosas do Rio","author":"kanenberg","date":"14 de fevereiro de 2019","format":false,"excerpt":"Quem passa hoje pelo in\u00edcio da Ladeira dos Tabajaras, logo na altura da Rua Siqueira Campos, em Copacabana, dificilmente imagina que aquele corredor urbano j\u00e1 foi uma rota estreita e poeirenta usada para o transporte de gado no s\u00e9culo XIX.","rel":"","context":"Em &quot;Lugares&quot;","block_context":{"text":"Lugares","link":"https:\/\/www.kanenberg.com.br\/fatosfotoseregistros\/category\/lugares\/"},"img":{"alt_text":"Ladeira dos Tabajaras","src":"https:\/\/i0.wp.com\/www.kanenberg.com.br\/fatosfotoseregistros\/wp-content\/uploads\/2019\/02\/FB_IMG_1550139554943.jpg?resize=350%2C200&ssl=1","width":350,"height":200,"srcset":"https:\/\/i0.wp.com\/www.kanenberg.com.br\/fatosfotoseregistros\/wp-content\/uploads\/2019\/02\/FB_IMG_1550139554943.jpg?resize=350%2C200&ssl=1 1x, https:\/\/i0.wp.com\/www.kanenberg.com.br\/fatosfotoseregistros\/wp-content\/uploads\/2019\/02\/FB_IMG_1550139554943.jpg?resize=525%2C300&ssl=1 1.5x, https:\/\/i0.wp.com\/www.kanenberg.com.br\/fatosfotoseregistros\/wp-content\/uploads\/2019\/02\/FB_IMG_1550139554943.jpg?resize=700%2C400&ssl=1 2x"},"classes":[]},{"id":2353,"url":"https:\/\/www.kanenberg.com.br\/fatosfotoseregistros\/a-carta-de-pero-vaz-de-caminha\/","url_meta":{"origin":623,"position":2},"title":"A Carta de Pero Vaz de Caminha","author":"kanenberg","date":"26 de julho de 2016","format":false,"excerpt":"A carta que o escriv\u00e3o Pero Vaz de Caminha escreveu ao rei d. Manuel \u00e9 considerada o primeiro documento da nossa hist\u00f3ria, e tamb\u00e9m como o primeiro texto liter\u00e1rio do Brasil.","rel":"","context":"Em &quot;Textos&quot;","block_context":{"text":"Textos","link":"https:\/\/www.kanenberg.com.br\/fatosfotoseregistros\/category\/textos\/"},"img":{"alt_text":"carta_caminha","src":"https:\/\/fatosfotoseregistros.files.wordpress.com\/2016\/07\/carta_caminha.png?w=350&h=200&crop=1","width":350,"height":200},"classes":[]},{"id":722,"url":"https:\/\/www.kanenberg.com.br\/fatosfotoseregistros\/sexta-feira-13\/","url_meta":{"origin":623,"position":3},"title":"Sexta-Feira 13","author":"kanenberg","date":"13 de maio de 2016","format":false,"excerpt":"A\u00a0Sexta-feira\u00a0no dia 13\u00a0de qualquer m\u00eas \u00e9 considerada popularmente como um\u00a0dia\u00a0de azar","rel":"","context":"Em &quot;Textos&quot;","block_context":{"text":"Textos","link":"https:\/\/www.kanenberg.com.br\/fatosfotoseregistros\/category\/textos\/"},"img":{"alt_text":"","src":"","width":0,"height":0},"classes":[]},{"id":5360,"url":"https:\/\/www.kanenberg.com.br\/fatosfotoseregistros\/maratona\/","url_meta":{"origin":623,"position":4},"title":"Origens da Maratona","author":"kanenberg","date":"15 de fevereiro de 2019","format":false,"excerpt":"Maratona \u00e9 uma corrida realizada na dist\u00e2ncia oficial de 42,195 km, normalmente em ruas e estradas. \u00danica modalidade esportiva que se originou de...","rel":"","context":"Em &quot;Textos&quot;","block_context":{"text":"Textos","link":"https:\/\/www.kanenberg.com.br\/fatosfotoseregistros\/category\/textos\/"},"img":{"alt_text":"Fid\u00edpides","src":"https:\/\/i0.wp.com\/www.kanenberg.com.br\/fatosfotoseregistros\/wp-content\/uploads\/2019\/02\/Fid%C3%ADpides.jpg?resize=350%2C200&ssl=1","width":350,"height":200},"classes":[]},{"id":251,"url":"https:\/\/www.kanenberg.com.br\/fatosfotoseregistros\/ainda-ha-tempo\/","url_meta":{"origin":623,"position":5},"title":"Ainda h\u00e1 tempo","author":"kanenberg","date":"23 de mar\u00e7o de 2016","format":false,"excerpt":"Era uma vez um garoto que nasceu com uma doen\u00e7a que n\u00e3o tinha cura. Tinha 17 anos e podia morrer a qualquer momento. Sempre viveu na casa de seus pais, sob o cuidado constante de sua m\u00e3e. Um dia decidiu sair sozinho e, com a permiss\u00e3o da m\u00e3e, caminhou pela\u2026","rel":"","context":"Em &quot;Textos&quot;","block_context":{"text":"Textos","link":"https:\/\/www.kanenberg.com.br\/fatosfotoseregistros\/category\/textos\/"},"img":{"alt_text":"wp-1458694381585.jpg","src":"https:\/\/fatosfotoseregistros.files.wordpress.com\/2016\/03\/wp-1458694381585.jpg?w=350&h=200&crop=1","width":350,"height":200},"classes":[]}],"jetpack_likes_enabled":true,"amp_enabled":true,"jetpack_featured_media_url":"","_links":{"self":[{"href":"https:\/\/www.kanenberg.com.br\/fatosfotoseregistros\/wp-json\/wp\/v2\/posts\/623","targetHints":{"allow":["GET"]}}],"collection":[{"href":"https:\/\/www.kanenberg.com.br\/fatosfotoseregistros\/wp-json\/wp\/v2\/posts"}],"about":[{"href":"https:\/\/www.kanenberg.com.br\/fatosfotoseregistros\/wp-json\/wp\/v2\/types\/post"}],"author":[{"embeddable":true,"href":"https:\/\/www.kanenberg.com.br\/fatosfotoseregistros\/wp-json\/wp\/v2\/users\/1"}],"replies":[{"embeddable":true,"href":"https:\/\/www.kanenberg.com.br\/fatosfotoseregistros\/wp-json\/wp\/v2\/comments?post=623"}],"version-history":[{"count":0,"href":"https:\/\/www.kanenberg.com.br\/fatosfotoseregistros\/wp-json\/wp\/v2\/posts\/623\/revisions"}],"wp:attachment":[{"href":"https:\/\/www.kanenberg.com.br\/fatosfotoseregistros\/wp-json\/wp\/v2\/media?parent=623"}],"wp:term":[{"taxonomy":"category","embeddable":true,"href":"https:\/\/www.kanenberg.com.br\/fatosfotoseregistros\/wp-json\/wp\/v2\/categories?post=623"},{"taxonomy":"post_tag","embeddable":true,"href":"https:\/\/www.kanenberg.com.br\/fatosfotoseregistros\/wp-json\/wp\/v2\/tags?post=623"}],"curies":[{"name":"wp","href":"https:\/\/api.w.org\/{rel}","templated":true}]}}