{"id":6214,"date":"2026-08-08T20:00:00","date_gmt":"2026-08-08T23:00:00","guid":{"rendered":"https:\/\/www.kanenberg.com.br\/fatosfotoseregistros\/?p=6214"},"modified":"2026-08-08T20:00:00","modified_gmt":"2026-08-08T23:00:00","slug":"o-rio-de-janeiro-sem-o-pao-de-acucar-lenda-urbana-ou-um-projeto-que-quase-aconteceu","status":"publish","type":"post","link":"https:\/\/www.kanenberg.com.br\/fatosfotoseregistros\/o-rio-de-janeiro-sem-o-pao-de-acucar-lenda-urbana-ou-um-projeto-que-quase-aconteceu\/","title":{"rendered":"O Rio de Janeiro sem o P\u00e3o de A\u00e7\u00facar: Lenda urbana ou um projeto que quase aconteceu?"},"content":{"rendered":"<p style=\"text-align: justify;\">Voc\u00ea consegue imaginar a paisagem do Rio de Janeiro sem a silhueta marcante do P\u00e3o de A\u00e7\u00facar? Para qualquer pessoa hoje, essa ideia parece absurda ou at\u00e9 um roteiro de fic\u00e7\u00e3o cient\u00edfica. No entanto, no final do s\u00e9culo XIX, a elimina\u00e7\u00e3o desse gigante de granito foi seriamente discutida como uma solu\u00e7\u00e3o urban\u00edstica e sanit\u00e1ria para a capital do Brasil.<\/p>\n<p><img loading=\"lazy\" decoding=\"async\" data-attachment-id=\"6228\" data-permalink=\"https:\/\/www.kanenberg.com.br\/fatosfotoseregistros\/o-rio-de-janeiro-sem-o-pao-de-acucar-lenda-urbana-ou-um-projeto-que-quase-aconteceu\/demolir-pao-de-acucar\/\" data-orig-file=\"https:\/\/www.kanenberg.com.br\/fatosfotoseregistros\/wp-content\/uploads\/2026\/08\/Demolir-Pao-de-Acucar.jpg\" data-orig-size=\"1448,1086\" data-comments-opened=\"1\" data-image-meta=\"{&quot;aperture&quot;:&quot;0&quot;,&quot;credit&quot;:&quot;&quot;,&quot;camera&quot;:&quot;&quot;,&quot;caption&quot;:&quot;&quot;,&quot;created_timestamp&quot;:&quot;0&quot;,&quot;copyright&quot;:&quot;&quot;,&quot;focal_length&quot;:&quot;0&quot;,&quot;iso&quot;:&quot;0&quot;,&quot;shutter_speed&quot;:&quot;0&quot;,&quot;title&quot;:&quot;&quot;,&quot;orientation&quot;:&quot;0&quot;,&quot;alt&quot;:&quot;&quot;}\" data-image-title=\"Demolir P\u00e3o de A\u00e7\u00facar\" data-image-description=\"\" data-image-caption=\"\" data-large-file=\"https:\/\/www.kanenberg.com.br\/fatosfotoseregistros\/wp-content\/uploads\/2026\/08\/Demolir-Pao-de-Acucar-1024x768.jpg\" class=\"aligncenter size-full wp-image-6228\" src=\"https:\/\/www.kanenberg.com.br\/fatosfotoseregistros\/wp-content\/uploads\/2026\/08\/Demolir-Pao-de-Acucar.jpg\" alt=\"Demolir P\u00e3o de A\u00e7\u00facar\" width=\"1448\" height=\"1086\" srcset=\"https:\/\/www.kanenberg.com.br\/fatosfotoseregistros\/wp-content\/uploads\/2026\/08\/Demolir-Pao-de-Acucar.jpg 1448w, https:\/\/www.kanenberg.com.br\/fatosfotoseregistros\/wp-content\/uploads\/2026\/08\/Demolir-Pao-de-Acucar-300x225.jpg 300w, https:\/\/www.kanenberg.com.br\/fatosfotoseregistros\/wp-content\/uploads\/2026\/08\/Demolir-Pao-de-Acucar-1024x768.jpg 1024w, https:\/\/www.kanenberg.com.br\/fatosfotoseregistros\/wp-content\/uploads\/2026\/08\/Demolir-Pao-de-Acucar-768x576.jpg 768w\" sizes=\"auto, (max-width: 1448px) 100vw, 1448px\" \/><\/p>\n<p style=\"text-align: justify;\">Embora soe como uma lenda urbana, a proposta de demoli\u00e7\u00e3o existiu e refletia a forma como a ci\u00eancia e a engenharia da \u00e9poca encaravam a cidade.<\/p>\n<h2>A bizarra proposta para derrubar o P\u00e3o de A\u00e7\u00facar<\/h2>\n<p style=\"text-align: justify;\">Na d\u00e9cada de 1880, o debate sobre o saneamento do Rio de Janeiro estava no auge. A cidade sofria com frequentes surtos de doen\u00e7as graves, como a febre amarela, a var\u00edola e a c\u00f3lera. Naquela \u00e9poca, a medicina ainda era fortemente influenciada pela <b>Teoria dos Miasmas<\/b>, que defendia que as epidemias eram causadas e espalhadas pelo &#8220;ar parado&#8221; e pelos maus odores resultantes da mat\u00e9ria org\u00e2nica em decomposi\u00e7\u00e3o.<\/p>\n<p style=\"text-align: justify;\">Foi nesse cen\u00e1rio que um engenheiro prop\u00f4s uma medida radical: <b>demolir o P\u00e3o de A\u00e7\u00facar<\/b>.<\/p>\n<p style=\"text-align: justify;\">A justificativa sanit\u00e1ria era de que o maci\u00e7o de granito funcionava como uma gigantesca barreira natural, impedindo a circula\u00e7\u00e3o dos ventos mar\u00edtimos que deveriam &#8220;limpar&#8221; o ar da cidade. Para tornar o plano atraente aos cofres p\u00fablicos, o projeto ainda previa uma compensa\u00e7\u00e3o financeira: a enorme quantidade de pedras retiradas seria vendida como pedras de cal\u00e7amento e material de constru\u00e7\u00e3o para financiar a pr\u00f3pria obra.<\/p>\n<p style=\"text-align: justify;\">O projeto acabou sendo considerado invi\u00e1vel devido \u00e0 sua dimens\u00e3o astron\u00f4mica e ao rid\u00edculo de sua execu\u00e7\u00e3o, sendo abandonado antes de sair do papel. O P\u00e3o de A\u00e7\u00facar foi salvo, mas o conceito de &#8220;remover montanhas&#8221; em nome do progresso n\u00e3o parou por a\u00ed.<\/p>\n<h2>Do papel \u00e0 realidade: O caso real do Morro do Castelo<\/h2>\n<p style=\"text-align: justify;\">Se a demoli\u00e7\u00e3o do P\u00e3o de A\u00e7\u00facar n\u00e3o passou de um projeto absurdo, a destrui\u00e7\u00e3o do <b data-path-to-node=\"13\" data-index-in-node=\"82\">Morro do Castelo<\/b> provou que a engenharia da \u00e9poca tinha a capacidade e a determina\u00e7\u00e3o de apagar morros inteiros do mapa carioca.<\/p>\n<p style=\"text-align: justify;\">Diferente do P\u00e3o de A\u00e7\u00facar, o Morro do Castelo n\u00e3o era apenas uma forma\u00e7\u00e3o natural; era o <b>ber\u00e7o hist\u00f3rico do Rio de Janeiro<\/b>. Foi no seu topo que Est\u00e1cio de S\u00e1 consolidou a transfer\u00eancia da cidade em 1567, e l\u00e1 ficavam marcos como a antiga Igreja dos Jesu\u00edtas e as primeiras edifica\u00e7\u00f5es oficiais da capital.<\/p>\n<p style=\"text-align: justify;\">Mesmo assim, entre 1921 e 1922, durante a gest\u00e3o do prefeito Carlos Sampaio, a montanha foi condenada. As raz\u00f5es alegadas eram semelhantes \u00e0s usadas contra o P\u00e3o de A\u00e7\u00facar:<\/p>\n<ul>\n<li>\n<p style=\"text-align: justify;\"><b>Higiene:<\/b> Dizia-se que o morro cortava a brisa do mar e abrigava corti\u00e7os considerados &#8220;insalubres&#8221;.<\/p>\n<\/li>\n<li>\n<p style=\"text-align: justify;\"><b>Expans\u00e3o Urbana:<\/b> O centro do Rio precisava de espa\u00e7o plano para crescer e se modernizar para a Exposi\u00e7\u00e3o Internacional do Centen\u00e1rio da Independ\u00eancia.<\/p>\n<\/li>\n<\/ul>\n<p style=\"text-align: justify;\">O desmonte do Castelo foi uma opera\u00e7\u00e3o avassaladora. Usando explosivos, escavadeiras e <b>jatos d&#8217;\u00e1gua de alta press\u00e3o<\/b> (desmonte hidr\u00e1ulico), a montanha foi literalmente reduzida a lama.<\/p>\n<h3 data-path-to-node=\"18\">O impacto que dura at\u00e9 hoje<\/h3>\n<p style=\"text-align: justify;\">O material retirado do Morro do Castelo foi jogado na Ba\u00eda de Guanabara, originando o aterro onde hoje se encontram a regi\u00e3o do Castelo, a esplanada que abriga edif\u00edcios p\u00fablicos e o <b>Aeroporto Santos Dumont<\/b>. A paisagem mudou para sempre, levando consigo parte inestim\u00e1vel da mem\u00f3ria arquitet\u00f4nica da cidade.<\/p>\n<h2>Uma reflex\u00e3o sobre o patrim\u00f4nio carioca<\/h2>\n<p style=\"text-align: justify;\">Olhar para essas duas hist\u00f3rias nos faz perceber o quanto as cidades s\u00e3o mut\u00e1veis e como as ideias de &#8220;progresso&#8221; de uma \u00e9poca podem parecer dr\u00e1sticas anos depois. O P\u00e3o de A\u00e7\u00facar escapou de virar paralelep\u00edpedo por uma margem muito pequena, enquanto o Morro do Castelo virou o ch\u00e3o sobre o qual avi\u00f5es pousam diariamente.<\/p>\n<p style=\"text-align: justify;\">Da pr\u00f3xima vez que voc\u00ea olhar para o P\u00e3o de A\u00e7\u00facar, lembre-se: por muito pouco, aquele cart\u00e3o-postal n\u00e3o virou apenas mais um cap\u00edtulo nos livros de hist\u00f3ria.<\/p>\n","protected":false},"excerpt":{"rendered":"<p>Voc\u00ea consegue imaginar a paisagem do Rio de Janeiro sem a silhueta marcante do P\u00e3o de A\u00e7\u00facar? Para qualquer pessoa hoje, essa ideia parece absurda ou at\u00e9 um roteiro de fic\u00e7\u00e3o cient\u00edfica. No entanto, no final do s\u00e9culo XIX, a elimina\u00e7\u00e3o desse gigante de granito foi seriamente discutida como uma solu\u00e7\u00e3o urban\u00edstica e sanit\u00e1ria para a capital do Brasil.<\/p>\n","protected":false},"author":1,"featured_media":0,"comment_status":"open","ping_status":"open","sticky":false,"template":"","format":"standard","meta":{"_exactmetrics_skip_tracking":false,"_jetpack_newsletter_access":"","_jetpack_dont_email_post_to_subs":false,"_jetpack_newsletter_tier_id":0,"_jetpack_memberships_contains_paywalled_content":false,"_jetpack_feature_clip_id":0,"_jetpack_memberships_contains_paid_content":false,"footnotes":"","jetpack_publicize_message":"","jetpack_publicize_feature_enabled":true,"jetpack_social_post_already_shared":true,"jetpack_social_options":{"image_generator_settings":{"template":"highway","default_image_id":0,"font":"","enabled":false},"version":2},"jetpack_post_was_ever_published":false},"categories":[282,265],"tags":[257,432,255,415,431,430,289],"class_list":["post-6214","post","type-post","status-publish","format-standard","hentry","category-lugares","category-textos","tag-acontecimentos","tag-aeroporto-santos-dumont","tag-historia","tag-monumentos","tag-morro-do-castelo","tag-pao-de-acucar","tag-rio-de-janeiro"],"jetpack_publicize_connections":[],"jetpack_sharing_enabled":true,"jetpack_shortlink":"https:\/\/wp.me\/phkM1X-1Ce","jetpack-related-posts":[{"id":99,"url":"https:\/\/www.kanenberg.com.br\/fatosfotoseregistros\/trilha-morro-da-babilonia\/","url_meta":{"origin":6214,"position":0},"title":"Trilha Morro da Babil\u00f4nia","author":"kanenberg","date":"27 de abril de 2015","format":false,"excerpt":"Entre os bairros do Leme, Botafogo, Urca, Babil\u00f4nia e Chap\u00e9u-Mangueira, uma linda trilha, a mais de 230 metros de altitude, guarda muitas surpresas: ru\u00ednas de casamatas...","rel":"","context":"Em &quot;Lugares&quot;","block_context":{"text":"Lugares","link":"https:\/\/www.kanenberg.com.br\/fatosfotoseregistros\/category\/lugares\/"},"img":{"alt_text":"Morro da Babil\u00f4nia","src":"https:\/\/i0.wp.com\/www.kanenberg.com.br\/fatosfotoseregistros\/wp-content\/uploads\/2015\/04\/2015-04-19-11-36-08.jpg?resize=350%2C200&ssl=1","width":350,"height":200,"srcset":"https:\/\/i0.wp.com\/www.kanenberg.com.br\/fatosfotoseregistros\/wp-content\/uploads\/2015\/04\/2015-04-19-11-36-08.jpg?resize=350%2C200&ssl=1 1x, https:\/\/i0.wp.com\/www.kanenberg.com.br\/fatosfotoseregistros\/wp-content\/uploads\/2015\/04\/2015-04-19-11-36-08.jpg?resize=525%2C300&ssl=1 1.5x, https:\/\/i0.wp.com\/www.kanenberg.com.br\/fatosfotoseregistros\/wp-content\/uploads\/2015\/04\/2015-04-19-11-36-08.jpg?resize=700%2C400&ssl=1 2x, https:\/\/i0.wp.com\/www.kanenberg.com.br\/fatosfotoseregistros\/wp-content\/uploads\/2015\/04\/2015-04-19-11-36-08.jpg?resize=1050%2C600&ssl=1 3x, https:\/\/i0.wp.com\/www.kanenberg.com.br\/fatosfotoseregistros\/wp-content\/uploads\/2015\/04\/2015-04-19-11-36-08.jpg?resize=1400%2C800&ssl=1 4x"},"classes":[]},{"id":938,"url":"https:\/\/www.kanenberg.com.br\/fatosfotoseregistros\/morro-da-babilonia-2\/","url_meta":{"origin":6214,"position":1},"title":"Morro da Babil\u00f4nia","author":"kanenberg","date":"25 de maio de 2016","format":false,"excerpt":"O Morro da Babil\u00f4nia esta localizado na divisa entre os bairros do Leme, Botafogo, Urca e Copacabana. A localidade abriga as comunidades do Morro da Babil\u00f4nia e a do Chap\u00e9u Mangueira al\u00e9m de uma ampla \u00e1rea de prote\u00e7\u00e3o ambiental fazendo parte do Parque Natural Municipal Paisagem Carioca.","rel":"","context":"Em &quot;Lugares&quot;","block_context":{"text":"Lugares","link":"https:\/\/www.kanenberg.com.br\/fatosfotoseregistros\/category\/lugares\/"},"img":{"alt_text":"2015-04-19 11.38.46","src":"https:\/\/fatosfotoseregistros.files.wordpress.com\/2016\/05\/2015-04-19-11-38-46.jpg?w=350&h=200&crop=1","width":350,"height":200,"srcset":"https:\/\/fatosfotoseregistros.files.wordpress.com\/2016\/05\/2015-04-19-11-38-46.jpg?w=350&h=200&crop=1 1x, https:\/\/fatosfotoseregistros.files.wordpress.com\/2016\/05\/2015-04-19-11-38-46.jpg?w=525&h=300&crop=1 1.5x, https:\/\/fatosfotoseregistros.files.wordpress.com\/2016\/05\/2015-04-19-11-38-46.jpg?w=700&h=400&crop=1 2x"},"classes":[]},{"id":147,"url":"https:\/\/www.kanenberg.com.br\/fatosfotoseregistros\/morro-da-babilonia\/","url_meta":{"origin":6214,"position":2},"title":"Morro da Babil\u00f4nia","author":"kanenberg","date":"2 de julho de 2015","format":false,"excerpt":"O Morro da Babil\u00f4nia era uma \u00e1rea militar, usada como ponto estrat\u00e9gico no controle da entrada de embarca\u00e7\u00f5es na Ba\u00eda de Guanabara.","rel":"","context":"Em &quot;Imagem&quot;","block_context":{"text":"Imagem","link":"https:\/\/www.kanenberg.com.br\/fatosfotoseregistros\/category\/imagem\/"},"img":{"alt_text":"Copacabana - Babil\u00f4nia","src":"http:\/\/i0.wp.com\/fatosfotoseregistros.files.wordpress.com\/2015\/06\/wpid-wp-1434853041335.jpeg?w=528%3Fw%3D700&resize=350%2C200","width":350,"height":200,"srcset":"http:\/\/i0.wp.com\/fatosfotoseregistros.files.wordpress.com\/2015\/06\/wpid-wp-1434853041335.jpeg?w=528%3Fw%3D700&resize=350%2C200 1x, http:\/\/i0.wp.com\/fatosfotoseregistros.files.wordpress.com\/2015\/06\/wpid-wp-1434853041335.jpeg?w=528%3Fw%3D700&resize=525%2C300 1.5x, http:\/\/i0.wp.com\/fatosfotoseregistros.files.wordpress.com\/2015\/06\/wpid-wp-1434853041335.jpeg?w=528%3Fw%3D700&resize=700%2C400 2x"},"classes":[]},{"id":2062,"url":"https:\/\/www.kanenberg.com.br\/fatosfotoseregistros\/museu-historico-do-exercito-e-forte-de-copacabana\/","url_meta":{"origin":6214,"position":3},"title":"Museu Hist\u00f3rico do Ex\u00e9rcito e Forte de Copacabana","author":"kanenberg","date":"19 de julho de 2016","format":false,"excerpt":"O local escolhido para a sua constru\u00e7\u00e3o consistia numa regi\u00e3o cujos rochedos avan\u00e7avam contra o mar em dire\u00e7\u00e3o \u00e0 entrada da Ba\u00eda de Guanabara.","rel":"","context":"Em &quot;Imagem&quot;","block_context":{"text":"Imagem","link":"https:\/\/www.kanenberg.com.br\/fatosfotoseregistros\/category\/imagem\/"},"img":{"alt_text":"","src":"https:\/\/i0.wp.com\/www.kanenberg.com.br\/fatosfotoseregistros\/wp-content\/uploads\/2016\/07\/1922-07-06-150x150.jpg?resize=350%2C200&ssl=1","width":350,"height":200,"srcset":"https:\/\/i0.wp.com\/www.kanenberg.com.br\/fatosfotoseregistros\/wp-content\/uploads\/2016\/07\/1922-07-06-150x150.jpg?resize=350%2C200&ssl=1 1x, https:\/\/i0.wp.com\/www.kanenberg.com.br\/fatosfotoseregistros\/wp-content\/uploads\/2016\/07\/1922-07-06-150x150.jpg?resize=525%2C300&ssl=1 1.5x"},"classes":[]},{"id":290,"url":"https:\/\/www.kanenberg.com.br\/fatosfotoseregistros\/engenho-da-rainha\/","url_meta":{"origin":6214,"position":4},"title":"Engenho da Rainha","author":"kanenberg","date":"14 de junho de 2016","format":false,"excerpt":"A regi\u00e3o acolhia uma resid\u00eancia adquirida pela Rainha Carlota Joaquina, esposa de D. Jo\u00e3o VI, por volta de 1810 com o objetivo de nela descansar, dai tamb\u00e9m a origem do nome do bairro.","rel":"","context":"Em &quot;Textos&quot;","block_context":{"text":"Textos","link":"https:\/\/www.kanenberg.com.br\/fatosfotoseregistros\/category\/textos\/"},"img":{"alt_text":"12717974_968432819919974_7760659722182098204_n","src":"https:\/\/fatosfotoseregistros.files.wordpress.com\/2016\/04\/12717974_968432819919974_7760659722182098204_n.jpg?w=350&h=200&crop=1","width":350,"height":200,"srcset":"https:\/\/fatosfotoseregistros.files.wordpress.com\/2016\/04\/12717974_968432819919974_7760659722182098204_n.jpg?w=350&h=200&crop=1 1x, https:\/\/fatosfotoseregistros.files.wordpress.com\/2016\/04\/12717974_968432819919974_7760659722182098204_n.jpg?w=525&h=300&crop=1 1.5x"},"classes":[]},{"id":1230,"url":"https:\/\/www.kanenberg.com.br\/fatosfotoseregistros\/japeri\/","url_meta":{"origin":6214,"position":5},"title":"Cidade de Japeri","author":"kanenberg","date":"5 de julho de 2016","format":false,"excerpt":"A hist\u00f3ria de Japeri come\u00e7a no dia 13 de agosto de 1743, data de sua funda\u00e7\u00e3o, por In\u00e1cio Dias da C\u00e2mara Leme, denominado Morgado de Bel\u00e9m. A partir de 1750, as terras passaram a pertencer \u00e0 Freguesia de Sacra Fam\u00edlia de Tingu\u00e1, pois at\u00e9 ent\u00e3o pertenciam \u00e0 Freguesia de Paty\u2026","rel":"","context":"Em &quot;Imagem&quot;","block_context":{"text":"Imagem","link":"https:\/\/www.kanenberg.com.br\/fatosfotoseregistros\/category\/imagem\/"},"img":{"alt_text":"japeri_1928","src":"https:\/\/i0.wp.com\/www.kanenberg.com.br\/fatosfotoseregistros\/wp-content\/uploads\/2016\/07\/japeri_1928.jpg?resize=350%2C200&ssl=1","width":350,"height":200},"classes":[]}],"jetpack_likes_enabled":true,"amp_enabled":true,"jetpack_featured_media_url":"","_links":{"self":[{"href":"https:\/\/www.kanenberg.com.br\/fatosfotoseregistros\/wp-json\/wp\/v2\/posts\/6214","targetHints":{"allow":["GET"]}}],"collection":[{"href":"https:\/\/www.kanenberg.com.br\/fatosfotoseregistros\/wp-json\/wp\/v2\/posts"}],"about":[{"href":"https:\/\/www.kanenberg.com.br\/fatosfotoseregistros\/wp-json\/wp\/v2\/types\/post"}],"author":[{"embeddable":true,"href":"https:\/\/www.kanenberg.com.br\/fatosfotoseregistros\/wp-json\/wp\/v2\/users\/1"}],"replies":[{"embeddable":true,"href":"https:\/\/www.kanenberg.com.br\/fatosfotoseregistros\/wp-json\/wp\/v2\/comments?post=6214"}],"version-history":[{"count":3,"href":"https:\/\/www.kanenberg.com.br\/fatosfotoseregistros\/wp-json\/wp\/v2\/posts\/6214\/revisions"}],"predecessor-version":[{"id":6229,"href":"https:\/\/www.kanenberg.com.br\/fatosfotoseregistros\/wp-json\/wp\/v2\/posts\/6214\/revisions\/6229"}],"wp:attachment":[{"href":"https:\/\/www.kanenberg.com.br\/fatosfotoseregistros\/wp-json\/wp\/v2\/media?parent=6214"}],"wp:term":[{"taxonomy":"category","embeddable":true,"href":"https:\/\/www.kanenberg.com.br\/fatosfotoseregistros\/wp-json\/wp\/v2\/categories?post=6214"},{"taxonomy":"post_tag","embeddable":true,"href":"https:\/\/www.kanenberg.com.br\/fatosfotoseregistros\/wp-json\/wp\/v2\/tags?post=6214"}],"curies":[{"name":"wp","href":"https:\/\/api.w.org\/{rel}","templated":true}]}}