{"id":621,"date":"2016-05-01T18:20:17","date_gmt":"2016-05-01T21:20:17","guid":{"rendered":"https:\/\/fatosfotoseregistros.wordpress.com\/?p=621"},"modified":"2016-05-01T18:20:17","modified_gmt":"2016-05-01T21:20:17","slug":"22-anos-sem-ayrton-senna","status":"publish","type":"post","link":"https:\/\/www.kanenberg.com.br\/fatosfotoseregistros\/22-anos-sem-ayrton-senna\/","title":{"rendered":"22 anos sem Ayrton Senna"},"content":{"rendered":"<p><a href=\"http:\/\/fatosfotoseregistros.files.wordpress.com\/2016\/05\/wp-1462137079777.jpg\"><img decoding=\"async\" title=\"wp-1462137079777\" class=\"aligncenter size-full\" alt=\"image\" src=\"http:\/\/fatosfotoseregistros.files.wordpress.com\/2016\/05\/wp-1462137079777.jpg\" \/><\/a><\/p>\n<p align=\"justify\">Hoje (01\/05\/2016), fazem exatamente 22 anos em que nosso domingo amanhece mais triste. Nunca mais tive um \u00eddolo deste tamanho em que pudesse acreditar. Saudades das vit\u00f3rias e alegrias que ele nos proporcionava.<\/p>\n","protected":false},"excerpt":{"rendered":"<p>Hoje (01\/05\/2016), fazem exatamente 22 anos em que nosso domingo amanhece mais triste. Nunca mais tive um \u00eddolo deste tamanho em que pudesse acreditar. Saudades das vit\u00f3rias e alegrias que ele nos proporcionava.<\/p>\n","protected":false},"author":1,"featured_media":0,"comment_status":"open","ping_status":"open","sticky":false,"template":"","format":"standard","meta":{"_exactmetrics_skip_tracking":false,"_jetpack_newsletter_access":"","_jetpack_dont_email_post_to_subs":false,"_jetpack_newsletter_tier_id":0,"_jetpack_memberships_contains_paywalled_content":false,"_jetpack_feature_clip_id":0,"_jetpack_memberships_contains_paid_content":false,"footnotes":"","jetpack_publicize_message":"","jetpack_publicize_feature_enabled":true,"jetpack_social_post_already_shared":false,"jetpack_social_options":{"image_generator_settings":{"template":"highway","default_image_id":0,"font":"","enabled":false},"version":2},"jetpack_post_was_ever_published":false},"categories":[265],"tags":[334],"class_list":["post-621","post","type-post","status-publish","format-standard","hentry","category-textos","tag-data-especial"],"jetpack_publicize_connections":[],"jetpack_sharing_enabled":true,"jetpack_shortlink":"https:\/\/wp.me\/phkM1X-a1","jetpack-related-posts":[{"id":6080,"url":"https:\/\/www.kanenberg.com.br\/fatosfotoseregistros\/peppino-di-capri-morre-aos-86-anos\/","url_meta":{"origin":621,"position":0},"title":"Cantor italiano Peppino di Capri morre aos 86 anos","author":"kanenberg","date":"11 de julho de 2026","format":false,"excerpt":"\u00c9 um dia triste para os amantes da m\u00fasica rom\u00e2ntica e da tradicional melodia italiana. O falecimento de Peppino di Capri deixa um vazio enorme, mas tamb\u00e9m um legado eterno que embalou gera\u00e7\u00f5es, jantares rom\u00e2nticos e mem\u00f3rias afetivas ao som de cl\u00e1ssicos como \"Champagne\" e \"Roberta\".","rel":"","context":"Em &quot;Personalidades&quot;","block_context":{"text":"Personalidades","link":"https:\/\/www.kanenberg.com.br\/fatosfotoseregistros\/category\/personalidades\/"},"img":{"alt_text":"Peppino di Capri","src":"https:\/\/i0.wp.com\/www.kanenberg.com.br\/fatosfotoseregistros\/wp-content\/uploads\/2026\/07\/ChatGPT-Image-11-de-jul.-de-2026-16_39_36.png?resize=350%2C200&ssl=1","width":350,"height":200,"srcset":"https:\/\/i0.wp.com\/www.kanenberg.com.br\/fatosfotoseregistros\/wp-content\/uploads\/2026\/07\/ChatGPT-Image-11-de-jul.-de-2026-16_39_36.png?resize=350%2C200&ssl=1 1x, https:\/\/i0.wp.com\/www.kanenberg.com.br\/fatosfotoseregistros\/wp-content\/uploads\/2026\/07\/ChatGPT-Image-11-de-jul.-de-2026-16_39_36.png?resize=525%2C300&ssl=1 1.5x, https:\/\/i0.wp.com\/www.kanenberg.com.br\/fatosfotoseregistros\/wp-content\/uploads\/2026\/07\/ChatGPT-Image-11-de-jul.-de-2026-16_39_36.png?resize=700%2C400&ssl=1 2x, https:\/\/i0.wp.com\/www.kanenberg.com.br\/fatosfotoseregistros\/wp-content\/uploads\/2026\/07\/ChatGPT-Image-11-de-jul.-de-2026-16_39_36.png?resize=1050%2C600&ssl=1 3x, https:\/\/i0.wp.com\/www.kanenberg.com.br\/fatosfotoseregistros\/wp-content\/uploads\/2026\/07\/ChatGPT-Image-11-de-jul.-de-2026-16_39_36.png?resize=1400%2C800&ssl=1 4x"},"classes":[]},{"id":5396,"url":"https:\/\/www.kanenberg.com.br\/fatosfotoseregistros\/chocolate-surpresa\/","url_meta":{"origin":621,"position":1},"title":"O Gosto da Inf\u00e2ncia: Por que o Chocolate Surpresa Deixou Tanta Saudade?","author":"kanenberg","date":"17 de fevereiro de 2019","format":false,"excerpt":"Se voc\u00ea viveu a inf\u00e2ncia ou a adolesc\u00eancia nos anos 80 ou 90, basta fechar os olhos por um segundo para lembrar da sensa\u00e7\u00e3o: abrir a embalagem pl\u00e1stica, sentir o cheiro inconfund\u00edvel do chocolate ao leite e, antes mesmo de dar a primeira mordida, tirar com cuidado aquele peda\u00e7o de\u2026","rel":"","context":"Em &quot;Imagem&quot;","block_context":{"text":"Imagem","link":"https:\/\/www.kanenberg.com.br\/fatosfotoseregistros\/category\/imagem\/"},"img":{"alt_text":"","src":"https:\/\/i0.wp.com\/www.kanenberg.com.br\/fatosfotoseregistros\/wp-content\/uploads\/2019\/02\/FB_IMG_1550402147114.jpg?resize=350%2C200&ssl=1","width":350,"height":200,"srcset":"https:\/\/i0.wp.com\/www.kanenberg.com.br\/fatosfotoseregistros\/wp-content\/uploads\/2019\/02\/FB_IMG_1550402147114.jpg?resize=350%2C200&ssl=1 1x, https:\/\/i0.wp.com\/www.kanenberg.com.br\/fatosfotoseregistros\/wp-content\/uploads\/2019\/02\/FB_IMG_1550402147114.jpg?resize=525%2C300&ssl=1 1.5x"},"classes":[]},{"id":5424,"url":"https:\/\/www.kanenberg.com.br\/fatosfotoseregistros\/a-origem-dos-aniversarios\/","url_meta":{"origin":621,"position":2},"title":"A origem dos anivers\u00e1rios","author":"kanenberg","date":"27 de fevereiro de 2019","format":false,"excerpt":"Como todos os dias se celebram milhares de anivers\u00e1rios no mundo, \u00e9 interessante saber qual a origem deste costume.","rel":"","context":"Em &quot;Textos&quot;","block_context":{"text":"Textos","link":"https:\/\/www.kanenberg.com.br\/fatosfotoseregistros\/category\/textos\/"},"img":{"alt_text":"anivers\u00e1rio","src":"https:\/\/i0.wp.com\/www.kanenberg.com.br\/fatosfotoseregistros\/wp-content\/uploads\/2019\/02\/aniversario-300x169.jpg?resize=350%2C200&ssl=1","width":350,"height":200},"classes":[]},{"id":4071,"url":"https:\/\/www.kanenberg.com.br\/fatosfotoseregistros\/cemiterio-de-gatos\/","url_meta":{"origin":621,"position":3},"title":"O curioso Cemit\u00e9rio dos Gatos de Blumenau","author":"kanenberg","date":"25 de janeiro de 2017","format":false,"excerpt":"Existem cemit\u00e9rios que chamam a aten\u00e7\u00e3o n\u00e3o apenas por sua hist\u00f3ria, mas tamb\u00e9m pela singularidade de sua exist\u00eancia. Ao redor do mundo h\u00e1 exemplos dedicados a animais, como o conhecido Cemit\u00e9rio de P\u00e1ssaros da Ilha de Paquet\u00e1, no Rio de Janeiro. Em Blumenau, Santa Catarina, um dos locais mais curiosos\u2026","rel":"","context":"Em &quot;Imagem&quot;","block_context":{"text":"Imagem","link":"https:\/\/www.kanenberg.com.br\/fatosfotoseregistros\/category\/imagem\/"},"img":{"alt_text":"img_20161228_150137441_hdr-01.jpeg","src":"https:\/\/fatosfotoseregistros.files.wordpress.com\/2017\/01\/img_20161228_150137441_hdr-01.jpeg?w=350&h=200&crop=1","width":350,"height":200,"srcset":"https:\/\/fatosfotoseregistros.files.wordpress.com\/2017\/01\/img_20161228_150137441_hdr-01.jpeg?w=350&h=200&crop=1 1x, https:\/\/fatosfotoseregistros.files.wordpress.com\/2017\/01\/img_20161228_150137441_hdr-01.jpeg?w=525&h=300&crop=1 1.5x, https:\/\/fatosfotoseregistros.files.wordpress.com\/2017\/01\/img_20161228_150137441_hdr-01.jpeg?w=700&h=400&crop=1 2x, https:\/\/fatosfotoseregistros.files.wordpress.com\/2017\/01\/img_20161228_150137441_hdr-01.jpeg?w=1050&h=600&crop=1 3x, https:\/\/fatosfotoseregistros.files.wordpress.com\/2017\/01\/img_20161228_150137441_hdr-01.jpeg?w=1400&h=800&crop=1 4x"},"classes":[]},{"id":228,"url":"https:\/\/www.kanenberg.com.br\/fatosfotoseregistros\/nao-trilhem\/","url_meta":{"origin":621,"position":4},"title":"N\u00e3o trilhem","author":"kanenberg","date":"18 de mar\u00e7o de 2016","format":false,"excerpt":"Se eu pudesse dar um \u00fanico conselho a voc\u00ea que est\u00e1 lendo este texto, seria esse: N\u00c3O TRILHEM. Acredite em mim, n\u00e3o trilhe. Trilhar \u00e9 um ato de loucura. Se voc\u00ea come\u00e7ar a Trilhar vai perceber isso, seu corpo vai doer, suas pernas v\u00e3o cansar, seus pulm\u00f5es ir\u00e3o sentir a\u2026","rel":"","context":"Em &quot;Textos&quot;","block_context":{"text":"Textos","link":"https:\/\/www.kanenberg.com.br\/fatosfotoseregistros\/category\/textos\/"},"img":{"alt_text":"nao_trilhar","src":"https:\/\/i0.wp.com\/fatosfotoseregistros.kanenberg.com.br\/wp-content\/uploads\/2016\/03\/nao_trilhar.jpg?resize=350%2C200&ssl=1","width":350,"height":200,"srcset":"https:\/\/i0.wp.com\/fatosfotoseregistros.kanenberg.com.br\/wp-content\/uploads\/2016\/03\/nao_trilhar.jpg?resize=350%2C200&ssl=1 1x, https:\/\/i0.wp.com\/fatosfotoseregistros.kanenberg.com.br\/wp-content\/uploads\/2016\/03\/nao_trilhar.jpg?resize=525%2C300&ssl=1 1.5x"},"classes":[]},{"id":456,"url":"https:\/\/www.kanenberg.com.br\/fatosfotoseregistros\/lenda-maria-gorda\/","url_meta":{"origin":621,"position":5},"title":"Ilha de Paquet\u00e1: A lenda do baob\u00e1 &#8220;Maria Gorda&#8221;","author":"kanenberg","date":"8 de abril de 2016","format":false,"excerpt":"A \"Maria Gorda\" \u00e9 um baob\u00e1 \u2014 \u00e1rvore majestosa localizada na Praia dos Tamoios, bem pr\u00f3ximo \u00e0 esquina com a Ladeira do Vicente. Origin\u00e1ria das savanas africanas, a esp\u00e9cie tamb\u00e9m \u00e9 famosa por sua presen\u00e7a no asteroide B-612, da obra O Pequeno Pr\u00edncipe, de Antoine de Saint-Exup\u00e9ry.","rel":"","context":"Em &quot;Lugares&quot;","block_context":{"text":"Lugares","link":"https:\/\/www.kanenberg.com.br\/fatosfotoseregistros\/category\/lugares\/"},"img":{"alt_text":"sam_1815-01.jpeg","src":"https:\/\/fatosfotoseregistros.files.wordpress.com\/2016\/04\/sam_1815-01.jpeg?w=350&h=200&crop=1","width":350,"height":200},"classes":[]}],"jetpack_likes_enabled":true,"amp_enabled":true,"jetpack_featured_media_url":"","_links":{"self":[{"href":"https:\/\/www.kanenberg.com.br\/fatosfotoseregistros\/wp-json\/wp\/v2\/posts\/621","targetHints":{"allow":["GET"]}}],"collection":[{"href":"https:\/\/www.kanenberg.com.br\/fatosfotoseregistros\/wp-json\/wp\/v2\/posts"}],"about":[{"href":"https:\/\/www.kanenberg.com.br\/fatosfotoseregistros\/wp-json\/wp\/v2\/types\/post"}],"author":[{"embeddable":true,"href":"https:\/\/www.kanenberg.com.br\/fatosfotoseregistros\/wp-json\/wp\/v2\/users\/1"}],"replies":[{"embeddable":true,"href":"https:\/\/www.kanenberg.com.br\/fatosfotoseregistros\/wp-json\/wp\/v2\/comments?post=621"}],"version-history":[{"count":0,"href":"https:\/\/www.kanenberg.com.br\/fatosfotoseregistros\/wp-json\/wp\/v2\/posts\/621\/revisions"}],"wp:attachment":[{"href":"https:\/\/www.kanenberg.com.br\/fatosfotoseregistros\/wp-json\/wp\/v2\/media?parent=621"}],"wp:term":[{"taxonomy":"category","embeddable":true,"href":"https:\/\/www.kanenberg.com.br\/fatosfotoseregistros\/wp-json\/wp\/v2\/categories?post=621"},{"taxonomy":"post_tag","embeddable":true,"href":"https:\/\/www.kanenberg.com.br\/fatosfotoseregistros\/wp-json\/wp\/v2\/tags?post=621"}],"curies":[{"name":"wp","href":"https:\/\/api.w.org\/{rel}","templated":true}]}}