{"id":6204,"date":"2026-08-02T12:11:35","date_gmt":"2026-08-02T15:11:35","guid":{"rendered":"https:\/\/www.kanenberg.com.br\/fatosfotoseregistros\/?p=6204"},"modified":"2026-08-02T12:11:35","modified_gmt":"2026-08-02T15:11:35","slug":"canhao-el-cristiano-historia-curiosidades-e-a-polemica-do-trofeu-de-guerra","status":"publish","type":"post","link":"https:\/\/www.kanenberg.com.br\/fatosfotoseregistros\/canhao-el-cristiano-historia-curiosidades-e-a-polemica-do-trofeu-de-guerra\/","title":{"rendered":"Canh\u00e3o El Cristiano: Hist\u00f3ria, Curiosidades e a Pol\u00eamica do Trof\u00e9u de Guerra"},"content":{"rendered":"<div id=\"model-response-message-contentr_50d6f4d89b04d703\" class=\"markdown markdown-main-panel enable-luminous-fast-follows enable-updated-hr-color md-content\" dir=\"ltr\" aria-busy=\"false\" aria-live=\"off\">\n<p style=\"text-align: justify;\" data-path-to-node=\"0\">O canh\u00e3o <b data-path-to-node=\"0\" data-index-in-node=\"9\">&#8220;El Cristiano&#8221;<\/b> \u00e9 uma das pe\u00e7as mais simb\u00f3licas e controversas da hist\u00f3ria militar da Am\u00e9rica do Sul. Exposto no p\u00e1tio do Museu Hist\u00f3rico Nacional (MHN), no centro do Rio de Janeiro, ele voltou aos holofotes devido \u00e0s recorrentes tratativas diplom\u00e1ticas e apelos do governo paraguaio pela sua restitui\u00e7\u00e3o como patrim\u00f4nio hist\u00f3rico nacional.<\/p>\n<div class=\"attachment-container search-images\" style=\"text-align: center;\">\n<figure id=\"attachment_6205\" aria-describedby=\"caption-attachment-6205\" style=\"width: 2560px\" class=\"wp-caption aligncenter\"><img loading=\"lazy\" decoding=\"async\" data-attachment-id=\"6205\" data-permalink=\"https:\/\/www.kanenberg.com.br\/fatosfotoseregistros\/canhao-el-cristiano-historia-curiosidades-e-a-polemica-do-trofeu-de-guerra\/el-cristiano\/\" data-orig-file=\"https:\/\/www.kanenberg.com.br\/fatosfotoseregistros\/wp-content\/uploads\/2026\/08\/El-Cristiano-scaled.jpg\" data-orig-size=\"2560,1440\" data-comments-opened=\"1\" data-image-meta=\"{&quot;aperture&quot;:&quot;0&quot;,&quot;credit&quot;:&quot;&quot;,&quot;camera&quot;:&quot;&quot;,&quot;caption&quot;:&quot;&quot;,&quot;created_timestamp&quot;:&quot;0&quot;,&quot;copyright&quot;:&quot;&quot;,&quot;focal_length&quot;:&quot;0&quot;,&quot;iso&quot;:&quot;0&quot;,&quot;shutter_speed&quot;:&quot;0&quot;,&quot;title&quot;:&quot;&quot;,&quot;orientation&quot;:&quot;0&quot;,&quot;alt&quot;:&quot;&quot;}\" data-image-title=\"El Cristiano\" data-image-description=\"\" data-image-caption=\"&lt;p&gt;&amp;#8220;El Cristiano&amp;#8221;, no Museu Hist\u00f3rico Nacional em 2015&lt;\/p&gt;\n\" data-large-file=\"https:\/\/www.kanenberg.com.br\/fatosfotoseregistros\/wp-content\/uploads\/2026\/08\/El-Cristiano-1024x576.jpg\" class=\"size-full wp-image-6205\" src=\"https:\/\/www.kanenberg.com.br\/fatosfotoseregistros\/wp-content\/uploads\/2026\/08\/El-Cristiano-scaled.jpg\" alt=\"El Cristiano\" width=\"2560\" height=\"1440\" srcset=\"https:\/\/www.kanenberg.com.br\/fatosfotoseregistros\/wp-content\/uploads\/2026\/08\/El-Cristiano-scaled.jpg 2560w, https:\/\/www.kanenberg.com.br\/fatosfotoseregistros\/wp-content\/uploads\/2026\/08\/El-Cristiano-300x169.jpg 300w, https:\/\/www.kanenberg.com.br\/fatosfotoseregistros\/wp-content\/uploads\/2026\/08\/El-Cristiano-1024x576.jpg 1024w, https:\/\/www.kanenberg.com.br\/fatosfotoseregistros\/wp-content\/uploads\/2026\/08\/El-Cristiano-768x432.jpg 768w, https:\/\/www.kanenberg.com.br\/fatosfotoseregistros\/wp-content\/uploads\/2026\/08\/El-Cristiano-1536x864.jpg 1536w, https:\/\/www.kanenberg.com.br\/fatosfotoseregistros\/wp-content\/uploads\/2026\/08\/El-Cristiano-2048x1152.jpg 2048w\" sizes=\"auto, (max-width: 2560px) 100vw, 2560px\" \/><figcaption id=\"caption-attachment-6205\" class=\"wp-caption-text\">&#8220;El Cristiano&#8221;, no Museu Hist\u00f3rico Nacional em 2015<\/figcaption><\/figure>\n<\/div>\n<h2 data-path-to-node=\"5\">A Origem: Feito do Bronze de Sinos de Igreja<\/h2>\n<p style=\"text-align: justify;\" data-path-to-node=\"6\">Durante a Guerra do Paraguai, com o bloqueio naval imposto pela Tr\u00edplice Alian\u00e7a (Brasil, Argentina e Uruguai), o Paraguai ficou isolado e sem acesso \u00e0 importa\u00e7\u00e3o de mat\u00e9rias-primas e armamentos modernos.<\/p>\n<p style=\"text-align: justify;\" data-path-to-node=\"7\">Diante do desespero por artilharia pesada para defender a posi\u00e7\u00e3o estrat\u00e9gica da <b data-path-to-node=\"7\" data-index-in-node=\"81\">Fortaleza de Humait\u00e1<\/b> (conhecida como a &#8220;Sebastopol da Am\u00e9rica do Sul&#8221;), o presidente Francisco Solano L\u00f3pez ordenou o recolhimento de bronze de todo o pa\u00eds.<\/p>\n<ul data-path-to-node=\"8\">\n<li>\n<p style=\"text-align: justify;\" data-path-to-node=\"8,0,0\"><b data-path-to-node=\"8,0,0\" data-index-in-node=\"0\">A doa\u00e7\u00e3o sagrada:<\/b> Sinos de dezenas de igrejas paraguaias foram derretidos no Fundi\u00e7\u00e3o de Ybycu\u00ed e no Arsenal de Assun\u00e7\u00e3o para fornecer o metal necess\u00e1rio.<\/p>\n<\/li>\n<li>\n<p style=\"text-align: justify;\" data-path-to-node=\"8,1,0\"><b data-path-to-node=\"8,1,0\" data-index-in-node=\"0\">O nome:<\/b> Exatamente por ter sido forjado a partir do bronze de sinos de templos cat\u00f3licos, a pe\u00e7a recebeu o nome batismal de <b data-path-to-node=\"8,1,0\" data-index-in-node=\"124\">&#8220;El Cristiano&#8221;<\/b>.<\/p>\n<\/li>\n<\/ul>\n<h2 data-path-to-node=\"10\">Gigante da Artilharia: Fatos T\u00e9cnicos<\/h2>\n<p style=\"text-align: justify;\" data-path-to-node=\"11\">Engenhada pelo brit\u00e2nico Michael Hunter, a pe\u00e7a era um verdadeiro monstro de bronze para a \u00e9poca:<\/p>\n<table data-path-to-node=\"12\">\n<thead>\n<tr>\n<td><strong>Caracter\u00edstica<\/strong><\/td>\n<td><strong>Detalhe<\/strong><\/td>\n<\/tr>\n<\/thead>\n<tbody>\n<tr>\n<td><span data-path-to-node=\"12,1,0,0\"><b data-path-to-node=\"12,1,0,0\" data-index-in-node=\"0\">Peso total<\/b><\/span><\/td>\n<td><span data-path-to-node=\"12,1,1,0\">Cerca de 12 toneladas<\/span><\/td>\n<\/tr>\n<tr>\n<td><span data-path-to-node=\"12,2,0,0\"><b data-path-to-node=\"12,2,0,0\" data-index-in-node=\"0\">Calibre<\/b><\/span><\/td>\n<td><span data-path-to-node=\"12,2,1,0\">10 polegadas (projetada para disparar proj\u00e9teis de aproximadamente 50 kg)<\/span><\/td>\n<\/tr>\n<tr>\n<td><span data-path-to-node=\"12,3,0,0\"><b data-path-to-node=\"12,3,0,0\" data-index-in-node=\"0\">Fun\u00e7\u00e3o<\/b><\/span><\/td>\n<td><span data-path-to-node=\"12,3,1,0\">Defesa costeira\/fluvial para impedir o avan\u00e7o dos encoura\u00e7ados brasileiros no Rio Paraguai<\/span><\/td>\n<\/tr>\n<tr>\n<td><span data-path-to-node=\"12,4,0,0\"><b data-path-to-node=\"12,4,0,0\" data-index-in-node=\"0\">Fabrica\u00e7\u00e3o<\/b><\/span><\/td>\n<td><span data-path-to-node=\"12,4,1,0\">Conclu\u00edda em 1867<\/span><\/td>\n<\/tr>\n<\/tbody>\n<\/table>\n<h2 data-path-to-node=\"14\">A Queda e a Captura em Humait\u00e1<\/h2>\n<p style=\"text-align: justify;\" data-path-to-node=\"15\">Em 1868, ap\u00f3s um longo cerco e com o avan\u00e7o das for\u00e7as da Tr\u00edplice Alian\u00e7a, a Fortaleza de Humait\u00e1 acabou caindo. As for\u00e7as brasileiras, lideradas pelo Marqu\u00eas de Caxias, capturaram dezenas de pe\u00e7as de artilharia paraguaias.<\/p>\n<p style=\"text-align: justify;\" data-path-to-node=\"16\">Pelo seu tamanho expressivo e valor simb\u00f3lico, <i data-path-to-node=\"16\" data-index-in-node=\"47\">El Cristiano<\/i> foi enviado ao Rio de Janeiro \u2014 ent\u00e3o capital do Imp\u00e9rio do Brasil \u2014 como o principal trof\u00e9u de guerra da campanha.<\/p>\n<h2 data-path-to-node=\"18\">Por que <i data-path-to-node=\"18\" data-index-in-node=\"8\">El Cristiano<\/i> ainda gera debate?<\/h2>\n<blockquote data-path-to-node=\"19\">\n<p style=\"text-align: justify;\" data-path-to-node=\"19,0\"><i data-path-to-node=\"19,0\" data-index-in-node=\"0\">&#8220;Para o Brasil, o canh\u00e3o \u00e9 um registro hist\u00f3rico do esfor\u00e7o e sacrif\u00edcio da maior guerra da Am\u00e9rica do Sul. Para o Paraguai, representa um s\u00edmbolo de resist\u00eancia e uma rel\u00edquia sacra cujos metais pertenciam \u00e0s suas comunidades.&#8221;<\/i><\/p>\n<\/blockquote>\n<p style=\"text-align: justify;\" data-path-to-node=\"20\">A repatria\u00e7\u00e3o de trof\u00e9us de guerra \u00e9 um tema complexo no direito internacional e na diplomacia cultural:<\/p>\n<ol start=\"1\" data-path-to-node=\"21\">\n<li>\n<p style=\"text-align: justify;\" data-path-to-node=\"21,0,0\"><b data-path-to-node=\"21,0,0\" data-index-in-node=\"0\">Reivindica\u00e7\u00e3o Paraguaia:<\/b> O governo paraguaio defende que o canh\u00e3o \u00e9 patrim\u00f4nio cultural do pa\u00eds e que sua devolu\u00e7\u00e3o seria um gesto fundamental de repara\u00e7\u00e3o e fraternidade entre as na\u00e7\u00f5es.<\/p>\n<\/li>\n<li>\n<p style=\"text-align: justify;\" data-path-to-node=\"21,1,0\"><b data-path-to-node=\"21,1,0\" data-index-in-node=\"0\">Posi\u00e7\u00e3o Museol\u00f3gica do Brasil:<\/b> Historiadores e \u00f3rg\u00e3os do patrim\u00f4nio brasileiro ressaltam a import\u00e2ncia da preserva\u00e7\u00e3o da mem\u00f3ria militar nacional, al\u00e9m de apontarem que o acervo faz parte da narrativa do pr\u00f3prio Museu Hist\u00f3rico Nacional desde a sua funda\u00e7\u00e3o em 1922. O artefato est\u00e1 no Brasil desde 1870.<\/p>\n<\/li>\n<\/ol>\n<\/div>\n","protected":false},"excerpt":{"rendered":"<p>O canh\u00e3o &#8220;El Cristiano&#8221; \u00e9 uma das pe\u00e7as mais simb\u00f3licas e controversas da hist\u00f3ria militar da Am\u00e9rica do Sul. Exposto no p\u00e1tio do Museu Hist\u00f3rico Nacional (MHN), no centro do Rio de Janeiro, ele voltou aos holofotes devido \u00e0s recorrentes tratativas diplom\u00e1ticas e apelos do governo paraguaio pela sua restitui\u00e7\u00e3o como patrim\u00f4nio hist\u00f3rico nacional.<\/p>\n","protected":false},"author":1,"featured_media":0,"comment_status":"open","ping_status":"open","sticky":false,"template":"","format":"standard","meta":{"_exactmetrics_skip_tracking":false,"_jetpack_newsletter_access":"","_jetpack_dont_email_post_to_subs":false,"_jetpack_newsletter_tier_id":0,"_jetpack_memberships_contains_paywalled_content":false,"_jetpack_feature_clip_id":0,"_jetpack_memberships_contains_paid_content":false,"footnotes":"","jetpack_publicize_message":"","jetpack_publicize_feature_enabled":true,"jetpack_social_post_already_shared":true,"jetpack_social_options":{"image_generator_settings":{"template":"highway","default_image_id":0,"font":"","enabled":false},"version":2},"jetpack_post_was_ever_published":false},"categories":[265],"tags":[355,254,427,255,309,289],"class_list":["post-6204","post","type-post","status-publish","format-standard","hentry","category-textos","tag-antiguidades","tag-curiosidades","tag-guerra-do-paraguai","tag-historia","tag-museu","tag-rio-de-janeiro"],"jetpack_publicize_connections":[],"jetpack_sharing_enabled":true,"jetpack_shortlink":"https:\/\/wp.me\/phkM1X-1C4","jetpack-related-posts":[{"id":2062,"url":"https:\/\/www.kanenberg.com.br\/fatosfotoseregistros\/museu-historico-do-exercito-e-forte-de-copacabana\/","url_meta":{"origin":6204,"position":0},"title":"Museu Hist\u00f3rico do Ex\u00e9rcito e Forte de Copacabana","author":"kanenberg","date":"19 de julho de 2016","format":false,"excerpt":"O local escolhido para a sua constru\u00e7\u00e3o consistia numa regi\u00e3o cujos rochedos avan\u00e7avam contra o mar em dire\u00e7\u00e3o \u00e0 entrada da Ba\u00eda de Guanabara.","rel":"","context":"Em &quot;Imagem&quot;","block_context":{"text":"Imagem","link":"https:\/\/www.kanenberg.com.br\/fatosfotoseregistros\/category\/imagem\/"},"img":{"alt_text":"","src":"https:\/\/i0.wp.com\/www.kanenberg.com.br\/fatosfotoseregistros\/wp-content\/uploads\/2016\/07\/1922-07-06-150x150.jpg?resize=350%2C200&ssl=1","width":350,"height":200,"srcset":"https:\/\/i0.wp.com\/www.kanenberg.com.br\/fatosfotoseregistros\/wp-content\/uploads\/2016\/07\/1922-07-06-150x150.jpg?resize=350%2C200&ssl=1 1x, https:\/\/i0.wp.com\/www.kanenberg.com.br\/fatosfotoseregistros\/wp-content\/uploads\/2016\/07\/1922-07-06-150x150.jpg?resize=525%2C300&ssl=1 1.5x"},"classes":[]},{"id":5325,"url":"https:\/\/www.kanenberg.com.br\/fatosfotoseregistros\/museu-ilha-das-flores\/","url_meta":{"origin":6204,"position":1},"title":"Museu da Imigra\u00e7\u00e3o da Ilha das Flores: um lugar de chegada, esperan\u00e7a e mem\u00f3ria","author":"kanenberg","date":"18 de fevereiro de 2019","format":false,"excerpt":"Na Ba\u00eda de Guanabara, no munic\u00edpio de S\u00e3o Gon\u00e7alo, encontra-se um lugar que guarda uma importante parte da hist\u00f3ria da imigra\u00e7\u00e3o no Brasil: a Ilha das Flores, onde funcionou, entre 1883 e 1966, a Hospedaria de Imigrantes da Ilha das Flores.","rel":"","context":"Em &quot;Lugares&quot;","block_context":{"text":"Lugares","link":"https:\/\/www.kanenberg.com.br\/fatosfotoseregistros\/category\/lugares\/"},"img":{"alt_text":"Vista do cais de entrada da Hospedaria de Imigrantes, na Ilha das Flores","src":"https:\/\/i0.wp.com\/www.kanenberg.com.br\/fatosfotoseregistros\/wp-content\/uploads\/2019\/02\/ilha_flores_00.jpg.jpg?resize=350%2C200&ssl=1","width":350,"height":200,"srcset":"https:\/\/i0.wp.com\/www.kanenberg.com.br\/fatosfotoseregistros\/wp-content\/uploads\/2019\/02\/ilha_flores_00.jpg.jpg?resize=350%2C200&ssl=1 1x, https:\/\/i0.wp.com\/www.kanenberg.com.br\/fatosfotoseregistros\/wp-content\/uploads\/2019\/02\/ilha_flores_00.jpg.jpg?resize=525%2C300&ssl=1 1.5x, https:\/\/i0.wp.com\/www.kanenberg.com.br\/fatosfotoseregistros\/wp-content\/uploads\/2019\/02\/ilha_flores_00.jpg.jpg?resize=700%2C400&ssl=1 2x, https:\/\/i0.wp.com\/www.kanenberg.com.br\/fatosfotoseregistros\/wp-content\/uploads\/2019\/02\/ilha_flores_00.jpg.jpg?resize=1050%2C600&ssl=1 3x, https:\/\/i0.wp.com\/www.kanenberg.com.br\/fatosfotoseregistros\/wp-content\/uploads\/2019\/02\/ilha_flores_00.jpg.jpg?resize=1400%2C800&ssl=1 4x"},"classes":[]},{"id":5408,"url":"https:\/\/www.kanenberg.com.br\/fatosfotoseregistros\/40-museus\/","url_meta":{"origin":6204,"position":2},"title":"40 museus para visitar de gra\u00e7a no Rio de Janeiro","author":"kanenberg","date":"23 de fevereiro de 2019","format":false,"excerpt":"Com uma lista destas, com certeza n\u00e3o vai falta op\u00e7\u00e3o de passeio para a fam\u00edlia inteira. Ainda mais que, muitos destes museus al\u00e9m das exposi\u00e7\u00f5es permanentes ou de longa dura\u00e7\u00e3o ainda com frequ\u00eancia mudam as exposi\u00e7\u00f5es tempor\u00e1rias. Bor\u00e1 l\u00e1 aproveitar?","rel":"","context":"Em &quot;Lugares&quot;","block_context":{"text":"Lugares","link":"https:\/\/www.kanenberg.com.br\/fatosfotoseregistros\/category\/lugares\/"},"img":{"alt_text":"MAR Rio","src":"https:\/\/i0.wp.com\/www.kanenberg.com.br\/fatosfotoseregistros\/wp-content\/uploads\/2019\/02\/mar_rio.jpg?resize=350%2C200&ssl=1","width":350,"height":200,"srcset":"https:\/\/i0.wp.com\/www.kanenberg.com.br\/fatosfotoseregistros\/wp-content\/uploads\/2019\/02\/mar_rio.jpg?resize=350%2C200&ssl=1 1x, https:\/\/i0.wp.com\/www.kanenberg.com.br\/fatosfotoseregistros\/wp-content\/uploads\/2019\/02\/mar_rio.jpg?resize=525%2C300&ssl=1 1.5x, https:\/\/i0.wp.com\/www.kanenberg.com.br\/fatosfotoseregistros\/wp-content\/uploads\/2019\/02\/mar_rio.jpg?resize=700%2C400&ssl=1 2x, https:\/\/i0.wp.com\/www.kanenberg.com.br\/fatosfotoseregistros\/wp-content\/uploads\/2019\/02\/mar_rio.jpg?resize=1050%2C600&ssl=1 3x"},"classes":[]},{"id":1077,"url":"https:\/\/www.kanenberg.com.br\/fatosfotoseregistros\/fortaleza-de-sao-jose-da-ponta-grossa\/","url_meta":{"origin":6204,"position":3},"title":"Fortaleza de S\u00e3o Jos\u00e9 da Ponta Grossa","author":"kanenberg","date":"7 de junho de 2016","format":false,"excerpt":"Est\u00e1 localizada ao norte da Ilha de Santa Catarina, entre as Praias do Forte e de Jurer\u00ea, em Florian\u00f3polis, no Estado de Santa Catarina. A constru\u00e7\u00e3o austera e imponente caracteriza-se pela riqueza da sua arquitetura, apresentando tra\u00e7os de influ\u00eancia renascentista.","rel":"","context":"Em &quot;Imagem&quot;","block_context":{"text":"Imagem","link":"https:\/\/www.kanenberg.com.br\/fatosfotoseregistros\/category\/imagem\/"},"img":{"alt_text":"pub_ponta_grossa_01","src":"https:\/\/fatosfotoseregistros.files.wordpress.com\/2016\/06\/pub_ponta_grossa_01.jpg?w=350&h=200&crop=1","width":350,"height":200,"srcset":"https:\/\/fatosfotoseregistros.files.wordpress.com\/2016\/06\/pub_ponta_grossa_01.jpg?w=350&h=200&crop=1 1x, https:\/\/fatosfotoseregistros.files.wordpress.com\/2016\/06\/pub_ponta_grossa_01.jpg?w=525&h=300&crop=1 1.5x"},"classes":[]},{"id":938,"url":"https:\/\/www.kanenberg.com.br\/fatosfotoseregistros\/morro-da-babilonia-2\/","url_meta":{"origin":6204,"position":4},"title":"Morro da Babil\u00f4nia","author":"kanenberg","date":"25 de maio de 2016","format":false,"excerpt":"O Morro da Babil\u00f4nia esta localizado na divisa entre os bairros do Leme, Botafogo, Urca e Copacabana. A localidade abriga as comunidades do Morro da Babil\u00f4nia e a do Chap\u00e9u Mangueira al\u00e9m de uma ampla \u00e1rea de prote\u00e7\u00e3o ambiental fazendo parte do Parque Natural Municipal Paisagem Carioca.","rel":"","context":"Em &quot;Lugares&quot;","block_context":{"text":"Lugares","link":"https:\/\/www.kanenberg.com.br\/fatosfotoseregistros\/category\/lugares\/"},"img":{"alt_text":"2015-04-19 11.38.46","src":"https:\/\/fatosfotoseregistros.files.wordpress.com\/2016\/05\/2015-04-19-11-38-46.jpg?w=350&h=200&crop=1","width":350,"height":200,"srcset":"https:\/\/fatosfotoseregistros.files.wordpress.com\/2016\/05\/2015-04-19-11-38-46.jpg?w=350&h=200&crop=1 1x, https:\/\/fatosfotoseregistros.files.wordpress.com\/2016\/05\/2015-04-19-11-38-46.jpg?w=525&h=300&crop=1 1.5x, https:\/\/fatosfotoseregistros.files.wordpress.com\/2016\/05\/2015-04-19-11-38-46.jpg?w=700&h=400&crop=1 2x"},"classes":[]},{"id":6188,"url":"https:\/\/www.kanenberg.com.br\/fatosfotoseregistros\/um-pequeno-pedaco-da-historia-encontrado-por-acaso\/","url_meta":{"origin":6204,"position":5},"title":"Um pequeno peda\u00e7o da hist\u00f3ria encontrado por acaso","author":"kanenberg","date":"26 de julho de 2026","format":false,"excerpt":"Esta \u00e9 uma c\u00e9dula de 100 Bol\u00edvares Fuertes, emitida pelo Banco Central da Venezuela em 2012. Na \u00e9poca, era a maior denomina\u00e7\u00e3o do pa\u00eds e representava o mais alto valor em circula\u00e7\u00e3o. Seu anverso apresenta o retrato de Sim\u00f3n Bol\u00edvar, enquanto o reverso destaca os belos cardenalitos, ave s\u00edmbolo da\u2026","rel":"","context":"Em &quot;Textos&quot;","block_context":{"text":"Textos","link":"https:\/\/www.kanenberg.com.br\/fatosfotoseregistros\/category\/textos\/"},"img":{"alt_text":"100 Bol\u00edvares Fuertes","src":"https:\/\/i0.wp.com\/www.kanenberg.com.br\/fatosfotoseregistros\/wp-content\/uploads\/2026\/07\/100-Bolivares-Fuertes.png?resize=350%2C200&ssl=1","width":350,"height":200,"srcset":"https:\/\/i0.wp.com\/www.kanenberg.com.br\/fatosfotoseregistros\/wp-content\/uploads\/2026\/07\/100-Bolivares-Fuertes.png?resize=350%2C200&ssl=1 1x, https:\/\/i0.wp.com\/www.kanenberg.com.br\/fatosfotoseregistros\/wp-content\/uploads\/2026\/07\/100-Bolivares-Fuertes.png?resize=525%2C300&ssl=1 1.5x, https:\/\/i0.wp.com\/www.kanenberg.com.br\/fatosfotoseregistros\/wp-content\/uploads\/2026\/07\/100-Bolivares-Fuertes.png?resize=700%2C400&ssl=1 2x, https:\/\/i0.wp.com\/www.kanenberg.com.br\/fatosfotoseregistros\/wp-content\/uploads\/2026\/07\/100-Bolivares-Fuertes.png?resize=1050%2C600&ssl=1 3x, https:\/\/i0.wp.com\/www.kanenberg.com.br\/fatosfotoseregistros\/wp-content\/uploads\/2026\/07\/100-Bolivares-Fuertes.png?resize=1400%2C800&ssl=1 4x"},"classes":[]}],"jetpack_likes_enabled":true,"amp_enabled":true,"jetpack_featured_media_url":"","_links":{"self":[{"href":"https:\/\/www.kanenberg.com.br\/fatosfotoseregistros\/wp-json\/wp\/v2\/posts\/6204","targetHints":{"allow":["GET"]}}],"collection":[{"href":"https:\/\/www.kanenberg.com.br\/fatosfotoseregistros\/wp-json\/wp\/v2\/posts"}],"about":[{"href":"https:\/\/www.kanenberg.com.br\/fatosfotoseregistros\/wp-json\/wp\/v2\/types\/post"}],"author":[{"embeddable":true,"href":"https:\/\/www.kanenberg.com.br\/fatosfotoseregistros\/wp-json\/wp\/v2\/users\/1"}],"replies":[{"embeddable":true,"href":"https:\/\/www.kanenberg.com.br\/fatosfotoseregistros\/wp-json\/wp\/v2\/comments?post=6204"}],"version-history":[{"count":2,"href":"https:\/\/www.kanenberg.com.br\/fatosfotoseregistros\/wp-json\/wp\/v2\/posts\/6204\/revisions"}],"predecessor-version":[{"id":6207,"href":"https:\/\/www.kanenberg.com.br\/fatosfotoseregistros\/wp-json\/wp\/v2\/posts\/6204\/revisions\/6207"}],"wp:attachment":[{"href":"https:\/\/www.kanenberg.com.br\/fatosfotoseregistros\/wp-json\/wp\/v2\/media?parent=6204"}],"wp:term":[{"taxonomy":"category","embeddable":true,"href":"https:\/\/www.kanenberg.com.br\/fatosfotoseregistros\/wp-json\/wp\/v2\/categories?post=6204"},{"taxonomy":"post_tag","embeddable":true,"href":"https:\/\/www.kanenberg.com.br\/fatosfotoseregistros\/wp-json\/wp\/v2\/tags?post=6204"}],"curies":[{"name":"wp","href":"https:\/\/api.w.org\/{rel}","templated":true}]}}