{"id":6193,"date":"2026-08-02T10:52:54","date_gmt":"2026-08-02T13:52:54","guid":{"rendered":"https:\/\/www.kanenberg.com.br\/fatosfotoseregistros\/?p=6193"},"modified":"2026-08-02T10:52:54","modified_gmt":"2026-08-02T13:52:54","slug":"a-historia-do-telefone-no-brasil","status":"publish","type":"post","link":"https:\/\/www.kanenberg.com.br\/fatosfotoseregistros\/a-historia-do-telefone-no-brasil\/","title":{"rendered":"A Hist\u00f3ria do Telefone no Brasil"},"content":{"rendered":"<p style=\"text-align: justify;\" data-path-to-node=\"0\">A chegada do telefone ao Brasil \u00e9 repleta de momentos marcantes \u2014 e envolve diretamente a curiosidade cient\u00edfica de um dos governantes mais entusiastas do pa\u00eds: o imperador Dom Pedro II.<\/p>\n<h2 data-path-to-node=\"2\">A Inven\u00e7\u00e3o e a &#8220;Descoberta&#8221; por Dom Pedro II<\/h2>\n<p id=\"p-rc_07b07791fb74f157-42\" style=\"text-align: justify;\" data-path-to-node=\"3\"><span class=\"citation-101\">O telefone foi patenteado nos Estados Unidos pelo escoc\u00eas <\/span><b data-path-to-node=\"3\" data-index-in-node=\"58\"><span class=\"citation-101\">Alexander Graham Bell<\/span><\/b><span class=\"citation-101\"> em <\/span><b data-path-to-node=\"3\" data-index-in-node=\"83\"><span class=\"citation-101\">1876<\/span><\/b><span class=\"citation-101 citation-end-101\">.<\/span><\/p>\n<p style=\"text-align: center;\" data-path-to-node=\"3\"><img loading=\"lazy\" decoding=\"async\" data-attachment-id=\"6198\" data-permalink=\"https:\/\/www.kanenberg.com.br\/fatosfotoseregistros\/a-historia-do-telefone-no-brasil\/descoberta-do-telefone\/\" data-orig-file=\"https:\/\/www.kanenberg.com.br\/fatosfotoseregistros\/wp-content\/uploads\/2026\/08\/descoberta-do-telefone.png\" data-orig-size=\"1448,1086\" data-comments-opened=\"1\" data-image-meta=\"{&quot;aperture&quot;:&quot;0&quot;,&quot;credit&quot;:&quot;&quot;,&quot;camera&quot;:&quot;&quot;,&quot;caption&quot;:&quot;&quot;,&quot;created_timestamp&quot;:&quot;0&quot;,&quot;copyright&quot;:&quot;&quot;,&quot;focal_length&quot;:&quot;0&quot;,&quot;iso&quot;:&quot;0&quot;,&quot;shutter_speed&quot;:&quot;0&quot;,&quot;title&quot;:&quot;&quot;,&quot;orientation&quot;:&quot;0&quot;,&quot;alt&quot;:&quot;&quot;}\" data-image-title=\"Descoberta do telefone\" data-image-description=\"\" data-image-caption=\"\" data-large-file=\"https:\/\/www.kanenberg.com.br\/fatosfotoseregistros\/wp-content\/uploads\/2026\/08\/descoberta-do-telefone-1024x768.png\" class=\"aligncenter size-full wp-image-6198\" src=\"https:\/\/www.kanenberg.com.br\/fatosfotoseregistros\/wp-content\/uploads\/2026\/08\/descoberta-do-telefone.png\" alt=\"Descoberta do telefone\" width=\"1448\" height=\"1086\" srcset=\"https:\/\/www.kanenberg.com.br\/fatosfotoseregistros\/wp-content\/uploads\/2026\/08\/descoberta-do-telefone.png 1448w, https:\/\/www.kanenberg.com.br\/fatosfotoseregistros\/wp-content\/uploads\/2026\/08\/descoberta-do-telefone-300x225.png 300w, https:\/\/www.kanenberg.com.br\/fatosfotoseregistros\/wp-content\/uploads\/2026\/08\/descoberta-do-telefone-1024x768.png 1024w, https:\/\/www.kanenberg.com.br\/fatosfotoseregistros\/wp-content\/uploads\/2026\/08\/descoberta-do-telefone-768x576.png 768w\" sizes=\"auto, (max-width: 1448px) 100vw, 1448px\" \/><\/p>\n<p id=\"p-rc_07b07791fb74f157-43\" style=\"text-align: justify;\" data-path-to-node=\"4\"><span class=\"citation-100\">Na \u00e9poca, ocorria a <\/span><i data-path-to-node=\"4\" data-index-in-node=\"20\"><span class=\"citation-100\">Exposi\u00e7\u00e3o Centen\u00e1ria da Independ\u00eancia dos EUA<\/span><\/i><span class=\"citation-100 citation-end-100\">, na Filad\u00e9lfia.<\/span> <span class=\"citation-99 citation-end-99\">Graham Bell estava l\u00e1 para apresentar sua inven\u00e7\u00e3o, mas seu estande ficava escondido e recebia pouca aten\u00e7\u00e3o dos jurados e visitantes.<\/span><\/p>\n<p id=\"p-rc_07b07791fb74f157-44\" style=\"text-align: justify;\" data-path-to-node=\"5\"><span class=\"citation-98\">Tudo mudou quando <\/span><b data-path-to-node=\"5\" data-index-in-node=\"18\"><span class=\"citation-98\">Dom Pedro II<\/span><\/b><span class=\"citation-98 citation-end-98\">, que estava visitando a feira, reconheceu Bell (eles haviam se conhecido dias antes na Universidade de Boston).<\/span> <span class=\"citation-97 citation-end-97\">O imperador aproximou-se, cumprimentou-o efusivamente e aceitou testar o prot\u00f3tipo.<\/span><\/p>\n<p style=\"text-align: justify;\" data-path-to-node=\"6\">Ao colocar o receptor no ouvido e escutar a voz de Bell do outro lado da linha declamando Shakespeare, o imperador exclamou surpreso:<\/p>\n<blockquote data-path-to-node=\"7\">\n<p id=\"p-rc_07b07791fb74f157-45\" data-path-to-node=\"7,0\"><b data-path-to-node=\"7,0\" data-index-in-node=\"0\"><span class=\"citation-96 citation-end-96\">&#8220;Meu Deus, isto fala!&#8221;<\/span><\/b><\/p>\n<\/blockquote>\n<p style=\"text-align: justify;\" data-path-to-node=\"8\">A rea\u00e7\u00e3o de Dom Pedro II atrai a aten\u00e7\u00e3o de toda a comiss\u00e3o de ju\u00edzes e da imprensa, transformando Graham Bell e o telefone no grande destaque do evento.<\/p>\n<h2 data-path-to-node=\"10\">A Chegada ao Brasil e as Primeiras Linhas<\/h2>\n<p id=\"p-rc_07b07791fb74f157-46\" style=\"text-align: justify;\" data-path-to-node=\"11\"><span class=\"citation-95\">Encantado com a tecnologia, Dom Pedro II encomendou aparelhos para o pa\u00eds, tornando o <\/span><b data-path-to-node=\"11\" data-index-in-node=\"86\"><span class=\"citation-95\">Brasil o segundo pa\u00eds do mundo a ter uma rede telef\u00f4nica<\/span><\/b><span class=\"citation-95 citation-end-95\">, atr\u00e1s apenas dos Estados Unidos.<\/span><\/p>\n<ul data-path-to-node=\"12\">\n<li>\n<p id=\"p-rc_07b07791fb74f157-47\" style=\"text-align: justify;\" data-path-to-node=\"12,0,0\"><b data-path-to-node=\"12,0,0\" data-index-in-node=\"0\"><span class=\"citation-94 citation-end-94\">Ano de Chegada:<\/span><\/b> <b data-path-to-node=\"12,0,0\" data-index-in-node=\"16\"><span class=\"citation-93\">1877<\/span><\/b><span class=\"citation-93 citation-end-93\">.<\/span><\/p>\n<\/li>\n<li>\n<p id=\"p-rc_07b07791fb74f157-48\" style=\"text-align: justify;\" data-path-to-node=\"12,1,0\"><b data-path-to-node=\"12,1,0\" data-index-in-node=\"0\">Quem trouxe\/instalou:<\/b> <span class=\"citation-92\">Os trabalhos foram executados pela empresa <\/span><i data-path-to-node=\"12,1,0\" data-index-in-node=\"65\"><span class=\"citation-92\">Western and Brazilian Telegraph Company<\/span><\/i><span class=\"citation-92 citation-end-92\">.<\/span><\/p>\n<\/li>\n<li>\n<p id=\"p-rc_07b07791fb74f157-49\" style=\"text-align: justify;\" data-path-to-node=\"12,2,0\"><b data-path-to-node=\"12,2,0\" data-index-in-node=\"0\"><span class=\"citation-91 citation-end-91\">Onde foram instaladas as primeiras linhas:<\/span><\/b> <span class=\"citation-90\">A primeira linha conectou o <\/span><b data-path-to-node=\"12,2,0\" data-index-in-node=\"71\"><span class=\"citation-90\">Pal\u00e1cio Imperial de S\u00e3o Crist\u00f3v\u00e3o<\/span><\/b><span class=\"citation-90 citation-end-90\"> (na Quinta da Boa Vista, Rio de Janeiro) \u00e0s resid\u00eancias dos seus ministros de Estado e a reparti\u00e7\u00f5es p\u00fablicas.<\/span> <span class=\"citation-89 citation-end-89\">Pouco tempo depois, estendeu-se uma linha ligando o Rio de Janeiro \u00e0 cidade de Petr\u00f3polis (ref\u00fagio de ver\u00e3o da Fam\u00edlia Real).<\/span><\/p>\n<\/li>\n<li>\n<p style=\"text-align: justify;\" data-path-to-node=\"12,3,0\"><b data-path-to-node=\"12,3,0\" data-index-in-node=\"0\">Concess\u00e3o comercial:<\/b> Em 1889, o Brasil j\u00e1 contava com milhares de assinantes, liderado pela <i data-path-to-node=\"12,3,0\" data-index-in-node=\"92\">Brazilian Telephone Company<\/i>.<\/p>\n<\/li>\n<\/ul>\n<h2 data-path-to-node=\"14\">Como eram os primeiros aparelhos e o seu funcionamento<\/h2>\n<p style=\"text-align: justify;\" data-path-to-node=\"15\">Os primeiros aparelhos de telefone eram bastante r\u00fasticos:<\/p>\n<ul data-path-to-node=\"16\">\n<li>\n<p id=\"p-rc_07b07791fb74f157-50\" style=\"text-align: justify;\" data-path-to-node=\"16,0,0\"><b data-path-to-node=\"16,0,0\" data-index-in-node=\"0\"><span class=\"citation-88 citation-end-88\">Como funcionavam:<\/span><\/b> N\u00e3o existia central de comuta\u00e7\u00e3o e nem sinal de discagem. <span class=\"citation-87\">As conex\u00f5es eram <\/span><b data-path-to-node=\"16,0,0\" data-index-in-node=\"93\"><span class=\"citation-87\">ponto a ponto<\/span><\/b><span class=\"citation-87 citation-end-87\"> \u2014 ou seja, uma fia\u00e7\u00e3o f\u00edsica ligava diretamente um aparelho a outro.<\/span> Se o imperador quisesse falar com tr\u00eas ministros diferentes, precisava de tr\u00eas aparelhos na sua mesa!<\/p>\n<\/li>\n<li>\n<p id=\"p-rc_07b07791fb74f157-51\" style=\"text-align: justify;\" data-path-to-node=\"16,1,0\"><b data-path-to-node=\"16,1,0\" data-index-in-node=\"0\">Alimenta\u00e7\u00e3o e Campainha:<\/b> <span class=\"citation-86\">O \u00e1udio rodava atrav\u00e9s de baterias locais, mas para chamar a outra pessoa, o usu\u00e1rio precisava <\/span><b data-path-to-node=\"16,1,0\" data-index-in-node=\"120\"><span class=\"citation-86\">girar uma manivela<\/span><\/b><span class=\"citation-86 citation-end-86\"> conectada a um gerador magn\u00e9tico, que acionava um sino met\u00e1lico do outro lado da linha.<\/span><\/p>\n<\/li>\n<li>\n<p style=\"text-align: justify;\" data-path-to-node=\"16,2,0\"><b data-path-to-node=\"16,2,0\" data-index-in-node=\"0\">O surgimento das Telefonistas:<\/b> Nos anos seguintes, surgiram as centrais manuais. O usu\u00e1rio retirava o fone do gancho, falava com uma <b data-path-to-node=\"16,2,0\" data-index-in-node=\"133\">telefonista<\/b> no centro de comuta\u00e7\u00e3o e pedia: <i data-path-to-node=\"16,2,0\" data-index-in-node=\"177\">&#8220;Por favor, me conecte ao n\u00famero X&#8221;<\/i>. A operadora, ent\u00e3o, plugava fisicamente um cabo no painel (<i data-path-to-node=\"16,2,0\" data-index-in-node=\"273\">pino\/jack<\/i>) para unir as duas linhas.<\/p>\n<\/li>\n<\/ul>\n<h2 data-path-to-node=\"18\">Resumo da Evolu\u00e7\u00e3o: Do Fixo ao Smartphone<\/h2>\n<ol start=\"1\" data-path-to-node=\"20\">\n<li>\n<p style=\"text-align: justify;\" data-path-to-node=\"20,0,0\"><b data-path-to-node=\"20,0,0\" data-index-in-node=\"0\">A Era do Telefone Fixo Residencial &amp; Disco:<\/b><\/p>\n<p style=\"text-align: justify;\" data-path-to-node=\"20,0,0\">Com a automatiza\u00e7\u00e3o das centrais (sem a necessidade de telefonistas para liga\u00e7\u00f5es locais), surgiram os aparelhos de <b data-path-to-node=\"20,0,0\" data-index-in-node=\"160\">disco girat\u00f3rio<\/b> e, mais tarde, de <b data-path-to-node=\"20,0,0\" data-index-in-node=\"194\">teclado tom\/pulso<\/b>. Durante d\u00e9cadas no Brasil, ter uma linha fixa era t\u00e3o caro que o telefone era considerado um patrim\u00f4nio, declarado no Imposto de Renda e comercializado como aluguel ou investimento.<\/p>\n<\/li>\n<li>\n<p style=\"text-align: justify;\" data-path-to-node=\"20,1,0\"><b data-path-to-node=\"20,1,0\" data-index-in-node=\"0\">O Telefone P\u00fablico (&#8220;Orelh\u00e3o&#8221;):<\/b><\/p>\n<p style=\"text-align: justify;\" data-path-to-node=\"20,1,0\">Criado em <b data-path-to-node=\"20,1,0\" data-index-in-node=\"42\">1971<\/b> pela designer <b data-path-to-node=\"20,1,0\" data-index-in-node=\"61\">Chu Ming Silveira<\/b>, o c\u00fapula protetora de fibra de vidro em formato de ovo revolucionou o acesso \u00e0 comunica\u00e7\u00e3o nas ruas brasileiras. Funcionavam inicialmente com <b data-path-to-node=\"20,1,0\" data-index-in-node=\"222\">fichas met\u00e1licas<\/b> (que frequentemente emperravam) e, nos anos 90, migraram para os <b data-path-to-node=\"20,1,0\" data-index-in-node=\"304\">cart\u00f5es telef\u00f4nicos magn\u00e9ticos<\/b>.<\/p>\n<\/li>\n<li>\n<p style=\"text-align: justify;\" data-path-to-node=\"20,2,0\"><b data-path-to-node=\"20,2,0\" data-index-in-node=\"0\">A Chegada e Evolu\u00e7\u00e3o do Telefone M\u00f3vel (Celular):<\/b><\/p>\n<ul data-path-to-node=\"20,2,1\">\n<li>\n<p style=\"text-align: justify;\" data-path-to-node=\"20,2,1,0,0\"><b data-path-to-node=\"20,2,1,0,0\" data-index-in-node=\"0\">Anos 90 (1G e 2G):<\/b> A telefonia celular chegou ao Brasil em 1990 (Rio de Janeiro). Os primeiros aparelhos eram os famosos &#8220;tijol\u00f5es&#8221; (como o <i data-path-to-node=\"20,2,1,0,0\" data-index-in-node=\"140\">Motorola PT-550<\/i>), anal\u00f3gicos e car\u00edssimos. Com a privatiza\u00e7\u00e3o do sistema Telebr\u00e1s em 1998, o acesso se popularizou rapidamente com a chegada das redes GSM e dos telefones com SMS e visores coloridos.<\/p>\n<\/li>\n<li>\n<p style=\"text-align: justify;\" data-path-to-node=\"20,2,1,1,0\"><b data-path-to-node=\"20,2,1,1,0\" data-index-in-node=\"0\">Anos 2000 at\u00e9 hoje (3G, 4G, 5G e Smartphones):<\/b> O telefone deixou de ser um mero transmissor de voz. Com o surgimento dos smartphones (a partir de 2007) e da internet m\u00f3vel de alta velocidade, os celulares tornaram-se computadores de bolso centralizadores de fotos, mensagens instant\u00e2neas, servi\u00e7os financeiros e entretenimento.<\/p>\n<\/li>\n<\/ul>\n<\/li>\n<\/ol>\n","protected":false},"excerpt":{"rendered":"<p>A chegada do telefone ao Brasil \u00e9 repleta de momentos marcantes \u2014 e envolve diretamente a curiosidade cient\u00edfica de um dos governantes mais entusiastas do pa\u00eds: o imperador Dom Pedro II.<\/p>\n","protected":false},"author":1,"featured_media":0,"comment_status":"open","ping_status":"open","sticky":false,"template":"","format":"standard","meta":{"_exactmetrics_skip_tracking":false,"_jetpack_newsletter_access":"","_jetpack_dont_email_post_to_subs":false,"_jetpack_newsletter_tier_id":0,"_jetpack_memberships_contains_paywalled_content":false,"_jetpack_feature_clip_id":0,"_jetpack_memberships_contains_paid_content":false,"footnotes":"","jetpack_publicize_message":"","jetpack_publicize_feature_enabled":true,"jetpack_social_post_already_shared":true,"jetpack_social_options":{"image_generator_settings":{"template":"highway","default_image_id":0,"font":"","enabled":false},"version":2},"jetpack_post_was_ever_published":false},"categories":[265],"tags":[254,419,255,264,289,426],"class_list":["post-6193","post","type-post","status-publish","format-standard","hentry","category-textos","tag-curiosidades","tag-d-pedro-ii","tag-historia","tag-internet","tag-rio-de-janeiro","tag-telefone"],"jetpack_publicize_connections":[],"jetpack_sharing_enabled":true,"jetpack_shortlink":"https:\/\/wp.me\/phkM1X-1BT","jetpack-related-posts":[{"id":6161,"url":"https:\/\/www.kanenberg.com.br\/fatosfotoseregistros\/dia-do-escritor-2026\/","url_meta":{"origin":6193,"position":0},"title":"O Imperador da Mente Versada: A Faceta Escritora e Tradutora de D. Pedro II","author":"kanenberg","date":"25 de julho de 2026","format":false,"excerpt":"Neste Dia do Escritor, celebrado em 25 de julho, costumamos lembrar das grandes mentes que moldaram a literatura brasileira, de Machado de Assis a Clarice Lispector. No entanto, h\u00e1 um cap\u00edtulo fascinante da nossa hist\u00f3ria liter\u00e1ria que muitas vezes permanece \u00e0 sombra da pol\u00edtica: a faceta de Dom Pedro II\u2026","rel":"","context":"Em &quot;Personalidades&quot;","block_context":{"text":"Personalidades","link":"https:\/\/www.kanenberg.com.br\/fatosfotoseregistros\/category\/personalidades\/"},"img":{"alt_text":"","src":"https:\/\/i0.wp.com\/www.kanenberg.com.br\/fatosfotoseregistros\/wp-content\/uploads\/2026\/07\/file_000000003a14820ea374c6653d068dae8963584501828690726.png?resize=350%2C200&ssl=1","width":350,"height":200,"srcset":"https:\/\/i0.wp.com\/www.kanenberg.com.br\/fatosfotoseregistros\/wp-content\/uploads\/2026\/07\/file_000000003a14820ea374c6653d068dae8963584501828690726.png?resize=350%2C200&ssl=1 1x, https:\/\/i0.wp.com\/www.kanenberg.com.br\/fatosfotoseregistros\/wp-content\/uploads\/2026\/07\/file_000000003a14820ea374c6653d068dae8963584501828690726.png?resize=525%2C300&ssl=1 1.5x, https:\/\/i0.wp.com\/www.kanenberg.com.br\/fatosfotoseregistros\/wp-content\/uploads\/2026\/07\/file_000000003a14820ea374c6653d068dae8963584501828690726.png?resize=700%2C400&ssl=1 2x, https:\/\/i0.wp.com\/www.kanenberg.com.br\/fatosfotoseregistros\/wp-content\/uploads\/2026\/07\/file_000000003a14820ea374c6653d068dae8963584501828690726.png?resize=1050%2C600&ssl=1 3x, https:\/\/i0.wp.com\/www.kanenberg.com.br\/fatosfotoseregistros\/wp-content\/uploads\/2026\/07\/file_000000003a14820ea374c6653d068dae8963584501828690726.png?resize=1400%2C800&ssl=1 4x"},"classes":[]},{"id":6149,"url":"https:\/\/www.kanenberg.com.br\/fatosfotoseregistros\/igreja_antiga_se_rio_de_janeiro\/","url_meta":{"origin":6193,"position":1},"title":"Testemunha da Hist\u00f3ria: Conhe\u00e7a a Igreja de Nossa Senhora do Carmo da Antiga S\u00e9","author":"kanenberg","date":"19 de julho de 2026","format":false,"excerpt":"Se voc\u00ea passa pela agita\u00e7\u00e3o do Centro do Rio de Janeiro, na altura da Pra\u00e7a XV, \u00e9 imposs\u00edvel n\u00e3o notar um imponente conjunto arquitet\u00f4nico que respira o passado colonial e imperial do Brasil. No cora\u00e7\u00e3o desse complexo est\u00e1 a Igreja de Nossa Senhora do Carmo da Antiga S\u00e9.","rel":"","context":"Em &quot;Imagem&quot;","block_context":{"text":"Imagem","link":"https:\/\/www.kanenberg.com.br\/fatosfotoseregistros\/category\/imagem\/"},"img":{"alt_text":"Restos mortais de Pedro \u00c1lvares Cabral","src":"https:\/\/i0.wp.com\/www.kanenberg.com.br\/fatosfotoseregistros\/wp-content\/uploads\/2026\/07\/cabral_cripta.jpg?resize=350%2C200&ssl=1","width":350,"height":200},"classes":[]},{"id":1357,"url":"https:\/\/www.kanenberg.com.br\/fatosfotoseregistros\/central-do-brasil\/","url_meta":{"origin":6193,"position":2},"title":"Central do Brasil","author":"kanenberg","date":"28 de junho de 2016","format":false,"excerpt":"Central do Brasil, lugar conhecido por alguns e desconhecido por outros, admirado por uns e temido por outros, para alguns \u00e9 caminho obrigat\u00f3rio no dia-a-dia, enfim, um lugar cheio de hist\u00f3rias e curiosidades.","rel":"","context":"Em &quot;Imagem&quot;","block_context":{"text":"Imagem","link":"https:\/\/www.kanenberg.com.br\/fatosfotoseregistros\/category\/imagem\/"},"img":{"alt_text":"","src":"https:\/\/i0.wp.com\/www.kanenberg.com.br\/fatosfotoseregistros\/wp-content\/uploads\/2016\/06\/pvargas.jpg?resize=350%2C200&ssl=1","width":350,"height":200,"srcset":"https:\/\/i0.wp.com\/www.kanenberg.com.br\/fatosfotoseregistros\/wp-content\/uploads\/2016\/06\/pvargas.jpg?resize=350%2C200&ssl=1 1x, https:\/\/i0.wp.com\/www.kanenberg.com.br\/fatosfotoseregistros\/wp-content\/uploads\/2016\/06\/pvargas.jpg?resize=525%2C300&ssl=1 1.5x"},"classes":[]},{"id":2192,"url":"https:\/\/www.kanenberg.com.br\/fatosfotoseregistros\/petropolis-e-teresopolis\/","url_meta":{"origin":6193,"position":3},"title":"Petr\u00f3polis e Teres\u00f3polis","author":"kanenberg","date":"22 de julho de 2016","format":false,"excerpt":"Conhe\u00e7a a origem dos nomes das cidades de Petr\u00f3polis e Teres\u00f3polis.","rel":"","context":"Em &quot;Textos&quot;","block_context":{"text":"Textos","link":"https:\/\/www.kanenberg.com.br\/fatosfotoseregistros\/category\/textos\/"},"img":{"alt_text":"petro_tere","src":"https:\/\/fatosfotoseregistros.files.wordpress.com\/2016\/07\/petro_tere.jpg?w=350&h=200&crop=1","width":350,"height":200},"classes":[]},{"id":1230,"url":"https:\/\/www.kanenberg.com.br\/fatosfotoseregistros\/japeri\/","url_meta":{"origin":6193,"position":4},"title":"Cidade de Japeri","author":"kanenberg","date":"5 de julho de 2016","format":false,"excerpt":"A hist\u00f3ria de Japeri come\u00e7a no dia 13 de agosto de 1743, data de sua funda\u00e7\u00e3o, por In\u00e1cio Dias da C\u00e2mara Leme, denominado Morgado de Bel\u00e9m. A partir de 1750, as terras passaram a pertencer \u00e0 Freguesia de Sacra Fam\u00edlia de Tingu\u00e1, pois at\u00e9 ent\u00e3o pertenciam \u00e0 Freguesia de Paty\u2026","rel":"","context":"Em &quot;Imagem&quot;","block_context":{"text":"Imagem","link":"https:\/\/www.kanenberg.com.br\/fatosfotoseregistros\/category\/imagem\/"},"img":{"alt_text":"japeri_1928","src":"https:\/\/i0.wp.com\/www.kanenberg.com.br\/fatosfotoseregistros\/wp-content\/uploads\/2016\/07\/japeri_1928.jpg?resize=350%2C200&ssl=1","width":350,"height":200},"classes":[]},{"id":161,"url":"https:\/\/www.kanenberg.com.br\/fatosfotoseregistros\/casa-do-sal\/","url_meta":{"origin":6193,"position":5},"title":"Hist\u00f3rica Casa do Sal em Santa Cruz","author":"kanenberg","date":"9 de julho de 2015","format":false,"excerpt":"A Casa do Sal \u00e9 um dos testemunhos materiais mais intrigantes da transi\u00e7\u00e3o entre o per\u00edodo colonial e o imperial na Zona Oeste do Rio de Janeiro.","rel":"","context":"Em &quot;Lugares&quot;","block_context":{"text":"Lugares","link":"https:\/\/www.kanenberg.com.br\/fatosfotoseregistros\/category\/lugares\/"},"img":{"alt_text":"Fachada da hist\u00f3rica Casa do Sal em Santa Cruz.. Fonte: NOPH - N\u00facleo de Orienta\u00e7\u00e3o e Pesquisa Hist\u00f3rica de Santa Cruz","src":"https:\/\/i0.wp.com\/www.kanenberg.com.br\/fatosfotoseregistros\/wp-content\/uploads\/2015\/07\/Casa_Sal.jpg?resize=350%2C200&ssl=1","width":350,"height":200,"srcset":"https:\/\/i0.wp.com\/www.kanenberg.com.br\/fatosfotoseregistros\/wp-content\/uploads\/2015\/07\/Casa_Sal.jpg?resize=350%2C200&ssl=1 1x, https:\/\/i0.wp.com\/www.kanenberg.com.br\/fatosfotoseregistros\/wp-content\/uploads\/2015\/07\/Casa_Sal.jpg?resize=525%2C300&ssl=1 1.5x, https:\/\/i0.wp.com\/www.kanenberg.com.br\/fatosfotoseregistros\/wp-content\/uploads\/2015\/07\/Casa_Sal.jpg?resize=700%2C400&ssl=1 2x"},"classes":[]}],"jetpack_likes_enabled":true,"amp_enabled":true,"jetpack_featured_media_url":"","_links":{"self":[{"href":"https:\/\/www.kanenberg.com.br\/fatosfotoseregistros\/wp-json\/wp\/v2\/posts\/6193","targetHints":{"allow":["GET"]}}],"collection":[{"href":"https:\/\/www.kanenberg.com.br\/fatosfotoseregistros\/wp-json\/wp\/v2\/posts"}],"about":[{"href":"https:\/\/www.kanenberg.com.br\/fatosfotoseregistros\/wp-json\/wp\/v2\/types\/post"}],"author":[{"embeddable":true,"href":"https:\/\/www.kanenberg.com.br\/fatosfotoseregistros\/wp-json\/wp\/v2\/users\/1"}],"replies":[{"embeddable":true,"href":"https:\/\/www.kanenberg.com.br\/fatosfotoseregistros\/wp-json\/wp\/v2\/comments?post=6193"}],"version-history":[{"count":2,"href":"https:\/\/www.kanenberg.com.br\/fatosfotoseregistros\/wp-json\/wp\/v2\/posts\/6193\/revisions"}],"predecessor-version":[{"id":6199,"href":"https:\/\/www.kanenberg.com.br\/fatosfotoseregistros\/wp-json\/wp\/v2\/posts\/6193\/revisions\/6199"}],"wp:attachment":[{"href":"https:\/\/www.kanenberg.com.br\/fatosfotoseregistros\/wp-json\/wp\/v2\/media?parent=6193"}],"wp:term":[{"taxonomy":"category","embeddable":true,"href":"https:\/\/www.kanenberg.com.br\/fatosfotoseregistros\/wp-json\/wp\/v2\/categories?post=6193"},{"taxonomy":"post_tag","embeddable":true,"href":"https:\/\/www.kanenberg.com.br\/fatosfotoseregistros\/wp-json\/wp\/v2\/tags?post=6193"}],"curies":[{"name":"wp","href":"https:\/\/api.w.org\/{rel}","templated":true}]}}