{"id":6188,"date":"2026-07-26T12:44:32","date_gmt":"2026-07-26T15:44:32","guid":{"rendered":"https:\/\/www.kanenberg.com.br\/fatosfotoseregistros\/?p=6188"},"modified":"2026-07-26T12:44:32","modified_gmt":"2026-07-26T15:44:32","slug":"um-pequeno-pedaco-da-historia-encontrado-por-acaso","status":"publish","type":"post","link":"https:\/\/www.kanenberg.com.br\/fatosfotoseregistros\/um-pequeno-pedaco-da-historia-encontrado-por-acaso\/","title":{"rendered":"Um pequeno peda\u00e7o da hist\u00f3ria encontrado por acaso"},"content":{"rendered":"<p style=\"text-align: justify;\">Esta \u00e9 uma c\u00e9dula de <strong>100 Bol\u00edvares Fuertes<\/strong>, emitida pelo Banco Central da Venezuela em 2012. Na \u00e9poca, era a maior denomina\u00e7\u00e3o do pa\u00eds e representava o mais alto valor em circula\u00e7\u00e3o. Seu anverso apresenta o retrato de <strong>Sim\u00f3n Bol\u00edvar<\/strong>, enquanto o reverso destaca os belos <strong>cardenalitos<\/strong>, ave s\u00edmbolo da Venezuela.<\/p>\n<p style=\"text-align: center;\"><img loading=\"lazy\" decoding=\"async\" data-attachment-id=\"6189\" data-permalink=\"https:\/\/www.kanenberg.com.br\/fatosfotoseregistros\/um-pequeno-pedaco-da-historia-encontrado-por-acaso\/100-bolivares-fuertes\/\" data-orig-file=\"https:\/\/www.kanenberg.com.br\/fatosfotoseregistros\/wp-content\/uploads\/2026\/07\/100-Bolivares-Fuertes.png\" data-orig-size=\"1536,1024\" data-comments-opened=\"1\" data-image-meta=\"{&quot;aperture&quot;:&quot;0&quot;,&quot;credit&quot;:&quot;&quot;,&quot;camera&quot;:&quot;&quot;,&quot;caption&quot;:&quot;&quot;,&quot;created_timestamp&quot;:&quot;0&quot;,&quot;copyright&quot;:&quot;&quot;,&quot;focal_length&quot;:&quot;0&quot;,&quot;iso&quot;:&quot;0&quot;,&quot;shutter_speed&quot;:&quot;0&quot;,&quot;title&quot;:&quot;&quot;,&quot;orientation&quot;:&quot;0&quot;,&quot;alt&quot;:&quot;&quot;}\" data-image-title=\"100 Bol\u00edvares Fuertes\" data-image-description=\"\" data-image-caption=\"\" data-large-file=\"https:\/\/www.kanenberg.com.br\/fatosfotoseregistros\/wp-content\/uploads\/2026\/07\/100-Bolivares-Fuertes-1024x683.png\" class=\"aligncenter size-full wp-image-6189\" src=\"https:\/\/www.kanenberg.com.br\/fatosfotoseregistros\/wp-content\/uploads\/2026\/07\/100-Bolivares-Fuertes.png\" alt=\"100 Bol\u00edvares Fuertes\" width=\"1536\" height=\"1024\" srcset=\"https:\/\/www.kanenberg.com.br\/fatosfotoseregistros\/wp-content\/uploads\/2026\/07\/100-Bolivares-Fuertes.png 1536w, https:\/\/www.kanenberg.com.br\/fatosfotoseregistros\/wp-content\/uploads\/2026\/07\/100-Bolivares-Fuertes-300x200.png 300w, https:\/\/www.kanenberg.com.br\/fatosfotoseregistros\/wp-content\/uploads\/2026\/07\/100-Bolivares-Fuertes-1024x683.png 1024w, https:\/\/www.kanenberg.com.br\/fatosfotoseregistros\/wp-content\/uploads\/2026\/07\/100-Bolivares-Fuertes-768x512.png 768w, https:\/\/www.kanenberg.com.br\/fatosfotoseregistros\/wp-content\/uploads\/2026\/07\/100-Bolivares-Fuertes-840x560.png 840w, https:\/\/www.kanenberg.com.br\/fatosfotoseregistros\/wp-content\/uploads\/2026\/07\/100-Bolivares-Fuertes-120x80.png 120w, https:\/\/www.kanenberg.com.br\/fatosfotoseregistros\/wp-content\/uploads\/2026\/07\/100-Bolivares-Fuertes-360x240.png 360w, https:\/\/www.kanenberg.com.br\/fatosfotoseregistros\/wp-content\/uploads\/2026\/07\/100-Bolivares-Fuertes-600x400.png 600w\" sizes=\"auto, (max-width: 1536px) 100vw, 1536px\" \/><\/p>\n<p style=\"text-align: justify;\">Poucos anos depois, por\u00e9m, a hiperinfla\u00e7\u00e3o transformou esta c\u00e9dula em um s\u00edmbolo de um dos maiores colapsos monet\u00e1rios da hist\u00f3ria recente. Em 2016, ela perdeu praticamente todo o seu poder de compra e acabou sendo retirada de circula\u00e7\u00e3o. Hoje, j\u00e1 n\u00e3o possui valor monet\u00e1rio, mas permanece como um importante registro hist\u00f3rico e uma interessante pe\u00e7a de cole\u00e7\u00e3o.<\/p>\n<p style=\"text-align: justify;\">A hist\u00f3ria desta c\u00e9dula tamb\u00e9m \u00e9 curiosa. Encontrei-a por acaso durante uma corrida, ca\u00edda entre folhas secas em uma cal\u00e7ada pouco movimentada, localizada entre o muro da linha do metr\u00f4 e uma avenida. Um simples papel dobrado chamou minha aten\u00e7\u00e3o. Ao peg\u00e1-lo e desdobr\u00e1-lo, descobri que se tratava desta nota venezuelana.<\/p>\n<p style=\"text-align: justify;\">Desde ent\u00e3o, ela passou a fazer parte do meu pequeno acervo. N\u00e3o pelo seu valor financeiro, mas pela hist\u00f3ria que carrega: a de um pa\u00eds, de sua economia e tamb\u00e9m a lembran\u00e7a de um encontro totalmente inesperado durante um treino. \u00c0s vezes, os objetos mais simples acabam se tornando aqueles que guardamos com mais carinho.<\/p>\n<p style=\"text-align: justify;\">O Bol\u00edvar Forte (c\u00f3digo ISO 4217: VEF, s\u00edmbolo: Bs. F.) foi a moeda oficial da Venezuela entre 1 de janeiro de 2008 e 20 de agosto de 2018, quando foi completamente extinto e substitu\u00eddo devido \u00e0 hiperinfla\u00e7\u00e3o. Ele surgiu com o objetivo de simplificar as transa\u00e7\u00f5es financeiras e conter a infla\u00e7\u00e3o, cortando tr\u00eas zeros da moeda anterior (o bol\u00edvar antigo).<\/p>\n<p style=\"text-align: justify;\">Sim\u00f3n Bol\u00edvar (1783\u20131830) foi um dos mais importantes militares e estadistas da hist\u00f3ria sul-americana, amplamente conhecido pelo t\u00edtulo honor\u00edfico de &#8220;O Libertador&#8221;. Ele desempenhou um papel central e decisivo nas guerras de independ\u00eancia contra o Imp\u00e9rio Espanhol, liderando a emancipa\u00e7\u00e3o pol\u00edtica de cinco na\u00e7\u00f5es atuais: Venezuela, Col\u00f4mbia, Equador, Peru e Bol\u00edvia.<\/p>\n<p style=\"text-align: justify;\">Embora seja um poderoso s\u00edmbolo cultural e sentimental da Venezuela, o cardenalito (Spinus cucullatus) n\u00e3o \u00e9 a ave nacional oficial do pa\u00eds. Esse t\u00edtulo pertence legalmente ao turpial (Icterus icterus). No entanto, o cardenalito carrega uma conex\u00e3o hist\u00f3rica e afetiva profunda com o povo venezuelano.<\/p>\n","protected":false},"excerpt":{"rendered":"<p>Esta \u00e9 uma c\u00e9dula de 100 Bol\u00edvares Fuertes, emitida pelo Banco Central da Venezuela em 2012. Na \u00e9poca, era a maior denomina\u00e7\u00e3o do pa\u00eds e representava o mais alto valor em circula\u00e7\u00e3o. Seu anverso apresenta o retrato de Sim\u00f3n Bol\u00edvar, enquanto o reverso destaca os belos cardenalitos, ave s\u00edmbolo da Venezuela.<\/p>\n","protected":false},"author":1,"featured_media":0,"comment_status":"open","ping_status":"open","sticky":false,"template":"","format":"standard","meta":{"_exactmetrics_skip_tracking":false,"_jetpack_newsletter_access":"","_jetpack_dont_email_post_to_subs":false,"_jetpack_newsletter_tier_id":0,"_jetpack_memberships_contains_paywalled_content":false,"_jetpack_feature_clip_id":0,"_jetpack_memberships_contains_paid_content":false,"footnotes":"","jetpack_publicize_message":"","jetpack_publicize_feature_enabled":true,"jetpack_social_post_already_shared":true,"jetpack_social_options":{"image_generator_settings":{"template":"highway","default_image_id":0,"font":"","enabled":false},"version":2},"jetpack_post_was_ever_published":false},"categories":[265],"tags":[425,422,424],"class_list":["post-6188","post","type-post","status-publish","format-standard","hentry","category-textos","tag-notafilia","tag-numismatica","tag-venezuela"],"jetpack_publicize_connections":[],"jetpack_sharing_enabled":true,"jetpack_shortlink":"https:\/\/wp.me\/phkM1X-1BO","jetpack-related-posts":[{"id":6353,"url":"https:\/\/www.kanenberg.com.br\/fatosfotoseregistros\/velho-oeste-historia-e-ficcao\/","url_meta":{"origin":6188,"position":0},"title":"Velho Oeste: Hist\u00f3ria e Fic\u00e7\u00e3o","author":"kanenberg","date":"2 de setembro de 2026","format":false,"excerpt":"A \u00e9poca retratada nos filmes de faroeste existiu de verdade e ficou conhecida na hist\u00f3ria como a era do Velho Oeste (ou Wild West \u2014 Oeste Selvagem).","rel":"","context":"Em &quot;Lugares&quot;","block_context":{"text":"Lugares","link":"https:\/\/www.kanenberg.com.br\/fatosfotoseregistros\/category\/lugares\/"},"img":{"alt_text":"Figura 1 - Dodge City, Kansas (1878): Uma das cidades mais famosas e violentas do Velho Oeste real. Fonte: Smithsonian Magazine","src":"https:\/\/i0.wp.com\/www.kanenberg.com.br\/fatosfotoseregistros\/wp-content\/uploads\/2026\/08\/Dodge-City.jpg?resize=350%2C200&ssl=1","width":350,"height":200,"srcset":"https:\/\/i0.wp.com\/www.kanenberg.com.br\/fatosfotoseregistros\/wp-content\/uploads\/2026\/08\/Dodge-City.jpg?resize=350%2C200&ssl=1 1x, https:\/\/i0.wp.com\/www.kanenberg.com.br\/fatosfotoseregistros\/wp-content\/uploads\/2026\/08\/Dodge-City.jpg?resize=525%2C300&ssl=1 1.5x"},"classes":[]},{"id":2215,"url":"https:\/\/www.kanenberg.com.br\/fatosfotoseregistros\/5-000-cruzeiros\/","url_meta":{"origin":6188,"position":1},"title":"5.000 Cruzeiros","author":"kanenberg","date":"23 de julho de 2016","format":false,"excerpt":"Entre as moedas comemorativas mais conhecidas da d\u00e9cada de 1990 est\u00e1 a de 5.000 Cruzeiros, emitida em 1992 para celebrar o bicenten\u00e1rio da morte de Joaquim Jos\u00e9 da Silva Xavier, o Tiradentes (1792\u20131992), considerado um dos principais s\u00edmbolos da luta pela independ\u00eancia do Brasil.","rel":"","context":"Em &quot;Imagem&quot;","block_context":{"text":"Imagem","link":"https:\/\/www.kanenberg.com.br\/fatosfotoseregistros\/category\/imagem\/"},"img":{"alt_text":"Moeda de 5.000 Cruzeiros","src":"https:\/\/i0.wp.com\/www.kanenberg.com.br\/fatosfotoseregistros\/wp-content\/uploads\/2016\/07\/ChatGPT-Image-25-de-jul.-de-2026-20_37_13.png?resize=350%2C200&ssl=1","width":350,"height":200,"srcset":"https:\/\/i0.wp.com\/www.kanenberg.com.br\/fatosfotoseregistros\/wp-content\/uploads\/2016\/07\/ChatGPT-Image-25-de-jul.-de-2026-20_37_13.png?resize=350%2C200&ssl=1 1x, https:\/\/i0.wp.com\/www.kanenberg.com.br\/fatosfotoseregistros\/wp-content\/uploads\/2016\/07\/ChatGPT-Image-25-de-jul.-de-2026-20_37_13.png?resize=525%2C300&ssl=1 1.5x, https:\/\/i0.wp.com\/www.kanenberg.com.br\/fatosfotoseregistros\/wp-content\/uploads\/2016\/07\/ChatGPT-Image-25-de-jul.-de-2026-20_37_13.png?resize=700%2C400&ssl=1 2x, https:\/\/i0.wp.com\/www.kanenberg.com.br\/fatosfotoseregistros\/wp-content\/uploads\/2016\/07\/ChatGPT-Image-25-de-jul.-de-2026-20_37_13.png?resize=1050%2C600&ssl=1 3x, https:\/\/i0.wp.com\/www.kanenberg.com.br\/fatosfotoseregistros\/wp-content\/uploads\/2016\/07\/ChatGPT-Image-25-de-jul.-de-2026-20_37_13.png?resize=1400%2C800&ssl=1 4x"},"classes":[]},{"id":432,"url":"https:\/\/www.kanenberg.com.br\/fatosfotoseregistros\/sexo-leis-e-paises\/","url_meta":{"origin":6188,"position":2},"title":"Sexo, leis e pa\u00edses","author":"kanenberg","date":"5 de abril de 2016","format":false,"excerpt":"Conhe\u00e7a o que pode e o que n\u00e3o pode em v\u00e1rios pa\u00edses, em rela\u00e7\u00e3o \u00e0 sexo\u2026 Bahrain (Golfo P\u00e9rsico): O m\u00e9dico pode legalmente examinar a genit\u00e1lia feminina, mas ele \u00e9 proibido de olhar diretamente para ela durante o exame. Ele pode apenas olhar atrav\u00e9s de um espelho. P\u00f4r a m\u00e3o\u2026","rel":"","context":"Em &quot;Textos&quot;","block_context":{"text":"Textos","link":"https:\/\/www.kanenberg.com.br\/fatosfotoseregistros\/category\/textos\/"},"img":{"alt_text":"world","src":"https:\/\/i0.wp.com\/fatosfotoseregistros.kanenberg.com.br\/wp-content\/uploads\/2016\/04\/world.png?resize=350%2C200&ssl=1","width":350,"height":200},"classes":[]},{"id":5325,"url":"https:\/\/www.kanenberg.com.br\/fatosfotoseregistros\/museu-ilha-das-flores\/","url_meta":{"origin":6188,"position":3},"title":"Museu da Imigra\u00e7\u00e3o da Ilha das Flores: um lugar de chegada, esperan\u00e7a e mem\u00f3ria","author":"kanenberg","date":"18 de fevereiro de 2019","format":false,"excerpt":"Na Ba\u00eda de Guanabara, no munic\u00edpio de S\u00e3o Gon\u00e7alo, encontra-se um lugar que guarda uma importante parte da hist\u00f3ria da imigra\u00e7\u00e3o no Brasil: a Ilha das Flores, onde funcionou, entre 1883 e 1966, a Hospedaria de Imigrantes da Ilha das Flores.","rel":"","context":"Em &quot;Lugares&quot;","block_context":{"text":"Lugares","link":"https:\/\/www.kanenberg.com.br\/fatosfotoseregistros\/category\/lugares\/"},"img":{"alt_text":"Vista do cais de entrada da Hospedaria de Imigrantes, na Ilha das Flores","src":"https:\/\/i0.wp.com\/www.kanenberg.com.br\/fatosfotoseregistros\/wp-content\/uploads\/2019\/02\/ilha_flores_00.jpg.jpg?resize=350%2C200&ssl=1","width":350,"height":200,"srcset":"https:\/\/i0.wp.com\/www.kanenberg.com.br\/fatosfotoseregistros\/wp-content\/uploads\/2019\/02\/ilha_flores_00.jpg.jpg?resize=350%2C200&ssl=1 1x, https:\/\/i0.wp.com\/www.kanenberg.com.br\/fatosfotoseregistros\/wp-content\/uploads\/2019\/02\/ilha_flores_00.jpg.jpg?resize=525%2C300&ssl=1 1.5x, https:\/\/i0.wp.com\/www.kanenberg.com.br\/fatosfotoseregistros\/wp-content\/uploads\/2019\/02\/ilha_flores_00.jpg.jpg?resize=700%2C400&ssl=1 2x, https:\/\/i0.wp.com\/www.kanenberg.com.br\/fatosfotoseregistros\/wp-content\/uploads\/2019\/02\/ilha_flores_00.jpg.jpg?resize=1050%2C600&ssl=1 3x, https:\/\/i0.wp.com\/www.kanenberg.com.br\/fatosfotoseregistros\/wp-content\/uploads\/2019\/02\/ilha_flores_00.jpg.jpg?resize=1400%2C800&ssl=1 4x"},"classes":[]},{"id":1230,"url":"https:\/\/www.kanenberg.com.br\/fatosfotoseregistros\/japeri\/","url_meta":{"origin":6188,"position":4},"title":"Cidade de Japeri","author":"kanenberg","date":"5 de julho de 2016","format":false,"excerpt":"A hist\u00f3ria de Japeri come\u00e7a no dia 13 de agosto de 1743, data de sua funda\u00e7\u00e3o, por In\u00e1cio Dias da C\u00e2mara Leme, denominado Morgado de Bel\u00e9m. A partir de 1750, as terras passaram a pertencer \u00e0 Freguesia de Sacra Fam\u00edlia de Tingu\u00e1, pois at\u00e9 ent\u00e3o pertenciam \u00e0 Freguesia de Paty\u2026","rel":"","context":"Em &quot;Imagem&quot;","block_context":{"text":"Imagem","link":"https:\/\/www.kanenberg.com.br\/fatosfotoseregistros\/category\/imagem\/"},"img":{"alt_text":"japeri_1928","src":"https:\/\/i0.wp.com\/www.kanenberg.com.br\/fatosfotoseregistros\/wp-content\/uploads\/2016\/07\/japeri_1928.jpg?resize=350%2C200&ssl=1","width":350,"height":200},"classes":[]},{"id":1357,"url":"https:\/\/www.kanenberg.com.br\/fatosfotoseregistros\/central-do-brasil\/","url_meta":{"origin":6188,"position":5},"title":"Central do Brasil","author":"kanenberg","date":"28 de junho de 2016","format":false,"excerpt":"Central do Brasil, lugar conhecido por alguns e desconhecido por outros, admirado por uns e temido por outros, para alguns \u00e9 caminho obrigat\u00f3rio no dia-a-dia, enfim, um lugar cheio de hist\u00f3rias e curiosidades.","rel":"","context":"Em &quot;Imagem&quot;","block_context":{"text":"Imagem","link":"https:\/\/www.kanenberg.com.br\/fatosfotoseregistros\/category\/imagem\/"},"img":{"alt_text":"","src":"https:\/\/i0.wp.com\/www.kanenberg.com.br\/fatosfotoseregistros\/wp-content\/uploads\/2016\/06\/pvargas.jpg?resize=350%2C200&ssl=1","width":350,"height":200,"srcset":"https:\/\/i0.wp.com\/www.kanenberg.com.br\/fatosfotoseregistros\/wp-content\/uploads\/2016\/06\/pvargas.jpg?resize=350%2C200&ssl=1 1x, https:\/\/i0.wp.com\/www.kanenberg.com.br\/fatosfotoseregistros\/wp-content\/uploads\/2016\/06\/pvargas.jpg?resize=525%2C300&ssl=1 1.5x"},"classes":[]}],"jetpack_likes_enabled":true,"amp_enabled":true,"jetpack_featured_media_url":"","_links":{"self":[{"href":"https:\/\/www.kanenberg.com.br\/fatosfotoseregistros\/wp-json\/wp\/v2\/posts\/6188","targetHints":{"allow":["GET"]}}],"collection":[{"href":"https:\/\/www.kanenberg.com.br\/fatosfotoseregistros\/wp-json\/wp\/v2\/posts"}],"about":[{"href":"https:\/\/www.kanenberg.com.br\/fatosfotoseregistros\/wp-json\/wp\/v2\/types\/post"}],"author":[{"embeddable":true,"href":"https:\/\/www.kanenberg.com.br\/fatosfotoseregistros\/wp-json\/wp\/v2\/users\/1"}],"replies":[{"embeddable":true,"href":"https:\/\/www.kanenberg.com.br\/fatosfotoseregistros\/wp-json\/wp\/v2\/comments?post=6188"}],"version-history":[{"count":1,"href":"https:\/\/www.kanenberg.com.br\/fatosfotoseregistros\/wp-json\/wp\/v2\/posts\/6188\/revisions"}],"predecessor-version":[{"id":6190,"href":"https:\/\/www.kanenberg.com.br\/fatosfotoseregistros\/wp-json\/wp\/v2\/posts\/6188\/revisions\/6190"}],"wp:attachment":[{"href":"https:\/\/www.kanenberg.com.br\/fatosfotoseregistros\/wp-json\/wp\/v2\/media?parent=6188"}],"wp:term":[{"taxonomy":"category","embeddable":true,"href":"https:\/\/www.kanenberg.com.br\/fatosfotoseregistros\/wp-json\/wp\/v2\/categories?post=6188"},{"taxonomy":"post_tag","embeddable":true,"href":"https:\/\/www.kanenberg.com.br\/fatosfotoseregistros\/wp-json\/wp\/v2\/tags?post=6188"}],"curies":[{"name":"wp","href":"https:\/\/api.w.org\/{rel}","templated":true}]}}