{"id":6182,"date":"2026-07-27T10:11:10","date_gmt":"2026-07-27T13:11:10","guid":{"rendered":"https:\/\/www.kanenberg.com.br\/fatosfotoseregistros\/?p=6182"},"modified":"2026-07-25T20:52:35","modified_gmt":"2026-07-25T23:52:35","slug":"bebes-reborn","status":"publish","type":"post","link":"https:\/\/www.kanenberg.com.br\/fatosfotoseregistros\/bebes-reborn\/","title":{"rendered":"Beb\u00eas reborn"},"content":{"rendered":"<p style=\"text-align: justify;\">Em 2025, os beb\u00eas reborn dominaram manchetes, debates e redes sociais. Entre hist\u00f3rias curiosas, exageros e situa\u00e7\u00f5es que desafiaram o bom senso, surgiu uma pergunta que continua atual: o que realmente est\u00e1vamos vendo?<\/p>\n<p style=\"text-align: center;\"><img loading=\"lazy\" decoding=\"async\" data-attachment-id=\"6183\" data-permalink=\"https:\/\/www.kanenberg.com.br\/fatosfotoseregistros\/bebes-reborn\/bebe-reborn\/\" data-orig-file=\"https:\/\/www.kanenberg.com.br\/fatosfotoseregistros\/wp-content\/uploads\/2026\/07\/Bebe-reborn.png\" data-orig-size=\"1448,1086\" data-comments-opened=\"1\" data-image-meta=\"{&quot;aperture&quot;:&quot;0&quot;,&quot;credit&quot;:&quot;&quot;,&quot;camera&quot;:&quot;&quot;,&quot;caption&quot;:&quot;&quot;,&quot;created_timestamp&quot;:&quot;0&quot;,&quot;copyright&quot;:&quot;&quot;,&quot;focal_length&quot;:&quot;0&quot;,&quot;iso&quot;:&quot;0&quot;,&quot;shutter_speed&quot;:&quot;0&quot;,&quot;title&quot;:&quot;&quot;,&quot;orientation&quot;:&quot;0&quot;,&quot;alt&quot;:&quot;&quot;}\" data-image-title=\"Beb\u00eas reborn\" data-image-description=\"\" data-image-caption=\"\" data-large-file=\"https:\/\/www.kanenberg.com.br\/fatosfotoseregistros\/wp-content\/uploads\/2026\/07\/Bebe-reborn-1024x768.png\" class=\"aligncenter size-full wp-image-6183\" src=\"https:\/\/www.kanenberg.com.br\/fatosfotoseregistros\/wp-content\/uploads\/2026\/07\/Bebe-reborn.png\" alt=\"Beb\u00eas reborn\" width=\"1448\" height=\"1086\" srcset=\"https:\/\/www.kanenberg.com.br\/fatosfotoseregistros\/wp-content\/uploads\/2026\/07\/Bebe-reborn.png 1448w, https:\/\/www.kanenberg.com.br\/fatosfotoseregistros\/wp-content\/uploads\/2026\/07\/Bebe-reborn-300x225.png 300w, https:\/\/www.kanenberg.com.br\/fatosfotoseregistros\/wp-content\/uploads\/2026\/07\/Bebe-reborn-1024x768.png 1024w, https:\/\/www.kanenberg.com.br\/fatosfotoseregistros\/wp-content\/uploads\/2026\/07\/Bebe-reborn-768x576.png 768w\" sizes=\"auto, (max-width: 1448px) 100vw, 1448px\" \/><\/p>\n<p style=\"text-align: justify;\">Era apenas uma moda passageira, uma forma de afeto, uma necessidade emocional ou um reflexo de algo mais profundo em nossa sociedade?<\/p>\n<p style=\"text-align: justify;\">Hoje, quando a febre passou, resta a reflex\u00e3o: os beb\u00eas desapareceram, mas as quest\u00f5es que eles revelaram continuam presentes. Em tempos de solid\u00e3o, busca por pertencimento e necessidade de aten\u00e7\u00e3o, talvez o mais importante n\u00e3o seja perguntar onde est\u00e3o os reborns, mas entender o que levou tantas pessoas a se apegar a eles.<\/p>\n<p style=\"text-align: justify;\">A febre passou. A reflex\u00e3o permanece. O que voc\u00ea pensa sobre esse fen\u00f4meno?<\/p>\n","protected":false},"excerpt":{"rendered":"<p>Em 2025, os beb\u00eas reborn dominaram manchetes, debates e redes sociais. Entre hist\u00f3rias curiosas, exageros e situa\u00e7\u00f5es que desafiaram o bom senso, surgiu uma pergunta que continua atual: o que realmente est\u00e1vamos vendo?<\/p>\n","protected":false},"author":1,"featured_media":0,"comment_status":"open","ping_status":"open","sticky":false,"template":"","format":"standard","meta":{"_exactmetrics_skip_tracking":false,"_jetpack_newsletter_access":"","_jetpack_dont_email_post_to_subs":false,"_jetpack_newsletter_tier_id":0,"_jetpack_memberships_contains_paywalled_content":false,"_jetpack_feature_clip_id":0,"_jetpack_memberships_contains_paid_content":false,"footnotes":"","jetpack_publicize_message":"","jetpack_publicize_feature_enabled":true,"jetpack_social_post_already_shared":true,"jetpack_social_options":{"image_generator_settings":{"template":"highway","default_image_id":0,"font":"","enabled":false},"version":2},"jetpack_post_was_ever_published":false},"categories":[265],"tags":[304,423],"class_list":["post-6182","post","type-post","status-publish","format-standard","hentry","category-textos","tag-refletir","tag-reflexoes"],"jetpack_publicize_connections":[],"jetpack_sharing_enabled":true,"jetpack_shortlink":"https:\/\/wp.me\/phkM1X-1BI","jetpack-related-posts":[{"id":355,"url":"https:\/\/www.kanenberg.com.br\/fatosfotoseregistros\/primeiro-de-abril-dia-da-mentira\/","url_meta":{"origin":6182,"position":0},"title":"Primeiro de Abril \u2013 Dia da Mentira","author":"kanenberg","date":"1 de abril de 2016","format":false,"excerpt":"\u00c9 tradi\u00e7\u00e3o! Assim nos respondem quando perguntamos os motivos pelos quais o dia primeiro de abril \u00e9 considerado o \"dia da mentira\". A resposta para essa quest\u00e3o foi publicada no jornal Correio da Manh\u00e3, de dois de abril de 1932 em editorial intitulado \"Primeiro de Abril \u2013 Dia da mentira\".\u2026","rel":"","context":"Em &quot;Textos&quot;","block_context":{"text":"Textos","link":"https:\/\/www.kanenberg.com.br\/fatosfotoseregistros\/category\/textos\/"},"img":{"alt_text":"i0011076-3alt005253lar003710largori004947altori007004-01.jpeg.jpg","src":"https:\/\/fatosfotoseregistros.files.wordpress.com\/2016\/04\/i0011076-3alt005253lar003710largori004947altori007004-01-jpeg.jpg?w=350&h=200&crop=1","width":350,"height":200,"srcset":"https:\/\/fatosfotoseregistros.files.wordpress.com\/2016\/04\/i0011076-3alt005253lar003710largori004947altori007004-01-jpeg.jpg?w=350&h=200&crop=1 1x, https:\/\/fatosfotoseregistros.files.wordpress.com\/2016\/04\/i0011076-3alt005253lar003710largori004947altori007004-01-jpeg.jpg?w=525&h=300&crop=1 1.5x, https:\/\/fatosfotoseregistros.files.wordpress.com\/2016\/04\/i0011076-3alt005253lar003710largori004947altori007004-01-jpeg.jpg?w=700&h=400&crop=1 2x"},"classes":[]},{"id":4927,"url":"https:\/\/www.kanenberg.com.br\/fatosfotoseregistros\/banhos\/","url_meta":{"origin":6182,"position":1},"title":"A absurda falta de higiene na idade m\u00e9dia","author":"kanenberg","date":"21 de mar\u00e7o de 2018","format":false,"excerpt":"A falta de higiene n\u00e3o era apenas um costume dos pobres, a rejei\u00e7\u00e3o pela \u00e1gua, chegava aos estratos mais altos da sociedade. As damas mais entusiastas do asseio tomavam banho, quando muito, duas vezes ao ano...","rel":"","context":"Em &quot;Textos&quot;","block_context":{"text":"Textos","link":"https:\/\/www.kanenberg.com.br\/fatosfotoseregistros\/category\/textos\/"},"img":{"alt_text":"banhos","src":"https:\/\/i0.wp.com\/fatosfotoseregistros.kanenberg.com.br\/wp-content\/uploads\/2018\/03\/banhos.png?resize=350%2C200&ssl=1","width":350,"height":200},"classes":[]},{"id":432,"url":"https:\/\/www.kanenberg.com.br\/fatosfotoseregistros\/sexo-leis-e-paises\/","url_meta":{"origin":6182,"position":2},"title":"Sexo, leis e pa\u00edses","author":"kanenberg","date":"5 de abril de 2016","format":false,"excerpt":"Conhe\u00e7a o que pode e o que n\u00e3o pode em v\u00e1rios pa\u00edses, em rela\u00e7\u00e3o \u00e0 sexo\u2026 Bahrain (Golfo P\u00e9rsico): O m\u00e9dico pode legalmente examinar a genit\u00e1lia feminina, mas ele \u00e9 proibido de olhar diretamente para ela durante o exame. Ele pode apenas olhar atrav\u00e9s de um espelho. P\u00f4r a m\u00e3o\u2026","rel":"","context":"Em &quot;Textos&quot;","block_context":{"text":"Textos","link":"https:\/\/www.kanenberg.com.br\/fatosfotoseregistros\/category\/textos\/"},"img":{"alt_text":"world","src":"https:\/\/i0.wp.com\/fatosfotoseregistros.kanenberg.com.br\/wp-content\/uploads\/2016\/04\/world.png?resize=350%2C200&ssl=1","width":350,"height":200},"classes":[]},{"id":5424,"url":"https:\/\/www.kanenberg.com.br\/fatosfotoseregistros\/a-origem-dos-aniversarios\/","url_meta":{"origin":6182,"position":3},"title":"A origem dos anivers\u00e1rios","author":"kanenberg","date":"27 de fevereiro de 2019","format":false,"excerpt":"Como todos os dias se celebram milhares de anivers\u00e1rios no mundo, \u00e9 interessante saber qual a origem deste costume.","rel":"","context":"Em &quot;Textos&quot;","block_context":{"text":"Textos","link":"https:\/\/www.kanenberg.com.br\/fatosfotoseregistros\/category\/textos\/"},"img":{"alt_text":"anivers\u00e1rio","src":"https:\/\/i0.wp.com\/www.kanenberg.com.br\/fatosfotoseregistros\/wp-content\/uploads\/2019\/02\/aniversario-300x169.jpg?resize=350%2C200&ssl=1","width":350,"height":200},"classes":[]},{"id":5539,"url":"https:\/\/www.kanenberg.com.br\/fatosfotoseregistros\/kopi-luwak\/","url_meta":{"origin":6182,"position":4},"title":"Kopi Luwak &#8211; O Caf\u00e9 mais raro e caro do Mundo","author":"kanenberg","date":"6 de maio de 2019","format":false,"excerpt":"Kopi Luwak ou Caf\u00e9 Civeta (Civet Coffee) \u00e9 um caf\u00e9 produzido com gr\u00e3os de caf\u00e9 extra\u00eddos das fezes da civeta (pequeno mam\u00edfero carn\u00edvoro, parecido com um gato), e \u00e9...","rel":"","context":"Em &quot;Textos&quot;","block_context":{"text":"Textos","link":"https:\/\/www.kanenberg.com.br\/fatosfotoseregistros\/category\/textos\/"},"img":{"alt_text":"Kopi Luwak","src":"https:\/\/i0.wp.com\/www.kanenberg.com.br\/fatosfotoseregistros\/wp-content\/uploads\/2019\/05\/kopi-luwak-2.jpg?resize=350%2C200&ssl=1","width":350,"height":200,"srcset":"https:\/\/i0.wp.com\/www.kanenberg.com.br\/fatosfotoseregistros\/wp-content\/uploads\/2019\/05\/kopi-luwak-2.jpg?resize=350%2C200&ssl=1 1x, https:\/\/i0.wp.com\/www.kanenberg.com.br\/fatosfotoseregistros\/wp-content\/uploads\/2019\/05\/kopi-luwak-2.jpg?resize=525%2C300&ssl=1 1.5x, https:\/\/i0.wp.com\/www.kanenberg.com.br\/fatosfotoseregistros\/wp-content\/uploads\/2019\/05\/kopi-luwak-2.jpg?resize=700%2C400&ssl=1 2x"},"classes":[]},{"id":6284,"url":"https:\/\/www.kanenberg.com.br\/fatosfotoseregistros\/o-charmoso-ronco-da-historia-origem-sucesso-e-curiosidades-da-lambretta\/","url_meta":{"origin":6182,"position":5},"title":"O Charmoso Ronco da Hist\u00f3ria: Origem, Sucesso e Curiosidades da Lambretta","author":"kanenberg","date":"12 de agosto de 2026","format":false,"excerpt":"Se existe um ve\u00edculo capaz de despertar nostalgia imediata e remeter a uma \u00e9poca de eleg\u00e2ncia sobre duas rodas, esse ve\u00edculo \u00e9 a Lambretta. Com suas linhas fluidas, mec\u00e2nica simples e um visual inconfund\u00edvel, o cl\u00e1ssico scooter ultrapassou as barreiras de mero meio de transporte e se tornou um verdadeiro\u2026","rel":"","context":"Em &quot;Textos&quot;","block_context":{"text":"Textos","link":"https:\/\/www.kanenberg.com.br\/fatosfotoseregistros\/category\/textos\/"},"img":{"alt_text":"Lambretta: \u00cdcone italiano sobre duas rodas","src":"https:\/\/i0.wp.com\/www.kanenberg.com.br\/fatosfotoseregistros\/wp-content\/uploads\/2026\/08\/Lambretta.jpg?resize=350%2C200&ssl=1","width":350,"height":200,"srcset":"https:\/\/i0.wp.com\/www.kanenberg.com.br\/fatosfotoseregistros\/wp-content\/uploads\/2026\/08\/Lambretta.jpg?resize=350%2C200&ssl=1 1x, https:\/\/i0.wp.com\/www.kanenberg.com.br\/fatosfotoseregistros\/wp-content\/uploads\/2026\/08\/Lambretta.jpg?resize=525%2C300&ssl=1 1.5x, https:\/\/i0.wp.com\/www.kanenberg.com.br\/fatosfotoseregistros\/wp-content\/uploads\/2026\/08\/Lambretta.jpg?resize=700%2C400&ssl=1 2x, https:\/\/i0.wp.com\/www.kanenberg.com.br\/fatosfotoseregistros\/wp-content\/uploads\/2026\/08\/Lambretta.jpg?resize=1050%2C600&ssl=1 3x, https:\/\/i0.wp.com\/www.kanenberg.com.br\/fatosfotoseregistros\/wp-content\/uploads\/2026\/08\/Lambretta.jpg?resize=1400%2C800&ssl=1 4x"},"classes":[]}],"jetpack_likes_enabled":true,"amp_enabled":true,"jetpack_featured_media_url":"","_links":{"self":[{"href":"https:\/\/www.kanenberg.com.br\/fatosfotoseregistros\/wp-json\/wp\/v2\/posts\/6182","targetHints":{"allow":["GET"]}}],"collection":[{"href":"https:\/\/www.kanenberg.com.br\/fatosfotoseregistros\/wp-json\/wp\/v2\/posts"}],"about":[{"href":"https:\/\/www.kanenberg.com.br\/fatosfotoseregistros\/wp-json\/wp\/v2\/types\/post"}],"author":[{"embeddable":true,"href":"https:\/\/www.kanenberg.com.br\/fatosfotoseregistros\/wp-json\/wp\/v2\/users\/1"}],"replies":[{"embeddable":true,"href":"https:\/\/www.kanenberg.com.br\/fatosfotoseregistros\/wp-json\/wp\/v2\/comments?post=6182"}],"version-history":[{"count":2,"href":"https:\/\/www.kanenberg.com.br\/fatosfotoseregistros\/wp-json\/wp\/v2\/posts\/6182\/revisions"}],"predecessor-version":[{"id":6185,"href":"https:\/\/www.kanenberg.com.br\/fatosfotoseregistros\/wp-json\/wp\/v2\/posts\/6182\/revisions\/6185"}],"wp:attachment":[{"href":"https:\/\/www.kanenberg.com.br\/fatosfotoseregistros\/wp-json\/wp\/v2\/media?parent=6182"}],"wp:term":[{"taxonomy":"category","embeddable":true,"href":"https:\/\/www.kanenberg.com.br\/fatosfotoseregistros\/wp-json\/wp\/v2\/categories?post=6182"},{"taxonomy":"post_tag","embeddable":true,"href":"https:\/\/www.kanenberg.com.br\/fatosfotoseregistros\/wp-json\/wp\/v2\/tags?post=6182"}],"curies":[{"name":"wp","href":"https:\/\/api.w.org\/{rel}","templated":true}]}}