{"id":6173,"date":"2026-07-25T19:45:18","date_gmt":"2026-07-25T22:45:18","guid":{"rendered":"https:\/\/www.kanenberg.com.br\/fatosfotoseregistros\/?p=6173"},"modified":"2026-07-25T19:45:18","modified_gmt":"2026-07-25T22:45:18","slug":"25-de-julho-dia-da-imigracao-alema","status":"publish","type":"post","link":"https:\/\/www.kanenberg.com.br\/fatosfotoseregistros\/25-de-julho-dia-da-imigracao-alema\/","title":{"rendered":"25 de julho: Dia da Imigra\u00e7\u00e3o Alem\u00e3"},"content":{"rendered":"<p style=\"text-align: justify;\">O dia <strong>25 de julho<\/strong> ocupa um lugar especial na hist\u00f3ria do Brasil. Nesta data, celebra-se o <strong>Dia da Imigra\u00e7\u00e3o Alem\u00e3<\/strong>, uma homenagem \u00e0 chegada dos primeiros imigrantes alem\u00e3es ao pa\u00eds, em 1824, quando desembarcaram na ent\u00e3o Col\u00f4nia de S\u00e3o Leopoldo, no Rio Grande do Sul. A partir daquele momento, iniciava-se uma nova etapa da forma\u00e7\u00e3o do povo brasileiro, marcada pelo encontro entre diferentes culturas, idiomas, costumes e tradi\u00e7\u00f5es.<\/p>\n<p style=\"text-align: center;\"><img loading=\"lazy\" decoding=\"async\" data-attachment-id=\"6174\" data-permalink=\"https:\/\/www.kanenberg.com.br\/fatosfotoseregistros\/25-de-julho-dia-da-imigracao-alema\/chatgpt-image-25-de-jul-de-2026-19_37_25\/\" data-orig-file=\"https:\/\/www.kanenberg.com.br\/fatosfotoseregistros\/wp-content\/uploads\/2026\/07\/ChatGPT-Image-25-de-jul.-de-2026-19_37_25.png\" data-orig-size=\"1448,1086\" data-comments-opened=\"1\" data-image-meta=\"{&quot;aperture&quot;:&quot;0&quot;,&quot;credit&quot;:&quot;&quot;,&quot;camera&quot;:&quot;&quot;,&quot;caption&quot;:&quot;&quot;,&quot;created_timestamp&quot;:&quot;0&quot;,&quot;copyright&quot;:&quot;&quot;,&quot;focal_length&quot;:&quot;0&quot;,&quot;iso&quot;:&quot;0&quot;,&quot;shutter_speed&quot;:&quot;0&quot;,&quot;title&quot;:&quot;&quot;,&quot;orientation&quot;:&quot;0&quot;,&quot;alt&quot;:&quot;&quot;}\" data-image-title=\"25 de julho: Dia da Imigra\u00e7\u00e3o Alem\u00e3  O dia 25 de julho ocupa um lugar especial na hist\u00f3ria do Brasi\" data-image-description=\"\" data-image-caption=\"\" data-large-file=\"https:\/\/www.kanenberg.com.br\/fatosfotoseregistros\/wp-content\/uploads\/2026\/07\/ChatGPT-Image-25-de-jul.-de-2026-19_37_25-1024x768.png\" class=\"aligncenter size-full wp-image-6174\" src=\"https:\/\/www.kanenberg.com.br\/fatosfotoseregistros\/wp-content\/uploads\/2026\/07\/ChatGPT-Image-25-de-jul.-de-2026-19_37_25.png\" alt=\"25 de julho: Dia da Imigra\u00e7\u00e3o Alem\u00e3 O dia 25 de julho ocupa um lugar especial na hist\u00f3ria do Brasi\" width=\"1448\" height=\"1086\" srcset=\"https:\/\/www.kanenberg.com.br\/fatosfotoseregistros\/wp-content\/uploads\/2026\/07\/ChatGPT-Image-25-de-jul.-de-2026-19_37_25.png 1448w, https:\/\/www.kanenberg.com.br\/fatosfotoseregistros\/wp-content\/uploads\/2026\/07\/ChatGPT-Image-25-de-jul.-de-2026-19_37_25-300x225.png 300w, https:\/\/www.kanenberg.com.br\/fatosfotoseregistros\/wp-content\/uploads\/2026\/07\/ChatGPT-Image-25-de-jul.-de-2026-19_37_25-1024x768.png 1024w, https:\/\/www.kanenberg.com.br\/fatosfotoseregistros\/wp-content\/uploads\/2026\/07\/ChatGPT-Image-25-de-jul.-de-2026-19_37_25-768x576.png 768w\" sizes=\"auto, (max-width: 1448px) 100vw, 1448px\" \/><\/p>\n<p style=\"text-align: justify;\">Quando observamos a hist\u00f3ria apenas pelos n\u00fameros, vemos datas, navios e listas de passageiros. Mas, por tr\u00e1s de cada nome registrado em um documento antigo, existia uma fam\u00edlia inteira tomada por d\u00favidas, medos e esperan\u00e7as. Eram homens, mulheres e crian\u00e7as que deixavam para tr\u00e1s suas casas, seus parentes, sua terra natal e, muitas vezes, a certeza de que jamais voltariam a rever o lugar onde nasceram.<\/p>\n<p style=\"text-align: justify;\">Imigrar nunca foi uma decis\u00e3o simples. Significava abandonar tudo aquilo que era conhecido para enfrentar uma viagem longa, perigosa e incerta. Durante semanas ou meses, o mar separava essas pessoas do passado, enquanto o futuro ainda era apenas uma promessa distante.<\/p>\n<p style=\"text-align: justify;\">Foi justamente esse sentimento que inspirou o livro <em>Deixando tudo para tr\u00e1s: a coragem dos que vieram<\/em>. Mais do que contar uma sequ\u00eancia de acontecimentos hist\u00f3ricos, a obra procura resgatar o lado humano da imigra\u00e7\u00e3o: a coragem daqueles que aceitaram trocar a seguran\u00e7a do conhecido pela esperan\u00e7a de uma nova vida.<\/p>\n<p style=\"text-align: justify;\">Ao chegarem ao Brasil, esses imigrantes encontraram uma realidade muito diferente daquela que imaginavam. Precisaram abrir caminhos em meio \u00e0s matas, construir casas, plantar, formar comunidades, erguer igrejas, escolas e estabelecer as bases de in\u00fameras cidades que hoje fazem parte da hist\u00f3ria do pa\u00eds.<\/p>\n<p style=\"text-align: justify;\">Seu legado permanece vivo. Est\u00e1 presente na arquitetura enxaimel, nas festas tradicionais, na culin\u00e1ria, na m\u00fasica, nos dialetos, nas sociedades culturais e, sobretudo, nos valores transmitidos entre gera\u00e7\u00f5es: o trabalho, a perseveran\u00e7a, a organiza\u00e7\u00e3o e o forte senso de comunidade.<\/p>\n<p style=\"text-align: justify;\">\u00c9 importante lembrar, por\u00e9m, que a imigra\u00e7\u00e3o alem\u00e3 n\u00e3o pertence apenas aos descendentes de alem\u00e3es. Ela faz parte da pr\u00f3pria hist\u00f3ria do Brasil. A contribui\u00e7\u00e3o desses imigrantes se somou \u00e0 de tantos outros povos que ajudaram a construir a diversidade cultural brasileira, enriquecendo nossa identidade nacional.<\/p>\n<p style=\"text-align: justify;\">Neste 25 de julho, mais do que celebrar uma data comemorativa, somos convidados a refletir sobre o significado da imigra\u00e7\u00e3o. Cada fam\u00edlia que cruzou o oceano carregava sonhos, enfrentava dificuldades e buscava oferecer um futuro melhor aos seus filhos. Muitos nunca imaginaram que seus sobrenomes, suas hist\u00f3rias e suas tradi\u00e7\u00f5es permaneceriam vivas por tantos anos em terras brasileiras.<\/p>\n<p style=\"text-align: justify;\">Recordar essa trajet\u00f3ria \u00e9 tamb\u00e9m uma forma de agradecer. Agradecer \u00e0queles que tiveram coragem de partir, de recome\u00e7ar e de transformar desafios em oportunidades. Gra\u00e7as a eles, milh\u00f5es de brasileiros hoje podem olhar para o passado e encontrar, na hist\u00f3ria de seus antepassados, um exemplo de determina\u00e7\u00e3o, esperan\u00e7a e f\u00e9.<\/p>\n<p style=\"text-align: justify;\">Que o Dia da Imigra\u00e7\u00e3o Alem\u00e3 seja, acima de tudo, uma oportunidade para preservar essas mem\u00f3rias, valorizar a pesquisa hist\u00f3rica e reconhecer que o futuro tamb\u00e9m se constr\u00f3i quando n\u00e3o deixamos o passado ser esquecido.<\/p>\n<p style=\"text-align: justify;\">O livro <em>Deixando tudo para tr\u00e1s: a coragem dos que vieram<\/em> est\u00e1 dispon\u00edvel nas principais plataformas de e-book e tamb\u00e9m na vers\u00e3o impressa. Escolha a loja de sua prefer\u00eancia: <a href=\"https:\/\/www.amazon.com.br\/dp\/B0GHG2M164\" target=\"_blank\" rel=\"noopener\">Amazon Kindle<\/a> ou <a href=\"https:\/\/clubedeautores.com.br\/livro\/deixando-tudo-para-tras\" target=\"_blank\" rel=\"noopener\">Clube de Autores<\/a>.<\/p>\n","protected":false},"excerpt":{"rendered":"<p>O dia 25 de julho ocupa um lugar especial na hist\u00f3ria do Brasil. Nesta data, celebra-se o Dia da Imigra\u00e7\u00e3o Alem\u00e3, uma homenagem \u00e0 chegada dos primeiros imigrantes alem\u00e3es ao pa\u00eds, em 1824, quando desembarcaram na ent\u00e3o Col\u00f4nia de S\u00e3o Leopoldo, no Rio Grande do Sul. A partir daquele momento, iniciava-se uma nova etapa da forma\u00e7\u00e3o do povo brasileiro, marcada pelo encontro entre diferentes culturas, idiomas, costumes e tradi\u00e7\u00f5es.<\/p>\n","protected":false},"author":1,"featured_media":0,"comment_status":"open","ping_status":"open","sticky":false,"template":"","format":"standard","meta":{"_exactmetrics_skip_tracking":false,"_jetpack_newsletter_access":"","_jetpack_dont_email_post_to_subs":false,"_jetpack_newsletter_tier_id":0,"_jetpack_memberships_contains_paywalled_content":false,"_jetpack_feature_clip_id":0,"_jetpack_memberships_contains_paid_content":false,"footnotes":"","jetpack_publicize_message":"","jetpack_publicize_feature_enabled":true,"jetpack_social_post_already_shared":true,"jetpack_social_options":{"image_generator_settings":{"template":"highway","default_image_id":0,"font":"","enabled":false},"version":2},"jetpack_post_was_ever_published":false},"categories":[265],"tags":[257,258,260,379,417],"class_list":["post-6173","post","type-post","status-publish","format-standard","hentry","category-textos","tag-acontecimentos","tag-comemoracoes","tag-datas-comemorativas","tag-imigracao","tag-imigracao-alema"],"jetpack_publicize_connections":[],"jetpack_sharing_enabled":true,"jetpack_shortlink":"https:\/\/wp.me\/phkM1X-1Bz","jetpack-related-posts":[{"id":5325,"url":"https:\/\/www.kanenberg.com.br\/fatosfotoseregistros\/museu-ilha-das-flores\/","url_meta":{"origin":6173,"position":0},"title":"Museu da Imigra\u00e7\u00e3o da Ilha das Flores: um lugar de chegada, esperan\u00e7a e mem\u00f3ria","author":"kanenberg","date":"18 de fevereiro de 2019","format":false,"excerpt":"Na Ba\u00eda de Guanabara, no munic\u00edpio de S\u00e3o Gon\u00e7alo, encontra-se um lugar que guarda uma importante parte da hist\u00f3ria da imigra\u00e7\u00e3o no Brasil: a Ilha das Flores, onde funcionou, entre 1883 e 1966, a Hospedaria de Imigrantes da Ilha das Flores.","rel":"","context":"Em &quot;Lugares&quot;","block_context":{"text":"Lugares","link":"https:\/\/www.kanenberg.com.br\/fatosfotoseregistros\/category\/lugares\/"},"img":{"alt_text":"Vista do cais de entrada da Hospedaria de Imigrantes, na Ilha das Flores","src":"https:\/\/i0.wp.com\/www.kanenberg.com.br\/fatosfotoseregistros\/wp-content\/uploads\/2019\/02\/ilha_flores_00.jpg.jpg?resize=350%2C200&ssl=1","width":350,"height":200,"srcset":"https:\/\/i0.wp.com\/www.kanenberg.com.br\/fatosfotoseregistros\/wp-content\/uploads\/2019\/02\/ilha_flores_00.jpg.jpg?resize=350%2C200&ssl=1 1x, https:\/\/i0.wp.com\/www.kanenberg.com.br\/fatosfotoseregistros\/wp-content\/uploads\/2019\/02\/ilha_flores_00.jpg.jpg?resize=525%2C300&ssl=1 1.5x, https:\/\/i0.wp.com\/www.kanenberg.com.br\/fatosfotoseregistros\/wp-content\/uploads\/2019\/02\/ilha_flores_00.jpg.jpg?resize=700%2C400&ssl=1 2x, https:\/\/i0.wp.com\/www.kanenberg.com.br\/fatosfotoseregistros\/wp-content\/uploads\/2019\/02\/ilha_flores_00.jpg.jpg?resize=1050%2C600&ssl=1 3x, https:\/\/i0.wp.com\/www.kanenberg.com.br\/fatosfotoseregistros\/wp-content\/uploads\/2019\/02\/ilha_flores_00.jpg.jpg?resize=1400%2C800&ssl=1 4x"},"classes":[]},{"id":5675,"url":"https:\/\/www.kanenberg.com.br\/fatosfotoseregistros\/arvore-genealogica-de-christopher-reeve-super-homem\/","url_meta":{"origin":6173,"position":1},"title":"\u00c1rvore geneal\u00f3gica de Christopher Reeve (Super Homem)","author":"kanenberg","date":"11 de outubro de 2019","format":false,"excerpt":"Christopher D'Olier Reeve (Nova Iorque, 25 de setembro de 1952 - Mount Kisco, 10 de outubro de 2004) foi um ator, diretor, produtor e ativista norte-americano. Seu papel mais famoso foi como o Super-Homem, que ele interpretou numa s\u00e9rie de quatro filmes famosos, come\u00e7ando por Superman (1978).","rel":"","context":"Em &quot;Textos&quot;","block_context":{"text":"Textos","link":"https:\/\/www.kanenberg.com.br\/fatosfotoseregistros\/category\/textos\/"},"img":{"alt_text":"Christopher Reeve","src":"https:\/\/i0.wp.com\/www.kanenberg.com.br\/fatosfotoseregistros\/wp-content\/uploads\/2019\/10\/Christopher_Reeve_2.jpg?resize=350%2C200&ssl=1","width":350,"height":200,"srcset":"https:\/\/i0.wp.com\/www.kanenberg.com.br\/fatosfotoseregistros\/wp-content\/uploads\/2019\/10\/Christopher_Reeve_2.jpg?resize=350%2C200&ssl=1 1x, https:\/\/i0.wp.com\/www.kanenberg.com.br\/fatosfotoseregistros\/wp-content\/uploads\/2019\/10\/Christopher_Reeve_2.jpg?resize=525%2C300&ssl=1 1.5x"},"classes":[]},{"id":6156,"url":"https:\/\/www.kanenberg.com.br\/fatosfotoseregistros\/reflexoes-sobre-imigracao-e-escravidao\/","url_meta":{"origin":6173,"position":2},"title":"Reflex\u00f5es sobre imigra\u00e7\u00e3o e escravid\u00e3o","author":"kanenberg","date":"22 de julho de 2026","format":false,"excerpt":"Em 1873, enquanto meus ancestrais da fam\u00edlia Kannenberg desembarcavam em Santa Catarina em busca de uma nova vida, o Brasil ainda convivia com uma realidade hoje dif\u00edcil de imaginar: jornais publicavam, entre an\u00fancios comuns, ofertas de compra e venda de pessoas escravizadas.","rel":"","context":"Em &quot;Textos&quot;","block_context":{"text":"Textos","link":"https:\/\/www.kanenberg.com.br\/fatosfotoseregistros\/category\/textos\/"},"img":{"alt_text":"Classificados de venda de escravos em jornais brasileiros","src":"https:\/\/i0.wp.com\/www.kanenberg.com.br\/fatosfotoseregistros\/wp-content\/uploads\/2026\/07\/751856487_28195148730088672_5707111800529737612_n-820x1024.jpg?resize=350%2C200&ssl=1","width":350,"height":200,"srcset":"https:\/\/i0.wp.com\/www.kanenberg.com.br\/fatosfotoseregistros\/wp-content\/uploads\/2026\/07\/751856487_28195148730088672_5707111800529737612_n-820x1024.jpg?resize=350%2C200&ssl=1 1x, https:\/\/i0.wp.com\/www.kanenberg.com.br\/fatosfotoseregistros\/wp-content\/uploads\/2026\/07\/751856487_28195148730088672_5707111800529737612_n-820x1024.jpg?resize=525%2C300&ssl=1 1.5x, https:\/\/i0.wp.com\/www.kanenberg.com.br\/fatosfotoseregistros\/wp-content\/uploads\/2026\/07\/751856487_28195148730088672_5707111800529737612_n-820x1024.jpg?resize=700%2C400&ssl=1 2x"},"classes":[]},{"id":6161,"url":"https:\/\/www.kanenberg.com.br\/fatosfotoseregistros\/dia-do-escritor-2026\/","url_meta":{"origin":6173,"position":3},"title":"O Imperador da Mente Versada: A Faceta Escritora e Tradutora de D. Pedro II","author":"kanenberg","date":"25 de julho de 2026","format":false,"excerpt":"Neste Dia do Escritor, celebrado em 25 de julho, costumamos lembrar das grandes mentes que moldaram a literatura brasileira, de Machado de Assis a Clarice Lispector. No entanto, h\u00e1 um cap\u00edtulo fascinante da nossa hist\u00f3ria liter\u00e1ria que muitas vezes permanece \u00e0 sombra da pol\u00edtica: a faceta de Dom Pedro II\u2026","rel":"","context":"Em &quot;Personalidades&quot;","block_context":{"text":"Personalidades","link":"https:\/\/www.kanenberg.com.br\/fatosfotoseregistros\/category\/personalidades\/"},"img":{"alt_text":"","src":"https:\/\/i0.wp.com\/www.kanenberg.com.br\/fatosfotoseregistros\/wp-content\/uploads\/2026\/07\/file_000000003a14820ea374c6653d068dae8963584501828690726.png?resize=350%2C200&ssl=1","width":350,"height":200,"srcset":"https:\/\/i0.wp.com\/www.kanenberg.com.br\/fatosfotoseregistros\/wp-content\/uploads\/2026\/07\/file_000000003a14820ea374c6653d068dae8963584501828690726.png?resize=350%2C200&ssl=1 1x, https:\/\/i0.wp.com\/www.kanenberg.com.br\/fatosfotoseregistros\/wp-content\/uploads\/2026\/07\/file_000000003a14820ea374c6653d068dae8963584501828690726.png?resize=525%2C300&ssl=1 1.5x, https:\/\/i0.wp.com\/www.kanenberg.com.br\/fatosfotoseregistros\/wp-content\/uploads\/2026\/07\/file_000000003a14820ea374c6653d068dae8963584501828690726.png?resize=700%2C400&ssl=1 2x, https:\/\/i0.wp.com\/www.kanenberg.com.br\/fatosfotoseregistros\/wp-content\/uploads\/2026\/07\/file_000000003a14820ea374c6653d068dae8963584501828690726.png?resize=1050%2C600&ssl=1 3x, https:\/\/i0.wp.com\/www.kanenberg.com.br\/fatosfotoseregistros\/wp-content\/uploads\/2026\/07\/file_000000003a14820ea374c6653d068dae8963584501828690726.png?resize=1400%2C800&ssl=1 4x"},"classes":[]},{"id":6292,"url":"https:\/\/www.kanenberg.com.br\/fatosfotoseregistros\/branquinha-de-avare\/","url_meta":{"origin":6173,"position":4},"title":"A Lealdade Al\u00e9m do Tempo: A Hist\u00f3ria de Branquinha, a Anja Guardi\u00e3 de Avar\u00e9","author":"kanenberg","date":"16 de agosto de 2026","format":false,"excerpt":"H\u00e1 hist\u00f3rias que desafiam a nossa compreens\u00e3o sobre a profundidade do afeto animal, e a de Branquinha, a emblem\u00e1tica cachorrinha do Cemit\u00e9rio Municipal de Avar\u00e9 (SP), \u00e9 um desses relatos que merecem ficar gravados na mem\u00f3ria coletiva.","rel":"","context":"Em &quot;Lugares&quot;","block_context":{"text":"Lugares","link":"https:\/\/www.kanenberg.com.br\/fatosfotoseregistros\/category\/lugares\/"},"img":{"alt_text":"Branquinha de Avar\u00e9","src":"https:\/\/i0.wp.com\/www.kanenberg.com.br\/fatosfotoseregistros\/wp-content\/uploads\/2026\/08\/branquinha.jpg?resize=350%2C200&ssl=1","width":350,"height":200,"srcset":"https:\/\/i0.wp.com\/www.kanenberg.com.br\/fatosfotoseregistros\/wp-content\/uploads\/2026\/08\/branquinha.jpg?resize=350%2C200&ssl=1 1x, https:\/\/i0.wp.com\/www.kanenberg.com.br\/fatosfotoseregistros\/wp-content\/uploads\/2026\/08\/branquinha.jpg?resize=525%2C300&ssl=1 1.5x"},"classes":[]},{"id":6115,"url":"https:\/\/www.kanenberg.com.br\/fatosfotoseregistros\/jaiminho-o-papagaio-de-pirata-carioca\/","url_meta":{"origin":6173,"position":5},"title":"Jaiminho: O Papagaio de Pirata Carioca","author":"kanenberg","date":"13 de julho de 2026","format":false,"excerpt":"O Rio de Janeiro \u00e9 famoso por seus personagens folcl\u00f3ricos, e Jaime Dias Sabino, o popular Jaiminho, certamente ocupa um lugar de destaque nessa galeria urbana. Conhecido nacionalmente como o maior \"papagaio de pirata\" (termo usado para quem faz de tudo para aparecer atr\u00e1s de entrevistados ou rep\u00f3rteres) da televis\u00e3o\u2026","rel":"","context":"Em &quot;Personalidades&quot;","block_context":{"text":"Personalidades","link":"https:\/\/www.kanenberg.com.br\/fatosfotoseregistros\/category\/personalidades\/"},"img":{"alt_text":"Jaiminho","src":"https:\/\/i0.wp.com\/www.kanenberg.com.br\/fatosfotoseregistros\/wp-content\/uploads\/2026\/07\/jaiminho.jpg?resize=350%2C200&ssl=1","width":350,"height":200},"classes":[]}],"jetpack_likes_enabled":true,"amp_enabled":true,"jetpack_featured_media_url":"","_links":{"self":[{"href":"https:\/\/www.kanenberg.com.br\/fatosfotoseregistros\/wp-json\/wp\/v2\/posts\/6173","targetHints":{"allow":["GET"]}}],"collection":[{"href":"https:\/\/www.kanenberg.com.br\/fatosfotoseregistros\/wp-json\/wp\/v2\/posts"}],"about":[{"href":"https:\/\/www.kanenberg.com.br\/fatosfotoseregistros\/wp-json\/wp\/v2\/types\/post"}],"author":[{"embeddable":true,"href":"https:\/\/www.kanenberg.com.br\/fatosfotoseregistros\/wp-json\/wp\/v2\/users\/1"}],"replies":[{"embeddable":true,"href":"https:\/\/www.kanenberg.com.br\/fatosfotoseregistros\/wp-json\/wp\/v2\/comments?post=6173"}],"version-history":[{"count":1,"href":"https:\/\/www.kanenberg.com.br\/fatosfotoseregistros\/wp-json\/wp\/v2\/posts\/6173\/revisions"}],"predecessor-version":[{"id":6175,"href":"https:\/\/www.kanenberg.com.br\/fatosfotoseregistros\/wp-json\/wp\/v2\/posts\/6173\/revisions\/6175"}],"wp:attachment":[{"href":"https:\/\/www.kanenberg.com.br\/fatosfotoseregistros\/wp-json\/wp\/v2\/media?parent=6173"}],"wp:term":[{"taxonomy":"category","embeddable":true,"href":"https:\/\/www.kanenberg.com.br\/fatosfotoseregistros\/wp-json\/wp\/v2\/categories?post=6173"},{"taxonomy":"post_tag","embeddable":true,"href":"https:\/\/www.kanenberg.com.br\/fatosfotoseregistros\/wp-json\/wp\/v2\/tags?post=6173"}],"curies":[{"name":"wp","href":"https:\/\/api.w.org\/{rel}","templated":true}]}}