{"id":6161,"date":"2026-07-25T12:50:37","date_gmt":"2026-07-25T15:50:37","guid":{"rendered":"https:\/\/www.kanenberg.com.br\/fatosfotoseregistros\/?p=6161"},"modified":"2026-07-25T13:34:08","modified_gmt":"2026-07-25T16:34:08","slug":"dia-do-escritor-2026","status":"publish","type":"post","link":"https:\/\/www.kanenberg.com.br\/fatosfotoseregistros\/dia-do-escritor-2026\/","title":{"rendered":"O Imperador da Mente Versada: A Faceta Escritora e Tradutora de D. Pedro II"},"content":{"rendered":"<p style=\"text-align: justify;\">Neste Dia do Escritor, celebrado em 25 de julho, costumamos lembrar das grandes mentes que moldaram a literatura brasileira, de Machado de Assis a Clarice Lispector. No entanto, h\u00e1 um cap\u00edtulo fascinante da nossa hist\u00f3ria liter\u00e1ria que muitas vezes permanece \u00e0 sombra da pol\u00edtica: a faceta de <strong>Dom Pedro II como escritor, jornalista e tradutor<\/strong>.<\/p>\n<p><img loading=\"lazy\" decoding=\"async\" data-attachment-id=\"6163\" data-permalink=\"https:\/\/www.kanenberg.com.br\/fatosfotoseregistros\/dia-do-escritor-2026\/file_000000003a14820ea374c6653d068dae8963584501828690726\/\" data-orig-file=\"https:\/\/www.kanenberg.com.br\/fatosfotoseregistros\/wp-content\/uploads\/2026\/07\/file_000000003a14820ea374c6653d068dae8963584501828690726.png\" data-orig-size=\"1448,1086\" data-comments-opened=\"1\" data-image-meta=\"{&quot;aperture&quot;:&quot;0&quot;,&quot;credit&quot;:&quot;&quot;,&quot;camera&quot;:&quot;&quot;,&quot;caption&quot;:&quot;&quot;,&quot;created_timestamp&quot;:&quot;0&quot;,&quot;copyright&quot;:&quot;&quot;,&quot;focal_length&quot;:&quot;0&quot;,&quot;iso&quot;:&quot;0&quot;,&quot;shutter_speed&quot;:&quot;0&quot;,&quot;title&quot;:&quot;&quot;,&quot;orientation&quot;:&quot;0&quot;,&quot;alt&quot;:&quot;&quot;}\" data-image-title=\"file_000000003a14820ea374c6653d068dae8963584501828690726\" data-image-description=\"\" data-image-caption=\"\" data-large-file=\"https:\/\/www.kanenberg.com.br\/fatosfotoseregistros\/wp-content\/uploads\/2026\/07\/file_000000003a14820ea374c6653d068dae8963584501828690726-1024x768.png\" class=\"aligncenter wp-image-6163 size-full\" src=\"https:\/\/www.kanenberg.com.br\/fatosfotoseregistros\/wp-content\/uploads\/2026\/07\/file_000000003a14820ea374c6653d068dae8963584501828690726.png\" width=\"1448\" height=\"1086\" data-temp-aztec-id=\"b24b9660-af11-479a-a869-3666fdf55c41\" srcset=\"https:\/\/www.kanenberg.com.br\/fatosfotoseregistros\/wp-content\/uploads\/2026\/07\/file_000000003a14820ea374c6653d068dae8963584501828690726.png 1448w, https:\/\/www.kanenberg.com.br\/fatosfotoseregistros\/wp-content\/uploads\/2026\/07\/file_000000003a14820ea374c6653d068dae8963584501828690726-300x225.png 300w, https:\/\/www.kanenberg.com.br\/fatosfotoseregistros\/wp-content\/uploads\/2026\/07\/file_000000003a14820ea374c6653d068dae8963584501828690726-1024x768.png 1024w, https:\/\/www.kanenberg.com.br\/fatosfotoseregistros\/wp-content\/uploads\/2026\/07\/file_000000003a14820ea374c6653d068dae8963584501828690726-768x576.png 768w\" sizes=\"auto, (max-width: 1448px) 100vw, 1448px\" \/><\/p>\n<p style=\"text-align: justify;\">Para al\u00e9m da coroa e das obriga\u00e7\u00f5es de Estado, Pedro de Alc\u00e2ntara mantinha uma verdadeira paix\u00e3o pelas letras. O monarca n\u00e3o era apenas um leitor voraz, mas um homem de intelecto inquieto, que encontrou na escrita uma forma de expressar seu pensamento, dialogar com o mundo e exercitar sua paix\u00e3o pela linguagem.<\/p>\n<p style=\"text-align: justify;\">Quando pensamos no dia 25 de julho, o <strong>Dia do Escritor<\/strong>, voltamos nossos olhares aos mestres das palavras. Mas a hist\u00f3ria do Brasil reserva uma curiosa homenagem a uma figura central do nosso pa\u00eds que viveu a literatura com a mesma dedica\u00e7\u00e3o com que governou: <strong>Dom Pedro II<\/strong>.<\/p>\n<p style=\"text-align: justify;\">Muito se fala de sua erudi\u00e7\u00e3o, da sua defesa da ci\u00eancia e do patroc\u00ednio \u00e0s artes. O que poucos recordam, por\u00e9m, \u00e9 que, por tr\u00e1s da aura solene de chefe de Estado, existia um escritor incans\u00e1vel. Pedro de Alc\u00e2ntara foi um intelectual refinado, fluente em mais de uma dezena de idiomas \u2014 incluindo hebraico, grego, \u00e1rabe, s\u00e2nscrito e tupi-guarani \u2014 e utilizava a palavra escrita como ref\u00fagio e ponte com o conhecimento do mundo.<\/p>\n<h2>O Jornalista de Pseud\u00f4nimos e o Escritor Oculto<\/h2>\n<p style=\"text-align: justify;\">D. Pedro II sabia do peso de seu cargo e, talvez por isso, muitas vezes preferiu despir-se do t\u00edtulo imperial para se fazer ouvir apenas como cidad\u00e3o e pensador. No fervilhante cen\u00e1rio da imprensa do s\u00e9culo XIX, era um colaborador frequente de jornais e peri\u00f3dicos.<\/p>\n<p style=\"text-align: justify;\">Usando <strong>pseud\u00f4nimos<\/strong> e publica\u00e7\u00f5es an\u00f4nimas, o monarca enviava textos, reflex\u00f5es e cr\u00f4nicas para a imprensa. Longe do rigor do trono, ele opinava sobre debates culturais, hist\u00f3ria e literatura sem que a sua figura pol\u00edtica interferisse na recep\u00e7\u00e3o do texto. Para Pedro II, a palavra impressa no jornalismo era o term\u00f4metro do progresso de uma na\u00e7\u00e3o.<\/p>\n<h2>Um Tradutor de Cl\u00e1ssicos Globais<\/h2>\n<p style=\"text-align: justify;\">Se a autoria de seus ensaios e artigos trazia a discri\u00e7\u00e3o dos pseud\u00f4nimos, sua voca\u00e7\u00e3o como tradutor revelou um rigor t\u00e9cnico impressionante. Pedro II vertia para o portugu\u00eas obras complexas e variadas da literatura universal:<\/p>\n<ul>\n<li><strong>\u00c9squilo<\/strong>: Traduziu a trag\u00e9dia <em>Prometeu Acorrentado d<\/em>ireto do grego.<\/li>\n<li><strong>Contos do Oriente<\/strong>: Debru\u00e7ou-se sobre os manuscritos em \u00e1rabe das <em>As Mil e Uma Noites<\/em> e traduziu do s\u00e2nscrito a obra cl\u00e1ssica <em>Hitopadesa<\/em>.<\/li>\n<li><strong>A Poesia Universal<\/strong>: Vertia passagens de Dante Alighieri, Victor Hugo e Longfellow com admir\u00e1vel apuro formal e m\u00e9trico.<\/li>\n<\/ul>\n<p style=\"text-align: left;\">Durante o ex\u00edlio, j\u00e1 sem coroa e fragilizado, foi na escrita e no trabalho de tradu\u00e7\u00e3o que encontrou consolo at\u00e9 os seus \u00faltimos dias.<\/p>\n<h2>O Legado nas Letras<\/h2>\n<p style=\"text-align: justify;\">Dom Pedro II n\u00e3o escrevia por vaidade ou busca de fama liter\u00e1ria; escrevia por amor ao saber, pela necessidade de compreender o ser humano e pelo desejo sincero de elevar a cultura brasileira ao n\u00edvel do debate internacional. Ele trocava correspond\u00eancias de alto n\u00edvel intelectual com grandes nomes da literatura mundial, como Victor Hugo, sendo respeitado entre os s\u00e1bios de sua \u00e9poca n\u00e3o como um monarca, mas como um par nas letras.<\/p>\n<p style=\"text-align: justify;\">Neste 25 de julho, homenagear os escritores brasileiros \u00e9 tamb\u00e9m reconhecer aqueles que usaram a pena para erguer pontes culturais. Pedro de Alc\u00e2ntara, o &#8220;<em>Imperador das Letras<\/em>&#8220;, provou que a maior nobreza de um homem n\u00e3o reside em seu cetro, mas na grandeza de seus pensamentos e na eternidade de suas palavras.<\/p>\n<p><strong><em>Feliz Dia do Escritor!<\/em><\/strong><\/p>\n<h2>Bibliografia<\/h2>\n<ul>\n<li><a href=\"https:\/\/www.filosofiaesoterica.com\/a-filosofia-de-dom-pedro-ii\/\" target=\"_blank\" rel=\"noopener\">A Filosofia de Dom Pedro II<\/a><\/li>\n<li><a href=\"https:\/\/reynolds-news.com\/2023\/01\/07\/dom-pedro-ii-victor-hugo\/\" target=\"_blank\" rel=\"noopener\">The Emperor and the Author: Victor Hugo\u2019s Meeting with Dom Pedro II<\/a><\/li>\n<li><a href=\"https:\/\/pelotas13horas.com.br\/dom-pedro-ii-e-victor-hugo\/?hl=pt-BR#:~:text=Para%20os%20republicanos%2C%20franceses%20e%20brasileiros%2C%20tamb%C3%A9m,hotel%20em%20que%20estava%20hospedado%20em%20Paris.\" target=\"_blank\" rel=\"noopener\">DOM PEDRO II E VICTOR HUGO<\/a><\/li>\n<li><a href=\"https:\/\/revistas.pucsp.br\/teoliteraria\/article\/download\/23494\/17166\/61880?hl=pt-BR#:~:text=9%20%2D%202015.%20Elaine%20Crisfina%20Reis%20Marfins*,e%20organizado.%20por%20No%C3%AAmia%20Guimar%C3%A3es%20Soares%2C%20Rosane.\" target=\"_blank\" rel=\"noopener\">Dom Pedro II: Um tradutor Imperial (Arquivo PDF)<\/a><\/li>\n<li><a href=\"https:\/\/www.puc-rio.br\/pibic\/relatorio_resumo2009\/relatorio\/ctch\/let\/anna_olga.pdf?hl=pt-BR#:~:text=Conclus%C3%A3o.%20As%20tradu%C3%A7%C3%B5es%20de%20D.%20Pedro%20inserem%2Dse,admirava%2C%20lhe%20instigava%20o%20desejo%20de%20traduzir.\" target=\"_blank\" rel=\"noopener\">D. Pedro II \u2013 Um tradutor no trono do Brasil<\/a><\/li>\n<li><a href=\"https:\/\/funag.gov.br\/loja\/download\/1120-O_Imperador_visto_pelo_Barao_do_Rio_Branco.pdf?hl=pt-BR#:~:text=de%201891%2C%20o%20rabino%20Moss%C3%A9%20dedicou%20lhe,nesta%20l%C3%ADngua%20que%20muitos%20filhos%20de%20Israel.\" target=\"_blank\" rel=\"noopener\">Dom Pedro II, Imperador do Brasil<\/a><\/li>\n<li><a href=\"https:\/\/heritage.bnf.fr\/france-bresil\/pt-br\/dom-pedro-cultura-francesa-artigo?hl=pt-BR#:~:text=Quanto%20aos%20seus%20contatos%20liter%C3%A1rios%2C%20in%C3%BAmeros%20foram,fim%20de%20serem%20publicados%20na%20imprensa%20francesa%3B\" target=\"_blank\" rel=\"noopener\">Dom Pedro II e a cultura francesa<\/a><\/li>\n<\/ul>\n","protected":false},"excerpt":{"rendered":"<p>Neste Dia do Escritor, celebrado em 25 de julho, costumamos lembrar das grandes mentes que moldaram a literatura brasileira, de Machado de Assis a Clarice Lispector. No entanto, h\u00e1 um cap\u00edtulo fascinante da nossa hist\u00f3ria liter\u00e1ria que muitas vezes permanece \u00e0 sombra da pol\u00edtica: a faceta de Dom Pedro II como escritor, jornalista e tradutor.<\/p>\n","protected":false},"author":1,"featured_media":0,"comment_status":"open","ping_status":"open","sticky":false,"template":"","format":"standard","meta":{"_exactmetrics_skip_tracking":false,"_jetpack_newsletter_access":"","_jetpack_dont_email_post_to_subs":false,"_jetpack_newsletter_tier_id":0,"_jetpack_memberships_contains_paywalled_content":false,"_jetpack_feature_clip_id":0,"_jetpack_memberships_contains_paid_content":false,"footnotes":"","jetpack_publicize_message":"","jetpack_publicize_feature_enabled":true,"jetpack_social_post_already_shared":true,"jetpack_social_options":{"image_generator_settings":{"template":"highway","default_image_id":0,"font":"","enabled":false},"version":2},"jetpack_post_was_ever_published":false},"categories":[407,265],"tags":[420,291,258,419,260,255,412],"class_list":["post-6161","post","type-post","status-publish","format-standard","hentry","category-personalidades","category-textos","tag-brasil-imperio","tag-comemoracao","tag-comemoracoes","tag-d-pedro-ii","tag-datas-comemorativas","tag-historia","tag-personalidades"],"jetpack_publicize_connections":[],"jetpack_sharing_enabled":true,"jetpack_shortlink":"https:\/\/wp.me\/phkM1X-1Bn","jetpack-related-posts":[{"id":1212,"url":"https:\/\/www.kanenberg.com.br\/fatosfotoseregistros\/o-homem-que-calculava\/","url_meta":{"origin":6161,"position":0},"title":"O Homem que Calculava","author":"kanenberg","date":"21 de junho de 2016","format":false,"excerpt":"Livro de autoria do escritor, matem\u00e1tico e professor J\u00falio C\u00e9sar de Mello e Souza (1895-1974), cujo pseud\u00f4nimo era Malba Tahan. Foi publicado pela primeira vez em 1946 e at\u00e9 hoje j\u00e1 alcan\u00e7ou mais de 80 edi\u00e7\u00f5es. Em 1972, a obra foi premiada pela Academia Brasileira de Letras em 1972, ocasi\u00e3o\u2026","rel":"","context":"Em &quot;Textos&quot;","block_context":{"text":"Textos","link":"https:\/\/www.kanenberg.com.br\/fatosfotoseregistros\/category\/textos\/"},"img":{"alt_text":"Capa-do-Livro-O-Homem-Que-Calculava","src":"https:\/\/fatosfotoseregistros.files.wordpress.com\/2016\/06\/capa-do-livro-o-homem-que-calculava.jpg?w=350&h=200&crop=1","width":350,"height":200},"classes":[]},{"id":6365,"url":"https:\/\/www.kanenberg.com.br\/fatosfotoseregistros\/andre-nunes\/","url_meta":{"origin":6161,"position":1},"title":"Andr\u00e9 L. F. Nunes: um autor independente que transita por diferentes universos da literatura","author":"kanenberg","date":"2 de setembro de 2026","format":false,"excerpt":"A literatura independente brasileira vem revelando autores que, livres das amarras de um \u00fanico g\u00eanero, exploram mundos, personagens e possibilidades narrativas de todo tipo. Um desses nomes \u00e9 Andr\u00e9 L. F. Nunes, autor brasileiro que vem ampliando sua produ\u00e7\u00e3o liter\u00e1ria com hist\u00f3rias que atravessam v\u00e1rias vertentes da fic\u00e7\u00e3o.","rel":"","context":"Em &quot;Textos&quot;","block_context":{"text":"Textos","link":"https:\/\/www.kanenberg.com.br\/fatosfotoseregistros\/category\/textos\/"},"img":{"alt_text":"A grande guerra interplanet\u00e1ria","src":"https:\/\/i0.wp.com\/www.kanenberg.com.br\/fatosfotoseregistros\/wp-content\/uploads\/2026\/09\/andre_livros_01.jpeg?resize=350%2C200&ssl=1","width":350,"height":200,"srcset":"https:\/\/i0.wp.com\/www.kanenberg.com.br\/fatosfotoseregistros\/wp-content\/uploads\/2026\/09\/andre_livros_01.jpeg?resize=350%2C200&ssl=1 1x, https:\/\/i0.wp.com\/www.kanenberg.com.br\/fatosfotoseregistros\/wp-content\/uploads\/2026\/09\/andre_livros_01.jpeg?resize=525%2C300&ssl=1 1.5x, https:\/\/i0.wp.com\/www.kanenberg.com.br\/fatosfotoseregistros\/wp-content\/uploads\/2026\/09\/andre_livros_01.jpeg?resize=700%2C400&ssl=1 2x"},"classes":[]},{"id":1357,"url":"https:\/\/www.kanenberg.com.br\/fatosfotoseregistros\/central-do-brasil\/","url_meta":{"origin":6161,"position":2},"title":"Central do Brasil","author":"kanenberg","date":"28 de junho de 2016","format":false,"excerpt":"Central do Brasil, lugar conhecido por alguns e desconhecido por outros, admirado por uns e temido por outros, para alguns \u00e9 caminho obrigat\u00f3rio no dia-a-dia, enfim, um lugar cheio de hist\u00f3rias e curiosidades.","rel":"","context":"Em &quot;Imagem&quot;","block_context":{"text":"Imagem","link":"https:\/\/www.kanenberg.com.br\/fatosfotoseregistros\/category\/imagem\/"},"img":{"alt_text":"","src":"https:\/\/i0.wp.com\/www.kanenberg.com.br\/fatosfotoseregistros\/wp-content\/uploads\/2016\/06\/pvargas.jpg?resize=350%2C200&ssl=1","width":350,"height":200,"srcset":"https:\/\/i0.wp.com\/www.kanenberg.com.br\/fatosfotoseregistros\/wp-content\/uploads\/2016\/06\/pvargas.jpg?resize=350%2C200&ssl=1 1x, https:\/\/i0.wp.com\/www.kanenberg.com.br\/fatosfotoseregistros\/wp-content\/uploads\/2016\/06\/pvargas.jpg?resize=525%2C300&ssl=1 1.5x"},"classes":[]},{"id":6193,"url":"https:\/\/www.kanenberg.com.br\/fatosfotoseregistros\/a-historia-do-telefone-no-brasil\/","url_meta":{"origin":6161,"position":3},"title":"A Hist\u00f3ria do Telefone no Brasil","author":"kanenberg","date":"2 de agosto de 2026","format":false,"excerpt":"A chegada do telefone ao Brasil \u00e9 repleta de momentos marcantes \u2014 e envolve diretamente a curiosidade cient\u00edfica de um dos governantes mais entusiastas do pa\u00eds: o imperador Dom Pedro II.","rel":"","context":"Em &quot;Textos&quot;","block_context":{"text":"Textos","link":"https:\/\/www.kanenberg.com.br\/fatosfotoseregistros\/category\/textos\/"},"img":{"alt_text":"Descoberta do telefone","src":"https:\/\/i0.wp.com\/www.kanenberg.com.br\/fatosfotoseregistros\/wp-content\/uploads\/2026\/08\/descoberta-do-telefone.png?resize=350%2C200&ssl=1","width":350,"height":200,"srcset":"https:\/\/i0.wp.com\/www.kanenberg.com.br\/fatosfotoseregistros\/wp-content\/uploads\/2026\/08\/descoberta-do-telefone.png?resize=350%2C200&ssl=1 1x, https:\/\/i0.wp.com\/www.kanenberg.com.br\/fatosfotoseregistros\/wp-content\/uploads\/2026\/08\/descoberta-do-telefone.png?resize=525%2C300&ssl=1 1.5x, https:\/\/i0.wp.com\/www.kanenberg.com.br\/fatosfotoseregistros\/wp-content\/uploads\/2026\/08\/descoberta-do-telefone.png?resize=700%2C400&ssl=1 2x, https:\/\/i0.wp.com\/www.kanenberg.com.br\/fatosfotoseregistros\/wp-content\/uploads\/2026\/08\/descoberta-do-telefone.png?resize=1050%2C600&ssl=1 3x, https:\/\/i0.wp.com\/www.kanenberg.com.br\/fatosfotoseregistros\/wp-content\/uploads\/2026\/08\/descoberta-do-telefone.png?resize=1400%2C800&ssl=1 4x"},"classes":[]},{"id":2192,"url":"https:\/\/www.kanenberg.com.br\/fatosfotoseregistros\/petropolis-e-teresopolis\/","url_meta":{"origin":6161,"position":4},"title":"Petr\u00f3polis e Teres\u00f3polis","author":"kanenberg","date":"22 de julho de 2016","format":false,"excerpt":"Conhe\u00e7a a origem dos nomes das cidades de Petr\u00f3polis e Teres\u00f3polis.","rel":"","context":"Em &quot;Textos&quot;","block_context":{"text":"Textos","link":"https:\/\/www.kanenberg.com.br\/fatosfotoseregistros\/category\/textos\/"},"img":{"alt_text":"petro_tere","src":"https:\/\/fatosfotoseregistros.files.wordpress.com\/2016\/07\/petro_tere.jpg?w=350&h=200&crop=1","width":350,"height":200},"classes":[]},{"id":846,"url":"https:\/\/www.kanenberg.com.br\/fatosfotoseregistros\/ruinas-do-matadouro-de-santa-cruz\/","url_meta":{"origin":6161,"position":5},"title":"Ru\u00ednas do Matadouro de Santa Cruz","author":"kanenberg","date":"24 de maio de 2016","format":false,"excerpt":"O Matadouro de Santa Cruz foi uma importante unidade industrial para abastecimento de carne do munic\u00edpio do Rio de Janeiro que funcionou do final do s\u00e9culo XIX at\u00e9 a segunda metade do s\u00e9culo XX no bairro de Santa Cruz...","rel":"","context":"Em &quot;Imagem&quot;","block_context":{"text":"Imagem","link":"https:\/\/www.kanenberg.com.br\/fatosfotoseregistros\/category\/imagem\/"},"img":{"alt_text":"","src":"https:\/\/i0.wp.com\/www.kanenberg.com.br\/fatosfotoseregistros\/wp-content\/uploads\/2016\/05\/img_20150628_140955441.jpg?resize=350%2C200&ssl=1","width":350,"height":200,"srcset":"https:\/\/i0.wp.com\/www.kanenberg.com.br\/fatosfotoseregistros\/wp-content\/uploads\/2016\/05\/img_20150628_140955441.jpg?resize=350%2C200&ssl=1 1x, https:\/\/i0.wp.com\/www.kanenberg.com.br\/fatosfotoseregistros\/wp-content\/uploads\/2016\/05\/img_20150628_140955441.jpg?resize=525%2C300&ssl=1 1.5x, https:\/\/i0.wp.com\/www.kanenberg.com.br\/fatosfotoseregistros\/wp-content\/uploads\/2016\/05\/img_20150628_140955441.jpg?resize=700%2C400&ssl=1 2x, https:\/\/i0.wp.com\/www.kanenberg.com.br\/fatosfotoseregistros\/wp-content\/uploads\/2016\/05\/img_20150628_140955441.jpg?resize=1050%2C600&ssl=1 3x, https:\/\/i0.wp.com\/www.kanenberg.com.br\/fatosfotoseregistros\/wp-content\/uploads\/2016\/05\/img_20150628_140955441.jpg?resize=1400%2C800&ssl=1 4x"},"classes":[]}],"jetpack_likes_enabled":true,"amp_enabled":true,"jetpack_featured_media_url":"","_links":{"self":[{"href":"https:\/\/www.kanenberg.com.br\/fatosfotoseregistros\/wp-json\/wp\/v2\/posts\/6161","targetHints":{"allow":["GET"]}}],"collection":[{"href":"https:\/\/www.kanenberg.com.br\/fatosfotoseregistros\/wp-json\/wp\/v2\/posts"}],"about":[{"href":"https:\/\/www.kanenberg.com.br\/fatosfotoseregistros\/wp-json\/wp\/v2\/types\/post"}],"author":[{"embeddable":true,"href":"https:\/\/www.kanenberg.com.br\/fatosfotoseregistros\/wp-json\/wp\/v2\/users\/1"}],"replies":[{"embeddable":true,"href":"https:\/\/www.kanenberg.com.br\/fatosfotoseregistros\/wp-json\/wp\/v2\/comments?post=6161"}],"version-history":[{"count":9,"href":"https:\/\/www.kanenberg.com.br\/fatosfotoseregistros\/wp-json\/wp\/v2\/posts\/6161\/revisions"}],"predecessor-version":[{"id":6172,"href":"https:\/\/www.kanenberg.com.br\/fatosfotoseregistros\/wp-json\/wp\/v2\/posts\/6161\/revisions\/6172"}],"wp:attachment":[{"href":"https:\/\/www.kanenberg.com.br\/fatosfotoseregistros\/wp-json\/wp\/v2\/media?parent=6161"}],"wp:term":[{"taxonomy":"category","embeddable":true,"href":"https:\/\/www.kanenberg.com.br\/fatosfotoseregistros\/wp-json\/wp\/v2\/categories?post=6161"},{"taxonomy":"post_tag","embeddable":true,"href":"https:\/\/www.kanenberg.com.br\/fatosfotoseregistros\/wp-json\/wp\/v2\/tags?post=6161"}],"curies":[{"name":"wp","href":"https:\/\/api.w.org\/{rel}","templated":true}]}}