{"id":6156,"date":"2026-07-22T13:40:54","date_gmt":"2026-07-22T16:40:54","guid":{"rendered":"https:\/\/www.kanenberg.com.br\/fatosfotoseregistros\/?p=6156"},"modified":"2026-07-22T13:40:54","modified_gmt":"2026-07-22T16:40:54","slug":"reflexoes-sobre-imigracao-e-escravidao","status":"publish","type":"post","link":"https:\/\/www.kanenberg.com.br\/fatosfotoseregistros\/reflexoes-sobre-imigracao-e-escravidao\/","title":{"rendered":"Reflex\u00f5es sobre imigra\u00e7\u00e3o e escravid\u00e3o"},"content":{"rendered":"<p style=\"text-align: justify;\">Em 1873, enquanto meus ancestrais da fam\u00edlia Kannenberg desembarcavam em Santa Catarina em busca de uma nova vida, o Brasil ainda convivia com uma realidade hoje dif\u00edcil de imaginar: jornais publicavam, entre an\u00fancios comuns, ofertas de compra e venda de pessoas escravizadas.<\/p>\n<figure id=\"attachment_6157\" aria-describedby=\"caption-attachment-6157\" style=\"width: 820px\" class=\"wp-caption aligncenter\"><img loading=\"lazy\" decoding=\"async\" data-attachment-id=\"6157\" data-permalink=\"https:\/\/www.kanenberg.com.br\/fatosfotoseregistros\/reflexoes-sobre-imigracao-e-escravidao\/751856487_28195148730088672_5707111800529737612_n\/\" data-orig-file=\"https:\/\/www.kanenberg.com.br\/fatosfotoseregistros\/wp-content\/uploads\/2026\/07\/751856487_28195148730088672_5707111800529737612_n.jpg\" data-orig-size=\"926,1157\" data-comments-opened=\"1\" data-image-meta=\"{&quot;aperture&quot;:&quot;0&quot;,&quot;credit&quot;:&quot;&quot;,&quot;camera&quot;:&quot;&quot;,&quot;caption&quot;:&quot;&quot;,&quot;created_timestamp&quot;:&quot;0&quot;,&quot;copyright&quot;:&quot;&quot;,&quot;focal_length&quot;:&quot;0&quot;,&quot;iso&quot;:&quot;0&quot;,&quot;shutter_speed&quot;:&quot;0&quot;,&quot;title&quot;:&quot;&quot;,&quot;orientation&quot;:&quot;0&quot;,&quot;alt&quot;:&quot;&quot;}\" data-image-title=\"Classificados de venda de escravos em jornais brasileiros\" data-image-description=\"\" data-image-caption=\"&lt;p&gt;Classificados de venda de escravos em jornais brasileiros&lt;\/p&gt;\n\" data-large-file=\"https:\/\/www.kanenberg.com.br\/fatosfotoseregistros\/wp-content\/uploads\/2026\/07\/751856487_28195148730088672_5707111800529737612_n-820x1024.jpg\" class=\"size-large wp-image-6157\" src=\"https:\/\/www.kanenberg.com.br\/fatosfotoseregistros\/wp-content\/uploads\/2026\/07\/751856487_28195148730088672_5707111800529737612_n-820x1024.jpg\" alt=\"Classificados de venda de escravos em jornais brasileiros\" width=\"820\" height=\"1024\" srcset=\"https:\/\/www.kanenberg.com.br\/fatosfotoseregistros\/wp-content\/uploads\/2026\/07\/751856487_28195148730088672_5707111800529737612_n-820x1024.jpg 820w, https:\/\/www.kanenberg.com.br\/fatosfotoseregistros\/wp-content\/uploads\/2026\/07\/751856487_28195148730088672_5707111800529737612_n-240x300.jpg 240w, https:\/\/www.kanenberg.com.br\/fatosfotoseregistros\/wp-content\/uploads\/2026\/07\/751856487_28195148730088672_5707111800529737612_n-768x960.jpg 768w, https:\/\/www.kanenberg.com.br\/fatosfotoseregistros\/wp-content\/uploads\/2026\/07\/751856487_28195148730088672_5707111800529737612_n.jpg 926w\" sizes=\"auto, (max-width: 820px) 100vw, 820px\" \/><figcaption id=\"caption-attachment-6157\" class=\"wp-caption-text\">Classificados de venda de escravos em jornais brasileiros<\/figcaption><\/figure>\n<p style=\"text-align: justify;\">Esses dois acontecimentos coexistiam no mesmo pa\u00eds. De um lado, homens e mulheres eram tratados como mercadoria. De outro, o Imp\u00e9rio incentivava a chegada de imigrantes europeus para ocupar novas \u00e1reas, fortalecer a agricultura, ampliar a presen\u00e7a populacional no Sul e tamb\u00e9m substituir, gradualmente, o trabalho escravizado por m\u00e3o de obra livre.<\/p>\n<p style=\"text-align: justify;\">No Vale do Itaja\u00ed, onde se estabeleceram muitos imigrantes alem\u00e3es, a escravid\u00e3o existiu, mas em propor\u00e7\u00f5es muito menores do que nas regi\u00f5es cafeeiras do Sudeste. Ainda assim, fazia parte da realidade do Brasil daquele per\u00edodo.<\/p>\n<p style=\"text-align: justify;\">Olhar para documentos antigos \u00e9 perceber como a hist\u00f3ria \u00e9 feita de contrastes. A mesma na\u00e7\u00e3o que anunciava seres humanos nos jornais tamb\u00e9m recebia fam\u00edlias que cruzavam o oceano em busca de esperan\u00e7a. Poucos anos depois, em 1888, a escravid\u00e3o seria oficialmente abolida, encerrando um dos cap\u00edtulos mais dolorosos da hist\u00f3ria brasileira.<\/p>\n<p style=\"text-align: justify;\">Conhecer esse passado n\u00e3o significa julg\u00e1-lo com os olhos de hoje, mas compreend\u00ea-lo. Afinal, preservar a mem\u00f3ria \u00e9 tamb\u00e9m reconhecer os erros, entender as transforma\u00e7\u00f5es e valorizar a liberdade e a dignidade humana como conquistas que nunca devem ser tratadas como garantidas.<\/p>\n","protected":false},"excerpt":{"rendered":"<p>Em 1873, enquanto meus ancestrais da fam\u00edlia Kannenberg desembarcavam em Santa Catarina em busca de uma nova vida, o Brasil ainda convivia com uma realidade hoje dif\u00edcil de imaginar: jornais publicavam, entre an\u00fancios comuns, ofertas de compra e venda de pessoas escravizadas.<\/p>\n","protected":false},"author":1,"featured_media":0,"comment_status":"open","ping_status":"open","sticky":false,"template":"","format":"standard","meta":{"_exactmetrics_skip_tracking":false,"_jetpack_newsletter_access":"","_jetpack_dont_email_post_to_subs":false,"_jetpack_newsletter_tier_id":0,"_jetpack_memberships_contains_paywalled_content":false,"_jetpack_feature_clip_id":0,"_jetpack_memberships_contains_paid_content":false,"footnotes":"","jetpack_publicize_message":"","jetpack_publicize_feature_enabled":true,"jetpack_social_post_already_shared":true,"jetpack_social_options":{"image_generator_settings":{"template":"highway","default_image_id":0,"font":"","enabled":false},"version":2},"jetpack_post_was_ever_published":false},"categories":[265],"tags":[257,418,255,379,417,393],"class_list":["post-6156","post","type-post","status-publish","format-standard","hentry","category-textos","tag-acontecimentos","tag-escravidao","tag-historia","tag-imigracao","tag-imigracao-alema","tag-jornal"],"jetpack_publicize_connections":[],"jetpack_sharing_enabled":true,"jetpack_shortlink":"https:\/\/wp.me\/phkM1X-1Bi","jetpack-related-posts":[{"id":5675,"url":"https:\/\/www.kanenberg.com.br\/fatosfotoseregistros\/arvore-genealogica-de-christopher-reeve-super-homem\/","url_meta":{"origin":6156,"position":0},"title":"\u00c1rvore geneal\u00f3gica de Christopher Reeve (Super Homem)","author":"kanenberg","date":"11 de outubro de 2019","format":false,"excerpt":"Christopher D'Olier Reeve (Nova Iorque, 25 de setembro de 1952 - Mount Kisco, 10 de outubro de 2004) foi um ator, diretor, produtor e ativista norte-americano. Seu papel mais famoso foi como o Super-Homem, que ele interpretou numa s\u00e9rie de quatro filmes famosos, come\u00e7ando por Superman (1978).","rel":"","context":"Em &quot;Textos&quot;","block_context":{"text":"Textos","link":"https:\/\/www.kanenberg.com.br\/fatosfotoseregistros\/category\/textos\/"},"img":{"alt_text":"Christopher Reeve","src":"https:\/\/i0.wp.com\/www.kanenberg.com.br\/fatosfotoseregistros\/wp-content\/uploads\/2019\/10\/Christopher_Reeve_2.jpg?resize=350%2C200&ssl=1","width":350,"height":200,"srcset":"https:\/\/i0.wp.com\/www.kanenberg.com.br\/fatosfotoseregistros\/wp-content\/uploads\/2019\/10\/Christopher_Reeve_2.jpg?resize=350%2C200&ssl=1 1x, https:\/\/i0.wp.com\/www.kanenberg.com.br\/fatosfotoseregistros\/wp-content\/uploads\/2019\/10\/Christopher_Reeve_2.jpg?resize=525%2C300&ssl=1 1.5x"},"classes":[]},{"id":5325,"url":"https:\/\/www.kanenberg.com.br\/fatosfotoseregistros\/museu-ilha-das-flores\/","url_meta":{"origin":6156,"position":1},"title":"Museu da Imigra\u00e7\u00e3o da Ilha das Flores: um lugar de chegada, esperan\u00e7a e mem\u00f3ria","author":"kanenberg","date":"18 de fevereiro de 2019","format":false,"excerpt":"Na Ba\u00eda de Guanabara, no munic\u00edpio de S\u00e3o Gon\u00e7alo, encontra-se um lugar que guarda uma importante parte da hist\u00f3ria da imigra\u00e7\u00e3o no Brasil: a Ilha das Flores, onde funcionou, entre 1883 e 1966, a Hospedaria de Imigrantes da Ilha das Flores.","rel":"","context":"Em &quot;Lugares&quot;","block_context":{"text":"Lugares","link":"https:\/\/www.kanenberg.com.br\/fatosfotoseregistros\/category\/lugares\/"},"img":{"alt_text":"Vista do cais de entrada da Hospedaria de Imigrantes, na Ilha das Flores","src":"https:\/\/i0.wp.com\/www.kanenberg.com.br\/fatosfotoseregistros\/wp-content\/uploads\/2019\/02\/ilha_flores_00.jpg.jpg?resize=350%2C200&ssl=1","width":350,"height":200,"srcset":"https:\/\/i0.wp.com\/www.kanenberg.com.br\/fatosfotoseregistros\/wp-content\/uploads\/2019\/02\/ilha_flores_00.jpg.jpg?resize=350%2C200&ssl=1 1x, https:\/\/i0.wp.com\/www.kanenberg.com.br\/fatosfotoseregistros\/wp-content\/uploads\/2019\/02\/ilha_flores_00.jpg.jpg?resize=525%2C300&ssl=1 1.5x, https:\/\/i0.wp.com\/www.kanenberg.com.br\/fatosfotoseregistros\/wp-content\/uploads\/2019\/02\/ilha_flores_00.jpg.jpg?resize=700%2C400&ssl=1 2x, https:\/\/i0.wp.com\/www.kanenberg.com.br\/fatosfotoseregistros\/wp-content\/uploads\/2019\/02\/ilha_flores_00.jpg.jpg?resize=1050%2C600&ssl=1 3x, https:\/\/i0.wp.com\/www.kanenberg.com.br\/fatosfotoseregistros\/wp-content\/uploads\/2019\/02\/ilha_flores_00.jpg.jpg?resize=1400%2C800&ssl=1 4x"},"classes":[]},{"id":6173,"url":"https:\/\/www.kanenberg.com.br\/fatosfotoseregistros\/25-de-julho-dia-da-imigracao-alema\/","url_meta":{"origin":6156,"position":2},"title":"25 de julho: Dia da Imigra\u00e7\u00e3o Alem\u00e3","author":"kanenberg","date":"25 de julho de 2026","format":false,"excerpt":"O dia 25 de julho ocupa um lugar especial na hist\u00f3ria do Brasil. Nesta data, celebra-se o Dia da Imigra\u00e7\u00e3o Alem\u00e3, uma homenagem \u00e0 chegada dos primeiros imigrantes alem\u00e3es ao pa\u00eds, em 1824, quando desembarcaram na ent\u00e3o Col\u00f4nia de S\u00e3o Leopoldo, no Rio Grande do Sul. A partir daquele momento,\u2026","rel":"","context":"Em &quot;Textos&quot;","block_context":{"text":"Textos","link":"https:\/\/www.kanenberg.com.br\/fatosfotoseregistros\/category\/textos\/"},"img":{"alt_text":"25 de julho: Dia da Imigra\u00e7\u00e3o Alem\u00e3 O dia 25 de julho ocupa um lugar especial na hist\u00f3ria do Brasi","src":"https:\/\/i0.wp.com\/www.kanenberg.com.br\/fatosfotoseregistros\/wp-content\/uploads\/2026\/07\/ChatGPT-Image-25-de-jul.-de-2026-19_37_25.png?resize=350%2C200&ssl=1","width":350,"height":200,"srcset":"https:\/\/i0.wp.com\/www.kanenberg.com.br\/fatosfotoseregistros\/wp-content\/uploads\/2026\/07\/ChatGPT-Image-25-de-jul.-de-2026-19_37_25.png?resize=350%2C200&ssl=1 1x, https:\/\/i0.wp.com\/www.kanenberg.com.br\/fatosfotoseregistros\/wp-content\/uploads\/2026\/07\/ChatGPT-Image-25-de-jul.-de-2026-19_37_25.png?resize=525%2C300&ssl=1 1.5x, https:\/\/i0.wp.com\/www.kanenberg.com.br\/fatosfotoseregistros\/wp-content\/uploads\/2026\/07\/ChatGPT-Image-25-de-jul.-de-2026-19_37_25.png?resize=700%2C400&ssl=1 2x, https:\/\/i0.wp.com\/www.kanenberg.com.br\/fatosfotoseregistros\/wp-content\/uploads\/2026\/07\/ChatGPT-Image-25-de-jul.-de-2026-19_37_25.png?resize=1050%2C600&ssl=1 3x, https:\/\/i0.wp.com\/www.kanenberg.com.br\/fatosfotoseregistros\/wp-content\/uploads\/2026\/07\/ChatGPT-Image-25-de-jul.-de-2026-19_37_25.png?resize=1400%2C800&ssl=1 4x"},"classes":[]},{"id":6295,"url":"https:\/\/www.kanenberg.com.br\/fatosfotoseregistros\/espelho-atrai-raio\/","url_meta":{"origin":6156,"position":3},"title":"Espelho atrai raio? Entenda a origem dessa famosa lenda urbana","author":"kanenberg","date":"17 de agosto de 2026","format":false,"excerpt":"A costume de cobrir espelhos com panos durante tempestades de vento, raios e trovoadas \u00e9 uma das tradi\u00e7\u00f5es populares mais marcantes da cultura brasileira. Embora hoje seja vista como uma supersti\u00e7\u00e3o das gera\u00e7\u00f5es passadas, essa pr\u00e1tica atravessou d\u00e9cadas carregando justificativas que misturam cren\u00e7as ancestrais e antigas explica\u00e7\u00f5es populares.","rel":"","context":"Em &quot;Textos&quot;","block_context":{"text":"Textos","link":"https:\/\/www.kanenberg.com.br\/fatosfotoseregistros\/category\/textos\/"},"img":{"alt_text":"Espelho_Raio","src":"https:\/\/i0.wp.com\/www.kanenberg.com.br\/fatosfotoseregistros\/wp-content\/uploads\/2026\/08\/Espelho_Raio.jpg?resize=350%2C200&ssl=1","width":350,"height":200,"srcset":"https:\/\/i0.wp.com\/www.kanenberg.com.br\/fatosfotoseregistros\/wp-content\/uploads\/2026\/08\/Espelho_Raio.jpg?resize=350%2C200&ssl=1 1x, https:\/\/i0.wp.com\/www.kanenberg.com.br\/fatosfotoseregistros\/wp-content\/uploads\/2026\/08\/Espelho_Raio.jpg?resize=525%2C300&ssl=1 1.5x, https:\/\/i0.wp.com\/www.kanenberg.com.br\/fatosfotoseregistros\/wp-content\/uploads\/2026\/08\/Espelho_Raio.jpg?resize=700%2C400&ssl=1 2x, https:\/\/i0.wp.com\/www.kanenberg.com.br\/fatosfotoseregistros\/wp-content\/uploads\/2026\/08\/Espelho_Raio.jpg?resize=1050%2C600&ssl=1 3x, https:\/\/i0.wp.com\/www.kanenberg.com.br\/fatosfotoseregistros\/wp-content\/uploads\/2026\/08\/Espelho_Raio.jpg?resize=1400%2C800&ssl=1 4x"},"classes":[]},{"id":6353,"url":"https:\/\/www.kanenberg.com.br\/fatosfotoseregistros\/velho-oeste-historia-e-ficcao\/","url_meta":{"origin":6156,"position":4},"title":"Velho Oeste: Hist\u00f3ria e Fic\u00e7\u00e3o","author":"kanenberg","date":"2 de setembro de 2026","format":false,"excerpt":"A \u00e9poca retratada nos filmes de faroeste existiu de verdade e ficou conhecida na hist\u00f3ria como a era do Velho Oeste (ou Wild West \u2014 Oeste Selvagem).","rel":"","context":"Em &quot;Lugares&quot;","block_context":{"text":"Lugares","link":"https:\/\/www.kanenberg.com.br\/fatosfotoseregistros\/category\/lugares\/"},"img":{"alt_text":"Figura 1 - Dodge City, Kansas (1878): Uma das cidades mais famosas e violentas do Velho Oeste real. Fonte: Smithsonian Magazine","src":"https:\/\/i0.wp.com\/www.kanenberg.com.br\/fatosfotoseregistros\/wp-content\/uploads\/2026\/08\/Dodge-City.jpg?resize=350%2C200&ssl=1","width":350,"height":200,"srcset":"https:\/\/i0.wp.com\/www.kanenberg.com.br\/fatosfotoseregistros\/wp-content\/uploads\/2026\/08\/Dodge-City.jpg?resize=350%2C200&ssl=1 1x, https:\/\/i0.wp.com\/www.kanenberg.com.br\/fatosfotoseregistros\/wp-content\/uploads\/2026\/08\/Dodge-City.jpg?resize=525%2C300&ssl=1 1.5x"},"classes":[]},{"id":2877,"url":"https:\/\/www.kanenberg.com.br\/fatosfotoseregistros\/locais-para-conhecer-rj-1\/","url_meta":{"origin":6156,"position":5},"title":"Locais para conhecer no Rio de Janeiro &#8211; Parte 1","author":"kanenberg","date":"16 de agosto de 2016","format":false,"excerpt":"A cidade do Rio de Janeiro, guarda lugares fant\u00e1sticos, alguns desconhecidos at\u00e9 mesmo pelos pr\u00f3prios cariocas. Conhe\u00e7a alguns destes lugares lindos e cheios de hist\u00f3ria.","rel":"","context":"Em &quot;Imagem&quot;","block_context":{"text":"Imagem","link":"https:\/\/www.kanenberg.com.br\/fatosfotoseregistros\/category\/imagem\/"},"img":{"alt_text":"valongo1","src":"https:\/\/fatosfotoseregistros.files.wordpress.com\/2016\/08\/valongo1.jpg?w=350&h=200&crop=1","width":350,"height":200,"srcset":"https:\/\/fatosfotoseregistros.files.wordpress.com\/2016\/08\/valongo1.jpg?w=350&h=200&crop=1 1x, https:\/\/fatosfotoseregistros.files.wordpress.com\/2016\/08\/valongo1.jpg?w=525&h=300&crop=1 1.5x"},"classes":[]}],"jetpack_likes_enabled":true,"amp_enabled":true,"jetpack_featured_media_url":"","_links":{"self":[{"href":"https:\/\/www.kanenberg.com.br\/fatosfotoseregistros\/wp-json\/wp\/v2\/posts\/6156","targetHints":{"allow":["GET"]}}],"collection":[{"href":"https:\/\/www.kanenberg.com.br\/fatosfotoseregistros\/wp-json\/wp\/v2\/posts"}],"about":[{"href":"https:\/\/www.kanenberg.com.br\/fatosfotoseregistros\/wp-json\/wp\/v2\/types\/post"}],"author":[{"embeddable":true,"href":"https:\/\/www.kanenberg.com.br\/fatosfotoseregistros\/wp-json\/wp\/v2\/users\/1"}],"replies":[{"embeddable":true,"href":"https:\/\/www.kanenberg.com.br\/fatosfotoseregistros\/wp-json\/wp\/v2\/comments?post=6156"}],"version-history":[{"count":1,"href":"https:\/\/www.kanenberg.com.br\/fatosfotoseregistros\/wp-json\/wp\/v2\/posts\/6156\/revisions"}],"predecessor-version":[{"id":6158,"href":"https:\/\/www.kanenberg.com.br\/fatosfotoseregistros\/wp-json\/wp\/v2\/posts\/6156\/revisions\/6158"}],"wp:attachment":[{"href":"https:\/\/www.kanenberg.com.br\/fatosfotoseregistros\/wp-json\/wp\/v2\/media?parent=6156"}],"wp:term":[{"taxonomy":"category","embeddable":true,"href":"https:\/\/www.kanenberg.com.br\/fatosfotoseregistros\/wp-json\/wp\/v2\/categories?post=6156"},{"taxonomy":"post_tag","embeddable":true,"href":"https:\/\/www.kanenberg.com.br\/fatosfotoseregistros\/wp-json\/wp\/v2\/tags?post=6156"}],"curies":[{"name":"wp","href":"https:\/\/api.w.org\/{rel}","templated":true}]}}