{"id":6149,"date":"2026-07-19T12:56:58","date_gmt":"2026-07-19T15:56:58","guid":{"rendered":"https:\/\/www.kanenberg.com.br\/fatosfotoseregistros\/?p=6149"},"modified":"2026-07-19T12:56:58","modified_gmt":"2026-07-19T15:56:58","slug":"igreja_antiga_se_rio_de_janeiro","status":"publish","type":"post","link":"https:\/\/www.kanenberg.com.br\/fatosfotoseregistros\/igreja_antiga_se_rio_de_janeiro\/","title":{"rendered":"Testemunha da Hist\u00f3ria: Conhe\u00e7a a Igreja de Nossa Senhora do Carmo da Antiga S\u00e9"},"content":{"rendered":"<p style=\"text-align: justify;\" data-path-to-node=\"3\">Se voc\u00ea passa pela agita\u00e7\u00e3o do Centro do Rio de Janeiro, na altura da Pra\u00e7a XV, \u00e9 imposs\u00edvel n\u00e3o notar um imponente conjunto arquitet\u00f4nico que respira o passado colonial e imperial do Brasil. No cora\u00e7\u00e3o desse complexo est\u00e1 a <b data-path-to-node=\"3\" data-index-in-node=\"225\">Igreja de Nossa Senhora do Carmo da Antiga S\u00e9<\/b>.<\/p>\n<p style=\"text-align: justify;\" data-path-to-node=\"4\">Muito mais do que um templo religioso, esse local foi o palco dos eventos mais importantes que moldaram a hist\u00f3ria do nosso pa\u00eds.<\/p>\n<figure id=\"attachment_6150\" aria-describedby=\"caption-attachment-6150\" style=\"width: 754px\" class=\"wp-caption aligncenter\"><img loading=\"lazy\" decoding=\"async\" data-attachment-id=\"6150\" data-permalink=\"https:\/\/www.kanenberg.com.br\/fatosfotoseregistros\/igreja_antiga_se_rio_de_janeiro\/fachada_frontal_maior-754x1024\/\" data-orig-file=\"https:\/\/www.kanenberg.com.br\/fatosfotoseregistros\/wp-content\/uploads\/2026\/07\/fachada_frontal_maior-754x1024-1.jpeg\" data-orig-size=\"754,1024\" data-comments-opened=\"1\" data-image-meta=\"{&quot;aperture&quot;:&quot;0&quot;,&quot;credit&quot;:&quot;&quot;,&quot;camera&quot;:&quot;&quot;,&quot;caption&quot;:&quot;&quot;,&quot;created_timestamp&quot;:&quot;0&quot;,&quot;copyright&quot;:&quot;&quot;,&quot;focal_length&quot;:&quot;0&quot;,&quot;iso&quot;:&quot;0&quot;,&quot;shutter_speed&quot;:&quot;0&quot;,&quot;title&quot;:&quot;&quot;,&quot;orientation&quot;:&quot;0&quot;,&quot;alt&quot;:&quot;&quot;}\" data-image-title=\"fachada_frontal_maior-754&amp;#215;1024\" data-image-description=\"&lt;p&gt;Igreja de Nossa Senhora do Carmo da Antiga S\u00e9&lt;\/p&gt;\n\" data-image-caption=\"&lt;p&gt;Fachada frontal da Igreja. Foto: Prefeitura do Rio&lt;\/p&gt;\n\" data-large-file=\"https:\/\/www.kanenberg.com.br\/fatosfotoseregistros\/wp-content\/uploads\/2026\/07\/fachada_frontal_maior-754x1024-1.jpeg\" class=\"size-full wp-image-6150\" src=\"https:\/\/www.kanenberg.com.br\/fatosfotoseregistros\/wp-content\/uploads\/2026\/07\/fachada_frontal_maior-754x1024-1.jpeg\" alt=\"Igreja de Nossa Senhora do Carmo da Antiga S\u00e9\" width=\"754\" height=\"1024\" srcset=\"https:\/\/www.kanenberg.com.br\/fatosfotoseregistros\/wp-content\/uploads\/2026\/07\/fachada_frontal_maior-754x1024-1.jpeg 754w, https:\/\/www.kanenberg.com.br\/fatosfotoseregistros\/wp-content\/uploads\/2026\/07\/fachada_frontal_maior-754x1024-1-221x300.jpeg 221w\" sizes=\"auto, (max-width: 754px) 100vw, 754px\" \/><figcaption id=\"caption-attachment-6150\" class=\"wp-caption-text\">Fachada frontal da Igreja. Foto: Prefeitura do Rio<\/figcaption><\/figure>\n<h2 data-path-to-node=\"6\">Localiza\u00e7\u00e3o Privilegiada<\/h2>\n<p style=\"text-align: justify;\" data-path-to-node=\"7\">Para quem quer visit\u00e1-la, a localiza\u00e7\u00e3o \u00e9 um verdadeiro roteiro hist\u00f3rico por si s\u00f3. A Antiga S\u00e9 fica situada na Rua Primeiro de Mar\u00e7o, exatamente <b data-path-to-node=\"7\" data-index-in-node=\"147\">entre o Convento do Carmo e a Igreja da Ordem Terceira do Carmo<\/b>. Esse trio de constru\u00e7\u00f5es formava um dos n\u00facleos mais importantes do Rio antigo.<\/p>\n<h2 data-path-to-node=\"8\">A Constru\u00e7\u00e3o e a Riqueza Interior<\/h2>\n<p style=\"text-align: justify;\" data-path-to-node=\"9\">A igreja come\u00e7ou a ser erguida por volta de 1761, no lugar de uma antiga capela, e foi inaugurada em 1770. Embora sua fachada atual tenha tra\u00e7os que misturam o barroco e o neocl\u00e1ssico (fruto de reformas posteriores), \u00e9 o seu interior que costuma deixar os visitantes sem f\u00f4lego.<\/p>\n<p style=\"text-align: justify;\" data-path-to-node=\"10\">Com uma talha dourada riqu\u00edssima feita em estilo rococ\u00f3 \u2014 com forte influ\u00eancia do mestre In\u00e1cio Ferreira Pinto \u2014, a igreja ostenta uma beleza interna impressionante, digna do status que viria a receber no s\u00e9culo seguinte.<\/p>\n<figure id=\"attachment_6151\" aria-describedby=\"caption-attachment-6151\" style=\"width: 980px\" class=\"wp-caption aligncenter\"><img loading=\"lazy\" decoding=\"async\" data-attachment-id=\"6151\" data-permalink=\"https:\/\/www.kanenberg.com.br\/fatosfotoseregistros\/igreja_antiga_se_rio_de_janeiro\/d11fe6_fe9b7432b0284a3fa4c2b8b738a24fb5mv2\/\" data-orig-file=\"https:\/\/www.kanenberg.com.br\/fatosfotoseregistros\/wp-content\/uploads\/2026\/07\/d11fe6_fe9b7432b0284a3fa4c2b8b738a24fb5mv2.avif\" data-orig-size=\"980,686\" data-comments-opened=\"1\" data-image-meta=\"{&quot;aperture&quot;:&quot;0&quot;,&quot;credit&quot;:&quot;&quot;,&quot;camera&quot;:&quot;&quot;,&quot;caption&quot;:&quot;&quot;,&quot;created_timestamp&quot;:&quot;0&quot;,&quot;copyright&quot;:&quot;&quot;,&quot;focal_length&quot;:&quot;0&quot;,&quot;iso&quot;:&quot;0&quot;,&quot;shutter_speed&quot;:&quot;0&quot;,&quot;title&quot;:&quot;&quot;,&quot;orientation&quot;:&quot;0&quot;,&quot;alt&quot;:&quot;&quot;}\" data-image-title=\"Igreja de Nossa Senhora do Carmo da Antiga S\u00e9\" data-image-description=\"&lt;p&gt;Igreja de Nossa Senhora do Carmo da Antiga S\u00e9&lt;\/p&gt;\n\" data-image-caption=\"&lt;p&gt;O impressionante interior dourado da igreja, palco de coroa\u00e7\u00f5es imperiais.. Fonte: www.antigase.org \/ Igreja Nossa Senhora do Carmo da Antiga S\u00e9 | Rio de Janeiro&lt;\/p&gt;\n\" data-large-file=\"https:\/\/www.kanenberg.com.br\/fatosfotoseregistros\/wp-content\/uploads\/2026\/07\/d11fe6_fe9b7432b0284a3fa4c2b8b738a24fb5mv2.avif\" class=\"size-full wp-image-6151\" src=\"https:\/\/www.kanenberg.com.br\/fatosfotoseregistros\/wp-content\/uploads\/2026\/07\/d11fe6_fe9b7432b0284a3fa4c2b8b738a24fb5mv2.avif\" alt=\"Igreja de Nossa Senhora do Carmo da Antiga S\u00e9\" width=\"980\" height=\"686\" srcset=\"https:\/\/www.kanenberg.com.br\/fatosfotoseregistros\/wp-content\/uploads\/2026\/07\/d11fe6_fe9b7432b0284a3fa4c2b8b738a24fb5mv2.avif 980w, https:\/\/www.kanenberg.com.br\/fatosfotoseregistros\/wp-content\/uploads\/2026\/07\/d11fe6_fe9b7432b0284a3fa4c2b8b738a24fb5mv2-300x210.avif 300w, https:\/\/www.kanenberg.com.br\/fatosfotoseregistros\/wp-content\/uploads\/2026\/07\/d11fe6_fe9b7432b0284a3fa4c2b8b738a24fb5mv2-768x538.avif 768w\" sizes=\"auto, (max-width: 980px) 100vw, 980px\" \/><figcaption id=\"caption-attachment-6151\" class=\"wp-caption-text\">O impressionante interior dourado da igreja, palco de coroa\u00e7\u00f5es imperiais.. Fonte: www.antigase.org \/ Igreja Nossa Senhora do Carmo da Antiga S\u00e9 | Rio de Janeiro<\/figcaption><\/figure>\n<h2 data-path-to-node=\"12\">O Palco dos Grandes Acontecimentos Imperiais<\/h2>\n<p style=\"text-align: justify;\" data-path-to-node=\"13\">Quando a Fam\u00edlia Real portuguesa chegou ao Rio de Janeiro em 1808, a igreja foi elevada \u00e0 condi\u00e7\u00e3o de <b data-path-to-node=\"13\" data-index-in-node=\"102\">Capela Real<\/b> (e mais tarde, Catedral Imperial). Foi ali que o Brasil Continental viveu seus momentos de maior pompa jur\u00eddica e pol\u00edtica. A igreja foi o cen\u00e1rio de:<\/p>\n<ul data-path-to-node=\"14\">\n<li>\n<p data-path-to-node=\"14,0,0\"><b data-path-to-node=\"14,0,0\" data-index-in-node=\"0\">Casamentos Reais:<\/b> Como o de Dom Pedro I com Dona Leopoldina.<\/p>\n<\/li>\n<li>\n<p data-path-to-node=\"14,1,0\"><b data-path-to-node=\"14,1,0\" data-index-in-node=\"0\">Coroa\u00e7\u00f5es:<\/b> Ali foram coroados os dois imperadores do Brasil, Dom Pedro I (em 1822) e Dom Pedro II (em 1841).<\/p>\n<\/li>\n<li>\n<p data-path-to-node=\"14,2,0\"><b data-path-to-node=\"14,2,0\" data-index-in-node=\"0\">Batizados e Grandes Missas:<\/b> Frequentadas por toda a corte.<\/p>\n<\/li>\n<\/ul>\n<h2 data-path-to-node=\"15\">Curiosidade de Ouro: O Segredo da Cripta<\/h2>\n<p style=\"text-align: justify;\" data-path-to-node=\"16\">Muitos turistas passam pela igreja sem saber que, sob os seus p\u00e9s, repousa parte da hist\u00f3ria do pr\u00f3prio descobrimento do Brasil e da nossa realeza.<\/p>\n<p style=\"text-align: justify;\" data-path-to-node=\"17\">Na cripta da Antiga S\u00e9, est\u00e3o depositados os <b data-path-to-node=\"17\" data-index-in-node=\"45\">restos mortais de Pedro \u00c1lvares Cabral<\/b>, o navegador portugu\u00eas que chegou ao Brasil em 1500. Seus ossos foram transferidos para l\u00e1 vindos de Santar\u00e9m, em Portugal.<\/p>\n<figure id=\"attachment_6152\" aria-describedby=\"caption-attachment-6152\" style=\"width: 516px\" class=\"wp-caption aligncenter\"><img loading=\"lazy\" decoding=\"async\" data-attachment-id=\"6152\" data-permalink=\"https:\/\/www.kanenberg.com.br\/fatosfotoseregistros\/igreja_antiga_se_rio_de_janeiro\/cabral_cripta\/\" data-orig-file=\"https:\/\/www.kanenberg.com.br\/fatosfotoseregistros\/wp-content\/uploads\/2026\/07\/cabral_cripta.jpg\" data-orig-size=\"516,387\" data-comments-opened=\"1\" data-image-meta=\"{&quot;aperture&quot;:&quot;0&quot;,&quot;credit&quot;:&quot;&quot;,&quot;camera&quot;:&quot;&quot;,&quot;caption&quot;:&quot;&quot;,&quot;created_timestamp&quot;:&quot;0&quot;,&quot;copyright&quot;:&quot;&quot;,&quot;focal_length&quot;:&quot;0&quot;,&quot;iso&quot;:&quot;0&quot;,&quot;shutter_speed&quot;:&quot;0&quot;,&quot;title&quot;:&quot;&quot;,&quot;orientation&quot;:&quot;0&quot;,&quot;alt&quot;:&quot;&quot;}\" data-image-title=\"Restos mortais de Pedro \u00c1lvares Cabral\" data-image-description=\"&lt;p&gt;Restos mortais de Pedro \u00c1lvares Cabral&lt;\/p&gt;\n\" data-image-caption=\"&lt;p&gt;Restos mortais de Pedro \u00c1lvares Cabral&lt;\/p&gt;\n\" data-large-file=\"https:\/\/www.kanenberg.com.br\/fatosfotoseregistros\/wp-content\/uploads\/2026\/07\/cabral_cripta.jpg\" class=\"size-full wp-image-6152\" src=\"https:\/\/www.kanenberg.com.br\/fatosfotoseregistros\/wp-content\/uploads\/2026\/07\/cabral_cripta.jpg\" alt=\"Restos mortais de Pedro \u00c1lvares Cabral\" width=\"516\" height=\"387\" srcset=\"https:\/\/www.kanenberg.com.br\/fatosfotoseregistros\/wp-content\/uploads\/2026\/07\/cabral_cripta.jpg 516w, https:\/\/www.kanenberg.com.br\/fatosfotoseregistros\/wp-content\/uploads\/2026\/07\/cabral_cripta-300x225.jpg 300w\" sizes=\"auto, (max-width: 516px) 100vw, 516px\" \/><figcaption id=\"caption-attachment-6152\" class=\"wp-caption-text\">Restos mortais de Pedro \u00c1lvares Cabral<\/figcaption><\/figure>\n<p style=\"text-align: justify;\" data-path-to-node=\"18\">Al\u00e9m do descobridor, a cripta abriga os restos mortais de figuras centrais do Segundo Reinado que foram transladados ao longo do tempo ou receberam homenagens f\u00fanebres no local, como:<\/p>\n<ul data-path-to-node=\"19\">\n<li>\n<p data-path-to-node=\"19,0,0\">O Imperador <b data-path-to-node=\"19,0,0\" data-index-in-node=\"12\">Dom Pedro II<\/b> e a Imperatriz <b data-path-to-node=\"19,0,0\" data-index-in-node=\"40\">Dona Teresa Cristina<\/b>.<\/p>\n<\/li>\n<li>\n<p data-path-to-node=\"19,1,0\">A <b data-path-to-node=\"19,1,0\" data-index-in-node=\"2\">Princesa Isabel<\/b> (assinante da Lei \u00c1urea) e seu marido, o <b data-path-to-node=\"19,1,0\" data-index-in-node=\"59\">Conde D&#8217;Eu<\/b>.<\/p>\n<\/li>\n<\/ul>\n<p style=\"text-align: justify;\" data-path-to-node=\"20\">Visitar a Igreja da Antiga S\u00e9 \u00e9 fazer uma viagem no tempo e caminhar pelos mesmos ladrilhos que os imperadores, princesas e grandes nomes da nossa hist\u00f3ria cruzaram. Um destino obrigat\u00f3rio para quem ama o Rio de Janeiro e quer entender as ra\u00edzes do Brasil!<\/p>\n<h3 data-path-to-node=\"22\">Gostou desse conte\u00fado?<\/h3>\n<p style=\"text-align: justify;\" data-path-to-node=\"23\"><i data-path-to-node=\"23\" data-index-in-node=\"0\">Se voc\u00ea est\u00e1 planejando um passeio pelo Centro do Rio, n\u00e3o deixe de incluir a Antiga S\u00e9 no seu roteiro. Deixe nos coment\u00e1rios se voc\u00ea j\u00e1 conhecia a hist\u00f3ria da cripta de Cabral!<\/i><\/p>\n","protected":false},"excerpt":{"rendered":"<p>Se voc\u00ea passa pela agita\u00e7\u00e3o do Centro do Rio de Janeiro, na altura da Pra\u00e7a XV, \u00e9 imposs\u00edvel n\u00e3o notar um imponente conjunto arquitet\u00f4nico que respira o passado colonial e imperial do Brasil. No cora\u00e7\u00e3o desse complexo est\u00e1 a Igreja de Nossa Senhora do Carmo da Antiga S\u00e9.<\/p>\n","protected":false},"author":1,"featured_media":0,"comment_status":"open","ping_status":"open","sticky":false,"template":"","format":"standard","meta":{"_exactmetrics_skip_tracking":false,"_jetpack_newsletter_access":"","_jetpack_dont_email_post_to_subs":false,"_jetpack_newsletter_tier_id":0,"_jetpack_memberships_contains_paywalled_content":false,"_jetpack_feature_clip_id":0,"_jetpack_memberships_contains_paid_content":false,"footnotes":"","jetpack_publicize_message":"","jetpack_publicize_feature_enabled":true,"jetpack_social_post_already_shared":true,"jetpack_social_options":{"image_generator_settings":{"template":"highway","default_image_id":0,"font":"","enabled":false},"version":2},"jetpack_post_was_ever_published":false},"categories":[262,282,265],"tags":[254,261,289],"class_list":["post-6149","post","type-post","status-publish","format-standard","hentry","category-imagem","category-lugares","category-textos","tag-curiosidades","tag-igrejas","tag-rio-de-janeiro"],"jetpack_publicize_connections":[],"jetpack_sharing_enabled":true,"jetpack_shortlink":"https:\/\/wp.me\/phkM1X-1Bb","jetpack-related-posts":[{"id":166,"url":"https:\/\/www.kanenberg.com.br\/fatosfotoseregistros\/historia-pelas-ruas-travessa-do-comercio\/","url_meta":{"origin":6149,"position":0},"title":"Hist\u00f3ria Pelas Ruas &#8211; Travessa do Com\u00e9rcio","author":"kanenberg","date":"30 de mar\u00e7o de 2016","format":false,"excerpt":"Gostaria de conhecer um pouco mais do \"Rio Antigo\", um lugar que parece que ficou parado no tempo? Um lugar onde voc\u00ea possa circular por algumas vielas e becos sem a interfer\u00eancia de autom\u00f3veis?","rel":"","context":"Em &quot;Lugares&quot;","block_context":{"text":"Lugares","link":"https:\/\/www.kanenberg.com.br\/fatosfotoseregistros\/category\/lugares\/"},"img":{"alt_text":"img_181012325919488-01.jpeg","src":"https:\/\/fatosfotoseregistros.files.wordpress.com\/2016\/03\/img_181012325919488-01.jpeg?w=350&h=200&crop=1","width":350,"height":200},"classes":[]},{"id":1357,"url":"https:\/\/www.kanenberg.com.br\/fatosfotoseregistros\/central-do-brasil\/","url_meta":{"origin":6149,"position":1},"title":"Central do Brasil","author":"kanenberg","date":"28 de junho de 2016","format":false,"excerpt":"Central do Brasil, lugar conhecido por alguns e desconhecido por outros, admirado por uns e temido por outros, para alguns \u00e9 caminho obrigat\u00f3rio no dia-a-dia, enfim, um lugar cheio de hist\u00f3rias e curiosidades.","rel":"","context":"Em &quot;Imagem&quot;","block_context":{"text":"Imagem","link":"https:\/\/www.kanenberg.com.br\/fatosfotoseregistros\/category\/imagem\/"},"img":{"alt_text":"","src":"https:\/\/i0.wp.com\/www.kanenberg.com.br\/fatosfotoseregistros\/wp-content\/uploads\/2016\/06\/pvargas.jpg?resize=350%2C200&ssl=1","width":350,"height":200,"srcset":"https:\/\/i0.wp.com\/www.kanenberg.com.br\/fatosfotoseregistros\/wp-content\/uploads\/2016\/06\/pvargas.jpg?resize=350%2C200&ssl=1 1x, https:\/\/i0.wp.com\/www.kanenberg.com.br\/fatosfotoseregistros\/wp-content\/uploads\/2016\/06\/pvargas.jpg?resize=525%2C300&ssl=1 1.5x"},"classes":[]},{"id":1230,"url":"https:\/\/www.kanenberg.com.br\/fatosfotoseregistros\/japeri\/","url_meta":{"origin":6149,"position":2},"title":"Cidade de Japeri","author":"kanenberg","date":"5 de julho de 2016","format":false,"excerpt":"A hist\u00f3ria de Japeri come\u00e7a no dia 13 de agosto de 1743, data de sua funda\u00e7\u00e3o, por In\u00e1cio Dias da C\u00e2mara Leme, denominado Morgado de Bel\u00e9m. A partir de 1750, as terras passaram a pertencer \u00e0 Freguesia de Sacra Fam\u00edlia de Tingu\u00e1, pois at\u00e9 ent\u00e3o pertenciam \u00e0 Freguesia de Paty\u2026","rel":"","context":"Em &quot;Imagem&quot;","block_context":{"text":"Imagem","link":"https:\/\/www.kanenberg.com.br\/fatosfotoseregistros\/category\/imagem\/"},"img":{"alt_text":"japeri_1928","src":"https:\/\/i0.wp.com\/www.kanenberg.com.br\/fatosfotoseregistros\/wp-content\/uploads\/2016\/07\/japeri_1928.jpg?resize=350%2C200&ssl=1","width":350,"height":200},"classes":[]},{"id":161,"url":"https:\/\/www.kanenberg.com.br\/fatosfotoseregistros\/casa-do-sal\/","url_meta":{"origin":6149,"position":3},"title":"Hist\u00f3rica Casa do Sal em Santa Cruz","author":"kanenberg","date":"9 de julho de 2015","format":false,"excerpt":"A Casa do Sal \u00e9 um dos testemunhos materiais mais intrigantes da transi\u00e7\u00e3o entre o per\u00edodo colonial e o imperial na Zona Oeste do Rio de Janeiro.","rel":"","context":"Em &quot;Lugares&quot;","block_context":{"text":"Lugares","link":"https:\/\/www.kanenberg.com.br\/fatosfotoseregistros\/category\/lugares\/"},"img":{"alt_text":"Fachada da hist\u00f3rica Casa do Sal em Santa Cruz.. Fonte: NOPH - N\u00facleo de Orienta\u00e7\u00e3o e Pesquisa Hist\u00f3rica de Santa Cruz","src":"https:\/\/i0.wp.com\/www.kanenberg.com.br\/fatosfotoseregistros\/wp-content\/uploads\/2015\/07\/Casa_Sal.jpg?resize=350%2C200&ssl=1","width":350,"height":200,"srcset":"https:\/\/i0.wp.com\/www.kanenberg.com.br\/fatosfotoseregistros\/wp-content\/uploads\/2015\/07\/Casa_Sal.jpg?resize=350%2C200&ssl=1 1x, https:\/\/i0.wp.com\/www.kanenberg.com.br\/fatosfotoseregistros\/wp-content\/uploads\/2015\/07\/Casa_Sal.jpg?resize=525%2C300&ssl=1 1.5x, https:\/\/i0.wp.com\/www.kanenberg.com.br\/fatosfotoseregistros\/wp-content\/uploads\/2015\/07\/Casa_Sal.jpg?resize=700%2C400&ssl=1 2x"},"classes":[]},{"id":6214,"url":"https:\/\/www.kanenberg.com.br\/fatosfotoseregistros\/o-rio-de-janeiro-sem-o-pao-de-acucar-lenda-urbana-ou-um-projeto-que-quase-aconteceu\/","url_meta":{"origin":6149,"position":4},"title":"O Rio de Janeiro sem o P\u00e3o de A\u00e7\u00facar: Lenda urbana ou um projeto que quase aconteceu?","author":"kanenberg","date":"8 de agosto de 2026","format":false,"excerpt":"Voc\u00ea consegue imaginar a paisagem do Rio de Janeiro sem a silhueta marcante do P\u00e3o de A\u00e7\u00facar? Para qualquer pessoa hoje, essa ideia parece absurda ou at\u00e9 um roteiro de fic\u00e7\u00e3o cient\u00edfica. No entanto, no final do s\u00e9culo XIX, a elimina\u00e7\u00e3o desse gigante de granito foi seriamente discutida como uma\u2026","rel":"","context":"Em &quot;Lugares&quot;","block_context":{"text":"Lugares","link":"https:\/\/www.kanenberg.com.br\/fatosfotoseregistros\/category\/lugares\/"},"img":{"alt_text":"Demolir P\u00e3o de A\u00e7\u00facar","src":"https:\/\/i0.wp.com\/www.kanenberg.com.br\/fatosfotoseregistros\/wp-content\/uploads\/2026\/08\/Demolir-Pao-de-Acucar.jpg?resize=350%2C200&ssl=1","width":350,"height":200,"srcset":"https:\/\/i0.wp.com\/www.kanenberg.com.br\/fatosfotoseregistros\/wp-content\/uploads\/2026\/08\/Demolir-Pao-de-Acucar.jpg?resize=350%2C200&ssl=1 1x, https:\/\/i0.wp.com\/www.kanenberg.com.br\/fatosfotoseregistros\/wp-content\/uploads\/2026\/08\/Demolir-Pao-de-Acucar.jpg?resize=525%2C300&ssl=1 1.5x, https:\/\/i0.wp.com\/www.kanenberg.com.br\/fatosfotoseregistros\/wp-content\/uploads\/2026\/08\/Demolir-Pao-de-Acucar.jpg?resize=700%2C400&ssl=1 2x, https:\/\/i0.wp.com\/www.kanenberg.com.br\/fatosfotoseregistros\/wp-content\/uploads\/2026\/08\/Demolir-Pao-de-Acucar.jpg?resize=1050%2C600&ssl=1 3x, https:\/\/i0.wp.com\/www.kanenberg.com.br\/fatosfotoseregistros\/wp-content\/uploads\/2026\/08\/Demolir-Pao-de-Acucar.jpg?resize=1400%2C800&ssl=1 4x"},"classes":[]},{"id":3471,"url":"https:\/\/www.kanenberg.com.br\/fatosfotoseregistros\/12-de-setembro\/","url_meta":{"origin":6149,"position":5},"title":"12 de setembro","author":"kanenberg","date":"12 de setembro de 2016","format":false,"excerpt":"Hoje, 12 de setembro, comemoramos dois importantes fatos: A cria\u00e7\u00e3o do Instituto Benjamin Constant e a Inaugura\u00e7\u00e3o da R\u00e1dio Nacional.","rel":"","context":"Em &quot;Textos&quot;","block_context":{"text":"Textos","link":"https:\/\/www.kanenberg.com.br\/fatosfotoseregistros\/category\/textos\/"},"img":{"alt_text":"2015-04-05-11-38","src":"https:\/\/fatosfotoseregistros.files.wordpress.com\/2016\/09\/2015-04-05-11-38.jpg?w=350&h=200&crop=1","width":350,"height":200,"srcset":"https:\/\/fatosfotoseregistros.files.wordpress.com\/2016\/09\/2015-04-05-11-38.jpg?w=350&h=200&crop=1 1x, https:\/\/fatosfotoseregistros.files.wordpress.com\/2016\/09\/2015-04-05-11-38.jpg?w=525&h=300&crop=1 1.5x"},"classes":[]}],"jetpack_likes_enabled":true,"amp_enabled":true,"jetpack_featured_media_url":"","_links":{"self":[{"href":"https:\/\/www.kanenberg.com.br\/fatosfotoseregistros\/wp-json\/wp\/v2\/posts\/6149","targetHints":{"allow":["GET"]}}],"collection":[{"href":"https:\/\/www.kanenberg.com.br\/fatosfotoseregistros\/wp-json\/wp\/v2\/posts"}],"about":[{"href":"https:\/\/www.kanenberg.com.br\/fatosfotoseregistros\/wp-json\/wp\/v2\/types\/post"}],"author":[{"embeddable":true,"href":"https:\/\/www.kanenberg.com.br\/fatosfotoseregistros\/wp-json\/wp\/v2\/users\/1"}],"replies":[{"embeddable":true,"href":"https:\/\/www.kanenberg.com.br\/fatosfotoseregistros\/wp-json\/wp\/v2\/comments?post=6149"}],"version-history":[{"count":1,"href":"https:\/\/www.kanenberg.com.br\/fatosfotoseregistros\/wp-json\/wp\/v2\/posts\/6149\/revisions"}],"predecessor-version":[{"id":6153,"href":"https:\/\/www.kanenberg.com.br\/fatosfotoseregistros\/wp-json\/wp\/v2\/posts\/6149\/revisions\/6153"}],"wp:attachment":[{"href":"https:\/\/www.kanenberg.com.br\/fatosfotoseregistros\/wp-json\/wp\/v2\/media?parent=6149"}],"wp:term":[{"taxonomy":"category","embeddable":true,"href":"https:\/\/www.kanenberg.com.br\/fatosfotoseregistros\/wp-json\/wp\/v2\/categories?post=6149"},{"taxonomy":"post_tag","embeddable":true,"href":"https:\/\/www.kanenberg.com.br\/fatosfotoseregistros\/wp-json\/wp\/v2\/tags?post=6149"}],"curies":[{"name":"wp","href":"https:\/\/api.w.org\/{rel}","templated":true}]}}