{"id":6122,"date":"2026-07-13T16:03:26","date_gmt":"2026-07-13T19:03:26","guid":{"rendered":"https:\/\/www.kanenberg.com.br\/fatosfotoseregistros\/?p=6122"},"modified":"2026-07-13T16:12:33","modified_gmt":"2026-07-13T19:12:33","slug":"vila-mimosa-30-anos","status":"publish","type":"post","link":"https:\/\/www.kanenberg.com.br\/fatosfotoseregistros\/vila-mimosa-30-anos\/","title":{"rendered":"Vila Mimosa: 30 anos na Pra\u00e7a da Bandeira"},"content":{"rendered":"<p>Em 2026, a Vila Mimosa completa 30 anos em sua atual localiza\u00e7\u00e3o, na regi\u00e3o da Pra\u00e7a da Bandeira, na Zona Norte do Rio de Janeiro. A data marca tr\u00eas d\u00e9cadas desde a transfer\u00eancia das profissionais do sexo da antiga Zona do Mangue para a Rua Sotero dos Reis, mudan\u00e7a ocorrida em 1996 durante a administra\u00e7\u00e3o do ent\u00e3o prefeito Cesar Maia.<\/p>\n<p style=\"text-align:center;\"><img loading=\"lazy\" decoding=\"async\" data-attachment-id=\"6126\" data-permalink=\"https:\/\/www.kanenberg.com.br\/fatosfotoseregistros\/vila-mimosa-30-anos\/vila_mimosa_old1629409711295348501\/\" data-orig-file=\"https:\/\/www.kanenberg.com.br\/fatosfotoseregistros\/wp-content\/uploads\/2026\/07\/vila_mimosa_old1629409711295348501.jpg\" data-orig-size=\"600,424\" data-comments-opened=\"1\" data-image-meta=\"{&quot;aperture&quot;:&quot;0&quot;,&quot;credit&quot;:&quot;&quot;,&quot;camera&quot;:&quot;&quot;,&quot;caption&quot;:&quot;CREATOR: gd-jpeg v1.0 (using IJG JPEG v90), quality = 95?&quot;,&quot;created_timestamp&quot;:&quot;0&quot;,&quot;copyright&quot;:&quot;&quot;,&quot;focal_length&quot;:&quot;0&quot;,&quot;iso&quot;:&quot;0&quot;,&quot;shutter_speed&quot;:&quot;0&quot;,&quot;title&quot;:&quot;CREATOR: gd-jpeg v1.0 (using IJG JPEG v90), quality = 95?&quot;,&quot;orientation&quot;:&quot;1&quot;,&quot;alt&quot;:&quot;&quot;}\" data-image-title=\"vila_mimosa_old1629409711295348501\" data-image-description=\"\" data-image-caption=\"&lt;p&gt;CREATOR: gd-jpeg v1.0 (using IJG JPEG v90), quality = 95?&lt;\/p&gt;\n\" data-large-file=\"https:\/\/www.kanenberg.com.br\/fatosfotoseregistros\/wp-content\/uploads\/2026\/07\/vila_mimosa_old1629409711295348501.jpg\" class=\"wp-image-6126 alignnone size-full\" src=\"https:\/\/www.kanenberg.com.br\/fatosfotoseregistros\/wp-content\/uploads\/2026\/07\/vila_mimosa_old1629409711295348501.jpg\" width=\"600\" height=\"424\" data-temp-aztec-id=\"4f10e1ed-1b01-4b88-abf9-f064f4f88963\" srcset=\"https:\/\/www.kanenberg.com.br\/fatosfotoseregistros\/wp-content\/uploads\/2026\/07\/vila_mimosa_old1629409711295348501.jpg 600w, https:\/\/www.kanenberg.com.br\/fatosfotoseregistros\/wp-content\/uploads\/2026\/07\/vila_mimosa_old1629409711295348501-300x212.jpg 300w\" sizes=\"auto, (max-width: 600px) 100vw, 600px\" \/><\/p>\n<p>A antiga Zona do Mangue, situada entre a Cidade Nova e o Centro do Rio, foi durante d\u00e9cadas um dos mais conhecidos redutos de prostitui\u00e7\u00e3o do pa\u00eds. Com a desativa\u00e7\u00e3o da \u00e1rea, centenas de mulheres foram transferidas para a Vila Mimosa, que passou a concentrar essa atividade e, desde ent\u00e3o, tornou-se o mais tradicional e antigo reduto de prostitui\u00e7\u00e3o em funcionamento no Brasil.<\/p>\n<p>A mudan\u00e7a foi cercada de controv\u00e9rsias. Na \u00e9poca, chegou a ser estudada a possibilidade de transferir cerca de 1.800 mulheres para o munic\u00edpio de Duque de Caxias, proposta que acabou n\u00e3o sendo concretizada. Tamb\u00e9m havia previs\u00e3o de uma opera\u00e7\u00e3o policial para garantir a desocupa\u00e7\u00e3o da antiga Zona do Mangue, caso fosse necess\u00e1rio cumprir a remo\u00e7\u00e3o de forma compuls\u00f3ria.<\/p>\n<p>Enquanto isso, a antiga \u00e1rea passou por um amplo processo de reurbaniza\u00e7\u00e3o. Entre as transforma\u00e7\u00f5es realizadas est\u00e1 a constru\u00e7\u00e3o do Centro Administrativo S\u00e3o Sebasti\u00e3o, que atualmente abriga a sede da Prefeitura do Rio de Janeiro, alterando completamente a paisagem urbana da regi\u00e3o.<\/p>\n<h3>Uma realidade diferente tr\u00eas d\u00e9cadas depois<\/h3>\n<p>Passados 30 anos, a Vila Mimosa tamb\u00e9m passou por profundas mudan\u00e7as. Segundo representantes da associa\u00e7\u00e3o local, aproximadamente mil mulheres trabalham atualmente na regi\u00e3o, mas a maioria atua em sistema de rod\u00edzio, comparecendo apenas em determinados dias da semana, principalmente entre quarta-feira e domingo.<\/p>\n<p>O movimento j\u00e1 n\u00e3o \u00e9 o mesmo observado nas d\u00e9cadas anteriores. O auge ocorreu nos anos 2000 e permaneceu forte at\u00e9 o per\u00edodo anterior \u00e0 pandemia de Covid-19. Desde ent\u00e3o, diversos fatores contribu\u00edram para a redu\u00e7\u00e3o da atividade, entre eles o esvaziamento do Centro do Rio, a sensa\u00e7\u00e3o de inseguran\u00e7a em parte da cidade, a desvaloriza\u00e7\u00e3o de \u00e1reas da Zona Norte e a maior dispers\u00e3o das profissionais para outros locais.<\/p>\n<h3>Hist\u00f3rias marcadas pela necessidade<\/h3>\n<p>Por tr\u00e1s da movimenta\u00e7\u00e3o da Vila Mimosa existem in\u00fameras hist\u00f3rias de vida. Muitas mulheres relatam que ingressaram na prostitui\u00e7\u00e3o por necessidade financeira, frequentemente para sustentar os filhos sozinhas ap\u00f3s o abandono dos companheiros.<\/p>\n<p>Diversas afirmam desejar deixar a atividade, mas encontram dificuldades para conseguir empregos que ofere\u00e7am remunera\u00e7\u00e3o suficiente para manter suas fam\u00edlias. Outras optam por trabalhar de forma independente, fora das casas tradicionais da Vila Mimosa, buscando maior autonomia e melhores condi\u00e7\u00f5es de trabalho.<\/p>\n<p>Os valores cobrados pelos programas variam conforme as circunst\u00e2ncias. Em geral, ficam entre R$ 60 e R$ 120 por cerca de meia hora, embora existam situa\u00e7\u00f5es de maior vulnerabilidade em que os pre\u00e7os sejam inferiores. Parte desse valor ainda \u00e9 destinada ao aluguel dos quartos utilizados para os atendimentos e \u00e0s despesas com materiais de prote\u00e7\u00e3o.<\/p>\n<h3>Muito al\u00e9m da prostitui\u00e7\u00e3o<\/h3>\n<p>Ao longo dos anos, iniciativas sociais desenvolvidas na pr\u00f3pria comunidade contribu\u00edram para que muitas mulheres encontrassem novos caminhos. O acesso \u00e0 educa\u00e7\u00e3o, cursos de capacita\u00e7\u00e3o profissional, programas sociais e oportunidades de emprego permitiram que diversas delas deixassem a prostitui\u00e7\u00e3o e reconstru\u00edssem suas vidas.<\/p>\n<p>Para historiadores e pesquisadores, a trajet\u00f3ria da Vila Mimosa representa muito mais do que um local destinado ao com\u00e9rcio sexual. Ela reflete processos hist\u00f3ricos de transforma\u00e7\u00e3o urbana, remo\u00e7\u00f5es promovidas pelo poder p\u00fablico e quest\u00f5es sociais profundas, como desigualdade econ\u00f4mica, exclus\u00e3o social, maternidade solo e falta de oportunidades.<\/p>\n<p>Mesmo com a redu\u00e7\u00e3o do movimento nas \u00faltimas d\u00e9cadas, a Vila Mimosa permanece como um dos espa\u00e7os mais conhecidos da hist\u00f3ria urbana do Rio de Janeiro. Sua exist\u00eancia acompanha as transforma\u00e7\u00f5es da cidade e revela aspectos importantes da realidade social carioca, tornando-se um cap\u00edtulo que ajuda a compreender n\u00e3o apenas a evolu\u00e7\u00e3o do Rio de Janeiro, mas tamb\u00e9m as mudan\u00e7as ocorridas na sociedade brasileira ao longo das \u00faltimas d\u00e9cadas.<\/p>\n","protected":false},"excerpt":{"rendered":"<p>Em 2026, a Vila Mimosa completa 30 anos em sua atual localiza\u00e7\u00e3o, na regi\u00e3o da Pra\u00e7a da Bandeira, na Zona[&#8230;]<\/p>\n","protected":false},"author":1,"featured_media":0,"comment_status":"open","ping_status":"open","sticky":false,"template":"","format":"standard","meta":{"_exactmetrics_skip_tracking":false,"_jetpack_newsletter_access":"","_jetpack_dont_email_post_to_subs":false,"_jetpack_newsletter_tier_id":0,"_jetpack_memberships_contains_paywalled_content":false,"_jetpack_feature_clip_id":0,"_jetpack_memberships_contains_paid_content":false,"footnotes":"","jetpack_publicize_message":"","jetpack_publicize_feature_enabled":true,"jetpack_social_post_already_shared":false,"jetpack_social_options":{"image_generator_settings":{"template":"highway","default_image_id":0,"font":"","enabled":false},"version":2},"jetpack_post_was_ever_published":false},"categories":[282,265],"tags":[257,258,414,289],"class_list":["post-6122","post","type-post","status-publish","format-standard","hentry","category-lugares","category-textos","tag-acontecimentos","tag-comemoracoes","tag-praca-da-bandeira","tag-rio-de-janeiro"],"jetpack_publicize_connections":[],"jetpack_sharing_enabled":true,"jetpack_shortlink":"https:\/\/wp.me\/phkM1X-1AK","jetpack-related-posts":[{"id":5343,"url":"https:\/\/www.kanenberg.com.br\/fatosfotoseregistros\/do-caminho-do-boi-aos-tabajaras-a-historia-e-as-curiosidades-de-uma-das-ladeiras-mais-famosas-do-rio\/","url_meta":{"origin":6122,"position":0},"title":"Do Caminho do Boi aos Tabajaras: A Hist\u00f3ria e as Curiosidades de uma das Ladeiras Mais Famosas do Rio","author":"kanenberg","date":"14 de fevereiro de 2019","format":false,"excerpt":"Quem passa hoje pelo in\u00edcio da Ladeira dos Tabajaras, logo na altura da Rua Siqueira Campos, em Copacabana, dificilmente imagina que aquele corredor urbano j\u00e1 foi uma rota estreita e poeirenta usada para o transporte de gado no s\u00e9culo XIX.","rel":"","context":"Em &quot;Lugares&quot;","block_context":{"text":"Lugares","link":"https:\/\/www.kanenberg.com.br\/fatosfotoseregistros\/category\/lugares\/"},"img":{"alt_text":"Ladeira dos Tabajaras","src":"https:\/\/i0.wp.com\/www.kanenberg.com.br\/fatosfotoseregistros\/wp-content\/uploads\/2019\/02\/FB_IMG_1550139554943.jpg?resize=350%2C200&ssl=1","width":350,"height":200,"srcset":"https:\/\/i0.wp.com\/www.kanenberg.com.br\/fatosfotoseregistros\/wp-content\/uploads\/2019\/02\/FB_IMG_1550139554943.jpg?resize=350%2C200&ssl=1 1x, https:\/\/i0.wp.com\/www.kanenberg.com.br\/fatosfotoseregistros\/wp-content\/uploads\/2019\/02\/FB_IMG_1550139554943.jpg?resize=525%2C300&ssl=1 1.5x, https:\/\/i0.wp.com\/www.kanenberg.com.br\/fatosfotoseregistros\/wp-content\/uploads\/2019\/02\/FB_IMG_1550139554943.jpg?resize=700%2C400&ssl=1 2x"},"classes":[]},{"id":938,"url":"https:\/\/www.kanenberg.com.br\/fatosfotoseregistros\/morro-da-babilonia-2\/","url_meta":{"origin":6122,"position":1},"title":"Morro da Babil\u00f4nia","author":"kanenberg","date":"25 de maio de 2016","format":false,"excerpt":"O Morro da Babil\u00f4nia esta localizado na divisa entre os bairros do Leme, Botafogo, Urca e Copacabana. A localidade abriga as comunidades do Morro da Babil\u00f4nia e a do Chap\u00e9u Mangueira al\u00e9m de uma ampla \u00e1rea de prote\u00e7\u00e3o ambiental fazendo parte do Parque Natural Municipal Paisagem Carioca.","rel":"","context":"Em &quot;Lugares&quot;","block_context":{"text":"Lugares","link":"https:\/\/www.kanenberg.com.br\/fatosfotoseregistros\/category\/lugares\/"},"img":{"alt_text":"2015-04-19 11.38.46","src":"https:\/\/fatosfotoseregistros.files.wordpress.com\/2016\/05\/2015-04-19-11-38-46.jpg?w=350&h=200&crop=1","width":350,"height":200,"srcset":"https:\/\/fatosfotoseregistros.files.wordpress.com\/2016\/05\/2015-04-19-11-38-46.jpg?w=350&h=200&crop=1 1x, https:\/\/fatosfotoseregistros.files.wordpress.com\/2016\/05\/2015-04-19-11-38-46.jpg?w=525&h=300&crop=1 1.5x, https:\/\/fatosfotoseregistros.files.wordpress.com\/2016\/05\/2015-04-19-11-38-46.jpg?w=700&h=400&crop=1 2x"},"classes":[]},{"id":1357,"url":"https:\/\/www.kanenberg.com.br\/fatosfotoseregistros\/central-do-brasil\/","url_meta":{"origin":6122,"position":2},"title":"Central do Brasil","author":"kanenberg","date":"28 de junho de 2016","format":false,"excerpt":"Central do Brasil, lugar conhecido por alguns e desconhecido por outros, admirado por uns e temido por outros, para alguns \u00e9 caminho obrigat\u00f3rio no dia-a-dia, enfim, um lugar cheio de hist\u00f3rias e curiosidades.","rel":"","context":"Em &quot;Imagem&quot;","block_context":{"text":"Imagem","link":"https:\/\/www.kanenberg.com.br\/fatosfotoseregistros\/category\/imagem\/"},"img":{"alt_text":"","src":"https:\/\/i0.wp.com\/www.kanenberg.com.br\/fatosfotoseregistros\/wp-content\/uploads\/2016\/06\/pvargas.jpg?resize=350%2C200&ssl=1","width":350,"height":200,"srcset":"https:\/\/i0.wp.com\/www.kanenberg.com.br\/fatosfotoseregistros\/wp-content\/uploads\/2016\/06\/pvargas.jpg?resize=350%2C200&ssl=1 1x, https:\/\/i0.wp.com\/www.kanenberg.com.br\/fatosfotoseregistros\/wp-content\/uploads\/2016\/06\/pvargas.jpg?resize=525%2C300&ssl=1 1.5x"},"classes":[]},{"id":6289,"url":"https:\/\/www.kanenberg.com.br\/fatosfotoseregistros\/luz-del-fuego-a-pioneira-do-naturismo-das-cobras-e-da-liberdade-no-rio-de-janeiro\/","url_meta":{"origin":6122,"position":3},"title":"Luz Del Fuego: A pioneira do naturismo, das cobras e da liberdade no Rio de Janeiro","author":"kanenberg","date":"13 de agosto de 2026","format":false,"excerpt":"Se voc\u00ea caminhar pela hist\u00f3ria cultural do Rio de Janeiro em meados do s\u00e9culo XX, encontrar\u00e1 figuras fascinantes, mas poucas foram t\u00e3o ousadas, vision\u00e1rias e pol\u00eamicas quanto Luz Del Fuego. Artista, bailarina, ativista e pioneira do naturismo no Brasil, ela desafiou a moral conservadora de sua \u00e9poca e transformou uma\u2026","rel":"","context":"Em &quot;Lugares&quot;","block_context":{"text":"Lugares","link":"https:\/\/www.kanenberg.com.br\/fatosfotoseregistros\/category\/lugares\/"},"img":{"alt_text":"Luz Del Fuego e suas famosas cobras. Fonte: Wikip\u00e9dia \/ Luz del Fuego \u2013 Wikip\u00e9dia, a enciclop\u00e9dia livre","src":"https:\/\/i0.wp.com\/www.kanenberg.com.br\/fatosfotoseregistros\/wp-content\/uploads\/2026\/08\/Luz-Del-Fuego.jpg?resize=350%2C200&ssl=1","width":350,"height":200},"classes":[]},{"id":290,"url":"https:\/\/www.kanenberg.com.br\/fatosfotoseregistros\/engenho-da-rainha\/","url_meta":{"origin":6122,"position":4},"title":"Engenho da Rainha","author":"kanenberg","date":"14 de junho de 2016","format":false,"excerpt":"A regi\u00e3o acolhia uma resid\u00eancia adquirida pela Rainha Carlota Joaquina, esposa de D. Jo\u00e3o VI, por volta de 1810 com o objetivo de nela descansar, dai tamb\u00e9m a origem do nome do bairro.","rel":"","context":"Em &quot;Textos&quot;","block_context":{"text":"Textos","link":"https:\/\/www.kanenberg.com.br\/fatosfotoseregistros\/category\/textos\/"},"img":{"alt_text":"12717974_968432819919974_7760659722182098204_n","src":"https:\/\/fatosfotoseregistros.files.wordpress.com\/2016\/04\/12717974_968432819919974_7760659722182098204_n.jpg?w=350&h=200&crop=1","width":350,"height":200,"srcset":"https:\/\/fatosfotoseregistros.files.wordpress.com\/2016\/04\/12717974_968432819919974_7760659722182098204_n.jpg?w=350&h=200&crop=1 1x, https:\/\/fatosfotoseregistros.files.wordpress.com\/2016\/04\/12717974_968432819919974_7760659722182098204_n.jpg?w=525&h=300&crop=1 1.5x"},"classes":[]},{"id":2062,"url":"https:\/\/www.kanenberg.com.br\/fatosfotoseregistros\/museu-historico-do-exercito-e-forte-de-copacabana\/","url_meta":{"origin":6122,"position":5},"title":"Museu Hist\u00f3rico do Ex\u00e9rcito e Forte de Copacabana","author":"kanenberg","date":"19 de julho de 2016","format":false,"excerpt":"O local escolhido para a sua constru\u00e7\u00e3o consistia numa regi\u00e3o cujos rochedos avan\u00e7avam contra o mar em dire\u00e7\u00e3o \u00e0 entrada da Ba\u00eda de Guanabara.","rel":"","context":"Em &quot;Imagem&quot;","block_context":{"text":"Imagem","link":"https:\/\/www.kanenberg.com.br\/fatosfotoseregistros\/category\/imagem\/"},"img":{"alt_text":"","src":"https:\/\/i0.wp.com\/www.kanenberg.com.br\/fatosfotoseregistros\/wp-content\/uploads\/2016\/07\/1922-07-06-150x150.jpg?resize=350%2C200&ssl=1","width":350,"height":200,"srcset":"https:\/\/i0.wp.com\/www.kanenberg.com.br\/fatosfotoseregistros\/wp-content\/uploads\/2016\/07\/1922-07-06-150x150.jpg?resize=350%2C200&ssl=1 1x, https:\/\/i0.wp.com\/www.kanenberg.com.br\/fatosfotoseregistros\/wp-content\/uploads\/2016\/07\/1922-07-06-150x150.jpg?resize=525%2C300&ssl=1 1.5x"},"classes":[]}],"jetpack_likes_enabled":true,"amp_enabled":true,"jetpack_featured_media_url":"","_links":{"self":[{"href":"https:\/\/www.kanenberg.com.br\/fatosfotoseregistros\/wp-json\/wp\/v2\/posts\/6122","targetHints":{"allow":["GET"]}}],"collection":[{"href":"https:\/\/www.kanenberg.com.br\/fatosfotoseregistros\/wp-json\/wp\/v2\/posts"}],"about":[{"href":"https:\/\/www.kanenberg.com.br\/fatosfotoseregistros\/wp-json\/wp\/v2\/types\/post"}],"author":[{"embeddable":true,"href":"https:\/\/www.kanenberg.com.br\/fatosfotoseregistros\/wp-json\/wp\/v2\/users\/1"}],"replies":[{"embeddable":true,"href":"https:\/\/www.kanenberg.com.br\/fatosfotoseregistros\/wp-json\/wp\/v2\/comments?post=6122"}],"version-history":[{"count":4,"href":"https:\/\/www.kanenberg.com.br\/fatosfotoseregistros\/wp-json\/wp\/v2\/posts\/6122\/revisions"}],"predecessor-version":[{"id":6130,"href":"https:\/\/www.kanenberg.com.br\/fatosfotoseregistros\/wp-json\/wp\/v2\/posts\/6122\/revisions\/6130"}],"wp:attachment":[{"href":"https:\/\/www.kanenberg.com.br\/fatosfotoseregistros\/wp-json\/wp\/v2\/media?parent=6122"}],"wp:term":[{"taxonomy":"category","embeddable":true,"href":"https:\/\/www.kanenberg.com.br\/fatosfotoseregistros\/wp-json\/wp\/v2\/categories?post=6122"},{"taxonomy":"post_tag","embeddable":true,"href":"https:\/\/www.kanenberg.com.br\/fatosfotoseregistros\/wp-json\/wp\/v2\/tags?post=6122"}],"curies":[{"name":"wp","href":"https:\/\/api.w.org\/{rel}","templated":true}]}}