{"id":6115,"date":"2026-07-13T12:21:47","date_gmt":"2026-07-13T15:21:47","guid":{"rendered":"https:\/\/www.kanenberg.com.br\/fatosfotoseregistros\/?p=6115"},"modified":"2026-07-13T12:21:47","modified_gmt":"2026-07-13T15:21:47","slug":"jaiminho-o-papagaio-de-pirata-carioca","status":"publish","type":"post","link":"https:\/\/www.kanenberg.com.br\/fatosfotoseregistros\/jaiminho-o-papagaio-de-pirata-carioca\/","title":{"rendered":"Jaiminho: O Papagaio de Pirata Carioca"},"content":{"rendered":"<p style=\"text-align: justify;\">O Rio de Janeiro \u00e9 famoso por seus personagens folcl\u00f3ricos, e <strong>Jaime Dias Sabino<\/strong>, o popular <strong>Jaiminho<\/strong>, certamente ocupa um lugar de destaque nessa galeria urbana. Conhecido nacionalmente como o maior &#8220;papagaio de pirata&#8221; (termo usado para quem faz de tudo para aparecer atr\u00e1s de entrevistados ou rep\u00f3rteres) da televis\u00e3o brasileira, Jaiminho transformou a busca pelos holofotes em uma verdadeira arte \u2014 e em sua miss\u00e3o de vida.<\/p>\n<figure id=\"attachment_6116\" aria-describedby=\"caption-attachment-6116\" style=\"width: 500px\" class=\"wp-caption aligncenter\"><img loading=\"lazy\" decoding=\"async\" data-attachment-id=\"6116\" data-permalink=\"https:\/\/www.kanenberg.com.br\/fatosfotoseregistros\/jaiminho-o-papagaio-de-pirata-carioca\/jaiminho\/\" data-orig-file=\"https:\/\/www.kanenberg.com.br\/fatosfotoseregistros\/wp-content\/uploads\/2026\/07\/jaiminho.jpg\" data-orig-size=\"500,333\" data-comments-opened=\"1\" data-image-meta=\"{&quot;aperture&quot;:&quot;0&quot;,&quot;credit&quot;:&quot;&quot;,&quot;camera&quot;:&quot;&quot;,&quot;caption&quot;:&quot;&quot;,&quot;created_timestamp&quot;:&quot;0&quot;,&quot;copyright&quot;:&quot;&quot;,&quot;focal_length&quot;:&quot;0&quot;,&quot;iso&quot;:&quot;0&quot;,&quot;shutter_speed&quot;:&quot;0&quot;,&quot;title&quot;:&quot;&quot;,&quot;orientation&quot;:&quot;0&quot;,&quot;alt&quot;:&quot;&quot;}\" data-image-title=\"Jaiminho\" data-image-description=\"\" data-image-caption=\"&lt;p&gt;Jaiminho&lt;\/p&gt;\n\" data-large-file=\"https:\/\/www.kanenberg.com.br\/fatosfotoseregistros\/wp-content\/uploads\/2026\/07\/jaiminho.jpg\" class=\"wp-image-6116 size-full\" src=\"https:\/\/www.kanenberg.com.br\/fatosfotoseregistros\/wp-content\/uploads\/2026\/07\/jaiminho.jpg\" alt=\"Jaime Dias Sabino, o popular Jaiminho\" width=\"500\" height=\"333\" srcset=\"https:\/\/www.kanenberg.com.br\/fatosfotoseregistros\/wp-content\/uploads\/2026\/07\/jaiminho.jpg 500w, https:\/\/www.kanenberg.com.br\/fatosfotoseregistros\/wp-content\/uploads\/2026\/07\/jaiminho-300x200.jpg 300w, https:\/\/www.kanenberg.com.br\/fatosfotoseregistros\/wp-content\/uploads\/2026\/07\/jaiminho-120x80.jpg 120w, https:\/\/www.kanenberg.com.br\/fatosfotoseregistros\/wp-content\/uploads\/2026\/07\/jaiminho-360x240.jpg 360w\" sizes=\"auto, (max-width: 500px) 100vw, 500px\" \/><figcaption id=\"caption-attachment-6116\" class=\"wp-caption-text\">Jaime Dias Sabino, o popular Jaiminho<\/figcaption><\/figure>\n<h3>O &#8220;Al\u00e7a de Caix\u00e3o&#8221;: Presen\u00e7a nos Vel\u00f3rios de Famosos<\/h3>\n<p style=\"text-align: justify;\">Embora aparecesse em eventos pol\u00edticos e treinos de futebol, a grande especialidade de Jaiminho eram os <strong>funerais de celebridades e grandes personalidades<\/strong>. Ele pr\u00f3prio afirmava ter comparecido e &#8220;ajudado a enterrar&#8221; mais de <strong>1.150 pessoas<\/strong> ao longo de cinco d\u00e9cadas.<\/p>\n<p style=\"text-align: justify;\">Sua &#8220;estreia&#8221; nesse cen\u00e1rio ocorreu no hist\u00f3rico funeral do presidente Get\u00falio Vargas, em 1954. A partir dali, Jaiminho virou figura carimbada em despedidas marcantes da hist\u00f3ria brasileira, incluindo as de:<\/p>\n<ul>\n<li>Chacrinha<\/li>\n<li>Cazuza<\/li>\n<li>Tancredo Neves<\/li>\n<li>Tom Jobim<\/li>\n<li>Daniela Perez<\/li>\n<li>Tim Maia<\/li>\n<li>Roberto Marinho<\/li>\n<\/ul>\n<p style=\"text-align: justify;\">Sempre impec\u00e1vel, ele possu\u00eda uma cole\u00e7\u00e3o de mais de <strong>300 ternos e gravatas<\/strong> guardados exclusivamente para essas ocasi\u00f5es. Jaiminho n\u00e3o ficava apenas na multid\u00e3o: ele se infiltrava de tal forma que frequentemente era visto carregando a al\u00e7a do caix\u00e3o ao lado de parentes e amigos \u00edntimos do falecido. Ele dizia que fazia isso por honra e respeito a quem tinha feito algo pelo pa\u00eds. O \u00faltimo grande funeral de sua lista foi o do arquiteto Oscar Niemeyer, em dezembro de 2012.<\/p>\n<h3>O Terror do RJTV: As Apari\u00e7\u00f5es na Globo<\/h3>\n<p style=\"text-align: justify;\">Se havia um link ao vivo do <strong>RJTV<\/strong> (jornal local da TV Globo no Rio) na Cinel\u00e2ndia ou no Largo da Carioca, Jaiminho estava l\u00e1. Ele tinha um faro impressionante para descobrir onde as equipes de reportagem estariam.<\/p>\n<p style=\"text-align: justify;\">Sua t\u00e9cnica era cir\u00fargica: ele se posicionava estrategicamente logo atr\u00e1s do ombro do rep\u00f3rter, olhando fixamente para a c\u00e2mera com uma express\u00e3o s\u00e9ria ou compungida, mudando de posi\u00e7\u00e3o conforme o cinegrafista tentava, em v\u00e3o, &#8220;desenquadr\u00e1-lo&#8221;.<\/p>\n<p style=\"text-align: justify;\">O folclore em torno de sua figura era t\u00e3o grande que amigos e telespectadores ligavam para o celular de Jaiminho <em>durante a transmiss\u00e3o ao vivo<\/em> para avisar se ele estava aparecendo bem ou se precisava dar um passo para o lado. Em sua casa, no bairro do Rocha, ele mantinha um &#8220;acervo&#8221; com milhares de recortes de jornais e registros de suas mais de 300 mil apari\u00e7\u00f5es na m\u00eddia.<\/p>\n<h3>A Morte e a Despedida Inusitada<\/h3>\n<p style=\"text-align: justify;\">Em 24 de outubro de 2013, aos 84 anos, Jaiminho faleceu no Hospital Federal de Ipanema ap\u00f3s sofrer um infarto.<\/p>\n<p style=\"text-align: justify;\">Como ironia fina do destino, o homem que passou a vida organizando e frequentando os enterros alheios teve um sepultamento confuso no Cemit\u00e9rio de S\u00e3o Francisco Xavier (Caju). Por um erro da administra\u00e7\u00e3o, seu corpo foi inicialmente sepultado na gaveta errada. O erro foi percebido logo em seguida, o caix\u00e3o foi retirado e o procedimento teve que ser refeito. Assim, o &#8220;papagaio de funeral&#8221; mais famoso do Brasil acabou sendo <strong>enterrado duas vezes no mesmo dia<\/strong>.<\/p>\n<h3>A Homenagem da TV Globo<\/h3>\n<p style=\"text-align: justify;\">Ap\u00f3s sua morte, a pr\u00f3pria TV Globo \u2014 que passou d\u00e9cadas tentando driblar as apari\u00e7\u00f5es do penetra mais famoso do Rio \u2014 rendeu-se ao carisma de Jaiminho.<\/p>\n<p style=\"text-align: justify;\">No pr\u00f3prio <strong>RJTV<\/strong>, os apresentadores e rep\u00f3rteres que tanto conviveram com ele nas ruas prestaram uma carinhosa homenagem, exibindo uma reportagem especial com compila\u00e7\u00f5es de suas melhores &#8220;invas\u00f5es&#8221; de tela ao longo dos anos. A emissora reconheceu Jaiminho n\u00e3o como um estorvo, mas como parte da paisagem urbana, do humor e da identidade do jornalismo carioca, imortalizando o homem que fez da lateral do enquadramento o seu palco principal.<\/p>\n","protected":false},"excerpt":{"rendered":"<p>O Rio de Janeiro \u00e9 famoso por seus personagens folcl\u00f3ricos, e Jaime Dias Sabino, o popular Jaiminho, certamente ocupa um lugar de destaque nessa galeria urbana. Conhecido nacionalmente como o maior &#8220;papagaio de pirata&#8221; (termo usado para quem faz de tudo para aparecer atr\u00e1s de entrevistados ou rep\u00f3rteres) da televis\u00e3o brasileira, Jaiminho transformou a busca pelos holofotes em uma verdadeira arte \u2014 e em sua miss\u00e3o de vida.<\/p>\n","protected":false},"author":1,"featured_media":0,"comment_status":"open","ping_status":"open","sticky":false,"template":"","format":"standard","meta":{"_exactmetrics_skip_tracking":false,"_jetpack_newsletter_access":"","_jetpack_dont_email_post_to_subs":false,"_jetpack_newsletter_tier_id":0,"_jetpack_memberships_contains_paywalled_content":false,"_jetpack_feature_clip_id":0,"_jetpack_memberships_contains_paid_content":false,"footnotes":"","jetpack_publicize_message":"","jetpack_publicize_feature_enabled":true,"jetpack_social_post_already_shared":false,"jetpack_social_options":{"image_generator_settings":{"template":"highway","default_image_id":0,"font":"","enabled":false},"version":2},"jetpack_post_was_ever_published":false},"categories":[407,265],"tags":[412,289],"class_list":["post-6115","post","type-post","status-publish","format-standard","hentry","category-personalidades","category-textos","tag-personalidades","tag-rio-de-janeiro"],"jetpack_publicize_connections":[],"jetpack_sharing_enabled":true,"jetpack_shortlink":"https:\/\/wp.me\/phkM1X-1AD","jetpack-related-posts":[{"id":456,"url":"https:\/\/www.kanenberg.com.br\/fatosfotoseregistros\/lenda-maria-gorda\/","url_meta":{"origin":6115,"position":0},"title":"Ilha de Paquet\u00e1: A lenda do baob\u00e1 &#8220;Maria Gorda&#8221;","author":"kanenberg","date":"8 de abril de 2016","format":false,"excerpt":"A \"Maria Gorda\" \u00e9 um baob\u00e1 \u2014 \u00e1rvore majestosa localizada na Praia dos Tamoios, bem pr\u00f3ximo \u00e0 esquina com a Ladeira do Vicente. Origin\u00e1ria das savanas africanas, a esp\u00e9cie tamb\u00e9m \u00e9 famosa por sua presen\u00e7a no asteroide B-612, da obra O Pequeno Pr\u00edncipe, de Antoine de Saint-Exup\u00e9ry.","rel":"","context":"Em &quot;Lugares&quot;","block_context":{"text":"Lugares","link":"https:\/\/www.kanenberg.com.br\/fatosfotoseregistros\/category\/lugares\/"},"img":{"alt_text":"sam_1815-01.jpeg","src":"https:\/\/fatosfotoseregistros.files.wordpress.com\/2016\/04\/sam_1815-01.jpeg?w=350&h=200&crop=1","width":350,"height":200},"classes":[]},{"id":6327,"url":"https:\/\/www.kanenberg.com.br\/fatosfotoseregistros\/o-caso-taninha-e-a-fera-da-penha\/","url_meta":{"origin":6115,"position":1},"title":"O Caso Taninha e a &#8220;Fera da Penha&#8221;: Trag\u00e9dia, Devocion\u00e1rio e Cinema","author":"kanenberg","date":"25 de agosto de 2026","format":false,"excerpt":"Um t\u00famulo rosa no Cemit\u00e9rio de Inha\u00fama\u00a0carrega uma das hist\u00f3rias de crimes reais mais famosas, tr\u00e1gicas e intrigantes da cr\u00f4nica urbana do Rio de Janeiro do s\u00e9culo XX.","rel":"","context":"Em &quot;Lugares&quot;","block_context":{"text":"Lugares","link":"https:\/\/www.kanenberg.com.br\/fatosfotoseregistros\/category\/lugares\/"},"img":{"alt_text":"","src":"https:\/\/i0.wp.com\/www.kanenberg.com.br\/fatosfotoseregistros\/wp-content\/uploads\/2026\/08\/Taninha_3.jpg?resize=350%2C200&ssl=1","width":350,"height":200,"srcset":"https:\/\/i0.wp.com\/www.kanenberg.com.br\/fatosfotoseregistros\/wp-content\/uploads\/2026\/08\/Taninha_3.jpg?resize=350%2C200&ssl=1 1x, https:\/\/i0.wp.com\/www.kanenberg.com.br\/fatosfotoseregistros\/wp-content\/uploads\/2026\/08\/Taninha_3.jpg?resize=525%2C300&ssl=1 1.5x"},"classes":[]},{"id":5408,"url":"https:\/\/www.kanenberg.com.br\/fatosfotoseregistros\/40-museus\/","url_meta":{"origin":6115,"position":2},"title":"40 museus para visitar de gra\u00e7a no Rio de Janeiro","author":"kanenberg","date":"23 de fevereiro de 2019","format":false,"excerpt":"Com uma lista destas, com certeza n\u00e3o vai falta op\u00e7\u00e3o de passeio para a fam\u00edlia inteira. Ainda mais que, muitos destes museus al\u00e9m das exposi\u00e7\u00f5es permanentes ou de longa dura\u00e7\u00e3o ainda com frequ\u00eancia mudam as exposi\u00e7\u00f5es tempor\u00e1rias. Bor\u00e1 l\u00e1 aproveitar?","rel":"","context":"Em &quot;Lugares&quot;","block_context":{"text":"Lugares","link":"https:\/\/www.kanenberg.com.br\/fatosfotoseregistros\/category\/lugares\/"},"img":{"alt_text":"MAR Rio","src":"https:\/\/i0.wp.com\/www.kanenberg.com.br\/fatosfotoseregistros\/wp-content\/uploads\/2019\/02\/mar_rio.jpg?resize=350%2C200&ssl=1","width":350,"height":200,"srcset":"https:\/\/i0.wp.com\/www.kanenberg.com.br\/fatosfotoseregistros\/wp-content\/uploads\/2019\/02\/mar_rio.jpg?resize=350%2C200&ssl=1 1x, https:\/\/i0.wp.com\/www.kanenberg.com.br\/fatosfotoseregistros\/wp-content\/uploads\/2019\/02\/mar_rio.jpg?resize=525%2C300&ssl=1 1.5x, https:\/\/i0.wp.com\/www.kanenberg.com.br\/fatosfotoseregistros\/wp-content\/uploads\/2019\/02\/mar_rio.jpg?resize=700%2C400&ssl=1 2x, https:\/\/i0.wp.com\/www.kanenberg.com.br\/fatosfotoseregistros\/wp-content\/uploads\/2019\/02\/mar_rio.jpg?resize=1050%2C600&ssl=1 3x"},"classes":[]},{"id":6289,"url":"https:\/\/www.kanenberg.com.br\/fatosfotoseregistros\/luz-del-fuego-a-pioneira-do-naturismo-das-cobras-e-da-liberdade-no-rio-de-janeiro\/","url_meta":{"origin":6115,"position":3},"title":"Luz Del Fuego: A pioneira do naturismo, das cobras e da liberdade no Rio de Janeiro","author":"kanenberg","date":"13 de agosto de 2026","format":false,"excerpt":"Se voc\u00ea caminhar pela hist\u00f3ria cultural do Rio de Janeiro em meados do s\u00e9culo XX, encontrar\u00e1 figuras fascinantes, mas poucas foram t\u00e3o ousadas, vision\u00e1rias e pol\u00eamicas quanto Luz Del Fuego. Artista, bailarina, ativista e pioneira do naturismo no Brasil, ela desafiou a moral conservadora de sua \u00e9poca e transformou uma\u2026","rel":"","context":"Em &quot;Lugares&quot;","block_context":{"text":"Lugares","link":"https:\/\/www.kanenberg.com.br\/fatosfotoseregistros\/category\/lugares\/"},"img":{"alt_text":"Luz Del Fuego e suas famosas cobras. Fonte: Wikip\u00e9dia \/ Luz del Fuego \u2013 Wikip\u00e9dia, a enciclop\u00e9dia livre","src":"https:\/\/i0.wp.com\/www.kanenberg.com.br\/fatosfotoseregistros\/wp-content\/uploads\/2026\/08\/Luz-Del-Fuego.jpg?resize=350%2C200&ssl=1","width":350,"height":200},"classes":[]},{"id":6084,"url":"https:\/\/www.kanenberg.com.br\/fatosfotoseregistros\/simmm-uma-figura-marcante-da-ilha-do-governador\/","url_meta":{"origin":6115,"position":4},"title":"Simmm &#8211; Uma figura marcante da Ilha do Governador","author":"kanenberg","date":"11 de julho de 2026","format":false,"excerpt":"Por volta de 1995, era comum encontrar, pelas ruas da Ilha do Governador, no Rio de Janeiro, um homem que se tornou bastante conhecido entre os moradores da regi\u00e3o. Chamava a aten\u00e7\u00e3o por desenhar figuras curiosas nas cal\u00e7adas, utilizando giz ou gesso, e por fazer longos discursos que, para muitos,\u2026","rel":"","context":"Em &quot;Personalidades&quot;","block_context":{"text":"Personalidades","link":"https:\/\/www.kanenberg.com.br\/fatosfotoseregistros\/category\/personalidades\/"},"img":{"alt_text":"Simmm","src":"https:\/\/i0.wp.com\/www.kanenberg.com.br\/fatosfotoseregistros\/wp-content\/uploads\/2026\/07\/simmm-609x1024.jpg?resize=350%2C200&ssl=1","width":350,"height":200,"srcset":"https:\/\/i0.wp.com\/www.kanenberg.com.br\/fatosfotoseregistros\/wp-content\/uploads\/2026\/07\/simmm-609x1024.jpg?resize=350%2C200&ssl=1 1x, https:\/\/i0.wp.com\/www.kanenberg.com.br\/fatosfotoseregistros\/wp-content\/uploads\/2026\/07\/simmm-609x1024.jpg?resize=525%2C300&ssl=1 1.5x"},"classes":[]},{"id":1251,"url":"https:\/\/www.kanenberg.com.br\/fatosfotoseregistros\/ilha-de-paqueta-a-garca-cinzenta\/","url_meta":{"origin":6115,"position":5},"title":"Ilha de Paquet\u00e1 &#8211; A Gar\u00e7a Cinzenta","author":"kanenberg","date":"27 de junho de 2016","format":false,"excerpt":"Dizem que a gar\u00e7a cinzenta \u00e9 um animal que d\u00e1 sorte. Quando ela aparece no caminho dos pescadores eles ficam cheios de alegria, na certeza de que \u00e9 um pren\u00fancio de farta pescaria. E acontece o mesmo com todas as pessoas que s\u00e3o pelo menos um pouquinho supersticiosas.","rel":"","context":"Em &quot;Lugares&quot;","block_context":{"text":"Lugares","link":"https:\/\/www.kanenberg.com.br\/fatosfotoseregistros\/category\/lugares\/"},"img":{"alt_text":"wp-1466436505371.jpg","src":"https:\/\/fatosfotoseregistros.files.wordpress.com\/2016\/06\/wp-1466436505371.jpg?w=350&h=200&crop=1","width":350,"height":200},"classes":[]}],"jetpack_likes_enabled":true,"amp_enabled":true,"jetpack_featured_media_url":"","_links":{"self":[{"href":"https:\/\/www.kanenberg.com.br\/fatosfotoseregistros\/wp-json\/wp\/v2\/posts\/6115","targetHints":{"allow":["GET"]}}],"collection":[{"href":"https:\/\/www.kanenberg.com.br\/fatosfotoseregistros\/wp-json\/wp\/v2\/posts"}],"about":[{"href":"https:\/\/www.kanenberg.com.br\/fatosfotoseregistros\/wp-json\/wp\/v2\/types\/post"}],"author":[{"embeddable":true,"href":"https:\/\/www.kanenberg.com.br\/fatosfotoseregistros\/wp-json\/wp\/v2\/users\/1"}],"replies":[{"embeddable":true,"href":"https:\/\/www.kanenberg.com.br\/fatosfotoseregistros\/wp-json\/wp\/v2\/comments?post=6115"}],"version-history":[{"count":1,"href":"https:\/\/www.kanenberg.com.br\/fatosfotoseregistros\/wp-json\/wp\/v2\/posts\/6115\/revisions"}],"predecessor-version":[{"id":6117,"href":"https:\/\/www.kanenberg.com.br\/fatosfotoseregistros\/wp-json\/wp\/v2\/posts\/6115\/revisions\/6117"}],"wp:attachment":[{"href":"https:\/\/www.kanenberg.com.br\/fatosfotoseregistros\/wp-json\/wp\/v2\/media?parent=6115"}],"wp:term":[{"taxonomy":"category","embeddable":true,"href":"https:\/\/www.kanenberg.com.br\/fatosfotoseregistros\/wp-json\/wp\/v2\/categories?post=6115"},{"taxonomy":"post_tag","embeddable":true,"href":"https:\/\/www.kanenberg.com.br\/fatosfotoseregistros\/wp-json\/wp\/v2\/tags?post=6115"}],"curies":[{"name":"wp","href":"https:\/\/api.w.org\/{rel}","templated":true}]}}