{"id":6111,"date":"2026-07-11T20:07:15","date_gmt":"2026-07-11T23:07:15","guid":{"rendered":"https:\/\/www.kanenberg.com.br\/fatosfotoseregistros\/?p=6111"},"modified":"2026-07-11T20:07:48","modified_gmt":"2026-07-11T23:07:48","slug":"minancora-uma-pequena-lata-que-atravessou-geracoes","status":"publish","type":"post","link":"https:\/\/www.kanenberg.com.br\/fatosfotoseregistros\/minancora-uma-pequena-lata-que-atravessou-geracoes\/","title":{"rendered":"Min\u00e2ncora: uma pequena lata que atravessou gera\u00e7\u00f5es"},"content":{"rendered":"<p style=\"text-align: justify;\">Em 1912, o farmac\u00eautico portugu\u00eas <strong>Eduardo Augusto Gon\u00e7alves<\/strong> desembarcou no Brasil em busca de novas oportunidades.<\/p>\n<figure id=\"attachment_6112\" aria-describedby=\"caption-attachment-6112\" style=\"width: 840px\" class=\"wp-caption aligncenter\"><img loading=\"lazy\" decoding=\"async\" data-attachment-id=\"6112\" data-permalink=\"https:\/\/www.kanenberg.com.br\/fatosfotoseregistros\/minancora-uma-pequena-lata-que-atravessou-geracoes\/attachment\/23937204\/\" data-orig-file=\"https:\/\/www.kanenberg.com.br\/fatosfotoseregistros\/wp-content\/uploads\/2026\/07\/23937204.jpg\" data-orig-size=\"1134,1200\" data-comments-opened=\"1\" data-image-meta=\"{&quot;aperture&quot;:&quot;0&quot;,&quot;credit&quot;:&quot;&quot;,&quot;camera&quot;:&quot;&quot;,&quot;caption&quot;:&quot;&quot;,&quot;created_timestamp&quot;:&quot;0&quot;,&quot;copyright&quot;:&quot;&quot;,&quot;focal_length&quot;:&quot;0&quot;,&quot;iso&quot;:&quot;0&quot;,&quot;shutter_speed&quot;:&quot;0&quot;,&quot;title&quot;:&quot;&quot;,&quot;orientation&quot;:&quot;0&quot;,&quot;alt&quot;:&quot;&quot;}\" data-image-title=\"Min\u00e2ncora\" data-image-description=\"\" data-image-caption=\"&lt;p&gt;Antiga embalagem de Min\u00e2ncora&lt;\/p&gt;\n\" data-large-file=\"https:\/\/www.kanenberg.com.br\/fatosfotoseregistros\/wp-content\/uploads\/2026\/07\/23937204-968x1024.jpg\" class=\"size-large wp-image-6112\" src=\"https:\/\/www.kanenberg.com.br\/fatosfotoseregistros\/wp-content\/uploads\/2026\/07\/23937204-968x1024.jpg\" alt=\"Min\u00e2ncora\" width=\"840\" height=\"889\" srcset=\"https:\/\/www.kanenberg.com.br\/fatosfotoseregistros\/wp-content\/uploads\/2026\/07\/23937204-968x1024.jpg 968w, https:\/\/www.kanenberg.com.br\/fatosfotoseregistros\/wp-content\/uploads\/2026\/07\/23937204-284x300.jpg 284w, https:\/\/www.kanenberg.com.br\/fatosfotoseregistros\/wp-content\/uploads\/2026\/07\/23937204-768x813.jpg 768w, https:\/\/www.kanenberg.com.br\/fatosfotoseregistros\/wp-content\/uploads\/2026\/07\/23937204.jpg 1134w\" sizes=\"auto, (max-width: 840px) 100vw, 840px\" \/><figcaption id=\"caption-attachment-6112\" class=\"wp-caption-text\">Antiga embalagem de Min\u00e2ncora<\/figcaption><\/figure>\n<p style=\"text-align: justify;\">Antes de criar o pr\u00f3prio produto, passou por Manaus, onde aprendeu t\u00e9cnicas farmac\u00eauticas trabalhando na fabrica\u00e7\u00e3o do polvilho antiss\u00e9ptico da Granado \u2014 justamente uma empresa que, anos mais tarde, se tornaria concorrente da cria\u00e7\u00e3o que mudaria sua vida.<\/p>\n<p style=\"text-align: justify;\">Depois estabeleceu-se em Joinville, em Santa Catarina. Durante anos, realizou in\u00fameros testes at\u00e9 chegar a uma f\u00f3rmula simples, eficiente e acess\u00edvel, composta por apenas tr\u00eas ingredientes principais: \u00f3xido de zinco, respons\u00e1vel por proteger a pele; cloreto de benzalc\u00f4nio, com a\u00e7\u00e3o antiss\u00e9ptica; e c\u00e2nfora, conhecida pelo efeito refrescante e pelo al\u00edvio das dores e irrita\u00e7\u00f5es.<\/p>\n<p>Em 1915, registrou oficialmente a f\u00f3rmula da <strong>Pomada Min\u00e2ncora<\/strong>.<\/p>\n<p style=\"text-align: justify;\">Naquela \u00e9poca, sem recursos para investir em publicidade, o pr\u00f3prio Eduardo Augusto Gon\u00e7alves percorria rios e estradas vendendo as pequenas latas de porta em porta. A divulga\u00e7\u00e3o acontecia da forma mais eficiente que existia: o boca a boca. Quem experimentava recomendava aos parentes, amigos e vizinhos. Assim, pouco a pouco, a Min\u00e2ncora conquistou o Brasil.<\/p>\n<p style=\"text-align: justify;\">Nas d\u00e9cadas seguintes, a marca cresceu acompanhando a evolu\u00e7\u00e3o dos meios de comunica\u00e7\u00e3o. Passou pelos an\u00fancios em jornais e revistas, conquistou espa\u00e7o no r\u00e1dio, na televis\u00e3o e ficou marcada por campanhas publicit\u00e1rias memor\u00e1veis, incluindo patroc\u00ednios em programas de Silvio Santos e Gugu Liberato, al\u00e9m dos comerciais protagonizados pela inesquec\u00edvel Cl\u00e1udia Jimenez.<\/p>\n<p style=\"text-align: justify;\">Enquanto o mundo mudava, uma caracter\u00edstica permanecia praticamente inalterada: a f\u00f3rmula da pomada.<\/p>\n<p style=\"text-align: justify;\">Em 1991, Lourdes Maria Duarte, bisneta do fundador, assumiu a dire\u00e7\u00e3o da empresa e promoveu uma profunda moderniza\u00e7\u00e3o administrativa, profissionalizando \u00e1reas como marketing, produ\u00e7\u00e3o e vendas.<\/p>\n<p style=\"text-align: justify;\">No ano seguinte, a tradicional lata met\u00e1lica deu lugar \u00e0 embalagem pl\u00e1stica, reduzindo custos de fabrica\u00e7\u00e3o. Em 1997, a empresa ampliou sua atua\u00e7\u00e3o entrando no segmento de cosm\u00e9ticos. Em 2011, firmou uma parceria nacional de distribui\u00e7\u00e3o com a Sanofi e, em 2024, atualizou pela primeira vez a tradicional imagem da deusa Minerva presente no r\u00f3tulo, al\u00e9m de investir em campanhas voltadas ao p\u00fablico jovem nas redes sociais, como o TikTok.<\/p>\n<p style=\"text-align: justify;\">A embalagem mudou. A comunica\u00e7\u00e3o mudou. O p\u00fablico mudou. O mundo mudou.<\/p>\n<p style=\"text-align: justify;\">Mas a f\u00f3rmula continua essencialmente a mesma desde 1915.<\/p>\n<p style=\"text-align: justify;\">Talvez seja justamente esse um dos maiores m\u00e9ritos da Min\u00e2ncora: soube acompanhar os novos tempos sem perder sua identidade.<\/p>\n<p style=\"text-align: justify;\">Mais do que um produto, ela acabou se tornando parte da mem\u00f3ria afetiva de in\u00fameras fam\u00edlias brasileiras.<\/p>\n<p style=\"text-align: justify;\">Quando a Min\u00e2ncora foi lan\u00e7ada, em 1915, meu trisav\u00f4 Ernst ainda era vivo. Meu bisav\u00f4 Rudolf tinha apenas quinze anos de idade e meu av\u00f4 ainda nem havia nascido \u2014 viria ao mundo somente em 1930.<\/p>\n<p style=\"text-align: justify;\">D\u00e9cadas depois, eu tamb\u00e9m conheci a pomada ainda na inf\u00e2ncia. Cresci vendo aquele pequeno pote em casa e continuo utilizando o produto at\u00e9 os dias de hoje.<\/p>\n<p style=\"text-align: justify;\">\u00c9 curioso pensar que um mesmo objeto p\u00f4de estar presente na vida de tantas gera\u00e7\u00f5es de uma mesma fam\u00edlia. Pessoas nasceram, cresceram, envelheceram e partiram, enquanto aquela simples pomada permaneceu atravessando o tempo, acompanhando pais, filhos, netos e bisnetos.<\/p>\n<p style=\"text-align: justify;\">Provavelmente o mesmo aconteceu em milhares de lares brasileiros.<\/p>\n<p style=\"text-align: justify;\">A Min\u00e2ncora n\u00e3o \u00e9 um caso isolado. Existem diversos produtos que conseguiram vencer a passagem do tempo, tornando-se testemunhas silenciosas da hist\u00f3ria de diferentes fam\u00edlias. Eles permanecem enquanto as gera\u00e7\u00f5es se sucedem, despertando lembran\u00e7as da inf\u00e2ncia, dos av\u00f3s, das antigas casas e dos pequenos h\u00e1bitos cotidianos que acabam construindo nossas mem\u00f3rias.<\/p>\n<p style=\"text-align: justify;\">Sua trajet\u00f3ria tamb\u00e9m deixa uma importante li\u00e7\u00e3o para o mundo dos neg\u00f3cios.<\/p>\n<p style=\"text-align: justify;\">Empresas como Kodak e Blockbuster possu\u00edam marcas fort\u00edssimas e lideravam seus respectivos mercados. No entanto, n\u00e3o conseguiram acompanhar as transforma\u00e7\u00f5es do mundo e perderam espa\u00e7o.<\/p>\n<p style=\"text-align: justify;\">A Min\u00e2ncora seguiu um caminho diferente. Modernizou a gest\u00e3o, renovou a embalagem, ampliou sua distribui\u00e7\u00e3o, dialogou com novos p\u00fablicos e utilizou as tecnologias de cada \u00e9poca. Ao mesmo tempo, preservou aquilo que realmente sustentava sua reputa\u00e7\u00e3o: a qualidade e a confian\u00e7a em sua f\u00f3rmula.<\/p>\n<p style=\"text-align: justify;\">Talvez seja esse o verdadeiro segredo de permanecer por mais de um s\u00e9culo: compreender que inovar n\u00e3o significa abandonar a pr\u00f3pria ess\u00eancia, mas adapt\u00e1-la aos novos tempos sem perder aquilo que conquistou a confian\u00e7a de tantas gera\u00e7\u00f5es.<\/p>\n","protected":false},"excerpt":{"rendered":"<p>A embalagem mudou. A comunica\u00e7\u00e3o mudou. O p\u00fablico mudou. O mundo mudou. Mas a f\u00f3rmula continua essencialmente a mesma desde 1915.<\/p>\n","protected":false},"author":1,"featured_media":0,"comment_status":"open","ping_status":"open","sticky":false,"template":"","format":"standard","meta":{"_exactmetrics_skip_tracking":false,"_jetpack_newsletter_access":"","_jetpack_dont_email_post_to_subs":false,"_jetpack_newsletter_tier_id":0,"_jetpack_memberships_contains_paywalled_content":false,"_jetpack_feature_clip_id":0,"_jetpack_memberships_contains_paid_content":false,"footnotes":"","jetpack_publicize_message":"","jetpack_publicize_feature_enabled":true,"jetpack_social_post_already_shared":false,"jetpack_social_options":{"image_generator_settings":{"template":"highway","default_image_id":0,"font":"","enabled":false},"version":2},"jetpack_post_was_ever_published":false},"categories":[265],"tags":[255,411,301],"class_list":["post-6111","post","type-post","status-publish","format-standard","hentry","category-textos","tag-historia","tag-joinville","tag-santa-catarina"],"jetpack_publicize_connections":[],"jetpack_sharing_enabled":true,"jetpack_shortlink":"https:\/\/wp.me\/phkM1X-1Az","jetpack-related-posts":[{"id":6073,"url":"https:\/\/www.kanenberg.com.br\/fatosfotoseregistros\/a-senhora-centenaria-de-santa-catarina\/","url_meta":{"origin":6111,"position":0},"title":"A senhora centen\u00e1ria de Santa Catarina","author":"kanenberg","date":"13 de maio de 2026","format":false,"excerpt":"A Ponte Herc\u00edlio Luz chega aos seus 100 anos como muito mais do que uma liga\u00e7\u00e3o entre a Ilha de Santa Catarina e o continente. Ela se tornou um s\u00edmbolo. Um marco do tempo. Um elo entre gera\u00e7\u00f5es de catarinenses que cresceram olhando para sua impon\u00eancia recortando o c\u00e9u de\u2026","rel":"","context":"Em &quot;Lugares&quot;","block_context":{"text":"Lugares","link":"https:\/\/www.kanenberg.com.br\/fatosfotoseregistros\/category\/lugares\/"},"img":{"alt_text":"Ponte Herc\u00edlio Luz 100 anos","src":"https:\/\/i0.wp.com\/www.kanenberg.com.br\/fatosfotoseregistros\/wp-content\/uploads\/2026\/05\/Gemini_Generated_Image_r1dobr1dobr1dobr.png?resize=350%2C200&ssl=1","width":350,"height":200,"srcset":"https:\/\/i0.wp.com\/www.kanenberg.com.br\/fatosfotoseregistros\/wp-content\/uploads\/2026\/05\/Gemini_Generated_Image_r1dobr1dobr1dobr.png?resize=350%2C200&ssl=1 1x, https:\/\/i0.wp.com\/www.kanenberg.com.br\/fatosfotoseregistros\/wp-content\/uploads\/2026\/05\/Gemini_Generated_Image_r1dobr1dobr1dobr.png?resize=525%2C300&ssl=1 1.5x, https:\/\/i0.wp.com\/www.kanenberg.com.br\/fatosfotoseregistros\/wp-content\/uploads\/2026\/05\/Gemini_Generated_Image_r1dobr1dobr1dobr.png?resize=700%2C400&ssl=1 2x, https:\/\/i0.wp.com\/www.kanenberg.com.br\/fatosfotoseregistros\/wp-content\/uploads\/2026\/05\/Gemini_Generated_Image_r1dobr1dobr1dobr.png?resize=1050%2C600&ssl=1 3x"},"classes":[]},{"id":1077,"url":"https:\/\/www.kanenberg.com.br\/fatosfotoseregistros\/fortaleza-de-sao-jose-da-ponta-grossa\/","url_meta":{"origin":6111,"position":1},"title":"Fortaleza de S\u00e3o Jos\u00e9 da Ponta Grossa","author":"kanenberg","date":"7 de junho de 2016","format":false,"excerpt":"Est\u00e1 localizada ao norte da Ilha de Santa Catarina, entre as Praias do Forte e de Jurer\u00ea, em Florian\u00f3polis, no Estado de Santa Catarina. A constru\u00e7\u00e3o austera e imponente caracteriza-se pela riqueza da sua arquitetura, apresentando tra\u00e7os de influ\u00eancia renascentista.","rel":"","context":"Em &quot;Imagem&quot;","block_context":{"text":"Imagem","link":"https:\/\/www.kanenberg.com.br\/fatosfotoseregistros\/category\/imagem\/"},"img":{"alt_text":"pub_ponta_grossa_01","src":"https:\/\/fatosfotoseregistros.files.wordpress.com\/2016\/06\/pub_ponta_grossa_01.jpg?w=350&h=200&crop=1","width":350,"height":200,"srcset":"https:\/\/fatosfotoseregistros.files.wordpress.com\/2016\/06\/pub_ponta_grossa_01.jpg?w=350&h=200&crop=1 1x, https:\/\/fatosfotoseregistros.files.wordpress.com\/2016\/06\/pub_ponta_grossa_01.jpg?w=525&h=300&crop=1 1.5x"},"classes":[]},{"id":5275,"url":"https:\/\/www.kanenberg.com.br\/fatosfotoseregistros\/florianopolis-em-1976\/","url_meta":{"origin":6111,"position":2},"title":"Florian\u00f3polis em 1976: Um Retrato Hist\u00f3rico da Capital Catarinense","author":"kanenberg","date":"6 de setembro de 2026","format":false,"excerpt":"O registro em v\u00eddeo resgata imagens da Ilha de Santa Catarina gravadas em 1976, per\u00edodo em que Florian\u00f3polis contava com cerca de 170 mil habitantes espalhados por seus 450 km\u00b2 de \u00e1rea territorial. As filmagens capturam a transi\u00e7\u00e3o entre a tradi\u00e7\u00e3o a\u00e7oriana e a moderniza\u00e7\u00e3o urbana da capital catarinense durante\u2026","rel":"","context":"Em &quot;Lugares&quot;","block_context":{"text":"Lugares","link":"https:\/\/www.kanenberg.com.br\/fatosfotoseregistros\/category\/lugares\/"},"img":{"alt_text":"onte Herc\u00edlio Luz, d\u00e9cada de 70. Vista do lado continental, ao fundo a Ilha de Santa Catarina.","src":"https:\/\/i0.wp.com\/www.kanenberg.com.br\/fatosfotoseregistros\/wp-content\/uploads\/2026\/09\/Ponte_Hercilio_Luz_1970.jpg?resize=350%2C200&ssl=1","width":350,"height":200,"srcset":"https:\/\/i0.wp.com\/www.kanenberg.com.br\/fatosfotoseregistros\/wp-content\/uploads\/2026\/09\/Ponte_Hercilio_Luz_1970.jpg?resize=350%2C200&ssl=1 1x, https:\/\/i0.wp.com\/www.kanenberg.com.br\/fatosfotoseregistros\/wp-content\/uploads\/2026\/09\/Ponte_Hercilio_Luz_1970.jpg?resize=525%2C300&ssl=1 1.5x, https:\/\/i0.wp.com\/www.kanenberg.com.br\/fatosfotoseregistros\/wp-content\/uploads\/2026\/09\/Ponte_Hercilio_Luz_1970.jpg?resize=700%2C400&ssl=1 2x, https:\/\/i0.wp.com\/www.kanenberg.com.br\/fatosfotoseregistros\/wp-content\/uploads\/2026\/09\/Ponte_Hercilio_Luz_1970.jpg?resize=1050%2C600&ssl=1 3x"},"classes":[]},{"id":4468,"url":"https:\/\/www.kanenberg.com.br\/fatosfotoseregistros\/ieclb-igreja-evangelica-de-confissao-luterana-no-brasil-pomerode-centro\/","url_meta":{"origin":6111,"position":3},"title":"IECLB &#8211; Igreja Evang\u00e9lica de Confiss\u00e3o Luterana no Brasil Pomerode Centro","author":"kanenberg","date":"27 de mar\u00e7o de 2017","format":false,"excerpt":"Esta \u00e9 a segunda igreja mais antiga da cidade de Pomerode (SC) da Comunidade Evang\u00e9lica de Confiss\u00e3o Luterana no Brasil.","rel":"","context":"Em &quot;Lugares&quot;","block_context":{"text":"Lugares","link":"https:\/\/www.kanenberg.com.br\/fatosfotoseregistros\/category\/lugares\/"},"img":{"alt_text":"","src":"https:\/\/i0.wp.com\/www.kanenberg.com.br\/fatosfotoseregistros\/wp-content\/uploads\/2017\/03\/ieclb4.jpg?resize=350%2C200&ssl=1","width":350,"height":200,"srcset":"https:\/\/i0.wp.com\/www.kanenberg.com.br\/fatosfotoseregistros\/wp-content\/uploads\/2017\/03\/ieclb4.jpg?resize=350%2C200&ssl=1 1x, https:\/\/i0.wp.com\/www.kanenberg.com.br\/fatosfotoseregistros\/wp-content\/uploads\/2017\/03\/ieclb4.jpg?resize=525%2C300&ssl=1 1.5x, https:\/\/i0.wp.com\/www.kanenberg.com.br\/fatosfotoseregistros\/wp-content\/uploads\/2017\/03\/ieclb4.jpg?resize=700%2C400&ssl=1 2x"},"classes":[]},{"id":6156,"url":"https:\/\/www.kanenberg.com.br\/fatosfotoseregistros\/reflexoes-sobre-imigracao-e-escravidao\/","url_meta":{"origin":6111,"position":4},"title":"Reflex\u00f5es sobre imigra\u00e7\u00e3o e escravid\u00e3o","author":"kanenberg","date":"22 de julho de 2026","format":false,"excerpt":"Em 1873, enquanto meus ancestrais da fam\u00edlia Kannenberg desembarcavam em Santa Catarina em busca de uma nova vida, o Brasil ainda convivia com uma realidade hoje dif\u00edcil de imaginar: jornais publicavam, entre an\u00fancios comuns, ofertas de compra e venda de pessoas escravizadas.","rel":"","context":"Em &quot;Textos&quot;","block_context":{"text":"Textos","link":"https:\/\/www.kanenberg.com.br\/fatosfotoseregistros\/category\/textos\/"},"img":{"alt_text":"Classificados de venda de escravos em jornais brasileiros","src":"https:\/\/i0.wp.com\/www.kanenberg.com.br\/fatosfotoseregistros\/wp-content\/uploads\/2026\/07\/751856487_28195148730088672_5707111800529737612_n-820x1024.jpg?resize=350%2C200&ssl=1","width":350,"height":200,"srcset":"https:\/\/i0.wp.com\/www.kanenberg.com.br\/fatosfotoseregistros\/wp-content\/uploads\/2026\/07\/751856487_28195148730088672_5707111800529737612_n-820x1024.jpg?resize=350%2C200&ssl=1 1x, https:\/\/i0.wp.com\/www.kanenberg.com.br\/fatosfotoseregistros\/wp-content\/uploads\/2026\/07\/751856487_28195148730088672_5707111800529737612_n-820x1024.jpg?resize=525%2C300&ssl=1 1.5x, https:\/\/i0.wp.com\/www.kanenberg.com.br\/fatosfotoseregistros\/wp-content\/uploads\/2026\/07\/751856487_28195148730088672_5707111800529737612_n-820x1024.jpg?resize=700%2C400&ssl=1 2x"},"classes":[]},{"id":3807,"url":"https:\/\/www.kanenberg.com.br\/fatosfotoseregistros\/barra-velha\/","url_meta":{"origin":6111,"position":5},"title":"Descubra os encantos de Barra Velha","author":"kanenberg","date":"29 de outubro de 2016","format":false,"excerpt":"Barra Velha - Cidade no litoral Norte Catarinense. Primeira pessoa vista pela BR-101 no sentido norte\/sul do estado...","rel":"","context":"Em &quot;Lugares&quot;","block_context":{"text":"Lugares","link":"https:\/\/www.kanenberg.com.br\/fatosfotoseregistros\/category\/lugares\/"},"img":{"alt_text":"","src":"https:\/\/fatosfotoseregistros.files.wordpress.com\/2016\/10\/wp-image-2074729432jpg.jpg?w=350&h=200&crop=1","width":350,"height":200,"srcset":"https:\/\/fatosfotoseregistros.files.wordpress.com\/2016\/10\/wp-image-2074729432jpg.jpg?w=350&h=200&crop=1 1x, https:\/\/fatosfotoseregistros.files.wordpress.com\/2016\/10\/wp-image-2074729432jpg.jpg?w=525&h=300&crop=1 1.5x"},"classes":[]}],"jetpack_likes_enabled":true,"amp_enabled":true,"jetpack_featured_media_url":"","_links":{"self":[{"href":"https:\/\/www.kanenberg.com.br\/fatosfotoseregistros\/wp-json\/wp\/v2\/posts\/6111","targetHints":{"allow":["GET"]}}],"collection":[{"href":"https:\/\/www.kanenberg.com.br\/fatosfotoseregistros\/wp-json\/wp\/v2\/posts"}],"about":[{"href":"https:\/\/www.kanenberg.com.br\/fatosfotoseregistros\/wp-json\/wp\/v2\/types\/post"}],"author":[{"embeddable":true,"href":"https:\/\/www.kanenberg.com.br\/fatosfotoseregistros\/wp-json\/wp\/v2\/users\/1"}],"replies":[{"embeddable":true,"href":"https:\/\/www.kanenberg.com.br\/fatosfotoseregistros\/wp-json\/wp\/v2\/comments?post=6111"}],"version-history":[{"count":1,"href":"https:\/\/www.kanenberg.com.br\/fatosfotoseregistros\/wp-json\/wp\/v2\/posts\/6111\/revisions"}],"predecessor-version":[{"id":6113,"href":"https:\/\/www.kanenberg.com.br\/fatosfotoseregistros\/wp-json\/wp\/v2\/posts\/6111\/revisions\/6113"}],"wp:attachment":[{"href":"https:\/\/www.kanenberg.com.br\/fatosfotoseregistros\/wp-json\/wp\/v2\/media?parent=6111"}],"wp:term":[{"taxonomy":"category","embeddable":true,"href":"https:\/\/www.kanenberg.com.br\/fatosfotoseregistros\/wp-json\/wp\/v2\/categories?post=6111"},{"taxonomy":"post_tag","embeddable":true,"href":"https:\/\/www.kanenberg.com.br\/fatosfotoseregistros\/wp-json\/wp\/v2\/tags?post=6111"}],"curies":[{"name":"wp","href":"https:\/\/api.w.org\/{rel}","templated":true}]}}