{"id":6108,"date":"2026-07-11T20:01:11","date_gmt":"2026-07-11T23:01:11","guid":{"rendered":"https:\/\/www.kanenberg.com.br\/fatosfotoseregistros\/?p=6108"},"modified":"2026-07-11T20:01:11","modified_gmt":"2026-07-11T23:01:11","slug":"a-famosa-mulher-de-verde","status":"publish","type":"post","link":"https:\/\/www.kanenberg.com.br\/fatosfotoseregistros\/a-famosa-mulher-de-verde\/","title":{"rendered":"A famosa mulher de verde de Campo Grande"},"content":{"rendered":"<p style=\"text-align: justify;\">Seu nome era Therezinha Pereira Knoph. Durante muitos anos, ela ficou conhecida por caminhar pelas ruas de Campo Grande sempre vestida de verde, acompanhada de seu insepar\u00e1vel cachorro. Era uma figura constante no cal\u00e7ad\u00e3o, nas lojas e no antigo Sendas, j\u00e1 que morava nas proximidades.<\/p>\n<figure id=\"attachment_6109\" aria-describedby=\"caption-attachment-6109\" style=\"width: 840px\" class=\"wp-caption aligncenter\"><img loading=\"lazy\" decoding=\"async\" data-attachment-id=\"6109\" data-permalink=\"https:\/\/www.kanenberg.com.br\/fatosfotoseregistros\/a-famosa-mulher-de-verde\/chatgpt-image-6-de-jun-de-2026-22_01_39-1\/\" data-orig-file=\"https:\/\/www.kanenberg.com.br\/fatosfotoseregistros\/wp-content\/uploads\/2026\/07\/ChatGPT-Image-6-de-jun.-de-2026-22_01_39-1.png\" data-orig-size=\"1254,1254\" data-comments-opened=\"1\" data-image-meta=\"{&quot;aperture&quot;:&quot;0&quot;,&quot;credit&quot;:&quot;&quot;,&quot;camera&quot;:&quot;&quot;,&quot;caption&quot;:&quot;&quot;,&quot;created_timestamp&quot;:&quot;0&quot;,&quot;copyright&quot;:&quot;&quot;,&quot;focal_length&quot;:&quot;0&quot;,&quot;iso&quot;:&quot;0&quot;,&quot;shutter_speed&quot;:&quot;0&quot;,&quot;title&quot;:&quot;&quot;,&quot;orientation&quot;:&quot;0&quot;,&quot;alt&quot;:&quot;&quot;}\" data-image-title=\"Mulher de Verde\" data-image-description=\"\" data-image-caption=\"&lt;p&gt;Mulher de Verde&lt;\/p&gt;\n\" data-large-file=\"https:\/\/www.kanenberg.com.br\/fatosfotoseregistros\/wp-content\/uploads\/2026\/07\/ChatGPT-Image-6-de-jun.-de-2026-22_01_39-1-1024x1024.png\" class=\"size-large wp-image-6109\" src=\"https:\/\/www.kanenberg.com.br\/fatosfotoseregistros\/wp-content\/uploads\/2026\/07\/ChatGPT-Image-6-de-jun.-de-2026-22_01_39-1-1024x1024.png\" alt=\"Mulher de Verde\" width=\"840\" height=\"840\" srcset=\"https:\/\/www.kanenberg.com.br\/fatosfotoseregistros\/wp-content\/uploads\/2026\/07\/ChatGPT-Image-6-de-jun.-de-2026-22_01_39-1-1024x1024.png 1024w, https:\/\/www.kanenberg.com.br\/fatosfotoseregistros\/wp-content\/uploads\/2026\/07\/ChatGPT-Image-6-de-jun.-de-2026-22_01_39-1-300x300.png 300w, https:\/\/www.kanenberg.com.br\/fatosfotoseregistros\/wp-content\/uploads\/2026\/07\/ChatGPT-Image-6-de-jun.-de-2026-22_01_39-1-150x150.png 150w, https:\/\/www.kanenberg.com.br\/fatosfotoseregistros\/wp-content\/uploads\/2026\/07\/ChatGPT-Image-6-de-jun.-de-2026-22_01_39-1-768x768.png 768w, https:\/\/www.kanenberg.com.br\/fatosfotoseregistros\/wp-content\/uploads\/2026\/07\/ChatGPT-Image-6-de-jun.-de-2026-22_01_39-1.png 1254w\" sizes=\"auto, (max-width: 840px) 100vw, 840px\" \/><figcaption id=\"caption-attachment-6109\" class=\"wp-caption-text\">Mulher de Verde<\/figcaption><\/figure>\n<p style=\"text-align: justify;\">Ap\u00f3s a morte de seu companheiro de quatro patas, continuou suas caminhadas di\u00e1rias, passando a puxar uma bolsa ou mala de rodinhas. Em determinado momento de sua vida, sua casa foi atingida por um inc\u00eandio, epis\u00f3dio que repercutiu e motivou uma extensa entrevista publicada pelo jornal O Globo.<\/p>\n<p style=\"text-align: justify;\">A Mulher de Verde era altiva, inteligente e exc\u00eantrica. Sempre acess\u00edvel, gostava de conversar e posar para fotos. Com cerca de 1,80 metro de altura e sempre usando salto alto, parecia observar o mundo l\u00e1 de cima, transmitindo uma atitude de quem dizia: \u201cn\u00e3o estou nem a\u00ed\u201d. N\u00e3o incomodava ningu\u00e9m e era muito querida por todos. Sua presen\u00e7a marcante chamava a aten\u00e7\u00e3o por onde passava e, simplesmente, arrasava.<\/p>\n<p style=\"text-align: justify;\">Se estivesse entre n\u00f3s hoje, talvez dissesse: \u201cSe n\u00e3o for para causar, nem saio.\u201d<\/p>\n<p style=\"text-align: justify;\">Therezinha faleceu v\u00edtima de c\u00e2ncer no Hospital Rocha Faria, mas permanece viva na mem\u00f3ria dos moradores de Campo Grande que tiveram o privil\u00e9gio de conhec\u00ea-la.<\/p>\n","protected":false},"excerpt":{"rendered":"<p>Seu nome era Therezinha Pereira Knoph. Durante muitos anos, ela ficou conhecida por caminhar pelas ruas de Campo Grande sempre vestida de verde, acompanhada de seu insepar\u00e1vel cachorro.<\/p>\n","protected":false},"author":1,"featured_media":0,"comment_status":"open","ping_status":"open","sticky":false,"template":"","format":"standard","meta":{"_exactmetrics_skip_tracking":false,"_jetpack_newsletter_access":"","_jetpack_dont_email_post_to_subs":false,"_jetpack_newsletter_tier_id":0,"_jetpack_memberships_contains_paywalled_content":false,"_jetpack_feature_clip_id":0,"_jetpack_memberships_contains_paid_content":false,"footnotes":"","jetpack_publicize_message":"","jetpack_publicize_feature_enabled":true,"jetpack_social_post_already_shared":false,"jetpack_social_options":{"image_generator_settings":{"template":"highway","default_image_id":0,"font":"","enabled":false},"version":2},"jetpack_post_was_ever_published":false},"categories":[282,407],"tags":[410,289],"class_list":["post-6108","post","type-post","status-publish","format-standard","hentry","category-lugares","category-personalidades","tag-campo-grande","tag-rio-de-janeiro"],"jetpack_publicize_connections":[],"jetpack_sharing_enabled":true,"jetpack_shortlink":"https:\/\/wp.me\/phkM1X-1Aw","jetpack-related-posts":[{"id":2353,"url":"https:\/\/www.kanenberg.com.br\/fatosfotoseregistros\/a-carta-de-pero-vaz-de-caminha\/","url_meta":{"origin":6108,"position":0},"title":"A Carta de Pero Vaz de Caminha","author":"kanenberg","date":"26 de julho de 2016","format":false,"excerpt":"A carta que o escriv\u00e3o Pero Vaz de Caminha escreveu ao rei d. Manuel \u00e9 considerada o primeiro documento da nossa hist\u00f3ria, e tamb\u00e9m como o primeiro texto liter\u00e1rio do Brasil.","rel":"","context":"Em &quot;Textos&quot;","block_context":{"text":"Textos","link":"https:\/\/www.kanenberg.com.br\/fatosfotoseregistros\/category\/textos\/"},"img":{"alt_text":"carta_caminha","src":"https:\/\/fatosfotoseregistros.files.wordpress.com\/2016\/07\/carta_caminha.png?w=350&h=200&crop=1","width":350,"height":200},"classes":[]},{"id":2,"url":"https:\/\/www.kanenberg.com.br\/fatosfotoseregistros\/as-cinco-grandes-licoes\/","url_meta":{"origin":6108,"position":1},"title":"As cinco grandes li\u00e7\u00f5es","author":"kanenberg","date":"31 de janeiro de 2015","format":false,"excerpt":"Cinco grandes li\u00e7\u00f5es para refletirmos mais em nossas vidas","rel":"","context":"Em &quot;Textos&quot;","block_context":{"text":"Textos","link":"https:\/\/www.kanenberg.com.br\/fatosfotoseregistros\/category\/textos\/"},"img":{"alt_text":"","src":"","width":0,"height":0},"classes":[]},{"id":1230,"url":"https:\/\/www.kanenberg.com.br\/fatosfotoseregistros\/japeri\/","url_meta":{"origin":6108,"position":2},"title":"Cidade de Japeri","author":"kanenberg","date":"5 de julho de 2016","format":false,"excerpt":"A hist\u00f3ria de Japeri come\u00e7a no dia 13 de agosto de 1743, data de sua funda\u00e7\u00e3o, por In\u00e1cio Dias da C\u00e2mara Leme, denominado Morgado de Bel\u00e9m. A partir de 1750, as terras passaram a pertencer \u00e0 Freguesia de Sacra Fam\u00edlia de Tingu\u00e1, pois at\u00e9 ent\u00e3o pertenciam \u00e0 Freguesia de Paty\u2026","rel":"","context":"Em &quot;Imagem&quot;","block_context":{"text":"Imagem","link":"https:\/\/www.kanenberg.com.br\/fatosfotoseregistros\/category\/imagem\/"},"img":{"alt_text":"japeri_1928","src":"https:\/\/i0.wp.com\/www.kanenberg.com.br\/fatosfotoseregistros\/wp-content\/uploads\/2016\/07\/japeri_1928.jpg?resize=350%2C200&ssl=1","width":350,"height":200},"classes":[]},{"id":5360,"url":"https:\/\/www.kanenberg.com.br\/fatosfotoseregistros\/maratona\/","url_meta":{"origin":6108,"position":3},"title":"Origens da Maratona","author":"kanenberg","date":"15 de fevereiro de 2019","format":false,"excerpt":"Maratona \u00e9 uma corrida realizada na dist\u00e2ncia oficial de 42,195 km, normalmente em ruas e estradas. \u00danica modalidade esportiva que se originou de...","rel":"","context":"Em &quot;Textos&quot;","block_context":{"text":"Textos","link":"https:\/\/www.kanenberg.com.br\/fatosfotoseregistros\/category\/textos\/"},"img":{"alt_text":"Fid\u00edpides","src":"https:\/\/i0.wp.com\/www.kanenberg.com.br\/fatosfotoseregistros\/wp-content\/uploads\/2019\/02\/Fid%C3%ADpides.jpg?resize=350%2C200&ssl=1","width":350,"height":200},"classes":[]},{"id":6289,"url":"https:\/\/www.kanenberg.com.br\/fatosfotoseregistros\/luz-del-fuego-a-pioneira-do-naturismo-das-cobras-e-da-liberdade-no-rio-de-janeiro\/","url_meta":{"origin":6108,"position":4},"title":"Luz Del Fuego: A pioneira do naturismo, das cobras e da liberdade no Rio de Janeiro","author":"kanenberg","date":"13 de agosto de 2026","format":false,"excerpt":"Se voc\u00ea caminhar pela hist\u00f3ria cultural do Rio de Janeiro em meados do s\u00e9culo XX, encontrar\u00e1 figuras fascinantes, mas poucas foram t\u00e3o ousadas, vision\u00e1rias e pol\u00eamicas quanto Luz Del Fuego. Artista, bailarina, ativista e pioneira do naturismo no Brasil, ela desafiou a moral conservadora de sua \u00e9poca e transformou uma\u2026","rel":"","context":"Em &quot;Lugares&quot;","block_context":{"text":"Lugares","link":"https:\/\/www.kanenberg.com.br\/fatosfotoseregistros\/category\/lugares\/"},"img":{"alt_text":"Luz Del Fuego e suas famosas cobras. Fonte: Wikip\u00e9dia \/ Luz del Fuego \u2013 Wikip\u00e9dia, a enciclop\u00e9dia livre","src":"https:\/\/i0.wp.com\/www.kanenberg.com.br\/fatosfotoseregistros\/wp-content\/uploads\/2026\/08\/Luz-Del-Fuego.jpg?resize=350%2C200&ssl=1","width":350,"height":200},"classes":[]},{"id":6122,"url":"https:\/\/www.kanenberg.com.br\/fatosfotoseregistros\/vila-mimosa-30-anos\/","url_meta":{"origin":6108,"position":5},"title":"Vila Mimosa: 30 anos na Pra\u00e7a da Bandeira","author":"kanenberg","date":"13 de julho de 2026","format":false,"excerpt":"Em 2026, a Vila Mimosa completa 30 anos em sua atual localiza\u00e7\u00e3o, na regi\u00e3o da Pra\u00e7a da Bandeira, na Zona[\u2026]","rel":"","context":"Em &quot;Lugares&quot;","block_context":{"text":"Lugares","link":"https:\/\/www.kanenberg.com.br\/fatosfotoseregistros\/category\/lugares\/"},"img":{"alt_text":"","src":"https:\/\/i0.wp.com\/www.kanenberg.com.br\/fatosfotoseregistros\/wp-content\/uploads\/2026\/07\/vila_mimosa_old1629409711295348501.jpg?resize=350%2C200&ssl=1","width":350,"height":200,"srcset":"https:\/\/i0.wp.com\/www.kanenberg.com.br\/fatosfotoseregistros\/wp-content\/uploads\/2026\/07\/vila_mimosa_old1629409711295348501.jpg?resize=350%2C200&ssl=1 1x, https:\/\/i0.wp.com\/www.kanenberg.com.br\/fatosfotoseregistros\/wp-content\/uploads\/2026\/07\/vila_mimosa_old1629409711295348501.jpg?resize=525%2C300&ssl=1 1.5x"},"classes":[]}],"jetpack_likes_enabled":true,"amp_enabled":true,"jetpack_featured_media_url":"","_links":{"self":[{"href":"https:\/\/www.kanenberg.com.br\/fatosfotoseregistros\/wp-json\/wp\/v2\/posts\/6108","targetHints":{"allow":["GET"]}}],"collection":[{"href":"https:\/\/www.kanenberg.com.br\/fatosfotoseregistros\/wp-json\/wp\/v2\/posts"}],"about":[{"href":"https:\/\/www.kanenberg.com.br\/fatosfotoseregistros\/wp-json\/wp\/v2\/types\/post"}],"author":[{"embeddable":true,"href":"https:\/\/www.kanenberg.com.br\/fatosfotoseregistros\/wp-json\/wp\/v2\/users\/1"}],"replies":[{"embeddable":true,"href":"https:\/\/www.kanenberg.com.br\/fatosfotoseregistros\/wp-json\/wp\/v2\/comments?post=6108"}],"version-history":[{"count":1,"href":"https:\/\/www.kanenberg.com.br\/fatosfotoseregistros\/wp-json\/wp\/v2\/posts\/6108\/revisions"}],"predecessor-version":[{"id":6110,"href":"https:\/\/www.kanenberg.com.br\/fatosfotoseregistros\/wp-json\/wp\/v2\/posts\/6108\/revisions\/6110"}],"wp:attachment":[{"href":"https:\/\/www.kanenberg.com.br\/fatosfotoseregistros\/wp-json\/wp\/v2\/media?parent=6108"}],"wp:term":[{"taxonomy":"category","embeddable":true,"href":"https:\/\/www.kanenberg.com.br\/fatosfotoseregistros\/wp-json\/wp\/v2\/categories?post=6108"},{"taxonomy":"post_tag","embeddable":true,"href":"https:\/\/www.kanenberg.com.br\/fatosfotoseregistros\/wp-json\/wp\/v2\/tags?post=6108"}],"curies":[{"name":"wp","href":"https:\/\/api.w.org\/{rel}","templated":true}]}}