{"id":6084,"date":"2026-07-11T18:02:17","date_gmt":"2026-07-11T21:02:17","guid":{"rendered":"https:\/\/www.kanenberg.com.br\/fatosfotoseregistros\/?p=6084"},"modified":"2026-07-11T18:02:17","modified_gmt":"2026-07-11T21:02:17","slug":"simmm-uma-figura-marcante-da-ilha-do-governador","status":"publish","type":"post","link":"https:\/\/www.kanenberg.com.br\/fatosfotoseregistros\/simmm-uma-figura-marcante-da-ilha-do-governador\/","title":{"rendered":"Simmm &#8211; Uma figura marcante da Ilha do Governador"},"content":{"rendered":"<p style=\"text-align: justify;\">Por volta de 1995, era comum encontrar, pelas ruas da Ilha do Governador, no Rio de Janeiro, um homem que se tornou bastante conhecido entre os moradores da regi\u00e3o. Chamava a aten\u00e7\u00e3o por desenhar figuras curiosas nas cal\u00e7adas, utilizando giz ou gesso, e por fazer longos discursos que, para muitos, eram dif\u00edceis de compreender. Em diversos momentos, interrompia suas falas com um forte e prolongado grito de &#8220;Simmm!&#8221;, caracter\u00edstica que acabou lhe rendendo um apelido entre a popula\u00e7\u00e3o.<\/p>\n<figure id=\"attachment_6085\" aria-describedby=\"caption-attachment-6085\" style=\"width: 609px\" class=\"wp-caption aligncenter\"><img loading=\"lazy\" decoding=\"async\" data-attachment-id=\"6085\" data-permalink=\"https:\/\/www.kanenberg.com.br\/fatosfotoseregistros\/simmm-uma-figura-marcante-da-ilha-do-governador\/simmm\/\" data-orig-file=\"https:\/\/www.kanenberg.com.br\/fatosfotoseregistros\/wp-content\/uploads\/2026\/07\/simmm.jpg\" data-orig-size=\"1024,1722\" data-comments-opened=\"1\" data-image-meta=\"{&quot;aperture&quot;:&quot;0&quot;,&quot;credit&quot;:&quot;&quot;,&quot;camera&quot;:&quot;&quot;,&quot;caption&quot;:&quot;&quot;,&quot;created_timestamp&quot;:&quot;0&quot;,&quot;copyright&quot;:&quot;&quot;,&quot;focal_length&quot;:&quot;0&quot;,&quot;iso&quot;:&quot;0&quot;,&quot;shutter_speed&quot;:&quot;0&quot;,&quot;title&quot;:&quot;&quot;,&quot;orientation&quot;:&quot;0&quot;}\" data-image-title=\"simmm\" data-image-description=\"&lt;p&gt;Simmm&lt;\/p&gt;\n\" data-image-caption=\"&lt;p&gt;Simmm&lt;\/p&gt;\n\" data-large-file=\"https:\/\/www.kanenberg.com.br\/fatosfotoseregistros\/wp-content\/uploads\/2026\/07\/simmm-609x1024.jpg\" class=\"size-large wp-image-6085\" src=\"https:\/\/www.kanenberg.com.br\/fatosfotoseregistros\/wp-content\/uploads\/2026\/07\/simmm-609x1024.jpg\" alt=\"Simmm\" width=\"609\" height=\"1024\" srcset=\"https:\/\/www.kanenberg.com.br\/fatosfotoseregistros\/wp-content\/uploads\/2026\/07\/simmm-609x1024.jpg 609w, https:\/\/www.kanenberg.com.br\/fatosfotoseregistros\/wp-content\/uploads\/2026\/07\/simmm-178x300.jpg 178w, https:\/\/www.kanenberg.com.br\/fatosfotoseregistros\/wp-content\/uploads\/2026\/07\/simmm-768x1292.jpg 768w, https:\/\/www.kanenberg.com.br\/fatosfotoseregistros\/wp-content\/uploads\/2026\/07\/simmm-913x1536.jpg 913w, https:\/\/www.kanenberg.com.br\/fatosfotoseregistros\/wp-content\/uploads\/2026\/07\/simmm.jpg 1024w\" sizes=\"auto, (max-width: 609px) 100vw, 609px\" \/><figcaption id=\"caption-attachment-6085\" class=\"wp-caption-text\">Simmm<\/figcaption><\/figure>\n<p style=\"text-align: justify;\">Durante seus discursos, costumava defender as crian\u00e7as e proferir palavras de ordem relacionadas \u00e0 prote\u00e7\u00e3o dos mais vulner\u00e1veis. Apesar de seu comportamento incomum, era reconhecido por n\u00e3o demonstrar agressividade nem causar qualquer tipo de mal \u00e0s pessoas.<\/p>\n<p style=\"text-align: justify;\">Segundo relatos de moradores que conviveram com ele, tratava-se de uma pessoa de grande cultura e intelig\u00eancia, que possu\u00eda amplo conhecimento geral e dominava outros idiomas. Tamb\u00e9m circulava a hist\u00f3ria de que seus transtornos teriam se iniciado ap\u00f3s um epis\u00f3dio extremamente traum\u00e1tico: o assassinato de sua esposa e de seus filhos durante um assalto \u00e0 resid\u00eancia da fam\u00edlia. Entretanto, essa informa\u00e7\u00e3o faz parte da tradi\u00e7\u00e3o oral e n\u00e3o foi poss\u00edvel confirm\u00e1-la por meio de fontes documentais.<\/p>\n<p style=\"text-align: justify;\">Nos momentos de maior lucidez, era descrito como uma pessoa educada, gentil e muito comunicativa, capaz de conversar sobre diversos assuntos, inclusive temas da atualidade. Em outras ocasi\u00f5es, por\u00e9m, apresentava mudan\u00e7as bruscas de comportamento em decorr\u00eancia de seus transtornos, passando a agir de forma bastante diferente. Ainda assim, segundo aqueles que o conheceram, mantinha um comportamento respeitoso e amig\u00e1vel.<\/p>\n<p style=\"text-align: justify;\">Informa\u00e7\u00f5es encontradas posteriormente na internet e em redes sociais indicam que seu nome seria Eduardo. H\u00e1 tamb\u00e9m relatos de que, nos \u00faltimos anos de sua vida, frequentava a Par\u00f3quia S\u00e3o Jos\u00e9 Oper\u00e1rio, onde teria recebido acolhimento e apresentado significativa melhora em seu estado de sa\u00fade. As mesmas fontes afirmam que ele j\u00e1 \u00e9 falecido.<\/p>\n<p style=\"text-align: justify;\">Embora parte dessas informa\u00e7\u00f5es permane\u00e7a sem comprova\u00e7\u00e3o documental, sua presen\u00e7a marcou a mem\u00f3ria de muitos moradores da Ilha do Governador. A lembran\u00e7a de Eduardo permanece preservada por meio das hist\u00f3rias transmitidas de gera\u00e7\u00e3o em gera\u00e7\u00e3o, compondo um dos muitos personagens que fazem parte da mem\u00f3ria afetiva e da hist\u00f3ria cotidiana do bairro.<\/p>\n","protected":false},"excerpt":{"rendered":"<p>Por volta de 1995, era comum encontrar, pelas ruas da Ilha do Governador, no Rio de Janeiro, um homem que se tornou bastante conhecido entre os moradores da regi\u00e3o. Chamava a aten\u00e7\u00e3o por desenhar figuras curiosas nas cal\u00e7adas, utilizando giz ou gesso, e por fazer longos discursos que, para muitos, eram dif\u00edceis de compreender.<\/p>\n","protected":false},"author":1,"featured_media":0,"comment_status":"open","ping_status":"open","sticky":false,"template":"","format":"standard","meta":{"_exactmetrics_skip_tracking":false,"_jetpack_newsletter_access":"","_jetpack_dont_email_post_to_subs":false,"_jetpack_newsletter_tier_id":0,"_jetpack_memberships_contains_paywalled_content":false,"_jetpack_feature_clip_id":0,"_jetpack_memberships_contains_paid_content":false,"footnotes":"","jetpack_publicize_message":"","jetpack_publicize_feature_enabled":true,"jetpack_social_post_already_shared":false,"jetpack_social_options":{"image_generator_settings":{"template":"highway","default_image_id":0,"font":"","enabled":false},"version":2},"jetpack_post_was_ever_published":false},"categories":[407],"tags":[296],"class_list":["post-6084","post","type-post","status-publish","format-standard","hentry","category-personalidades","tag-ilha-do-governador"],"jetpack_publicize_connections":[],"jetpack_sharing_enabled":true,"jetpack_shortlink":"https:\/\/wp.me\/phkM1X-1A8","jetpack-related-posts":[{"id":4396,"url":"https:\/\/www.kanenberg.com.br\/fatosfotoseregistros\/tour-conhecendo-nossa-ilha-pe\/","url_meta":{"origin":6084,"position":0},"title":"Tour &#8220;Conhecendo nossa ilha p\u00e9!&#8221;","author":"kanenberg","date":"6 de mar\u00e7o de 2017","format":false,"excerpt":"Etapa: \"Manguezal do Jequi\u00e1, Igreja do Morro do Ouro e past\u00e9is de feira, atrativos perfeitos para uma manh\u00e3 de s\u00e1bado pra l\u00e1 de agrad\u00e1vel!\"","rel":"","context":"Em &quot;Eventos&quot;","block_context":{"text":"Eventos","link":"https:\/\/www.kanenberg.com.br\/fatosfotoseregistros\/category\/eventos\/"},"img":{"alt_text":"","src":"https:\/\/i0.wp.com\/www.kanenberg.com.br\/fatosfotoseregistros\/wp-content\/uploads\/2017\/03\/ilhagov.jpg?resize=350%2C200&ssl=1","width":350,"height":200,"srcset":"https:\/\/i0.wp.com\/www.kanenberg.com.br\/fatosfotoseregistros\/wp-content\/uploads\/2017\/03\/ilhagov.jpg?resize=350%2C200&ssl=1 1x, https:\/\/i0.wp.com\/www.kanenberg.com.br\/fatosfotoseregistros\/wp-content\/uploads\/2017\/03\/ilhagov.jpg?resize=525%2C300&ssl=1 1.5x, https:\/\/i0.wp.com\/www.kanenberg.com.br\/fatosfotoseregistros\/wp-content\/uploads\/2017\/03\/ilhagov.jpg?resize=700%2C400&ssl=1 2x"},"classes":[]},{"id":5325,"url":"https:\/\/www.kanenberg.com.br\/fatosfotoseregistros\/museu-ilha-das-flores\/","url_meta":{"origin":6084,"position":1},"title":"Museu da Imigra\u00e7\u00e3o da Ilha das Flores: um lugar de chegada, esperan\u00e7a e mem\u00f3ria","author":"kanenberg","date":"18 de fevereiro de 2019","format":false,"excerpt":"Na Ba\u00eda de Guanabara, no munic\u00edpio de S\u00e3o Gon\u00e7alo, encontra-se um lugar que guarda uma importante parte da hist\u00f3ria da imigra\u00e7\u00e3o no Brasil: a Ilha das Flores, onde funcionou, entre 1883 e 1966, a Hospedaria de Imigrantes da Ilha das Flores.","rel":"","context":"Em &quot;Lugares&quot;","block_context":{"text":"Lugares","link":"https:\/\/www.kanenberg.com.br\/fatosfotoseregistros\/category\/lugares\/"},"img":{"alt_text":"Vista do cais de entrada da Hospedaria de Imigrantes, na Ilha das Flores","src":"https:\/\/i0.wp.com\/www.kanenberg.com.br\/fatosfotoseregistros\/wp-content\/uploads\/2019\/02\/ilha_flores_00.jpg.jpg?resize=350%2C200&ssl=1","width":350,"height":200,"srcset":"https:\/\/i0.wp.com\/www.kanenberg.com.br\/fatosfotoseregistros\/wp-content\/uploads\/2019\/02\/ilha_flores_00.jpg.jpg?resize=350%2C200&ssl=1 1x, https:\/\/i0.wp.com\/www.kanenberg.com.br\/fatosfotoseregistros\/wp-content\/uploads\/2019\/02\/ilha_flores_00.jpg.jpg?resize=525%2C300&ssl=1 1.5x, https:\/\/i0.wp.com\/www.kanenberg.com.br\/fatosfotoseregistros\/wp-content\/uploads\/2019\/02\/ilha_flores_00.jpg.jpg?resize=700%2C400&ssl=1 2x, https:\/\/i0.wp.com\/www.kanenberg.com.br\/fatosfotoseregistros\/wp-content\/uploads\/2019\/02\/ilha_flores_00.jpg.jpg?resize=1050%2C600&ssl=1 3x, https:\/\/i0.wp.com\/www.kanenberg.com.br\/fatosfotoseregistros\/wp-content\/uploads\/2019\/02\/ilha_flores_00.jpg.jpg?resize=1400%2C800&ssl=1 4x"},"classes":[]},{"id":2169,"url":"https:\/\/www.kanenberg.com.br\/fatosfotoseregistros\/a-lenda-da-pedra-da-onca\/","url_meta":{"origin":6084,"position":2},"title":"A Lenda da Pedra da On\u00e7a","author":"kanenberg","date":"21 de julho de 2016","format":false,"excerpt":"Existe uma escultura de uma Gato Maracaj\u00e1 sobre a Pedra dos Amores que fica na praia do Bananal, na Ilha do Governador (cidade do Rio de Janeiro). Essa escultura, da d\u00e9cada de 1920, \u00e9 fruto de famosa lenda e se tornou um s\u00edmbolo daquele bairro.","rel":"","context":"Em &quot;Textos&quot;","block_context":{"text":"Textos","link":"https:\/\/www.kanenberg.com.br\/fatosfotoseregistros\/category\/textos\/"},"img":{"alt_text":"pedra_onca_1954","src":"https:\/\/fatosfotoseregistros.files.wordpress.com\/2016\/07\/pedra_onca_1954.jpg?w=350&h=200&crop=1","width":350,"height":200},"classes":[]},{"id":5275,"url":"https:\/\/www.kanenberg.com.br\/fatosfotoseregistros\/florianopolis-em-1976\/","url_meta":{"origin":6084,"position":3},"title":"Florian\u00f3polis em 1976: Um Retrato Hist\u00f3rico da Capital Catarinense","author":"kanenberg","date":"6 de setembro de 2026","format":false,"excerpt":"O registro em v\u00eddeo resgata imagens da Ilha de Santa Catarina gravadas em 1976, per\u00edodo em que Florian\u00f3polis contava com cerca de 170 mil habitantes espalhados por seus 450 km\u00b2 de \u00e1rea territorial. As filmagens capturam a transi\u00e7\u00e3o entre a tradi\u00e7\u00e3o a\u00e7oriana e a moderniza\u00e7\u00e3o urbana da capital catarinense durante\u2026","rel":"","context":"Em &quot;Lugares&quot;","block_context":{"text":"Lugares","link":"https:\/\/www.kanenberg.com.br\/fatosfotoseregistros\/category\/lugares\/"},"img":{"alt_text":"onte Herc\u00edlio Luz, d\u00e9cada de 70. Vista do lado continental, ao fundo a Ilha de Santa Catarina.","src":"https:\/\/i0.wp.com\/www.kanenberg.com.br\/fatosfotoseregistros\/wp-content\/uploads\/2026\/09\/Ponte_Hercilio_Luz_1970.jpg?resize=350%2C200&ssl=1","width":350,"height":200,"srcset":"https:\/\/i0.wp.com\/www.kanenberg.com.br\/fatosfotoseregistros\/wp-content\/uploads\/2026\/09\/Ponte_Hercilio_Luz_1970.jpg?resize=350%2C200&ssl=1 1x, https:\/\/i0.wp.com\/www.kanenberg.com.br\/fatosfotoseregistros\/wp-content\/uploads\/2026\/09\/Ponte_Hercilio_Luz_1970.jpg?resize=525%2C300&ssl=1 1.5x, https:\/\/i0.wp.com\/www.kanenberg.com.br\/fatosfotoseregistros\/wp-content\/uploads\/2026\/09\/Ponte_Hercilio_Luz_1970.jpg?resize=700%2C400&ssl=1 2x, https:\/\/i0.wp.com\/www.kanenberg.com.br\/fatosfotoseregistros\/wp-content\/uploads\/2026\/09\/Ponte_Hercilio_Luz_1970.jpg?resize=1050%2C600&ssl=1 3x"},"classes":[]},{"id":6289,"url":"https:\/\/www.kanenberg.com.br\/fatosfotoseregistros\/luz-del-fuego-a-pioneira-do-naturismo-das-cobras-e-da-liberdade-no-rio-de-janeiro\/","url_meta":{"origin":6084,"position":4},"title":"Luz Del Fuego: A pioneira do naturismo, das cobras e da liberdade no Rio de Janeiro","author":"kanenberg","date":"13 de agosto de 2026","format":false,"excerpt":"Se voc\u00ea caminhar pela hist\u00f3ria cultural do Rio de Janeiro em meados do s\u00e9culo XX, encontrar\u00e1 figuras fascinantes, mas poucas foram t\u00e3o ousadas, vision\u00e1rias e pol\u00eamicas quanto Luz Del Fuego. Artista, bailarina, ativista e pioneira do naturismo no Brasil, ela desafiou a moral conservadora de sua \u00e9poca e transformou uma\u2026","rel":"","context":"Em &quot;Lugares&quot;","block_context":{"text":"Lugares","link":"https:\/\/www.kanenberg.com.br\/fatosfotoseregistros\/category\/lugares\/"},"img":{"alt_text":"Luz Del Fuego e suas famosas cobras. Fonte: Wikip\u00e9dia \/ Luz del Fuego \u2013 Wikip\u00e9dia, a enciclop\u00e9dia livre","src":"https:\/\/i0.wp.com\/www.kanenberg.com.br\/fatosfotoseregistros\/wp-content\/uploads\/2026\/08\/Luz-Del-Fuego.jpg?resize=350%2C200&ssl=1","width":350,"height":200},"classes":[]},{"id":1077,"url":"https:\/\/www.kanenberg.com.br\/fatosfotoseregistros\/fortaleza-de-sao-jose-da-ponta-grossa\/","url_meta":{"origin":6084,"position":5},"title":"Fortaleza de S\u00e3o Jos\u00e9 da Ponta Grossa","author":"kanenberg","date":"7 de junho de 2016","format":false,"excerpt":"Est\u00e1 localizada ao norte da Ilha de Santa Catarina, entre as Praias do Forte e de Jurer\u00ea, em Florian\u00f3polis, no Estado de Santa Catarina. A constru\u00e7\u00e3o austera e imponente caracteriza-se pela riqueza da sua arquitetura, apresentando tra\u00e7os de influ\u00eancia renascentista.","rel":"","context":"Em &quot;Imagem&quot;","block_context":{"text":"Imagem","link":"https:\/\/www.kanenberg.com.br\/fatosfotoseregistros\/category\/imagem\/"},"img":{"alt_text":"pub_ponta_grossa_01","src":"https:\/\/fatosfotoseregistros.files.wordpress.com\/2016\/06\/pub_ponta_grossa_01.jpg?w=350&h=200&crop=1","width":350,"height":200,"srcset":"https:\/\/fatosfotoseregistros.files.wordpress.com\/2016\/06\/pub_ponta_grossa_01.jpg?w=350&h=200&crop=1 1x, https:\/\/fatosfotoseregistros.files.wordpress.com\/2016\/06\/pub_ponta_grossa_01.jpg?w=525&h=300&crop=1 1.5x"},"classes":[]}],"jetpack_likes_enabled":true,"amp_enabled":true,"jetpack_featured_media_url":"","_links":{"self":[{"href":"https:\/\/www.kanenberg.com.br\/fatosfotoseregistros\/wp-json\/wp\/v2\/posts\/6084","targetHints":{"allow":["GET"]}}],"collection":[{"href":"https:\/\/www.kanenberg.com.br\/fatosfotoseregistros\/wp-json\/wp\/v2\/posts"}],"about":[{"href":"https:\/\/www.kanenberg.com.br\/fatosfotoseregistros\/wp-json\/wp\/v2\/types\/post"}],"author":[{"embeddable":true,"href":"https:\/\/www.kanenberg.com.br\/fatosfotoseregistros\/wp-json\/wp\/v2\/users\/1"}],"replies":[{"embeddable":true,"href":"https:\/\/www.kanenberg.com.br\/fatosfotoseregistros\/wp-json\/wp\/v2\/comments?post=6084"}],"version-history":[{"count":1,"href":"https:\/\/www.kanenberg.com.br\/fatosfotoseregistros\/wp-json\/wp\/v2\/posts\/6084\/revisions"}],"predecessor-version":[{"id":6086,"href":"https:\/\/www.kanenberg.com.br\/fatosfotoseregistros\/wp-json\/wp\/v2\/posts\/6084\/revisions\/6086"}],"wp:attachment":[{"href":"https:\/\/www.kanenberg.com.br\/fatosfotoseregistros\/wp-json\/wp\/v2\/media?parent=6084"}],"wp:term":[{"taxonomy":"category","embeddable":true,"href":"https:\/\/www.kanenberg.com.br\/fatosfotoseregistros\/wp-json\/wp\/v2\/categories?post=6084"},{"taxonomy":"post_tag","embeddable":true,"href":"https:\/\/www.kanenberg.com.br\/fatosfotoseregistros\/wp-json\/wp\/v2\/tags?post=6084"}],"curies":[{"name":"wp","href":"https:\/\/api.w.org\/{rel}","templated":true}]}}