{"id":6080,"date":"2026-07-11T17:54:20","date_gmt":"2026-07-11T20:54:20","guid":{"rendered":"https:\/\/www.kanenberg.com.br\/fatosfotoseregistros\/?p=6080"},"modified":"2026-07-11T18:02:39","modified_gmt":"2026-07-11T21:02:39","slug":"peppino-di-capri-morre-aos-86-anos","status":"publish","type":"post","link":"https:\/\/www.kanenberg.com.br\/fatosfotoseregistros\/peppino-di-capri-morre-aos-86-anos\/","title":{"rendered":"Cantor italiano Peppino di Capri morre aos 86 anos"},"content":{"rendered":"<p style=\"text-align: JUSTIFY;\" data-path-to-node=\"3\">\u00c9 um dia triste para os amantes da m\u00fasica rom\u00e2ntica e da tradicional melodia italiana. O falecimento de Peppino di Capri deixa um vazio enorme, mas tamb\u00e9m um legado eterno que embalou gera\u00e7\u00f5es, jantares rom\u00e2nticos e mem\u00f3rias afetivas ao som de cl\u00e1ssicos como <i data-path-to-node=\"0\" data-index-in-node=\"259\">&#8220;Champagne&#8221;<\/i> e <i data-path-to-node=\"0\" data-index-in-node=\"273\">&#8220;Roberta&#8221;<\/i>.<\/p>\n<figure id=\"attachment_6081\" aria-describedby=\"caption-attachment-6081\" style=\"width: 1443px\" class=\"wp-caption aligncenter\"><img loading=\"lazy\" decoding=\"async\" data-attachment-id=\"6081\" data-permalink=\"https:\/\/www.kanenberg.com.br\/fatosfotoseregistros\/peppino-di-capri-morre-aos-86-anos\/chatgpt-image-11-de-jul-de-2026-16_39_36\/\" data-orig-file=\"https:\/\/www.kanenberg.com.br\/fatosfotoseregistros\/wp-content\/uploads\/2026\/07\/ChatGPT-Image-11-de-jul.-de-2026-16_39_36.png\" data-orig-size=\"1443,1090\" data-comments-opened=\"1\" data-image-meta=\"{&quot;aperture&quot;:&quot;0&quot;,&quot;credit&quot;:&quot;&quot;,&quot;camera&quot;:&quot;&quot;,&quot;caption&quot;:&quot;&quot;,&quot;created_timestamp&quot;:&quot;0&quot;,&quot;copyright&quot;:&quot;&quot;,&quot;focal_length&quot;:&quot;0&quot;,&quot;iso&quot;:&quot;0&quot;,&quot;shutter_speed&quot;:&quot;0&quot;,&quot;title&quot;:&quot;&quot;,&quot;orientation&quot;:&quot;0&quot;}\" data-image-title=\"Peppino di Capri\" data-image-description=\"\" data-image-caption=\"&lt;p&gt;Peppino di Capri&lt;\/p&gt;\n\" data-large-file=\"https:\/\/www.kanenberg.com.br\/fatosfotoseregistros\/wp-content\/uploads\/2026\/07\/ChatGPT-Image-11-de-jul.-de-2026-16_39_36-1024x773.png\" class=\"size-full wp-image-6081\" src=\"https:\/\/www.kanenberg.com.br\/fatosfotoseregistros\/wp-content\/uploads\/2026\/07\/ChatGPT-Image-11-de-jul.-de-2026-16_39_36.png\" alt=\"Peppino di Capri\" width=\"1443\" height=\"1090\" srcset=\"https:\/\/www.kanenberg.com.br\/fatosfotoseregistros\/wp-content\/uploads\/2026\/07\/ChatGPT-Image-11-de-jul.-de-2026-16_39_36.png 1443w, https:\/\/www.kanenberg.com.br\/fatosfotoseregistros\/wp-content\/uploads\/2026\/07\/ChatGPT-Image-11-de-jul.-de-2026-16_39_36-300x227.png 300w, https:\/\/www.kanenberg.com.br\/fatosfotoseregistros\/wp-content\/uploads\/2026\/07\/ChatGPT-Image-11-de-jul.-de-2026-16_39_36-1024x773.png 1024w, https:\/\/www.kanenberg.com.br\/fatosfotoseregistros\/wp-content\/uploads\/2026\/07\/ChatGPT-Image-11-de-jul.-de-2026-16_39_36-768x580.png 768w\" sizes=\"auto, (max-width: 1443px) 100vw, 1443px\" \/><figcaption id=\"caption-attachment-6081\" class=\"wp-caption-text\">Peppino di Capri<\/figcaption><\/figure>\n<h2 data-path-to-node=\"3\">A Origem do Nome Art\u00edstico<\/h2>\n<p style=\"text-align: justify;\" data-path-to-node=\"4\">Nascido sob o nome de <b data-path-to-node=\"4\" data-index-in-node=\"22\">Giuseppe Faiella<\/b> na paradis\u00edaca Ilha de Capri, a mudan\u00e7a para o nome que o consagrou mundialmente ocorreu bem no in\u00edcio de sua trajet\u00f3ria profissional, no final dos anos 1950.<\/p>\n<p style=\"text-align: justify;\" data-path-to-node=\"5\">Quando formou sua primeira banda oficial, o grupo se chamava <i data-path-to-node=\"5\" data-index-in-node=\"61\">I Rockers<\/i>. Naquela \u00e9poca, o rock &#8216;n&#8217; roll americano e astros como Buddy Holly faziam muito sucesso. O empres\u00e1rio e produtor musical da banda sugeriu que o nome do vocalista precisava ser mais comercial, sonoro e, ao mesmo tempo, carregar a identidade de suas origens.<\/p>\n<ul data-path-to-node=\"6\">\n<li>\n<p style=\"text-align: justify;\" data-path-to-node=\"6,0,0\"><b data-path-to-node=\"6,0,0\" data-index-in-node=\"0\">Peppino:<\/b> \u00c9 o diminutivo e apelido carinhoso tradicional para &#8220;Giuseppe&#8221; na It\u00e1lia.<\/p>\n<\/li>\n<li>\n<p style=\"text-align: justify;\" data-path-to-node=\"6,1,0\"><b data-path-to-node=\"6,1,0\" data-index-in-node=\"0\">di Capri:<\/b> Uma homenagem direta \u00e0 sua terra natal, a Ilha de Capri, que representava o charme e a eleg\u00e2ncia mediterr\u00e2nea.<\/p>\n<\/li>\n<\/ul>\n<p style=\"text-align: justify;\" data-path-to-node=\"7\">Unindo o apelido local ao local de nascimento, nasceu <b data-path-to-node=\"7\" data-index-in-node=\"54\">Peppino di Capri<\/b>, um nome que sintetizava a proximidade com o p\u00fablico e o magnetismo de sua ilha.<\/p>\n<h2 data-path-to-node=\"9\">Uma Hist\u00f3ria de Inova\u00e7\u00e3o Musical<\/h2>\n<p style=\"text-align: justify;\" data-path-to-node=\"10\">A trajet\u00f3ria de Peppino come\u00e7ou muito cedo. Vindo de uma fam\u00edlia de m\u00fasicos \u2014 seu pai tinha uma loja de discos e tocava clarinete \u2014, ele come\u00e7ou a tocar piano com apenas 4 anos. Durante a Segunda Guerra Mundial, o pequeno Giuseppe j\u00e1 se apresentava tocando para as tropas americanas estacionadas em Capri.<\/p>\n<p style=\"text-align: justify;\" data-path-to-node=\"11\">Sua grande sacada na juventude foi revolucion\u00e1ria: <b data-path-to-node=\"11\" data-index-in-node=\"51\">ele misturou a tradicional can\u00e7\u00e3o napolitana com o rock &#8216;n&#8217; roll e o twist americanos.<\/b> Essa fus\u00e3o rejuvenesceu a m\u00fasica italiana e transformou Peppino em um \u00eddolo da juventude dos anos 1960.<\/p>\n<p style=\"text-align: justify;\" data-path-to-node=\"12\">Com uma carreira que cruzou mais de seis d\u00e9cadas, ele se tornou uma das figuras mais ass\u00edduas do prestigiado <b data-path-to-node=\"12\" data-index-in-node=\"109\">Festival de Sanremo<\/b>, onde participou 15 vezes e saiu vencedor em duas ocasi\u00f5es: em 1973 (com <i data-path-to-node=\"12\" data-index-in-node=\"202\">&#8220;Un grande amore e niente pi\u00f9&#8221;<\/i>) e em 1976 (com <i data-path-to-node=\"12\" data-index-in-node=\"249\">&#8220;Non lo faccio pi\u00f9&#8221;<\/i>).<\/p>\n<h2 data-path-to-node=\"14\">Curiosidades Marcantes<\/h2>\n<p style=\"text-align: justify;\" data-path-to-node=\"15,0\"><b data-path-to-node=\"15,0\" data-index-in-node=\"0\">Abertura para os Beatles:<\/b> Em 1965, quando os Beatles fizeram sua \u00fanica e hist\u00f3rica turn\u00ea pela It\u00e1lia, foi Peppino di Capri e sua banda que abriram os lend\u00e1rios shows dos garotos de Liverpool em Mil\u00e3o, G\u00eanova e Roma.<\/p>\n<ul data-path-to-node=\"16\">\n<li>\n<p style=\"text-align: justify;\" data-path-to-node=\"16,0,0\"><b data-path-to-node=\"16,0,0\" data-index-in-node=\"0\">A hist\u00f3ria por tr\u00e1s de &#8220;Roberta&#8221;:<\/b> Um de seus maiores sucessos mundiais, a m\u00fasica <i data-path-to-node=\"16,0,0\" data-index-in-node=\"81\">&#8220;Roberta&#8221;<\/i>, foi escrita em homenagem \u00e0 sua primeira esposa, a modelo Roberta Stoppa, em um momento de reconcilia\u00e7\u00e3o do casal.<\/p>\n<\/li>\n<li>\n<p style=\"text-align: justify;\" data-path-to-node=\"16,1,0\"><b data-path-to-node=\"16,1,0\" data-index-in-node=\"0\">O hino &#8220;Champagne&#8221;:<\/b> Lan\u00e7ada em 1973, a can\u00e7\u00e3o se tornou um sucesso estrondoso n\u00e3o apenas na It\u00e1lia, mas de forma massiva no Brasil, Argentina e em toda a Am\u00e9rica Latina, tornando-se o tema definitivo de celebra\u00e7\u00f5es e nostalgias rom\u00e2nticas.<\/p>\n<\/li>\n<li>\n<p style=\"text-align: justify;\" data-path-to-node=\"16,2,0\"><b data-path-to-node=\"16,2,0\" data-index-in-node=\"0\">Fidelidade \u00e0s ra\u00edzes:<\/b> Apesar do sucesso global e de ter rodado o mundo, Peppino nunca abandonou de verdade seu porto seguro. Ele passou a vida inteira morando na Villa Castiglione, em sua amada Capri, onde tamb\u00e9m faleceu.<\/p>\n<\/li>\n<\/ul>\n","protected":false},"excerpt":{"rendered":"<p>\u00c9 um dia triste para os amantes da m\u00fasica rom\u00e2ntica e da tradicional melodia italiana. O falecimento de Peppino di Capri deixa um vazio enorme, mas tamb\u00e9m um legado eterno que embalou gera\u00e7\u00f5es, jantares rom\u00e2nticos e mem\u00f3rias afetivas ao som de cl\u00e1ssicos como &#8220;Champagne&#8221; e &#8220;Roberta&#8221;.<\/p>\n","protected":false},"author":1,"featured_media":0,"comment_status":"open","ping_status":"open","sticky":false,"template":"","format":"standard","meta":{"_exactmetrics_skip_tracking":false,"_jetpack_newsletter_access":"","_jetpack_dont_email_post_to_subs":false,"_jetpack_newsletter_tier_id":0,"_jetpack_memberships_contains_paywalled_content":false,"_jetpack_feature_clip_id":0,"_jetpack_memberships_contains_paid_content":false,"footnotes":"","jetpack_publicize_message":"","jetpack_publicize_feature_enabled":true,"jetpack_social_post_already_shared":false,"jetpack_social_options":{"image_generator_settings":{"template":"highway","default_image_id":0,"font":"","enabled":false},"version":2},"jetpack_post_was_ever_published":false},"categories":[407],"tags":[257,409,408],"class_list":["post-6080","post","type-post","status-publish","format-standard","hentry","category-personalidades","tag-acontecimentos","tag-cantores","tag-musica"],"jetpack_publicize_connections":[],"jetpack_sharing_enabled":true,"jetpack_shortlink":"https:\/\/wp.me\/phkM1X-1A4","jetpack-related-posts":[{"id":6292,"url":"https:\/\/www.kanenberg.com.br\/fatosfotoseregistros\/branquinha-de-avare\/","url_meta":{"origin":6080,"position":0},"title":"A Lealdade Al\u00e9m do Tempo: A Hist\u00f3ria de Branquinha, a Anja Guardi\u00e3 de Avar\u00e9","author":"kanenberg","date":"16 de agosto de 2026","format":false,"excerpt":"H\u00e1 hist\u00f3rias que desafiam a nossa compreens\u00e3o sobre a profundidade do afeto animal, e a de Branquinha, a emblem\u00e1tica cachorrinha do Cemit\u00e9rio Municipal de Avar\u00e9 (SP), \u00e9 um desses relatos que merecem ficar gravados na mem\u00f3ria coletiva.","rel":"","context":"Em &quot;Lugares&quot;","block_context":{"text":"Lugares","link":"https:\/\/www.kanenberg.com.br\/fatosfotoseregistros\/category\/lugares\/"},"img":{"alt_text":"Branquinha de Avar\u00e9","src":"https:\/\/i0.wp.com\/www.kanenberg.com.br\/fatosfotoseregistros\/wp-content\/uploads\/2026\/08\/branquinha.jpg?resize=350%2C200&ssl=1","width":350,"height":200,"srcset":"https:\/\/i0.wp.com\/www.kanenberg.com.br\/fatosfotoseregistros\/wp-content\/uploads\/2026\/08\/branquinha.jpg?resize=350%2C200&ssl=1 1x, https:\/\/i0.wp.com\/www.kanenberg.com.br\/fatosfotoseregistros\/wp-content\/uploads\/2026\/08\/branquinha.jpg?resize=525%2C300&ssl=1 1.5x"},"classes":[]},{"id":6327,"url":"https:\/\/www.kanenberg.com.br\/fatosfotoseregistros\/o-caso-taninha-e-a-fera-da-penha\/","url_meta":{"origin":6080,"position":1},"title":"O Caso Taninha e a &#8220;Fera da Penha&#8221;: Trag\u00e9dia, Devocion\u00e1rio e Cinema","author":"kanenberg","date":"25 de agosto de 2026","format":false,"excerpt":"Um t\u00famulo rosa no Cemit\u00e9rio de Inha\u00fama\u00a0carrega uma das hist\u00f3rias de crimes reais mais famosas, tr\u00e1gicas e intrigantes da cr\u00f4nica urbana do Rio de Janeiro do s\u00e9culo XX.","rel":"","context":"Em &quot;Lugares&quot;","block_context":{"text":"Lugares","link":"https:\/\/www.kanenberg.com.br\/fatosfotoseregistros\/category\/lugares\/"},"img":{"alt_text":"","src":"https:\/\/i0.wp.com\/www.kanenberg.com.br\/fatosfotoseregistros\/wp-content\/uploads\/2026\/08\/Taninha_3.jpg?resize=350%2C200&ssl=1","width":350,"height":200,"srcset":"https:\/\/i0.wp.com\/www.kanenberg.com.br\/fatosfotoseregistros\/wp-content\/uploads\/2026\/08\/Taninha_3.jpg?resize=350%2C200&ssl=1 1x, https:\/\/i0.wp.com\/www.kanenberg.com.br\/fatosfotoseregistros\/wp-content\/uploads\/2026\/08\/Taninha_3.jpg?resize=525%2C300&ssl=1 1.5x"},"classes":[]},{"id":6173,"url":"https:\/\/www.kanenberg.com.br\/fatosfotoseregistros\/25-de-julho-dia-da-imigracao-alema\/","url_meta":{"origin":6080,"position":2},"title":"25 de julho: Dia da Imigra\u00e7\u00e3o Alem\u00e3","author":"kanenberg","date":"25 de julho de 2026","format":false,"excerpt":"O dia 25 de julho ocupa um lugar especial na hist\u00f3ria do Brasil. Nesta data, celebra-se o Dia da Imigra\u00e7\u00e3o Alem\u00e3, uma homenagem \u00e0 chegada dos primeiros imigrantes alem\u00e3es ao pa\u00eds, em 1824, quando desembarcaram na ent\u00e3o Col\u00f4nia de S\u00e3o Leopoldo, no Rio Grande do Sul. A partir daquele momento,\u2026","rel":"","context":"Em &quot;Textos&quot;","block_context":{"text":"Textos","link":"https:\/\/www.kanenberg.com.br\/fatosfotoseregistros\/category\/textos\/"},"img":{"alt_text":"25 de julho: Dia da Imigra\u00e7\u00e3o Alem\u00e3 O dia 25 de julho ocupa um lugar especial na hist\u00f3ria do Brasi","src":"https:\/\/i0.wp.com\/www.kanenberg.com.br\/fatosfotoseregistros\/wp-content\/uploads\/2026\/07\/ChatGPT-Image-25-de-jul.-de-2026-19_37_25.png?resize=350%2C200&ssl=1","width":350,"height":200,"srcset":"https:\/\/i0.wp.com\/www.kanenberg.com.br\/fatosfotoseregistros\/wp-content\/uploads\/2026\/07\/ChatGPT-Image-25-de-jul.-de-2026-19_37_25.png?resize=350%2C200&ssl=1 1x, https:\/\/i0.wp.com\/www.kanenberg.com.br\/fatosfotoseregistros\/wp-content\/uploads\/2026\/07\/ChatGPT-Image-25-de-jul.-de-2026-19_37_25.png?resize=525%2C300&ssl=1 1.5x, https:\/\/i0.wp.com\/www.kanenberg.com.br\/fatosfotoseregistros\/wp-content\/uploads\/2026\/07\/ChatGPT-Image-25-de-jul.-de-2026-19_37_25.png?resize=700%2C400&ssl=1 2x, https:\/\/i0.wp.com\/www.kanenberg.com.br\/fatosfotoseregistros\/wp-content\/uploads\/2026\/07\/ChatGPT-Image-25-de-jul.-de-2026-19_37_25.png?resize=1050%2C600&ssl=1 3x, https:\/\/i0.wp.com\/www.kanenberg.com.br\/fatosfotoseregistros\/wp-content\/uploads\/2026\/07\/ChatGPT-Image-25-de-jul.-de-2026-19_37_25.png?resize=1400%2C800&ssl=1 4x"},"classes":[]},{"id":6284,"url":"https:\/\/www.kanenberg.com.br\/fatosfotoseregistros\/o-charmoso-ronco-da-historia-origem-sucesso-e-curiosidades-da-lambretta\/","url_meta":{"origin":6080,"position":3},"title":"O Charmoso Ronco da Hist\u00f3ria: Origem, Sucesso e Curiosidades da Lambretta","author":"kanenberg","date":"12 de agosto de 2026","format":false,"excerpt":"Se existe um ve\u00edculo capaz de despertar nostalgia imediata e remeter a uma \u00e9poca de eleg\u00e2ncia sobre duas rodas, esse ve\u00edculo \u00e9 a Lambretta. Com suas linhas fluidas, mec\u00e2nica simples e um visual inconfund\u00edvel, o cl\u00e1ssico scooter ultrapassou as barreiras de mero meio de transporte e se tornou um verdadeiro\u2026","rel":"","context":"Em &quot;Textos&quot;","block_context":{"text":"Textos","link":"https:\/\/www.kanenberg.com.br\/fatosfotoseregistros\/category\/textos\/"},"img":{"alt_text":"Lambretta: \u00cdcone italiano sobre duas rodas","src":"https:\/\/i0.wp.com\/www.kanenberg.com.br\/fatosfotoseregistros\/wp-content\/uploads\/2026\/08\/Lambretta.jpg?resize=350%2C200&ssl=1","width":350,"height":200,"srcset":"https:\/\/i0.wp.com\/www.kanenberg.com.br\/fatosfotoseregistros\/wp-content\/uploads\/2026\/08\/Lambretta.jpg?resize=350%2C200&ssl=1 1x, https:\/\/i0.wp.com\/www.kanenberg.com.br\/fatosfotoseregistros\/wp-content\/uploads\/2026\/08\/Lambretta.jpg?resize=525%2C300&ssl=1 1.5x, https:\/\/i0.wp.com\/www.kanenberg.com.br\/fatosfotoseregistros\/wp-content\/uploads\/2026\/08\/Lambretta.jpg?resize=700%2C400&ssl=1 2x, https:\/\/i0.wp.com\/www.kanenberg.com.br\/fatosfotoseregistros\/wp-content\/uploads\/2026\/08\/Lambretta.jpg?resize=1050%2C600&ssl=1 3x, https:\/\/i0.wp.com\/www.kanenberg.com.br\/fatosfotoseregistros\/wp-content\/uploads\/2026\/08\/Lambretta.jpg?resize=1400%2C800&ssl=1 4x"},"classes":[]},{"id":4071,"url":"https:\/\/www.kanenberg.com.br\/fatosfotoseregistros\/cemiterio-de-gatos\/","url_meta":{"origin":6080,"position":4},"title":"O curioso Cemit\u00e9rio dos Gatos de Blumenau","author":"kanenberg","date":"25 de janeiro de 2017","format":false,"excerpt":"Existem cemit\u00e9rios que chamam a aten\u00e7\u00e3o n\u00e3o apenas por sua hist\u00f3ria, mas tamb\u00e9m pela singularidade de sua exist\u00eancia. Ao redor do mundo h\u00e1 exemplos dedicados a animais, como o conhecido Cemit\u00e9rio de P\u00e1ssaros da Ilha de Paquet\u00e1, no Rio de Janeiro. Em Blumenau, Santa Catarina, um dos locais mais curiosos\u2026","rel":"","context":"Em &quot;Imagem&quot;","block_context":{"text":"Imagem","link":"https:\/\/www.kanenberg.com.br\/fatosfotoseregistros\/category\/imagem\/"},"img":{"alt_text":"img_20161228_150137441_hdr-01.jpeg","src":"https:\/\/fatosfotoseregistros.files.wordpress.com\/2017\/01\/img_20161228_150137441_hdr-01.jpeg?w=350&h=200&crop=1","width":350,"height":200,"srcset":"https:\/\/fatosfotoseregistros.files.wordpress.com\/2017\/01\/img_20161228_150137441_hdr-01.jpeg?w=350&h=200&crop=1 1x, https:\/\/fatosfotoseregistros.files.wordpress.com\/2017\/01\/img_20161228_150137441_hdr-01.jpeg?w=525&h=300&crop=1 1.5x, https:\/\/fatosfotoseregistros.files.wordpress.com\/2017\/01\/img_20161228_150137441_hdr-01.jpeg?w=700&h=400&crop=1 2x, https:\/\/fatosfotoseregistros.files.wordpress.com\/2017\/01\/img_20161228_150137441_hdr-01.jpeg?w=1050&h=600&crop=1 3x, https:\/\/fatosfotoseregistros.files.wordpress.com\/2017\/01\/img_20161228_150137441_hdr-01.jpeg?w=1400&h=800&crop=1 4x"},"classes":[]},{"id":290,"url":"https:\/\/www.kanenberg.com.br\/fatosfotoseregistros\/engenho-da-rainha\/","url_meta":{"origin":6080,"position":5},"title":"Engenho da Rainha","author":"kanenberg","date":"14 de junho de 2016","format":false,"excerpt":"A regi\u00e3o acolhia uma resid\u00eancia adquirida pela Rainha Carlota Joaquina, esposa de D. Jo\u00e3o VI, por volta de 1810 com o objetivo de nela descansar, dai tamb\u00e9m a origem do nome do bairro.","rel":"","context":"Em &quot;Textos&quot;","block_context":{"text":"Textos","link":"https:\/\/www.kanenberg.com.br\/fatosfotoseregistros\/category\/textos\/"},"img":{"alt_text":"12717974_968432819919974_7760659722182098204_n","src":"https:\/\/fatosfotoseregistros.files.wordpress.com\/2016\/04\/12717974_968432819919974_7760659722182098204_n.jpg?w=350&h=200&crop=1","width":350,"height":200,"srcset":"https:\/\/fatosfotoseregistros.files.wordpress.com\/2016\/04\/12717974_968432819919974_7760659722182098204_n.jpg?w=350&h=200&crop=1 1x, https:\/\/fatosfotoseregistros.files.wordpress.com\/2016\/04\/12717974_968432819919974_7760659722182098204_n.jpg?w=525&h=300&crop=1 1.5x"},"classes":[]}],"jetpack_likes_enabled":true,"amp_enabled":true,"jetpack_featured_media_url":"","_links":{"self":[{"href":"https:\/\/www.kanenberg.com.br\/fatosfotoseregistros\/wp-json\/wp\/v2\/posts\/6080","targetHints":{"allow":["GET"]}}],"collection":[{"href":"https:\/\/www.kanenberg.com.br\/fatosfotoseregistros\/wp-json\/wp\/v2\/posts"}],"about":[{"href":"https:\/\/www.kanenberg.com.br\/fatosfotoseregistros\/wp-json\/wp\/v2\/types\/post"}],"author":[{"embeddable":true,"href":"https:\/\/www.kanenberg.com.br\/fatosfotoseregistros\/wp-json\/wp\/v2\/users\/1"}],"replies":[{"embeddable":true,"href":"https:\/\/www.kanenberg.com.br\/fatosfotoseregistros\/wp-json\/wp\/v2\/comments?post=6080"}],"version-history":[{"count":3,"href":"https:\/\/www.kanenberg.com.br\/fatosfotoseregistros\/wp-json\/wp\/v2\/posts\/6080\/revisions"}],"predecessor-version":[{"id":6087,"href":"https:\/\/www.kanenberg.com.br\/fatosfotoseregistros\/wp-json\/wp\/v2\/posts\/6080\/revisions\/6087"}],"wp:attachment":[{"href":"https:\/\/www.kanenberg.com.br\/fatosfotoseregistros\/wp-json\/wp\/v2\/media?parent=6080"}],"wp:term":[{"taxonomy":"category","embeddable":true,"href":"https:\/\/www.kanenberg.com.br\/fatosfotoseregistros\/wp-json\/wp\/v2\/categories?post=6080"},{"taxonomy":"post_tag","embeddable":true,"href":"https:\/\/www.kanenberg.com.br\/fatosfotoseregistros\/wp-json\/wp\/v2\/tags?post=6080"}],"curies":[{"name":"wp","href":"https:\/\/api.w.org\/{rel}","templated":true}]}}