{"id":6073,"date":"2026-05-13T00:17:27","date_gmt":"2026-05-13T03:17:27","guid":{"rendered":"https:\/\/www.kanenberg.com.br\/fatosfotoseregistros\/?p=6073"},"modified":"2026-05-12T20:26:31","modified_gmt":"2026-05-12T23:26:31","slug":"a-senhora-centenaria-de-santa-catarina","status":"publish","type":"post","link":"https:\/\/www.kanenberg.com.br\/fatosfotoseregistros\/a-senhora-centenaria-de-santa-catarina\/","title":{"rendered":"A senhora centen\u00e1ria de Santa Catarina"},"content":{"rendered":"<p><img loading=\"lazy\" decoding=\"async\" data-attachment-id=\"6074\" data-permalink=\"https:\/\/www.kanenberg.com.br\/fatosfotoseregistros\/a-senhora-centenaria-de-santa-catarina\/gemini_generated_image_r1dobr1dobr1dobr\/\" data-orig-file=\"https:\/\/www.kanenberg.com.br\/fatosfotoseregistros\/wp-content\/uploads\/2026\/05\/Gemini_Generated_Image_r1dobr1dobr1dobr.png\" data-orig-size=\"1376,768\" data-comments-opened=\"1\" data-image-meta=\"{&quot;aperture&quot;:&quot;0&quot;,&quot;credit&quot;:&quot;&quot;,&quot;camera&quot;:&quot;&quot;,&quot;caption&quot;:&quot;&quot;,&quot;created_timestamp&quot;:&quot;0&quot;,&quot;copyright&quot;:&quot;&quot;,&quot;focal_length&quot;:&quot;0&quot;,&quot;iso&quot;:&quot;0&quot;,&quot;shutter_speed&quot;:&quot;0&quot;,&quot;title&quot;:&quot;&quot;,&quot;orientation&quot;:&quot;0&quot;}\" data-image-title=\"Gemini_Generated_Image_r1dobr1dobr1dobr\" data-image-description=\"\" data-image-caption=\"\" data-large-file=\"https:\/\/www.kanenberg.com.br\/fatosfotoseregistros\/wp-content\/uploads\/2026\/05\/Gemini_Generated_Image_r1dobr1dobr1dobr-1024x572.png\" class=\"aligncenter size-full wp-image-6074\" src=\"https:\/\/www.kanenberg.com.br\/fatosfotoseregistros\/wp-content\/uploads\/2026\/05\/Gemini_Generated_Image_r1dobr1dobr1dobr.png\" alt=\"Ponte Herc\u00edlio Luz 100 anos\" width=\"1376\" height=\"768\" srcset=\"https:\/\/www.kanenberg.com.br\/fatosfotoseregistros\/wp-content\/uploads\/2026\/05\/Gemini_Generated_Image_r1dobr1dobr1dobr.png 1376w, https:\/\/www.kanenberg.com.br\/fatosfotoseregistros\/wp-content\/uploads\/2026\/05\/Gemini_Generated_Image_r1dobr1dobr1dobr-300x167.png 300w, https:\/\/www.kanenberg.com.br\/fatosfotoseregistros\/wp-content\/uploads\/2026\/05\/Gemini_Generated_Image_r1dobr1dobr1dobr-1024x572.png 1024w, https:\/\/www.kanenberg.com.br\/fatosfotoseregistros\/wp-content\/uploads\/2026\/05\/Gemini_Generated_Image_r1dobr1dobr1dobr-768x429.png 768w\" sizes=\"auto, (max-width: 1376px) 100vw, 1376px\" \/><\/p>\n<p style=\"text-align: justify;\">H\u00e1 constru\u00e7\u00f5es que s\u00e3o feitas de concreto, a\u00e7o e c\u00e1lculos.<\/p>\n<p style=\"text-align: justify;\">E h\u00e1 aquelas que, al\u00e9m disso, carregam mem\u00f3ria, identidade e sentimento.<\/p>\n<p style=\"text-align: justify;\">A Ponte Herc\u00edlio Luz chega aos seus 100 anos como muito mais do que uma liga\u00e7\u00e3o entre a Ilha de Santa Catarina e o continente. Ela se tornou um s\u00edmbolo. Um marco do tempo. Um elo entre gera\u00e7\u00f5es de catarinenses que cresceram olhando para sua impon\u00eancia recortando o c\u00e9u de Florian\u00f3polis.<\/p>\n<p style=\"text-align: justify;\">Inaugurada em 13 de maio de 1926, a ponte nasceu em uma \u00e9poca em que o mundo ainda era outro. O r\u00e1dio encantava fam\u00edlias, estradas eram raras, autom\u00f3veis ainda despertavam curiosidade e atravessar para a ilha muitas vezes dependia de barcos e canoas enfrentando vento, mar\u00e9 e dist\u00e2ncia. A Herc\u00edlio Luz mudou isso. Aproximou pessoas, encurtou caminhos, impulsionou o desenvolvimento e ajudou a transformar Florian\u00f3polis na cidade que conhecemos hoje.<\/p>\n<p style=\"text-align: justify;\">Mas talvez sua maior import\u00e2ncia nunca tenha sido apenas pr\u00e1tica.<\/p>\n<p style=\"text-align: justify;\">Ao longo de um s\u00e9culo, ela viu a hist\u00f3ria passar diante de seus olhos de a\u00e7o. Assistiu \u00e0s mudan\u00e7as pol\u00edticas, \u00e0s transforma\u00e7\u00f5es urbanas, ao crescimento da capital catarinense, \u00e0s gera\u00e7\u00f5es que nasceram, cresceram e partiram. Quantas despedidas aconteceram sobre ela? Quantos reencontros? Quantos sonhos atravessaram seus v\u00e3os suspensos entre a ilha e o continente?<\/p>\n<p style=\"text-align: justify;\">A Ponte Herc\u00edlio Luz presenciou o tempo em sil\u00eancio.<\/p>\n<p style=\"text-align: justify;\">E mesmo quando esteve fechada por d\u00e9cadas, jamais deixou de existir no cora\u00e7\u00e3o dos catarinenses. Continuava ali, firme, desafiando o desgaste dos anos e lembrando a todos n\u00f3s que algumas estruturas ultrapassam sua fun\u00e7\u00e3o original e passam a fazer parte da alma de um povo.<\/p>\n<p style=\"text-align: justify;\">Hoje, centen\u00e1ria, ela segue imponente. N\u00e3o apenas como patrim\u00f4nio hist\u00f3rico e engenharia admir\u00e1vel \u2014 sendo a maior ponte suspensa do Brasil e a maior ponte p\u00eansil sustentada por barras de olhal ainda existente no mundo \u2014 mas como testemunha viva da nossa hist\u00f3ria.<\/p>\n<p style=\"text-align: justify;\">Talvez seja isso que mais emocione ao olhar para ela.<\/p>\n<p style=\"text-align: justify;\">Perceber que enquanto nossas vidas passam rapidamente, algumas obras permanecem. Resistindo ao tempo, atravessando gera\u00e7\u00f5es e conectando passado, presente e futuro.<\/p>\n<p style=\"text-align: justify;\">Ainda n\u00e3o tive a oportunidade de atravessar a Herc\u00edlio Luz. J\u00e1 passei pr\u00f3ximo dela e admirei sua grandiosidade. Mas talvez existam pontes que atravessamos antes mesmo de colocar os p\u00e9s sobre elas. E esta, sem d\u00favida, \u00e9 uma delas para todo catarinense que sente orgulho de sua terra, de sua hist\u00f3ria e de suas origens.<\/p>\n<p style=\"text-align: justify;\">Parab\u00e9ns \u00e0 nossa senhora centen\u00e1ria.<\/p>\n<p style=\"text-align: justify;\">Que continue firme por muitos e muitos anos, ligando n\u00e3o apenas dois lados da cidade, mas tamb\u00e9m a mem\u00f3ria e o cora\u00e7\u00e3o de todos n\u00f3s.<\/p>\n","protected":false},"excerpt":{"rendered":"<p>A Ponte Herc\u00edlio Luz chega aos seus 100 anos como muito mais do que uma liga\u00e7\u00e3o entre a Ilha de Santa Catarina e o continente. Ela se tornou um s\u00edmbolo. Um marco do tempo. Um elo entre gera\u00e7\u00f5es de catarinenses que cresceram olhando para sua impon\u00eancia recortando o c\u00e9u de Florian\u00f3polis.<\/p>\n","protected":false},"author":1,"featured_media":0,"comment_status":"open","ping_status":"open","sticky":false,"template":"","format":"standard","meta":{"_exactmetrics_skip_tracking":false,"_jetpack_newsletter_access":"","_jetpack_dont_email_post_to_subs":false,"_jetpack_newsletter_tier_id":0,"_jetpack_memberships_contains_paywalled_content":false,"_jetpack_feature_clip_id":0,"_jetpack_memberships_contains_paid_content":false,"footnotes":"","jetpack_publicize_message":"","jetpack_publicize_feature_enabled":true,"jetpack_social_post_already_shared":false,"jetpack_social_options":{"image_generator_settings":{"template":"highway","default_image_id":0,"font":"","enabled":false},"version":2},"jetpack_post_was_ever_published":false},"categories":[282],"tags":[257,291,406,301],"class_list":["post-6073","post","type-post","status-publish","format-standard","hentry","category-lugares","tag-acontecimentos","tag-comemoracao","tag-pontes","tag-santa-catarina"],"jetpack_publicize_connections":[],"jetpack_sharing_enabled":true,"jetpack_shortlink":"https:\/\/wp.me\/phkM1X-1zX","jetpack-related-posts":[{"id":5275,"url":"https:\/\/www.kanenberg.com.br\/fatosfotoseregistros\/florianopolis-em-1976\/","url_meta":{"origin":6073,"position":0},"title":"Florian\u00f3polis em 1976: Um Retrato Hist\u00f3rico da Capital Catarinense","author":"kanenberg","date":"6 de setembro de 2026","format":false,"excerpt":"O registro em v\u00eddeo resgata imagens da Ilha de Santa Catarina gravadas em 1976, per\u00edodo em que Florian\u00f3polis contava com cerca de 170 mil habitantes espalhados por seus 450 km\u00b2 de \u00e1rea territorial. As filmagens capturam a transi\u00e7\u00e3o entre a tradi\u00e7\u00e3o a\u00e7oriana e a moderniza\u00e7\u00e3o urbana da capital catarinense durante\u2026","rel":"","context":"Em &quot;Lugares&quot;","block_context":{"text":"Lugares","link":"https:\/\/www.kanenberg.com.br\/fatosfotoseregistros\/category\/lugares\/"},"img":{"alt_text":"onte Herc\u00edlio Luz, d\u00e9cada de 70. Vista do lado continental, ao fundo a Ilha de Santa Catarina.","src":"https:\/\/i0.wp.com\/www.kanenberg.com.br\/fatosfotoseregistros\/wp-content\/uploads\/2026\/09\/Ponte_Hercilio_Luz_1970.jpg?resize=350%2C200&ssl=1","width":350,"height":200,"srcset":"https:\/\/i0.wp.com\/www.kanenberg.com.br\/fatosfotoseregistros\/wp-content\/uploads\/2026\/09\/Ponte_Hercilio_Luz_1970.jpg?resize=350%2C200&ssl=1 1x, https:\/\/i0.wp.com\/www.kanenberg.com.br\/fatosfotoseregistros\/wp-content\/uploads\/2026\/09\/Ponte_Hercilio_Luz_1970.jpg?resize=525%2C300&ssl=1 1.5x, https:\/\/i0.wp.com\/www.kanenberg.com.br\/fatosfotoseregistros\/wp-content\/uploads\/2026\/09\/Ponte_Hercilio_Luz_1970.jpg?resize=700%2C400&ssl=1 2x, https:\/\/i0.wp.com\/www.kanenberg.com.br\/fatosfotoseregistros\/wp-content\/uploads\/2026\/09\/Ponte_Hercilio_Luz_1970.jpg?resize=1050%2C600&ssl=1 3x"},"classes":[]},{"id":1077,"url":"https:\/\/www.kanenberg.com.br\/fatosfotoseregistros\/fortaleza-de-sao-jose-da-ponta-grossa\/","url_meta":{"origin":6073,"position":1},"title":"Fortaleza de S\u00e3o Jos\u00e9 da Ponta Grossa","author":"kanenberg","date":"7 de junho de 2016","format":false,"excerpt":"Est\u00e1 localizada ao norte da Ilha de Santa Catarina, entre as Praias do Forte e de Jurer\u00ea, em Florian\u00f3polis, no Estado de Santa Catarina. A constru\u00e7\u00e3o austera e imponente caracteriza-se pela riqueza da sua arquitetura, apresentando tra\u00e7os de influ\u00eancia renascentista.","rel":"","context":"Em &quot;Imagem&quot;","block_context":{"text":"Imagem","link":"https:\/\/www.kanenberg.com.br\/fatosfotoseregistros\/category\/imagem\/"},"img":{"alt_text":"pub_ponta_grossa_01","src":"https:\/\/fatosfotoseregistros.files.wordpress.com\/2016\/06\/pub_ponta_grossa_01.jpg?w=350&h=200&crop=1","width":350,"height":200,"srcset":"https:\/\/fatosfotoseregistros.files.wordpress.com\/2016\/06\/pub_ponta_grossa_01.jpg?w=350&h=200&crop=1 1x, https:\/\/fatosfotoseregistros.files.wordpress.com\/2016\/06\/pub_ponta_grossa_01.jpg?w=525&h=300&crop=1 1.5x"},"classes":[]},{"id":4071,"url":"https:\/\/www.kanenberg.com.br\/fatosfotoseregistros\/cemiterio-de-gatos\/","url_meta":{"origin":6073,"position":2},"title":"O curioso Cemit\u00e9rio dos Gatos de Blumenau","author":"kanenberg","date":"25 de janeiro de 2017","format":false,"excerpt":"Existem cemit\u00e9rios que chamam a aten\u00e7\u00e3o n\u00e3o apenas por sua hist\u00f3ria, mas tamb\u00e9m pela singularidade de sua exist\u00eancia. Ao redor do mundo h\u00e1 exemplos dedicados a animais, como o conhecido Cemit\u00e9rio de P\u00e1ssaros da Ilha de Paquet\u00e1, no Rio de Janeiro. Em Blumenau, Santa Catarina, um dos locais mais curiosos\u2026","rel":"","context":"Em &quot;Imagem&quot;","block_context":{"text":"Imagem","link":"https:\/\/www.kanenberg.com.br\/fatosfotoseregistros\/category\/imagem\/"},"img":{"alt_text":"img_20161228_150137441_hdr-01.jpeg","src":"https:\/\/fatosfotoseregistros.files.wordpress.com\/2017\/01\/img_20161228_150137441_hdr-01.jpeg?w=350&h=200&crop=1","width":350,"height":200,"srcset":"https:\/\/fatosfotoseregistros.files.wordpress.com\/2017\/01\/img_20161228_150137441_hdr-01.jpeg?w=350&h=200&crop=1 1x, https:\/\/fatosfotoseregistros.files.wordpress.com\/2017\/01\/img_20161228_150137441_hdr-01.jpeg?w=525&h=300&crop=1 1.5x, https:\/\/fatosfotoseregistros.files.wordpress.com\/2017\/01\/img_20161228_150137441_hdr-01.jpeg?w=700&h=400&crop=1 2x, https:\/\/fatosfotoseregistros.files.wordpress.com\/2017\/01\/img_20161228_150137441_hdr-01.jpeg?w=1050&h=600&crop=1 3x, https:\/\/fatosfotoseregistros.files.wordpress.com\/2017\/01\/img_20161228_150137441_hdr-01.jpeg?w=1400&h=800&crop=1 4x"},"classes":[]},{"id":6156,"url":"https:\/\/www.kanenberg.com.br\/fatosfotoseregistros\/reflexoes-sobre-imigracao-e-escravidao\/","url_meta":{"origin":6073,"position":3},"title":"Reflex\u00f5es sobre imigra\u00e7\u00e3o e escravid\u00e3o","author":"kanenberg","date":"22 de julho de 2026","format":false,"excerpt":"Em 1873, enquanto meus ancestrais da fam\u00edlia Kannenberg desembarcavam em Santa Catarina em busca de uma nova vida, o Brasil ainda convivia com uma realidade hoje dif\u00edcil de imaginar: jornais publicavam, entre an\u00fancios comuns, ofertas de compra e venda de pessoas escravizadas.","rel":"","context":"Em &quot;Textos&quot;","block_context":{"text":"Textos","link":"https:\/\/www.kanenberg.com.br\/fatosfotoseregistros\/category\/textos\/"},"img":{"alt_text":"Classificados de venda de escravos em jornais brasileiros","src":"https:\/\/i0.wp.com\/www.kanenberg.com.br\/fatosfotoseregistros\/wp-content\/uploads\/2026\/07\/751856487_28195148730088672_5707111800529737612_n-820x1024.jpg?resize=350%2C200&ssl=1","width":350,"height":200,"srcset":"https:\/\/i0.wp.com\/www.kanenberg.com.br\/fatosfotoseregistros\/wp-content\/uploads\/2026\/07\/751856487_28195148730088672_5707111800529737612_n-820x1024.jpg?resize=350%2C200&ssl=1 1x, https:\/\/i0.wp.com\/www.kanenberg.com.br\/fatosfotoseregistros\/wp-content\/uploads\/2026\/07\/751856487_28195148730088672_5707111800529737612_n-820x1024.jpg?resize=525%2C300&ssl=1 1.5x, https:\/\/i0.wp.com\/www.kanenberg.com.br\/fatosfotoseregistros\/wp-content\/uploads\/2026\/07\/751856487_28195148730088672_5707111800529737612_n-820x1024.jpg?resize=700%2C400&ssl=1 2x"},"classes":[]},{"id":3807,"url":"https:\/\/www.kanenberg.com.br\/fatosfotoseregistros\/barra-velha\/","url_meta":{"origin":6073,"position":4},"title":"Descubra os encantos de Barra Velha","author":"kanenberg","date":"29 de outubro de 2016","format":false,"excerpt":"Barra Velha - Cidade no litoral Norte Catarinense. Primeira pessoa vista pela BR-101 no sentido norte\/sul do estado...","rel":"","context":"Em &quot;Lugares&quot;","block_context":{"text":"Lugares","link":"https:\/\/www.kanenberg.com.br\/fatosfotoseregistros\/category\/lugares\/"},"img":{"alt_text":"","src":"https:\/\/fatosfotoseregistros.files.wordpress.com\/2016\/10\/wp-image-2074729432jpg.jpg?w=350&h=200&crop=1","width":350,"height":200,"srcset":"https:\/\/fatosfotoseregistros.files.wordpress.com\/2016\/10\/wp-image-2074729432jpg.jpg?w=350&h=200&crop=1 1x, https:\/\/fatosfotoseregistros.files.wordpress.com\/2016\/10\/wp-image-2074729432jpg.jpg?w=525&h=300&crop=1 1.5x"},"classes":[]},{"id":6289,"url":"https:\/\/www.kanenberg.com.br\/fatosfotoseregistros\/luz-del-fuego-a-pioneira-do-naturismo-das-cobras-e-da-liberdade-no-rio-de-janeiro\/","url_meta":{"origin":6073,"position":5},"title":"Luz Del Fuego: A pioneira do naturismo, das cobras e da liberdade no Rio de Janeiro","author":"kanenberg","date":"13 de agosto de 2026","format":false,"excerpt":"Se voc\u00ea caminhar pela hist\u00f3ria cultural do Rio de Janeiro em meados do s\u00e9culo XX, encontrar\u00e1 figuras fascinantes, mas poucas foram t\u00e3o ousadas, vision\u00e1rias e pol\u00eamicas quanto Luz Del Fuego. Artista, bailarina, ativista e pioneira do naturismo no Brasil, ela desafiou a moral conservadora de sua \u00e9poca e transformou uma\u2026","rel":"","context":"Em &quot;Lugares&quot;","block_context":{"text":"Lugares","link":"https:\/\/www.kanenberg.com.br\/fatosfotoseregistros\/category\/lugares\/"},"img":{"alt_text":"Luz Del Fuego e suas famosas cobras. Fonte: Wikip\u00e9dia \/ Luz del Fuego \u2013 Wikip\u00e9dia, a enciclop\u00e9dia livre","src":"https:\/\/i0.wp.com\/www.kanenberg.com.br\/fatosfotoseregistros\/wp-content\/uploads\/2026\/08\/Luz-Del-Fuego.jpg?resize=350%2C200&ssl=1","width":350,"height":200},"classes":[]}],"jetpack_likes_enabled":true,"amp_enabled":true,"jetpack_featured_media_url":"","_links":{"self":[{"href":"https:\/\/www.kanenberg.com.br\/fatosfotoseregistros\/wp-json\/wp\/v2\/posts\/6073","targetHints":{"allow":["GET"]}}],"collection":[{"href":"https:\/\/www.kanenberg.com.br\/fatosfotoseregistros\/wp-json\/wp\/v2\/posts"}],"about":[{"href":"https:\/\/www.kanenberg.com.br\/fatosfotoseregistros\/wp-json\/wp\/v2\/types\/post"}],"author":[{"embeddable":true,"href":"https:\/\/www.kanenberg.com.br\/fatosfotoseregistros\/wp-json\/wp\/v2\/users\/1"}],"replies":[{"embeddable":true,"href":"https:\/\/www.kanenberg.com.br\/fatosfotoseregistros\/wp-json\/wp\/v2\/comments?post=6073"}],"version-history":[{"count":2,"href":"https:\/\/www.kanenberg.com.br\/fatosfotoseregistros\/wp-json\/wp\/v2\/posts\/6073\/revisions"}],"predecessor-version":[{"id":6076,"href":"https:\/\/www.kanenberg.com.br\/fatosfotoseregistros\/wp-json\/wp\/v2\/posts\/6073\/revisions\/6076"}],"wp:attachment":[{"href":"https:\/\/www.kanenberg.com.br\/fatosfotoseregistros\/wp-json\/wp\/v2\/media?parent=6073"}],"wp:term":[{"taxonomy":"category","embeddable":true,"href":"https:\/\/www.kanenberg.com.br\/fatosfotoseregistros\/wp-json\/wp\/v2\/categories?post=6073"},{"taxonomy":"post_tag","embeddable":true,"href":"https:\/\/www.kanenberg.com.br\/fatosfotoseregistros\/wp-json\/wp\/v2\/tags?post=6073"}],"curies":[{"name":"wp","href":"https:\/\/api.w.org\/{rel}","templated":true}]}}