{"id":5527,"date":"2019-04-21T16:40:31","date_gmt":"2019-04-21T19:40:31","guid":{"rendered":"https:\/\/fatosfotoseregistros.kanenberg.com.br\/?p=5527"},"modified":"2026-08-25T11:23:57","modified_gmt":"2026-08-25T14:23:57","slug":"batismo-tiradentes","status":"publish","type":"post","link":"https:\/\/www.kanenberg.com.br\/fatosfotoseregistros\/batismo-tiradentes\/","title":{"rendered":"Registro de batismo de Tiradentes"},"content":{"rendered":"<p style=\"text-align: justify;\">Adiante, segue uma c\u00f3pia digitalizada do registro de batismo de Joaquim Jos\u00e9 da Silva Xavier, o Tiradentes, que ocorreu em 12 de novembro de 1746 na Fazenda do Pombal, pr\u00f3ximo ao arraial de Santa Rita do Rio Abaixo, \u00e0 \u00e9poca territ\u00f3rio disputado entre as vilas de S\u00e3o Jo\u00e3o del-Rei e S\u00e3o Jos\u00e9 del-Rei, na Capitania de Minas Gerais.<\/p>\n<p style=\"text-align: justify;\">A Fazenda do Pombal est\u00e1 localizada em terras pertencentes hoje ao munic\u00edpio de Rit\u00e1polis.<\/p>\n<p><a href=\"https:\/\/fatosfotoseregistros.kanenberg.com.br\/wp-content\/uploads\/2019\/04\/batismo_tiradentes.jpg\"><img loading=\"lazy\" decoding=\"async\" data-attachment-id=\"5528\" data-permalink=\"https:\/\/www.kanenberg.com.br\/fatosfotoseregistros\/batismo-tiradentes\/batismo_tiradentes\/\" data-orig-file=\"https:\/\/www.kanenberg.com.br\/fatosfotoseregistros\/wp-content\/uploads\/2019\/04\/batismo_tiradentes.jpg\" data-orig-size=\"4344,2660\" data-comments-opened=\"1\" data-image-meta=\"{&quot;aperture&quot;:&quot;0&quot;,&quot;credit&quot;:&quot;&quot;,&quot;camera&quot;:&quot;&quot;,&quot;caption&quot;:&quot;&quot;,&quot;created_timestamp&quot;:&quot;0&quot;,&quot;copyright&quot;:&quot;&quot;,&quot;focal_length&quot;:&quot;0&quot;,&quot;iso&quot;:&quot;0&quot;,&quot;shutter_speed&quot;:&quot;0&quot;,&quot;title&quot;:&quot;&quot;,&quot;orientation&quot;:&quot;0&quot;}\" data-image-title=\"Registro de Batismo &amp;#8211; Tiradentes\" data-image-description=\"\" data-image-caption=\"\" data-large-file=\"https:\/\/www.kanenberg.com.br\/fatosfotoseregistros\/wp-content\/uploads\/2019\/04\/batismo_tiradentes-1024x627.jpg\" class=\"aligncenter wp-image-5528 size-full\" src=\"https:\/\/www.kanenberg.com.br\/fatosfotoseregistros\/wp-content\/uploads\/2019\/04\/batismo_tiradentes.jpg\" alt=\"Registro de Batismo - Tiradentes\" width=\"4344\" height=\"2660\" srcset=\"https:\/\/www.kanenberg.com.br\/fatosfotoseregistros\/wp-content\/uploads\/2019\/04\/batismo_tiradentes.jpg 4344w, https:\/\/www.kanenberg.com.br\/fatosfotoseregistros\/wp-content\/uploads\/2019\/04\/batismo_tiradentes-300x184.jpg 300w, https:\/\/www.kanenberg.com.br\/fatosfotoseregistros\/wp-content\/uploads\/2019\/04\/batismo_tiradentes-768x470.jpg 768w, https:\/\/www.kanenberg.com.br\/fatosfotoseregistros\/wp-content\/uploads\/2019\/04\/batismo_tiradentes-1024x627.jpg 1024w\" sizes=\"auto, (max-width: 4344px) 100vw, 4344px\" \/><\/a><\/p>\n<p style=\"text-align: justify;\">A c\u00f3pia do registro acima foi obtida nos registros da igreja cat\u00f3lica dispon\u00edveis no site <a href=\"https:\/\/www.familysearch.org\" target=\"_blank\" rel=\"noopener noreferrer\">FamilySearch<\/a>, site este muito utilizado por pesquisadores de genealogia da fam\u00edlia. Para ter acesso aos registros digitalizados, \u00e9 necess\u00e1rio ter cadastro no site, que poder\u00e1 ser feito de forma gratuita. O link direto do registro \u00e9 <a href=\"https:\/\/www.familysearch.org\/ark:\/61903\/3:1:939N-GW9K-14?i=4&amp;cc=2177275\" target=\"_blank\" rel=\"noopener noreferrer\">este<\/a>.<\/p>\n<p style=\"text-align: justify;\">No mesmo livro, consta uma transcri\u00e7\u00e3o datilografada do registro, conforme imagem abaixo. O original deste livro, atualmente se encontra no Arquivo Nacional.<\/p>\n<p><a href=\"https:\/\/fatosfotoseregistros.kanenberg.com.br\/wp-content\/uploads\/2019\/04\/batismo_tiradentes_2.jpg\"><img loading=\"lazy\" decoding=\"async\" data-attachment-id=\"5529\" data-permalink=\"https:\/\/www.kanenberg.com.br\/fatosfotoseregistros\/batismo-tiradentes\/batismo_tiradentes_2\/\" data-orig-file=\"https:\/\/www.kanenberg.com.br\/fatosfotoseregistros\/wp-content\/uploads\/2019\/04\/batismo_tiradentes_2.jpg\" data-orig-size=\"1336,1851\" data-comments-opened=\"1\" data-image-meta=\"{&quot;aperture&quot;:&quot;0&quot;,&quot;credit&quot;:&quot;&quot;,&quot;camera&quot;:&quot;&quot;,&quot;caption&quot;:&quot;&quot;,&quot;created_timestamp&quot;:&quot;0&quot;,&quot;copyright&quot;:&quot;&quot;,&quot;focal_length&quot;:&quot;0&quot;,&quot;iso&quot;:&quot;0&quot;,&quot;shutter_speed&quot;:&quot;0&quot;,&quot;title&quot;:&quot;&quot;,&quot;orientation&quot;:&quot;0&quot;}\" data-image-title=\"Transcri\u00e7\u00e3o Registro Batismo Tiradentes\" data-image-description=\"\" data-image-caption=\"\" data-large-file=\"https:\/\/www.kanenberg.com.br\/fatosfotoseregistros\/wp-content\/uploads\/2019\/04\/batismo_tiradentes_2-739x1024.jpg\" class=\"aligncenter wp-image-5529 size-full\" src=\"https:\/\/www.kanenberg.com.br\/fatosfotoseregistros\/wp-content\/uploads\/2019\/04\/batismo_tiradentes_2.jpg\" alt=\"Transcri\u00e7\u00e3o Registro Batismo Tiradentes\" width=\"1336\" height=\"1851\" srcset=\"https:\/\/www.kanenberg.com.br\/fatosfotoseregistros\/wp-content\/uploads\/2019\/04\/batismo_tiradentes_2.jpg 1336w, https:\/\/www.kanenberg.com.br\/fatosfotoseregistros\/wp-content\/uploads\/2019\/04\/batismo_tiradentes_2-217x300.jpg 217w, https:\/\/www.kanenberg.com.br\/fatosfotoseregistros\/wp-content\/uploads\/2019\/04\/batismo_tiradentes_2-768x1064.jpg 768w, https:\/\/www.kanenberg.com.br\/fatosfotoseregistros\/wp-content\/uploads\/2019\/04\/batismo_tiradentes_2-739x1024.jpg 739w\" sizes=\"auto, (max-width: 1336px) 100vw, 1336px\" \/><\/a><\/p>\n","protected":false},"excerpt":{"rendered":"<p>C\u00f3pia digitalizada do registro de batismo de Joaquim Jos\u00e9 da Silva Xavier, o Tiradentes, que ocorreu em 12 de novembro de 1746 na Fazenda do Pombal&#8230;<\/p>\n","protected":false},"author":1,"featured_media":0,"comment_status":"open","ping_status":"open","sticky":false,"template":"","format":"standard","meta":{"_exactmetrics_skip_tracking":false,"_jetpack_newsletter_access":"","_jetpack_dont_email_post_to_subs":false,"_jetpack_newsletter_tier_id":0,"_jetpack_memberships_contains_paywalled_content":false,"_jetpack_feature_clip_id":0,"_jetpack_memberships_contains_paid_content":false,"footnotes":"","jetpack_publicize_message":"C\u00f3pia digitalizada do registro de batismo de Joaquim Jos\u00e9 da Silva Xavier, o Tiradentes, que ocorreu em 12 de novembro de 1746 na Fazenda do Pombal...","jetpack_publicize_feature_enabled":true,"jetpack_social_post_already_shared":true,"jetpack_social_options":{"image_generator_settings":{"template":"highway","default_image_id":0,"font":"","enabled":false},"version":2},"jetpack_post_was_ever_published":false},"categories":[262,265],"tags":[257,291,254,260,255],"class_list":["post-5527","post","type-post","status-publish","format-standard","hentry","category-imagem","category-textos","tag-acontecimentos","tag-comemoracao","tag-curiosidades","tag-datas-comemorativas","tag-historia"],"jetpack_publicize_connections":[],"jetpack_sharing_enabled":true,"jetpack_shortlink":"https:\/\/wp.me\/phkM1X-1r9","jetpack-related-posts":[{"id":2215,"url":"https:\/\/www.kanenberg.com.br\/fatosfotoseregistros\/5-000-cruzeiros\/","url_meta":{"origin":5527,"position":0},"title":"5.000 Cruzeiros","author":"kanenberg","date":"23 de julho de 2016","format":false,"excerpt":"Entre as moedas comemorativas mais conhecidas da d\u00e9cada de 1990 est\u00e1 a de 5.000 Cruzeiros, emitida em 1992 para celebrar o bicenten\u00e1rio da morte de Joaquim Jos\u00e9 da Silva Xavier, o Tiradentes (1792\u20131992), considerado um dos principais s\u00edmbolos da luta pela independ\u00eancia do Brasil.","rel":"","context":"Em &quot;Imagem&quot;","block_context":{"text":"Imagem","link":"https:\/\/www.kanenberg.com.br\/fatosfotoseregistros\/category\/imagem\/"},"img":{"alt_text":"Moeda de 5.000 Cruzeiros","src":"https:\/\/i0.wp.com\/www.kanenberg.com.br\/fatosfotoseregistros\/wp-content\/uploads\/2016\/07\/ChatGPT-Image-25-de-jul.-de-2026-20_37_13.png?resize=350%2C200&ssl=1","width":350,"height":200,"srcset":"https:\/\/i0.wp.com\/www.kanenberg.com.br\/fatosfotoseregistros\/wp-content\/uploads\/2016\/07\/ChatGPT-Image-25-de-jul.-de-2026-20_37_13.png?resize=350%2C200&ssl=1 1x, https:\/\/i0.wp.com\/www.kanenberg.com.br\/fatosfotoseregistros\/wp-content\/uploads\/2016\/07\/ChatGPT-Image-25-de-jul.-de-2026-20_37_13.png?resize=525%2C300&ssl=1 1.5x, https:\/\/i0.wp.com\/www.kanenberg.com.br\/fatosfotoseregistros\/wp-content\/uploads\/2016\/07\/ChatGPT-Image-25-de-jul.-de-2026-20_37_13.png?resize=700%2C400&ssl=1 2x, https:\/\/i0.wp.com\/www.kanenberg.com.br\/fatosfotoseregistros\/wp-content\/uploads\/2016\/07\/ChatGPT-Image-25-de-jul.-de-2026-20_37_13.png?resize=1050%2C600&ssl=1 3x, https:\/\/i0.wp.com\/www.kanenberg.com.br\/fatosfotoseregistros\/wp-content\/uploads\/2016\/07\/ChatGPT-Image-25-de-jul.-de-2026-20_37_13.png?resize=1400%2C800&ssl=1 4x"},"classes":[]},{"id":1077,"url":"https:\/\/www.kanenberg.com.br\/fatosfotoseregistros\/fortaleza-de-sao-jose-da-ponta-grossa\/","url_meta":{"origin":5527,"position":1},"title":"Fortaleza de S\u00e3o Jos\u00e9 da Ponta Grossa","author":"kanenberg","date":"7 de junho de 2016","format":false,"excerpt":"Est\u00e1 localizada ao norte da Ilha de Santa Catarina, entre as Praias do Forte e de Jurer\u00ea, em Florian\u00f3polis, no Estado de Santa Catarina. A constru\u00e7\u00e3o austera e imponente caracteriza-se pela riqueza da sua arquitetura, apresentando tra\u00e7os de influ\u00eancia renascentista.","rel":"","context":"Em &quot;Imagem&quot;","block_context":{"text":"Imagem","link":"https:\/\/www.kanenberg.com.br\/fatosfotoseregistros\/category\/imagem\/"},"img":{"alt_text":"pub_ponta_grossa_01","src":"https:\/\/fatosfotoseregistros.files.wordpress.com\/2016\/06\/pub_ponta_grossa_01.jpg?w=350&h=200&crop=1","width":350,"height":200,"srcset":"https:\/\/fatosfotoseregistros.files.wordpress.com\/2016\/06\/pub_ponta_grossa_01.jpg?w=350&h=200&crop=1 1x, https:\/\/fatosfotoseregistros.files.wordpress.com\/2016\/06\/pub_ponta_grossa_01.jpg?w=525&h=300&crop=1 1.5x"},"classes":[]},{"id":290,"url":"https:\/\/www.kanenberg.com.br\/fatosfotoseregistros\/engenho-da-rainha\/","url_meta":{"origin":5527,"position":2},"title":"Engenho da Rainha","author":"kanenberg","date":"14 de junho de 2016","format":false,"excerpt":"A regi\u00e3o acolhia uma resid\u00eancia adquirida pela Rainha Carlota Joaquina, esposa de D. Jo\u00e3o VI, por volta de 1810 com o objetivo de nela descansar, dai tamb\u00e9m a origem do nome do bairro.","rel":"","context":"Em &quot;Textos&quot;","block_context":{"text":"Textos","link":"https:\/\/www.kanenberg.com.br\/fatosfotoseregistros\/category\/textos\/"},"img":{"alt_text":"12717974_968432819919974_7760659722182098204_n","src":"https:\/\/fatosfotoseregistros.files.wordpress.com\/2016\/04\/12717974_968432819919974_7760659722182098204_n.jpg?w=350&h=200&crop=1","width":350,"height":200,"srcset":"https:\/\/fatosfotoseregistros.files.wordpress.com\/2016\/04\/12717974_968432819919974_7760659722182098204_n.jpg?w=350&h=200&crop=1 1x, https:\/\/fatosfotoseregistros.files.wordpress.com\/2016\/04\/12717974_968432819919974_7760659722182098204_n.jpg?w=525&h=300&crop=1 1.5x"},"classes":[]},{"id":507,"url":"https:\/\/www.kanenberg.com.br\/fatosfotoseregistros\/jose-datrino\/","url_meta":{"origin":5527,"position":3},"title":"Voc\u00ea sabe quem foi Jos\u00e9 Datrino?","author":"kanenberg","date":"14 de abril de 2016","format":false,"excerpt":"Talvez muitos v\u00e3o se lembrar da express\u00e3o Gentileza gera Gentileza, ou ainda v\u00e3o se lembrar das 56 inscri\u00e7\u00f5es ou prov\u00e9rbios nas pilastras do Viaduto do Gas\u00f4metro, no Rio de Janeiro, que v\u00e3o do Cemit\u00e9rio do Caj\u00fa at\u00e9 a Rodovi\u00e1ria Novo Rio.","rel":"","context":"Em &quot;Textos&quot;","block_context":{"text":"Textos","link":"https:\/\/www.kanenberg.com.br\/fatosfotoseregistros\/category\/textos\/"},"img":{"alt_text":"datrino1","src":"https:\/\/i0.wp.com\/fatosfotoseregistros.kanenberg.com.br\/wp-content\/uploads\/2016\/04\/datrino1.jpg?resize=350%2C200&ssl=1","width":350,"height":200},"classes":[]},{"id":4172,"url":"https:\/\/www.kanenberg.com.br\/fatosfotoseregistros\/parque-natural-municipal-de-nova-iguacu\/","url_meta":{"origin":5527,"position":4},"title":"Parque Natural Municipal de Nova Igua\u00e7u","author":"kanenberg","date":"15 de fevereiro de 2017","format":false,"excerpt":"O parque abriga trilhas, aproximadamente 14 po\u00e7os e cachoeiras abertas para uso recreativo. Um belo local para caminhadas, trilhas, rapel, banhos e muito mais.","rel":"","context":"Em &quot;Lugares&quot;","block_context":{"text":"Lugares","link":"https:\/\/www.kanenberg.com.br\/fatosfotoseregistros\/category\/lugares\/"},"img":{"alt_text":"","src":"https:\/\/i0.wp.com\/www.kanenberg.com.br\/fatosfotoseregistros\/wp-content\/uploads\/2017\/02\/varginha.png?resize=350%2C200&ssl=1","width":350,"height":200,"srcset":"https:\/\/i0.wp.com\/www.kanenberg.com.br\/fatosfotoseregistros\/wp-content\/uploads\/2017\/02\/varginha.png?resize=350%2C200&ssl=1 1x, https:\/\/i0.wp.com\/www.kanenberg.com.br\/fatosfotoseregistros\/wp-content\/uploads\/2017\/02\/varginha.png?resize=525%2C300&ssl=1 1.5x"},"classes":[]},{"id":5427,"url":"https:\/\/www.kanenberg.com.br\/fatosfotoseregistros\/hino-nacional-nas-escolas\/","url_meta":{"origin":5527,"position":5},"title":"Hino Nacional nas escolas","author":"kanenberg","date":"27 de fevereiro de 2019","format":false,"excerpt":"O Hino Nacional Brasileiro \u00e9 um dos quatro s\u00edmbolos oficiais da Rep\u00fablica Federativa do Brasil, conforme estabelece o art. 13, \u00a7 1.\u00ba, da Constitui\u00e7\u00e3o do Brasil.","rel":"","context":"Em &quot;Textos&quot;","block_context":{"text":"Textos","link":"https:\/\/www.kanenberg.com.br\/fatosfotoseregistros\/category\/textos\/"},"img":{"alt_text":"LEI N\u00ba 12.031, DE 21 DE SETEMBRO DE 2009","src":"https:\/\/i0.wp.com\/www.kanenberg.com.br\/fatosfotoseregistros\/wp-content\/uploads\/2019\/02\/hino_nacional.jpg?resize=350%2C200&ssl=1","width":350,"height":200,"srcset":"https:\/\/i0.wp.com\/www.kanenberg.com.br\/fatosfotoseregistros\/wp-content\/uploads\/2019\/02\/hino_nacional.jpg?resize=350%2C200&ssl=1 1x, https:\/\/i0.wp.com\/www.kanenberg.com.br\/fatosfotoseregistros\/wp-content\/uploads\/2019\/02\/hino_nacional.jpg?resize=525%2C300&ssl=1 1.5x"},"classes":[]}],"jetpack_likes_enabled":true,"amp_enabled":true,"jetpack_featured_media_url":"","_links":{"self":[{"href":"https:\/\/www.kanenberg.com.br\/fatosfotoseregistros\/wp-json\/wp\/v2\/posts\/5527","targetHints":{"allow":["GET"]}}],"collection":[{"href":"https:\/\/www.kanenberg.com.br\/fatosfotoseregistros\/wp-json\/wp\/v2\/posts"}],"about":[{"href":"https:\/\/www.kanenberg.com.br\/fatosfotoseregistros\/wp-json\/wp\/v2\/types\/post"}],"author":[{"embeddable":true,"href":"https:\/\/www.kanenberg.com.br\/fatosfotoseregistros\/wp-json\/wp\/v2\/users\/1"}],"replies":[{"embeddable":true,"href":"https:\/\/www.kanenberg.com.br\/fatosfotoseregistros\/wp-json\/wp\/v2\/comments?post=5527"}],"version-history":[{"count":2,"href":"https:\/\/www.kanenberg.com.br\/fatosfotoseregistros\/wp-json\/wp\/v2\/posts\/5527\/revisions"}],"predecessor-version":[{"id":6326,"href":"https:\/\/www.kanenberg.com.br\/fatosfotoseregistros\/wp-json\/wp\/v2\/posts\/5527\/revisions\/6326"}],"wp:attachment":[{"href":"https:\/\/www.kanenberg.com.br\/fatosfotoseregistros\/wp-json\/wp\/v2\/media?parent=5527"}],"wp:term":[{"taxonomy":"category","embeddable":true,"href":"https:\/\/www.kanenberg.com.br\/fatosfotoseregistros\/wp-json\/wp\/v2\/categories?post=5527"},{"taxonomy":"post_tag","embeddable":true,"href":"https:\/\/www.kanenberg.com.br\/fatosfotoseregistros\/wp-json\/wp\/v2\/tags?post=5527"}],"curies":[{"name":"wp","href":"https:\/\/api.w.org\/{rel}","templated":true}]}}