{"id":5447,"date":"2019-03-11T09:55:35","date_gmt":"2019-03-11T12:55:35","guid":{"rendered":"https:\/\/fatosfotoseregistros.kanenberg.com.br\/?p=5447"},"modified":"2026-08-09T13:15:43","modified_gmt":"2026-08-09T16:15:43","slug":"fotos-exposicao-dreamworks-animation","status":"publish","type":"post","link":"https:\/\/www.kanenberg.com.br\/fatosfotoseregistros\/fotos-exposicao-dreamworks-animation\/","title":{"rendered":"Fotos da exposi\u00e7\u00e3o Dreamworks Animation"},"content":{"rendered":"<p><img loading=\"lazy\" decoding=\"async\" data-attachment-id=\"5406\" data-permalink=\"https:\/\/www.kanenberg.com.br\/fatosfotoseregistros\/?attachment_id=5406\" data-orig-file=\"https:\/\/www.kanenberg.com.br\/fatosfotoseregistros\/wp-content\/uploads\/2019\/02\/ccbb_shrek.jpg\" data-orig-size=\"363,563\" data-comments-opened=\"1\" data-image-meta=\"{&quot;aperture&quot;:&quot;0&quot;,&quot;credit&quot;:&quot;&quot;,&quot;camera&quot;:&quot;&quot;,&quot;caption&quot;:&quot;&quot;,&quot;created_timestamp&quot;:&quot;0&quot;,&quot;copyright&quot;:&quot;&quot;,&quot;focal_length&quot;:&quot;0&quot;,&quot;iso&quot;:&quot;0&quot;,&quot;shutter_speed&quot;:&quot;0&quot;,&quot;title&quot;:&quot;&quot;,&quot;orientation&quot;:&quot;0&quot;}\" data-image-title=\"CCBB &amp;#8211; Exposi\u00e7\u00e3o\" data-image-description=\"\" data-image-caption=\"\" data-large-file=\"https:\/\/www.kanenberg.com.br\/fatosfotoseregistros\/wp-content\/uploads\/2019\/02\/ccbb_shrek.jpg\" class=\"aligncenter wp-image-5406 size-medium\" src=\"https:\/\/www.kanenberg.com.br\/fatosfotoseregistros\/wp-content\/uploads\/2019\/02\/ccbb_shrek-193x300.jpg\" alt=\"CCBB - Exposi\u00e7\u00e3o\" width=\"193\" height=\"300\" srcset=\"https:\/\/www.kanenberg.com.br\/fatosfotoseregistros\/wp-content\/uploads\/2019\/02\/ccbb_shrek-193x300.jpg 193w, https:\/\/www.kanenberg.com.br\/fatosfotoseregistros\/wp-content\/uploads\/2019\/02\/ccbb_shrek.jpg 363w\" sizes=\"auto, (max-width: 193px) 100vw, 193px\" \/><\/p>\n<p style=\"text-align: justify;\">Algumas fotos da <strong>Dreamworks Animation: a exposi\u00e7\u00e3o \u2013 uma jornada do esbo\u00e7o \u00e0 tela<\/strong>, no Centro Cultural Banco do Brasil Rio de Janeiro.<\/p>\n<p class=\"jetpack-slideshow-noscript robots-nocontent\">Este slideshow necessita de JavaScript.<\/p><div id=\"gallery-5447-1-slideshow\" class=\"jetpack-slideshow-window jetpack-slideshow jetpack-slideshow-black\" data-trans=\"fade\" data-autostart=\"1\" data-gallery=\"[{&quot;src&quot;:&quot;https:\\\/\\\/www.kanenberg.com.br\\\/fatosfotoseregistros\\\/wp-content\\\/uploads\\\/2019\\\/03\\\/20190221_180917.jpg&quot;,&quot;id&quot;:&quot;5448&quot;,&quot;title&quot;:&quot;Dreamworks Animation: a exposi\\u00e7\\u00e3o&quot;,&quot;alt&quot;:&quot;Dreamworks Animation: a exposi\\u00e7\\u00e3o&quot;,&quot;caption&quot;:&quot;&quot;,&quot;itemprop&quot;:&quot;image&quot;},{&quot;src&quot;:&quot;https:\\\/\\\/www.kanenberg.com.br\\\/fatosfotoseregistros\\\/wp-content\\\/uploads\\\/2019\\\/03\\\/20190221_181306.jpg&quot;,&quot;id&quot;:&quot;5449&quot;,&quot;title&quot;:&quot;Dreamworks Animation: a exposi\\u00e7\\u00e3o&quot;,&quot;alt&quot;:&quot;Dreamworks Animation: a exposi\\u00e7\\u00e3o&quot;,&quot;caption&quot;:&quot;&quot;,&quot;itemprop&quot;:&quot;image&quot;},{&quot;src&quot;:&quot;https:\\\/\\\/www.kanenberg.com.br\\\/fatosfotoseregistros\\\/wp-content\\\/uploads\\\/2019\\\/03\\\/20190221_182124.jpg&quot;,&quot;id&quot;:&quot;5450&quot;,&quot;title&quot;:&quot;Dreamworks Animation: a exposi\\u00e7\\u00e3o&quot;,&quot;alt&quot;:&quot;Dreamworks Animation: a exposi\\u00e7\\u00e3o&quot;,&quot;caption&quot;:&quot;&quot;,&quot;itemprop&quot;:&quot;image&quot;},{&quot;src&quot;:&quot;https:\\\/\\\/www.kanenberg.com.br\\\/fatosfotoseregistros\\\/wp-content\\\/uploads\\\/2019\\\/03\\\/20190221_182514.jpg&quot;,&quot;id&quot;:&quot;5451&quot;,&quot;title&quot;:&quot;Dreamworks Animation: a exposi\\u00e7\\u00e3o&quot;,&quot;alt&quot;:&quot;Dreamworks Animation: a exposi\\u00e7\\u00e3o&quot;,&quot;caption&quot;:&quot;&quot;,&quot;itemprop&quot;:&quot;image&quot;},{&quot;src&quot;:&quot;https:\\\/\\\/www.kanenberg.com.br\\\/fatosfotoseregistros\\\/wp-content\\\/uploads\\\/2019\\\/03\\\/20190221_183227.jpg&quot;,&quot;id&quot;:&quot;5452&quot;,&quot;title&quot;:&quot;Dreamworks Animation: a exposi\\u00e7\\u00e3o&quot;,&quot;alt&quot;:&quot;Dreamworks Animation: a exposi\\u00e7\\u00e3o&quot;,&quot;caption&quot;:&quot;&quot;,&quot;itemprop&quot;:&quot;image&quot;},{&quot;src&quot;:&quot;https:\\\/\\\/www.kanenberg.com.br\\\/fatosfotoseregistros\\\/wp-content\\\/uploads\\\/2019\\\/03\\\/20190221_183551.jpg&quot;,&quot;id&quot;:&quot;5453&quot;,&quot;title&quot;:&quot;Dreamworks Animation: a exposi\\u00e7\\u00e3o&quot;,&quot;alt&quot;:&quot;Dreamworks Animation: a exposi\\u00e7\\u00e3o&quot;,&quot;caption&quot;:&quot;&quot;,&quot;itemprop&quot;:&quot;image&quot;},{&quot;src&quot;:&quot;https:\\\/\\\/www.kanenberg.com.br\\\/fatosfotoseregistros\\\/wp-content\\\/uploads\\\/2019\\\/03\\\/20190221_183646.jpg&quot;,&quot;id&quot;:&quot;5454&quot;,&quot;title&quot;:&quot;Dreamworks Animation: a exposi\\u00e7\\u00e3o&quot;,&quot;alt&quot;:&quot;Dreamworks Animation: a exposi\\u00e7\\u00e3o&quot;,&quot;caption&quot;:&quot;&quot;,&quot;itemprop&quot;:&quot;image&quot;},{&quot;src&quot;:&quot;https:\\\/\\\/www.kanenberg.com.br\\\/fatosfotoseregistros\\\/wp-content\\\/uploads\\\/2019\\\/03\\\/20190221_184243.jpg&quot;,&quot;id&quot;:&quot;5455&quot;,&quot;title&quot;:&quot;Dreamworks Animation: a exposi\\u00e7\\u00e3o&quot;,&quot;alt&quot;:&quot;Dreamworks Animation: a exposi\\u00e7\\u00e3o&quot;,&quot;caption&quot;:&quot;&quot;,&quot;itemprop&quot;:&quot;image&quot;},{&quot;src&quot;:&quot;https:\\\/\\\/www.kanenberg.com.br\\\/fatosfotoseregistros\\\/wp-content\\\/uploads\\\/2019\\\/03\\\/20190221_184411.jpg&quot;,&quot;id&quot;:&quot;5456&quot;,&quot;title&quot;:&quot;Dreamworks Animation: a exposi\\u00e7\\u00e3o&quot;,&quot;alt&quot;:&quot;Dreamworks Animation: a exposi\\u00e7\\u00e3o&quot;,&quot;caption&quot;:&quot;&quot;,&quot;itemprop&quot;:&quot;image&quot;},{&quot;src&quot;:&quot;https:\\\/\\\/www.kanenberg.com.br\\\/fatosfotoseregistros\\\/wp-content\\\/uploads\\\/2019\\\/03\\\/20190221_184455.jpg&quot;,&quot;id&quot;:&quot;5457&quot;,&quot;title&quot;:&quot;Dreamworks Animation: a exposi\\u00e7\\u00e3o&quot;,&quot;alt&quot;:&quot;Dreamworks Animation: a exposi\\u00e7\\u00e3o&quot;,&quot;caption&quot;:&quot;&quot;,&quot;itemprop&quot;:&quot;image&quot;},{&quot;src&quot;:&quot;https:\\\/\\\/www.kanenberg.com.br\\\/fatosfotoseregistros\\\/wp-content\\\/uploads\\\/2019\\\/03\\\/20190221_184520.jpg&quot;,&quot;id&quot;:&quot;5458&quot;,&quot;title&quot;:&quot;Dreamworks Animation: a exposi\\u00e7\\u00e3o&quot;,&quot;alt&quot;:&quot;Dreamworks Animation: a exposi\\u00e7\\u00e3o&quot;,&quot;caption&quot;:&quot;&quot;,&quot;itemprop&quot;:&quot;image&quot;},{&quot;src&quot;:&quot;https:\\\/\\\/www.kanenberg.com.br\\\/fatosfotoseregistros\\\/wp-content\\\/uploads\\\/2019\\\/03\\\/20190221_184713.jpg&quot;,&quot;id&quot;:&quot;5459&quot;,&quot;title&quot;:&quot;Dreamworks Animation: a exposi\\u00e7\\u00e3o&quot;,&quot;alt&quot;:&quot;Dreamworks Animation: a exposi\\u00e7\\u00e3o&quot;,&quot;caption&quot;:&quot;&quot;,&quot;itemprop&quot;:&quot;image&quot;},{&quot;src&quot;:&quot;https:\\\/\\\/www.kanenberg.com.br\\\/fatosfotoseregistros\\\/wp-content\\\/uploads\\\/2019\\\/03\\\/20190221_184741.jpg&quot;,&quot;id&quot;:&quot;5460&quot;,&quot;title&quot;:&quot;Dreamworks Animation: a exposi\\u00e7\\u00e3o&quot;,&quot;alt&quot;:&quot;Dreamworks Animation: a exposi\\u00e7\\u00e3o&quot;,&quot;caption&quot;:&quot;&quot;,&quot;itemprop&quot;:&quot;image&quot;},{&quot;src&quot;:&quot;https:\\\/\\\/www.kanenberg.com.br\\\/fatosfotoseregistros\\\/wp-content\\\/uploads\\\/2019\\\/03\\\/20190221_184804.jpg&quot;,&quot;id&quot;:&quot;5461&quot;,&quot;title&quot;:&quot;Dreamworks Animation: a exposi\\u00e7\\u00e3o&quot;,&quot;alt&quot;:&quot;Dreamworks Animation: a exposi\\u00e7\\u00e3o&quot;,&quot;caption&quot;:&quot;&quot;,&quot;itemprop&quot;:&quot;image&quot;},{&quot;src&quot;:&quot;https:\\\/\\\/www.kanenberg.com.br\\\/fatosfotoseregistros\\\/wp-content\\\/uploads\\\/2019\\\/03\\\/20190221_184840.jpg&quot;,&quot;id&quot;:&quot;5462&quot;,&quot;title&quot;:&quot;Dreamworks Animation: a exposi\\u00e7\\u00e3o&quot;,&quot;alt&quot;:&quot;Dreamworks Animation: a exposi\\u00e7\\u00e3o&quot;,&quot;caption&quot;:&quot;&quot;,&quot;itemprop&quot;:&quot;image&quot;},{&quot;src&quot;:&quot;https:\\\/\\\/www.kanenberg.com.br\\\/fatosfotoseregistros\\\/wp-content\\\/uploads\\\/2019\\\/03\\\/20190221_184844.jpg&quot;,&quot;id&quot;:&quot;5463&quot;,&quot;title&quot;:&quot;Dreamworks Animation: a exposi\\u00e7\\u00e3o&quot;,&quot;alt&quot;:&quot;Dreamworks Animation: a exposi\\u00e7\\u00e3o&quot;,&quot;caption&quot;:&quot;&quot;,&quot;itemprop&quot;:&quot;image&quot;},{&quot;src&quot;:&quot;https:\\\/\\\/www.kanenberg.com.br\\\/fatosfotoseregistros\\\/wp-content\\\/uploads\\\/2019\\\/03\\\/20190221_184850.jpg&quot;,&quot;id&quot;:&quot;5464&quot;,&quot;title&quot;:&quot;Dreamworks Animation: a exposi\\u00e7\\u00e3o&quot;,&quot;alt&quot;:&quot;Dreamworks Animation: a exposi\\u00e7\\u00e3o&quot;,&quot;caption&quot;:&quot;&quot;,&quot;itemprop&quot;:&quot;image&quot;},{&quot;src&quot;:&quot;https:\\\/\\\/www.kanenberg.com.br\\\/fatosfotoseregistros\\\/wp-content\\\/uploads\\\/2019\\\/03\\\/20190221_184948.jpg&quot;,&quot;id&quot;:&quot;5465&quot;,&quot;title&quot;:&quot;Dreamworks Animation: a exposi\\u00e7\\u00e3o&quot;,&quot;alt&quot;:&quot;Dreamworks Animation: a exposi\\u00e7\\u00e3o&quot;,&quot;caption&quot;:&quot;&quot;,&quot;itemprop&quot;:&quot;image&quot;},{&quot;src&quot;:&quot;https:\\\/\\\/www.kanenberg.com.br\\\/fatosfotoseregistros\\\/wp-content\\\/uploads\\\/2019\\\/03\\\/20190221_185045.jpg&quot;,&quot;id&quot;:&quot;5466&quot;,&quot;title&quot;:&quot;Dreamworks Animation: a exposi\\u00e7\\u00e3o&quot;,&quot;alt&quot;:&quot;Dreamworks Animation: a exposi\\u00e7\\u00e3o&quot;,&quot;caption&quot;:&quot;&quot;,&quot;itemprop&quot;:&quot;image&quot;},{&quot;src&quot;:&quot;https:\\\/\\\/www.kanenberg.com.br\\\/fatosfotoseregistros\\\/wp-content\\\/uploads\\\/2019\\\/03\\\/20190221_185151.jpg&quot;,&quot;id&quot;:&quot;5467&quot;,&quot;title&quot;:&quot;Dreamworks Animation: a exposi\\u00e7\\u00e3o&quot;,&quot;alt&quot;:&quot;Dreamworks Animation: a exposi\\u00e7\\u00e3o&quot;,&quot;caption&quot;:&quot;&quot;,&quot;itemprop&quot;:&quot;image&quot;},{&quot;src&quot;:&quot;https:\\\/\\\/www.kanenberg.com.br\\\/fatosfotoseregistros\\\/wp-content\\\/uploads\\\/2019\\\/03\\\/20190221_185753.jpg&quot;,&quot;id&quot;:&quot;5468&quot;,&quot;title&quot;:&quot;Dreamworks Animation: a exposi\\u00e7\\u00e3o&quot;,&quot;alt&quot;:&quot;Dreamworks Animation: a exposi\\u00e7\\u00e3o&quot;,&quot;caption&quot;:&quot;&quot;,&quot;itemprop&quot;:&quot;image&quot;}]\" itemscope itemtype=\"https:\/\/schema.org\/ImageGallery\"><\/div>\n","protected":false},"excerpt":{"rendered":"<p>Algumas fotos da Dreamworks Animation: a exposi\u00e7\u00e3o \u2013 uma jornada do esbo\u00e7o \u00e0 tela, no Centro Cultural Banco do Brasil Rio de Janeiro.<\/p>\n","protected":false},"author":1,"featured_media":0,"comment_status":"open","ping_status":"open","sticky":false,"template":"","format":"standard","meta":{"_exactmetrics_skip_tracking":false,"_jetpack_newsletter_access":"","_jetpack_dont_email_post_to_subs":false,"_jetpack_newsletter_tier_id":0,"_jetpack_memberships_contains_paywalled_content":false,"_jetpack_feature_clip_id":0,"_jetpack_memberships_contains_paid_content":false,"footnotes":"","jetpack_publicize_message":"Algumas fotos e v\u00eddeo da Dreamworks Animation: a exposi\u00e7\u00e3o \u2013 uma jornada do esbo\u00e7o \u00e0 tela, no Centro Cultural Banco do Brasil Rio de Janeiro.","jetpack_publicize_feature_enabled":true,"jetpack_social_post_already_shared":true,"jetpack_social_options":{"image_generator_settings":{"template":"highway","default_image_id":0,"font":"","enabled":false},"version":2},"jetpack_post_was_ever_published":false},"categories":[269,262],"tags":[385,390,321],"class_list":["post-5447","post","type-post","status-publish","format-standard","hentry","category-eventos","category-imagem","tag-ccbb","tag-eventos","tag-exposicao"],"jetpack_publicize_connections":[],"jetpack_sharing_enabled":true,"jetpack_shortlink":"https:\/\/wp.me\/phkM1X-1pR","jetpack-related-posts":[{"id":2062,"url":"https:\/\/www.kanenberg.com.br\/fatosfotoseregistros\/museu-historico-do-exercito-e-forte-de-copacabana\/","url_meta":{"origin":5447,"position":0},"title":"Museu Hist\u00f3rico do Ex\u00e9rcito e Forte de Copacabana","author":"kanenberg","date":"19 de julho de 2016","format":false,"excerpt":"O local escolhido para a sua constru\u00e7\u00e3o consistia numa regi\u00e3o cujos rochedos avan\u00e7avam contra o mar em dire\u00e7\u00e3o \u00e0 entrada da Ba\u00eda de Guanabara.","rel":"","context":"Em &quot;Imagem&quot;","block_context":{"text":"Imagem","link":"https:\/\/www.kanenberg.com.br\/fatosfotoseregistros\/category\/imagem\/"},"img":{"alt_text":"","src":"https:\/\/i0.wp.com\/www.kanenberg.com.br\/fatosfotoseregistros\/wp-content\/uploads\/2016\/07\/1922-07-06-150x150.jpg?resize=350%2C200&ssl=1","width":350,"height":200,"srcset":"https:\/\/i0.wp.com\/www.kanenberg.com.br\/fatosfotoseregistros\/wp-content\/uploads\/2016\/07\/1922-07-06-150x150.jpg?resize=350%2C200&ssl=1 1x, https:\/\/i0.wp.com\/www.kanenberg.com.br\/fatosfotoseregistros\/wp-content\/uploads\/2016\/07\/1922-07-06-150x150.jpg?resize=525%2C300&ssl=1 1.5x"},"classes":[]},{"id":6193,"url":"https:\/\/www.kanenberg.com.br\/fatosfotoseregistros\/a-historia-do-telefone-no-brasil\/","url_meta":{"origin":5447,"position":1},"title":"A Hist\u00f3ria do Telefone no Brasil","author":"kanenberg","date":"2 de agosto de 2026","format":false,"excerpt":"A chegada do telefone ao Brasil \u00e9 repleta de momentos marcantes \u2014 e envolve diretamente a curiosidade cient\u00edfica de um dos governantes mais entusiastas do pa\u00eds: o imperador Dom Pedro II.","rel":"","context":"Em &quot;Textos&quot;","block_context":{"text":"Textos","link":"https:\/\/www.kanenberg.com.br\/fatosfotoseregistros\/category\/textos\/"},"img":{"alt_text":"Descoberta do telefone","src":"https:\/\/i0.wp.com\/www.kanenberg.com.br\/fatosfotoseregistros\/wp-content\/uploads\/2026\/08\/descoberta-do-telefone.png?resize=350%2C200&ssl=1","width":350,"height":200,"srcset":"https:\/\/i0.wp.com\/www.kanenberg.com.br\/fatosfotoseregistros\/wp-content\/uploads\/2026\/08\/descoberta-do-telefone.png?resize=350%2C200&ssl=1 1x, https:\/\/i0.wp.com\/www.kanenberg.com.br\/fatosfotoseregistros\/wp-content\/uploads\/2026\/08\/descoberta-do-telefone.png?resize=525%2C300&ssl=1 1.5x, https:\/\/i0.wp.com\/www.kanenberg.com.br\/fatosfotoseregistros\/wp-content\/uploads\/2026\/08\/descoberta-do-telefone.png?resize=700%2C400&ssl=1 2x, https:\/\/i0.wp.com\/www.kanenberg.com.br\/fatosfotoseregistros\/wp-content\/uploads\/2026\/08\/descoberta-do-telefone.png?resize=1050%2C600&ssl=1 3x, https:\/\/i0.wp.com\/www.kanenberg.com.br\/fatosfotoseregistros\/wp-content\/uploads\/2026\/08\/descoberta-do-telefone.png?resize=1400%2C800&ssl=1 4x"},"classes":[]},{"id":5408,"url":"https:\/\/www.kanenberg.com.br\/fatosfotoseregistros\/40-museus\/","url_meta":{"origin":5447,"position":2},"title":"40 museus para visitar de gra\u00e7a no Rio de Janeiro","author":"kanenberg","date":"23 de fevereiro de 2019","format":false,"excerpt":"Com uma lista destas, com certeza n\u00e3o vai falta op\u00e7\u00e3o de passeio para a fam\u00edlia inteira. Ainda mais que, muitos destes museus al\u00e9m das exposi\u00e7\u00f5es permanentes ou de longa dura\u00e7\u00e3o ainda com frequ\u00eancia mudam as exposi\u00e7\u00f5es tempor\u00e1rias. Bor\u00e1 l\u00e1 aproveitar?","rel":"","context":"Em &quot;Lugares&quot;","block_context":{"text":"Lugares","link":"https:\/\/www.kanenberg.com.br\/fatosfotoseregistros\/category\/lugares\/"},"img":{"alt_text":"MAR Rio","src":"https:\/\/i0.wp.com\/www.kanenberg.com.br\/fatosfotoseregistros\/wp-content\/uploads\/2019\/02\/mar_rio.jpg?resize=350%2C200&ssl=1","width":350,"height":200,"srcset":"https:\/\/i0.wp.com\/www.kanenberg.com.br\/fatosfotoseregistros\/wp-content\/uploads\/2019\/02\/mar_rio.jpg?resize=350%2C200&ssl=1 1x, https:\/\/i0.wp.com\/www.kanenberg.com.br\/fatosfotoseregistros\/wp-content\/uploads\/2019\/02\/mar_rio.jpg?resize=525%2C300&ssl=1 1.5x, https:\/\/i0.wp.com\/www.kanenberg.com.br\/fatosfotoseregistros\/wp-content\/uploads\/2019\/02\/mar_rio.jpg?resize=700%2C400&ssl=1 2x, https:\/\/i0.wp.com\/www.kanenberg.com.br\/fatosfotoseregistros\/wp-content\/uploads\/2019\/02\/mar_rio.jpg?resize=1050%2C600&ssl=1 3x"},"classes":[]},{"id":6214,"url":"https:\/\/www.kanenberg.com.br\/fatosfotoseregistros\/o-rio-de-janeiro-sem-o-pao-de-acucar-lenda-urbana-ou-um-projeto-que-quase-aconteceu\/","url_meta":{"origin":5447,"position":3},"title":"O Rio de Janeiro sem o P\u00e3o de A\u00e7\u00facar: Lenda urbana ou um projeto que quase aconteceu?","author":"kanenberg","date":"8 de agosto de 2026","format":false,"excerpt":"Voc\u00ea consegue imaginar a paisagem do Rio de Janeiro sem a silhueta marcante do P\u00e3o de A\u00e7\u00facar? Para qualquer pessoa hoje, essa ideia parece absurda ou at\u00e9 um roteiro de fic\u00e7\u00e3o cient\u00edfica. No entanto, no final do s\u00e9culo XIX, a elimina\u00e7\u00e3o desse gigante de granito foi seriamente discutida como uma\u2026","rel":"","context":"Em &quot;Lugares&quot;","block_context":{"text":"Lugares","link":"https:\/\/www.kanenberg.com.br\/fatosfotoseregistros\/category\/lugares\/"},"img":{"alt_text":"Demolir P\u00e3o de A\u00e7\u00facar","src":"https:\/\/i0.wp.com\/www.kanenberg.com.br\/fatosfotoseregistros\/wp-content\/uploads\/2026\/08\/Demolir-Pao-de-Acucar.jpg?resize=350%2C200&ssl=1","width":350,"height":200,"srcset":"https:\/\/i0.wp.com\/www.kanenberg.com.br\/fatosfotoseregistros\/wp-content\/uploads\/2026\/08\/Demolir-Pao-de-Acucar.jpg?resize=350%2C200&ssl=1 1x, https:\/\/i0.wp.com\/www.kanenberg.com.br\/fatosfotoseregistros\/wp-content\/uploads\/2026\/08\/Demolir-Pao-de-Acucar.jpg?resize=525%2C300&ssl=1 1.5x, https:\/\/i0.wp.com\/www.kanenberg.com.br\/fatosfotoseregistros\/wp-content\/uploads\/2026\/08\/Demolir-Pao-de-Acucar.jpg?resize=700%2C400&ssl=1 2x, https:\/\/i0.wp.com\/www.kanenberg.com.br\/fatosfotoseregistros\/wp-content\/uploads\/2026\/08\/Demolir-Pao-de-Acucar.jpg?resize=1050%2C600&ssl=1 3x, https:\/\/i0.wp.com\/www.kanenberg.com.br\/fatosfotoseregistros\/wp-content\/uploads\/2026\/08\/Demolir-Pao-de-Acucar.jpg?resize=1400%2C800&ssl=1 4x"},"classes":[]},{"id":6204,"url":"https:\/\/www.kanenberg.com.br\/fatosfotoseregistros\/canhao-el-cristiano-historia-curiosidades-e-a-polemica-do-trofeu-de-guerra\/","url_meta":{"origin":5447,"position":4},"title":"Canh\u00e3o El Cristiano: Hist\u00f3ria, Curiosidades e a Pol\u00eamica do Trof\u00e9u de Guerra","author":"kanenberg","date":"2 de agosto de 2026","format":false,"excerpt":"O canh\u00e3o \"El Cristiano\" \u00e9 uma das pe\u00e7as mais simb\u00f3licas e controversas da hist\u00f3ria militar da Am\u00e9rica do Sul. Exposto no p\u00e1tio do Museu Hist\u00f3rico Nacional (MHN), no centro do Rio de Janeiro, ele voltou aos holofotes devido \u00e0s recorrentes tratativas diplom\u00e1ticas e apelos do governo paraguaio pela sua restitui\u00e7\u00e3o\u2026","rel":"","context":"Em &quot;Textos&quot;","block_context":{"text":"Textos","link":"https:\/\/www.kanenberg.com.br\/fatosfotoseregistros\/category\/textos\/"},"img":{"alt_text":"El Cristiano","src":"https:\/\/i0.wp.com\/www.kanenberg.com.br\/fatosfotoseregistros\/wp-content\/uploads\/2026\/08\/El-Cristiano-scaled.jpg?resize=350%2C200&ssl=1","width":350,"height":200,"srcset":"https:\/\/i0.wp.com\/www.kanenberg.com.br\/fatosfotoseregistros\/wp-content\/uploads\/2026\/08\/El-Cristiano-scaled.jpg?resize=350%2C200&ssl=1 1x, https:\/\/i0.wp.com\/www.kanenberg.com.br\/fatosfotoseregistros\/wp-content\/uploads\/2026\/08\/El-Cristiano-scaled.jpg?resize=525%2C300&ssl=1 1.5x, https:\/\/i0.wp.com\/www.kanenberg.com.br\/fatosfotoseregistros\/wp-content\/uploads\/2026\/08\/El-Cristiano-scaled.jpg?resize=700%2C400&ssl=1 2x, https:\/\/i0.wp.com\/www.kanenberg.com.br\/fatosfotoseregistros\/wp-content\/uploads\/2026\/08\/El-Cristiano-scaled.jpg?resize=1050%2C600&ssl=1 3x, https:\/\/i0.wp.com\/www.kanenberg.com.br\/fatosfotoseregistros\/wp-content\/uploads\/2026\/08\/El-Cristiano-scaled.jpg?resize=1400%2C800&ssl=1 4x"},"classes":[]},{"id":1077,"url":"https:\/\/www.kanenberg.com.br\/fatosfotoseregistros\/fortaleza-de-sao-jose-da-ponta-grossa\/","url_meta":{"origin":5447,"position":5},"title":"Fortaleza de S\u00e3o Jos\u00e9 da Ponta Grossa","author":"kanenberg","date":"7 de junho de 2016","format":false,"excerpt":"Est\u00e1 localizada ao norte da Ilha de Santa Catarina, entre as Praias do Forte e de Jurer\u00ea, em Florian\u00f3polis, no Estado de Santa Catarina. A constru\u00e7\u00e3o austera e imponente caracteriza-se pela riqueza da sua arquitetura, apresentando tra\u00e7os de influ\u00eancia renascentista.","rel":"","context":"Em &quot;Imagem&quot;","block_context":{"text":"Imagem","link":"https:\/\/www.kanenberg.com.br\/fatosfotoseregistros\/category\/imagem\/"},"img":{"alt_text":"pub_ponta_grossa_01","src":"https:\/\/fatosfotoseregistros.files.wordpress.com\/2016\/06\/pub_ponta_grossa_01.jpg?w=350&h=200&crop=1","width":350,"height":200,"srcset":"https:\/\/fatosfotoseregistros.files.wordpress.com\/2016\/06\/pub_ponta_grossa_01.jpg?w=350&h=200&crop=1 1x, https:\/\/fatosfotoseregistros.files.wordpress.com\/2016\/06\/pub_ponta_grossa_01.jpg?w=525&h=300&crop=1 1.5x"},"classes":[]}],"jetpack_likes_enabled":true,"amp_enabled":true,"jetpack_featured_media_url":"","_links":{"self":[{"href":"https:\/\/www.kanenberg.com.br\/fatosfotoseregistros\/wp-json\/wp\/v2\/posts\/5447","targetHints":{"allow":["GET"]}}],"collection":[{"href":"https:\/\/www.kanenberg.com.br\/fatosfotoseregistros\/wp-json\/wp\/v2\/posts"}],"about":[{"href":"https:\/\/www.kanenberg.com.br\/fatosfotoseregistros\/wp-json\/wp\/v2\/types\/post"}],"author":[{"embeddable":true,"href":"https:\/\/www.kanenberg.com.br\/fatosfotoseregistros\/wp-json\/wp\/v2\/users\/1"}],"replies":[{"embeddable":true,"href":"https:\/\/www.kanenberg.com.br\/fatosfotoseregistros\/wp-json\/wp\/v2\/comments?post=5447"}],"version-history":[{"count":3,"href":"https:\/\/www.kanenberg.com.br\/fatosfotoseregistros\/wp-json\/wp\/v2\/posts\/5447\/revisions"}],"predecessor-version":[{"id":6281,"href":"https:\/\/www.kanenberg.com.br\/fatosfotoseregistros\/wp-json\/wp\/v2\/posts\/5447\/revisions\/6281"}],"wp:attachment":[{"href":"https:\/\/www.kanenberg.com.br\/fatosfotoseregistros\/wp-json\/wp\/v2\/media?parent=5447"}],"wp:term":[{"taxonomy":"category","embeddable":true,"href":"https:\/\/www.kanenberg.com.br\/fatosfotoseregistros\/wp-json\/wp\/v2\/categories?post=5447"},{"taxonomy":"post_tag","embeddable":true,"href":"https:\/\/www.kanenberg.com.br\/fatosfotoseregistros\/wp-json\/wp\/v2\/tags?post=5447"}],"curies":[{"name":"wp","href":"https:\/\/api.w.org\/{rel}","templated":true}]}}