{"id":5427,"date":"2019-02-27T08:49:41","date_gmt":"2019-02-27T11:49:41","guid":{"rendered":"https:\/\/fatosfotoseregistros.kanenberg.com.br\/?p=5427"},"modified":"2025-12-28T19:26:34","modified_gmt":"2025-12-28T22:26:34","slug":"hino-nacional-nas-escolas","status":"publish","type":"post","link":"https:\/\/www.kanenberg.com.br\/fatosfotoseregistros\/hino-nacional-nas-escolas\/","title":{"rendered":"Hino Nacional nas escolas"},"content":{"rendered":"<p style=\"text-align: justify;\">Muita pol\u00eamica com a not\u00edcia nos \u00faltimos dias quanto ao MEC pedir para alunos serem filmados cantando o Hino Nacional. Muitos acham essa &#8220;obrigatoriedade repentina&#8221; um absurdo.<\/p>\n<p style=\"text-align: justify;\">Por\u00e9m muito antes do governo de Jair Bolsonaro (PSL) solicitar a escolas que os alunos cantassem o hino nacional &#8211; com filmagem inclusive, e os v\u00eddeos enviados ao governo &#8211; as gest\u00f5es de Get\u00falio Vargas (1936), Costa e Silva (1968), M\u00e9dici (1971) e Lula (2009) impuseram medida semelhante aos estabelecimentos de ensino.<\/p>\n<p style=\"text-align: justify;\">Vide abaixo o texto da <a href=\"http:\/\/www.planalto.gov.br\/ccivil_03\/_Ato2007-2010\/2009\/Lei\/L12031.htm\" target=\"_blank\" rel=\"noopener noreferrer\">Lei n\u00ba 12.031<\/a>, de 21 de setembro de 2009, durante a gest\u00e3o do presidente Lula.<\/p>\n<p><img loading=\"lazy\" decoding=\"async\" data-attachment-id=\"5428\" data-permalink=\"https:\/\/www.kanenberg.com.br\/fatosfotoseregistros\/hino-nacional-nas-escolas\/hino_nacional\/\" data-orig-file=\"https:\/\/www.kanenberg.com.br\/fatosfotoseregistros\/wp-content\/uploads\/2019\/02\/hino_nacional.jpg\" data-orig-size=\"624,487\" data-comments-opened=\"1\" data-image-meta=\"{&quot;aperture&quot;:&quot;0&quot;,&quot;credit&quot;:&quot;&quot;,&quot;camera&quot;:&quot;&quot;,&quot;caption&quot;:&quot;&quot;,&quot;created_timestamp&quot;:&quot;0&quot;,&quot;copyright&quot;:&quot;&quot;,&quot;focal_length&quot;:&quot;0&quot;,&quot;iso&quot;:&quot;0&quot;,&quot;shutter_speed&quot;:&quot;0&quot;,&quot;title&quot;:&quot;&quot;,&quot;orientation&quot;:&quot;0&quot;}\" data-image-title=\"LEI N\u00ba 12.031, DE 21 DE SETEMBRO DE 2009\" data-image-description=\"\" data-image-caption=\"\" data-large-file=\"https:\/\/www.kanenberg.com.br\/fatosfotoseregistros\/wp-content\/uploads\/2019\/02\/hino_nacional.jpg\" class=\"aligncenter size-full wp-image-5428\" src=\"https:\/\/www.kanenberg.com.br\/fatosfotoseregistros\/wp-content\/uploads\/2019\/02\/hino_nacional.jpg\" alt=\"LEI N\u00ba 12.031, DE 21 DE SETEMBRO DE 2009\" width=\"624\" height=\"487\" srcset=\"https:\/\/www.kanenberg.com.br\/fatosfotoseregistros\/wp-content\/uploads\/2019\/02\/hino_nacional.jpg 624w, https:\/\/www.kanenberg.com.br\/fatosfotoseregistros\/wp-content\/uploads\/2019\/02\/hino_nacional-300x234.jpg 300w\" sizes=\"auto, (max-width: 624px) 100vw, 624px\" \/><\/p>\n<p style=\"text-align: justify;\">O Hino Nacional Brasileiro \u00e9 um dos quatro s\u00edmbolos oficiais da Rep\u00fablica Federativa do Brasil, conforme estabelece o art. 13, \u00a7 1.\u00ba, da Constitui\u00e7\u00e3o do Brasil. Os outros s\u00edmbolos da Rep\u00fablica s\u00e3o a bandeira nacional, as armas nacionais e o selo nacional. Tem letra de Joaquim Os\u00f3rio Duque-Estrada (1870 &#8211; 1927) e m\u00fasica de Francisco Manuel da Silva (1795 &#8211; 1865).<\/p>\n<p><span class=\"embed-youtube\" style=\"text-align:center; display: block;\"><iframe loading=\"lazy\" class=\"youtube-player\" width=\"840\" height=\"473\" src=\"https:\/\/www.youtube.com\/embed\/Z7pFwsX6UVc?version=3&#038;rel=1&#038;showsearch=0&#038;showinfo=1&#038;iv_load_policy=1&#038;fs=1&#038;hl=pt-BR&#038;autohide=2&#038;wmode=transparent\" allowfullscreen=\"true\" style=\"border:0;\" sandbox=\"allow-scripts allow-same-origin allow-popups allow-presentation allow-popups-to-escape-sandbox\"><\/iframe><\/span><\/p>\n<p style=\"text-align: justify;\">Creio que aprender, saber cantar e cantar o hino nacional nas institui\u00e7\u00f5es de ensino n\u00e3o h\u00e1 mal nenhum. Muito pelo contr\u00e1rio.<\/p>\n<p><strong>Legisla\u00e7\u00e3o<\/strong><\/p>\n<p style=\"text-align: justify;\">De acordo com o Cap\u00edtulo V da Lei 5.700 (01\/09\/1971)], a Lei dos S\u00edmbolos Nacionais do Brasil, durante a execu\u00e7\u00e3o do Hino Nacional, todos devem tomar atitude de respeito, de p\u00e9 e em sil\u00eancio. Civis do sexo masculino com a cabe\u00e7a descoberta e os militares em contin\u00eancia, segundo os regulamentos das respectivas corpora\u00e7\u00f5es. Al\u00e9m disso, \u00e9 vedada qualquer outra forma de sauda\u00e7\u00e3o (gestual ou vocal como, por exemplo, aplausos, gritos de ordem ou manifesta\u00e7\u00f5es ostensivas do g\u00eanero, sendo estas desrespeitosas ou n\u00e3o).<\/p>\n<p style=\"text-align: justify;\">Segundo a Se\u00e7\u00e3o II da mesma lei, execu\u00e7\u00f5es simplesmente instrumentais devem ser tocadas sem repeti\u00e7\u00e3o e execu\u00e7\u00f5es vocais devem sempre apresentar as duas partes do poema cantadas em un\u00edssono. Portanto, em caso de execu\u00e7\u00e3o instrumental prevista no cerimonial, n\u00e3o se deve acompanhar a execu\u00e7\u00e3o cantando, deve-se manter, conforme descrito acima, sil\u00eancio.<\/p>\n<p style=\"text-align: justify;\">Em caso de cerim\u00f4nia em que se tenha que executar um hino nacional estrangeiro, este deve, por cortesia, preceder o Hino Nacional Brasileiro.<\/p>\n","protected":false},"excerpt":{"rendered":"<p>O Hino Nacional Brasileiro \u00e9 um dos quatro s\u00edmbolos oficiais da Rep\u00fablica Federativa do Brasil, conforme estabelece o art. 13, \u00a7 1.\u00ba, da Constitui\u00e7\u00e3o do Brasil.<\/p>\n","protected":false},"author":1,"featured_media":0,"comment_status":"open","ping_status":"open","sticky":false,"template":"","format":"standard","meta":{"_exactmetrics_skip_tracking":false,"_jetpack_newsletter_access":"","_jetpack_dont_email_post_to_subs":false,"_jetpack_newsletter_tier_id":0,"_jetpack_memberships_contains_paywalled_content":false,"_jetpack_feature_clip_id":0,"_jetpack_memberships_contains_paid_content":false,"footnotes":"","jetpack_publicize_message":"","jetpack_publicize_feature_enabled":true,"jetpack_social_post_already_shared":true,"jetpack_social_options":{"image_generator_settings":{"template":"highway","default_image_id":0,"font":"","enabled":false},"version":2},"jetpack_post_was_ever_published":false},"categories":[265],"tags":[388,389],"class_list":["post-5427","post","type-post","status-publish","format-standard","hentry","category-textos","tag-hino-nacional","tag-legislacao"],"jetpack_publicize_connections":[],"jetpack_sharing_enabled":true,"jetpack_shortlink":"https:\/\/wp.me\/phkM1X-1px","jetpack-related-posts":[{"id":625,"url":"https:\/\/www.kanenberg.com.br\/fatosfotoseregistros\/dia-nacional-do-pau-brasil\/","url_meta":{"origin":5427,"position":0},"title":"Dia Nacional do Pau-Brasil","author":"kanenberg","date":"3 de maio de 2016","format":false,"excerpt":"Hoje (03\/Maio) \u00e9 comemorado o Dia Nacional do Pau-Brasil","rel":"","context":"Em &quot;Textos&quot;","block_context":{"text":"Textos","link":"https:\/\/www.kanenberg.com.br\/fatosfotoseregistros\/category\/textos\/"},"img":{"alt_text":"Paubrasil31.JPG","src":"https:\/\/upload.wikimedia.org\/wikipedia\/commons\/b\/b3\/Paubrasil31.JPG","width":350,"height":200,"srcset":"https:\/\/upload.wikimedia.org\/wikipedia\/commons\/b\/b3\/Paubrasil31.JPG 1x, https:\/\/upload.wikimedia.org\/wikipedia\/commons\/b\/b3\/Paubrasil31.JPG 1.5x"},"classes":[]},{"id":6204,"url":"https:\/\/www.kanenberg.com.br\/fatosfotoseregistros\/canhao-el-cristiano-historia-curiosidades-e-a-polemica-do-trofeu-de-guerra\/","url_meta":{"origin":5427,"position":1},"title":"Canh\u00e3o El Cristiano: Hist\u00f3ria, Curiosidades e a Pol\u00eamica do Trof\u00e9u de Guerra","author":"kanenberg","date":"2 de agosto de 2026","format":false,"excerpt":"O canh\u00e3o \"El Cristiano\" \u00e9 uma das pe\u00e7as mais simb\u00f3licas e controversas da hist\u00f3ria militar da Am\u00e9rica do Sul. Exposto no p\u00e1tio do Museu Hist\u00f3rico Nacional (MHN), no centro do Rio de Janeiro, ele voltou aos holofotes devido \u00e0s recorrentes tratativas diplom\u00e1ticas e apelos do governo paraguaio pela sua restitui\u00e7\u00e3o\u2026","rel":"","context":"Em &quot;Textos&quot;","block_context":{"text":"Textos","link":"https:\/\/www.kanenberg.com.br\/fatosfotoseregistros\/category\/textos\/"},"img":{"alt_text":"El Cristiano","src":"https:\/\/i0.wp.com\/www.kanenberg.com.br\/fatosfotoseregistros\/wp-content\/uploads\/2026\/08\/El-Cristiano-scaled.jpg?resize=350%2C200&ssl=1","width":350,"height":200,"srcset":"https:\/\/i0.wp.com\/www.kanenberg.com.br\/fatosfotoseregistros\/wp-content\/uploads\/2026\/08\/El-Cristiano-scaled.jpg?resize=350%2C200&ssl=1 1x, https:\/\/i0.wp.com\/www.kanenberg.com.br\/fatosfotoseregistros\/wp-content\/uploads\/2026\/08\/El-Cristiano-scaled.jpg?resize=525%2C300&ssl=1 1.5x, https:\/\/i0.wp.com\/www.kanenberg.com.br\/fatosfotoseregistros\/wp-content\/uploads\/2026\/08\/El-Cristiano-scaled.jpg?resize=700%2C400&ssl=1 2x, https:\/\/i0.wp.com\/www.kanenberg.com.br\/fatosfotoseregistros\/wp-content\/uploads\/2026\/08\/El-Cristiano-scaled.jpg?resize=1050%2C600&ssl=1 3x, https:\/\/i0.wp.com\/www.kanenberg.com.br\/fatosfotoseregistros\/wp-content\/uploads\/2026\/08\/El-Cristiano-scaled.jpg?resize=1400%2C800&ssl=1 4x"},"classes":[]},{"id":3471,"url":"https:\/\/www.kanenberg.com.br\/fatosfotoseregistros\/12-de-setembro\/","url_meta":{"origin":5427,"position":2},"title":"12 de setembro","author":"kanenberg","date":"12 de setembro de 2016","format":false,"excerpt":"Hoje, 12 de setembro, comemoramos dois importantes fatos: A cria\u00e7\u00e3o do Instituto Benjamin Constant e a Inaugura\u00e7\u00e3o da R\u00e1dio Nacional.","rel":"","context":"Em &quot;Textos&quot;","block_context":{"text":"Textos","link":"https:\/\/www.kanenberg.com.br\/fatosfotoseregistros\/category\/textos\/"},"img":{"alt_text":"2015-04-05-11-38","src":"https:\/\/fatosfotoseregistros.files.wordpress.com\/2016\/09\/2015-04-05-11-38.jpg?w=350&h=200&crop=1","width":350,"height":200,"srcset":"https:\/\/fatosfotoseregistros.files.wordpress.com\/2016\/09\/2015-04-05-11-38.jpg?w=350&h=200&crop=1 1x, https:\/\/fatosfotoseregistros.files.wordpress.com\/2016\/09\/2015-04-05-11-38.jpg?w=525&h=300&crop=1 1.5x"},"classes":[]},{"id":1077,"url":"https:\/\/www.kanenberg.com.br\/fatosfotoseregistros\/fortaleza-de-sao-jose-da-ponta-grossa\/","url_meta":{"origin":5427,"position":3},"title":"Fortaleza de S\u00e3o Jos\u00e9 da Ponta Grossa","author":"kanenberg","date":"7 de junho de 2016","format":false,"excerpt":"Est\u00e1 localizada ao norte da Ilha de Santa Catarina, entre as Praias do Forte e de Jurer\u00ea, em Florian\u00f3polis, no Estado de Santa Catarina. A constru\u00e7\u00e3o austera e imponente caracteriza-se pela riqueza da sua arquitetura, apresentando tra\u00e7os de influ\u00eancia renascentista.","rel":"","context":"Em &quot;Imagem&quot;","block_context":{"text":"Imagem","link":"https:\/\/www.kanenberg.com.br\/fatosfotoseregistros\/category\/imagem\/"},"img":{"alt_text":"pub_ponta_grossa_01","src":"https:\/\/fatosfotoseregistros.files.wordpress.com\/2016\/06\/pub_ponta_grossa_01.jpg?w=350&h=200&crop=1","width":350,"height":200,"srcset":"https:\/\/fatosfotoseregistros.files.wordpress.com\/2016\/06\/pub_ponta_grossa_01.jpg?w=350&h=200&crop=1 1x, https:\/\/fatosfotoseregistros.files.wordpress.com\/2016\/06\/pub_ponta_grossa_01.jpg?w=525&h=300&crop=1 1.5x"},"classes":[]},{"id":6173,"url":"https:\/\/www.kanenberg.com.br\/fatosfotoseregistros\/25-de-julho-dia-da-imigracao-alema\/","url_meta":{"origin":5427,"position":4},"title":"25 de julho: Dia da Imigra\u00e7\u00e3o Alem\u00e3","author":"kanenberg","date":"25 de julho de 2026","format":false,"excerpt":"O dia 25 de julho ocupa um lugar especial na hist\u00f3ria do Brasil. Nesta data, celebra-se o Dia da Imigra\u00e7\u00e3o Alem\u00e3, uma homenagem \u00e0 chegada dos primeiros imigrantes alem\u00e3es ao pa\u00eds, em 1824, quando desembarcaram na ent\u00e3o Col\u00f4nia de S\u00e3o Leopoldo, no Rio Grande do Sul. A partir daquele momento,\u2026","rel":"","context":"Em &quot;Textos&quot;","block_context":{"text":"Textos","link":"https:\/\/www.kanenberg.com.br\/fatosfotoseregistros\/category\/textos\/"},"img":{"alt_text":"25 de julho: Dia da Imigra\u00e7\u00e3o Alem\u00e3 O dia 25 de julho ocupa um lugar especial na hist\u00f3ria do Brasi","src":"https:\/\/i0.wp.com\/www.kanenberg.com.br\/fatosfotoseregistros\/wp-content\/uploads\/2026\/07\/ChatGPT-Image-25-de-jul.-de-2026-19_37_25.png?resize=350%2C200&ssl=1","width":350,"height":200,"srcset":"https:\/\/i0.wp.com\/www.kanenberg.com.br\/fatosfotoseregistros\/wp-content\/uploads\/2026\/07\/ChatGPT-Image-25-de-jul.-de-2026-19_37_25.png?resize=350%2C200&ssl=1 1x, https:\/\/i0.wp.com\/www.kanenberg.com.br\/fatosfotoseregistros\/wp-content\/uploads\/2026\/07\/ChatGPT-Image-25-de-jul.-de-2026-19_37_25.png?resize=525%2C300&ssl=1 1.5x, https:\/\/i0.wp.com\/www.kanenberg.com.br\/fatosfotoseregistros\/wp-content\/uploads\/2026\/07\/ChatGPT-Image-25-de-jul.-de-2026-19_37_25.png?resize=700%2C400&ssl=1 2x, https:\/\/i0.wp.com\/www.kanenberg.com.br\/fatosfotoseregistros\/wp-content\/uploads\/2026\/07\/ChatGPT-Image-25-de-jul.-de-2026-19_37_25.png?resize=1050%2C600&ssl=1 3x, https:\/\/i0.wp.com\/www.kanenberg.com.br\/fatosfotoseregistros\/wp-content\/uploads\/2026\/07\/ChatGPT-Image-25-de-jul.-de-2026-19_37_25.png?resize=1400%2C800&ssl=1 4x"},"classes":[]},{"id":6080,"url":"https:\/\/www.kanenberg.com.br\/fatosfotoseregistros\/peppino-di-capri-morre-aos-86-anos\/","url_meta":{"origin":5427,"position":5},"title":"Cantor italiano Peppino di Capri morre aos 86 anos","author":"kanenberg","date":"11 de julho de 2026","format":false,"excerpt":"\u00c9 um dia triste para os amantes da m\u00fasica rom\u00e2ntica e da tradicional melodia italiana. O falecimento de Peppino di Capri deixa um vazio enorme, mas tamb\u00e9m um legado eterno que embalou gera\u00e7\u00f5es, jantares rom\u00e2nticos e mem\u00f3rias afetivas ao som de cl\u00e1ssicos como \"Champagne\" e \"Roberta\".","rel":"","context":"Em &quot;Personalidades&quot;","block_context":{"text":"Personalidades","link":"https:\/\/www.kanenberg.com.br\/fatosfotoseregistros\/category\/personalidades\/"},"img":{"alt_text":"Peppino di Capri","src":"https:\/\/i0.wp.com\/www.kanenberg.com.br\/fatosfotoseregistros\/wp-content\/uploads\/2026\/07\/ChatGPT-Image-11-de-jul.-de-2026-16_39_36.png?resize=350%2C200&ssl=1","width":350,"height":200,"srcset":"https:\/\/i0.wp.com\/www.kanenberg.com.br\/fatosfotoseregistros\/wp-content\/uploads\/2026\/07\/ChatGPT-Image-11-de-jul.-de-2026-16_39_36.png?resize=350%2C200&ssl=1 1x, https:\/\/i0.wp.com\/www.kanenberg.com.br\/fatosfotoseregistros\/wp-content\/uploads\/2026\/07\/ChatGPT-Image-11-de-jul.-de-2026-16_39_36.png?resize=525%2C300&ssl=1 1.5x, https:\/\/i0.wp.com\/www.kanenberg.com.br\/fatosfotoseregistros\/wp-content\/uploads\/2026\/07\/ChatGPT-Image-11-de-jul.-de-2026-16_39_36.png?resize=700%2C400&ssl=1 2x, https:\/\/i0.wp.com\/www.kanenberg.com.br\/fatosfotoseregistros\/wp-content\/uploads\/2026\/07\/ChatGPT-Image-11-de-jul.-de-2026-16_39_36.png?resize=1050%2C600&ssl=1 3x, https:\/\/i0.wp.com\/www.kanenberg.com.br\/fatosfotoseregistros\/wp-content\/uploads\/2026\/07\/ChatGPT-Image-11-de-jul.-de-2026-16_39_36.png?resize=1400%2C800&ssl=1 4x"},"classes":[]}],"jetpack_likes_enabled":true,"amp_enabled":true,"jetpack_featured_media_url":"","_links":{"self":[{"href":"https:\/\/www.kanenberg.com.br\/fatosfotoseregistros\/wp-json\/wp\/v2\/posts\/5427","targetHints":{"allow":["GET"]}}],"collection":[{"href":"https:\/\/www.kanenberg.com.br\/fatosfotoseregistros\/wp-json\/wp\/v2\/posts"}],"about":[{"href":"https:\/\/www.kanenberg.com.br\/fatosfotoseregistros\/wp-json\/wp\/v2\/types\/post"}],"author":[{"embeddable":true,"href":"https:\/\/www.kanenberg.com.br\/fatosfotoseregistros\/wp-json\/wp\/v2\/users\/1"}],"replies":[{"embeddable":true,"href":"https:\/\/www.kanenberg.com.br\/fatosfotoseregistros\/wp-json\/wp\/v2\/comments?post=5427"}],"version-history":[{"count":3,"href":"https:\/\/www.kanenberg.com.br\/fatosfotoseregistros\/wp-json\/wp\/v2\/posts\/5427\/revisions"}],"predecessor-version":[{"id":6059,"href":"https:\/\/www.kanenberg.com.br\/fatosfotoseregistros\/wp-json\/wp\/v2\/posts\/5427\/revisions\/6059"}],"wp:attachment":[{"href":"https:\/\/www.kanenberg.com.br\/fatosfotoseregistros\/wp-json\/wp\/v2\/media?parent=5427"}],"wp:term":[{"taxonomy":"category","embeddable":true,"href":"https:\/\/www.kanenberg.com.br\/fatosfotoseregistros\/wp-json\/wp\/v2\/categories?post=5427"},{"taxonomy":"post_tag","embeddable":true,"href":"https:\/\/www.kanenberg.com.br\/fatosfotoseregistros\/wp-json\/wp\/v2\/tags?post=5427"}],"curies":[{"name":"wp","href":"https:\/\/api.w.org\/{rel}","templated":true}]}}