{"id":5424,"date":"2019-02-27T08:16:14","date_gmt":"2019-02-27T11:16:14","guid":{"rendered":"https:\/\/fatosfotoseregistros.kanenberg.com.br\/?p=5424"},"modified":"2025-12-28T19:26:57","modified_gmt":"2025-12-28T22:26:57","slug":"a-origem-dos-aniversarios","status":"publish","type":"post","link":"https:\/\/www.kanenberg.com.br\/fatosfotoseregistros\/a-origem-dos-aniversarios\/","title":{"rendered":"A origem dos anivers\u00e1rios"},"content":{"rendered":"<p style=\"text-align: justify;\">Como todos os dias se celebram milhares de anivers\u00e1rios no mundo, \u00e9 interessante saber qual a origem deste costume.<\/p>\n<p><img loading=\"lazy\" decoding=\"async\" data-attachment-id=\"5425\" data-permalink=\"https:\/\/www.kanenberg.com.br\/fatosfotoseregistros\/a-origem-dos-aniversarios\/aniversario\/\" data-orig-file=\"https:\/\/www.kanenberg.com.br\/fatosfotoseregistros\/wp-content\/uploads\/2019\/02\/aniversario.jpg\" data-orig-size=\"400,225\" data-comments-opened=\"1\" data-image-meta=\"{&quot;aperture&quot;:&quot;0&quot;,&quot;credit&quot;:&quot;&quot;,&quot;camera&quot;:&quot;&quot;,&quot;caption&quot;:&quot;&quot;,&quot;created_timestamp&quot;:&quot;0&quot;,&quot;copyright&quot;:&quot;&quot;,&quot;focal_length&quot;:&quot;0&quot;,&quot;iso&quot;:&quot;0&quot;,&quot;shutter_speed&quot;:&quot;0&quot;,&quot;title&quot;:&quot;&quot;,&quot;orientation&quot;:&quot;0&quot;}\" data-image-title=\"anivers\u00e1rio\" data-image-description=\"\" data-image-caption=\"\" data-large-file=\"https:\/\/www.kanenberg.com.br\/fatosfotoseregistros\/wp-content\/uploads\/2019\/02\/aniversario.jpg\" class=\"aligncenter size-medium wp-image-5425\" src=\"https:\/\/www.kanenberg.com.br\/fatosfotoseregistros\/wp-content\/uploads\/2019\/02\/aniversario-300x169.jpg\" alt=\"anivers\u00e1rio\" width=\"300\" height=\"169\" srcset=\"https:\/\/www.kanenberg.com.br\/fatosfotoseregistros\/wp-content\/uploads\/2019\/02\/aniversario-300x169.jpg 300w, https:\/\/www.kanenberg.com.br\/fatosfotoseregistros\/wp-content\/uploads\/2019\/02\/aniversario.jpg 400w\" sizes=\"auto, (max-width: 300px) 100vw, 300px\" \/><\/p>\n<p style=\"text-align: justify;\">Os anivers\u00e1rios t\u00eam origem pag\u00e3 relacionada com a magia (as velas simbolizam a liga\u00e7\u00e3o com espiritual e prote\u00e7\u00e3o) e com a religi\u00e3o, embora no caso do cristianismo este costume estivesse abolido at\u00e9 ao s\u00e9culo IV, altura em que a Igreja come\u00e7ou a comemorar o nascimento de Jesus Cristo.<\/p>\n<p style=\"text-align: justify;\">Na antiga Gr\u00e9cia na Gr\u00e9cia, onde todos os anos se homenageava a Deusa da ca\u00e7a, Artemis, com um bolo e v\u00e1rias velas em cima de bolos de mel redondos para simbolizar a lua que, segundo a mitologia grega, era a forma da Deusa Artemis se expressar.<\/p>\n<p style=\"text-align: justify;\">Nessas sociedades primordiais as comemora\u00e7\u00f5es de anivers\u00e1rio eram reservadas \u00e0s classes sociais de elite e aos deuses. Assim, tanto os eg\u00edpcios como os gregos restringiam essas festividades apenas aos fara\u00f3s e deuses. J\u00e1 os romanos permitiam essas celebra\u00e7\u00f5es apenas ao imperador, \u00e0 sua fam\u00edlia e aos senadores.<\/p>\n<p style=\"text-align: justify;\">Com o tempo esse h\u00e1bito acabou por chegar \u00e0 Alemanha, na Idade M\u00e9dia, onde os camponeses festejam os anivers\u00e1rios dos seus filhos com um bolo, as velas em n\u00famero id\u00eantico \u00e0 idade da crian\u00e7a e mais uma vela que simbolizava a luz da Vida.<\/p>\n<p style=\"text-align: justify;\">Para se perceber a import\u00e2ncia dos anivers\u00e1rios natal\u00edcios, deve-se compreender que na Idade M\u00e9dia as pessoas tinham uma cren\u00e7a profunda na exist\u00eancia de esp\u00edritos bons e de esp\u00edritos maus. Todos receavam que esses esp\u00edritos maus causassem mal ao aniversariante no seu dia de nascimento, pelo que ele ficava rodeado pela fam\u00edlia e pelos amigos, cujos votos de felicidade e sua pr\u00f3pria presen\u00e7a, o protegeriam contra os perigos desconhecidos que esse dia supostamente representava. A oferenda de presentes resultava numa prote\u00e7\u00e3o mais forte e quando acompanhada por uma refei\u00e7\u00e3o em conjunto ajudava a invocar a presen\u00e7a dos esp\u00edritos bons.<\/p>\n<p style=\"text-align: justify;\">Pode-se portanto concluir que nesses tempos a festa de anivers\u00e1rio natal\u00edcio destinava-se essencialmente a proteger a pessoa do mal e a tentar garantir que tivesse um bom ano \u00e0 sua frente.<\/p>\n<p style=\"text-align: justify;\">Atualmente as festas de anivers\u00e1rio servem para celebrar a conquista de mais um ano de vida e j\u00e1 n\u00e3o se invocam esp\u00edritos bons ou se tenta afastar esp\u00edritos maus. Trata-se essencialmente de um dia que se quer feliz e alegre, passado na companhia das pessoas que nos s\u00e3o mais queridas e importantes.<\/p>\n<p style=\"text-align: justify;\"><strong>R\u00fassia, S\u00e9rvia, Bulg\u00e1ria e Gr\u00e9cia<\/strong><\/p>\n<p style=\"text-align: justify;\">As meninas desses pa\u00edses t\u00eam direito a duas festas de anivers\u00e1rio por ano. Isso deve-se ao facto de que a maior parte delas tem nomes de santas e por isso \u00e9 h\u00e1bito comemorarem na data de nascimento e no dia da sua padroeira.<\/p>\n<p style=\"text-align: justify;\"><strong>Finl\u00e2ndia<\/strong><\/p>\n<p style=\"text-align: justify;\">Na casa do aniversariante \u00e9 costume hastear a bandeira do pa\u00eds. A tradi\u00e7\u00e3o obriga a que seja servido um excelente pequeno-almo\u00e7o com a fam\u00edlia.<\/p>\n<p style=\"text-align: justify;\"><strong>Senegal<\/strong><\/p>\n<p style=\"text-align: justify;\">Neste pa\u00eds a moda \u00e9 preparar v\u00e1rios tipos de carne para homenagear a pessoa aniversariante. E conv\u00e9m que se esteja com energia extra (e dinheiro) pois a tradi\u00e7\u00e3o obriga a que toda a vizinhan\u00e7a tenha direito a saborear o churrasco do aniversariante.<\/p>\n<p style=\"text-align: justify;\"><strong>Tail\u00e2ndia<\/strong><\/p>\n<p style=\"text-align: justify;\">Em vez de ser feita uma festa de arromba, o aniversariante aproveita o seu dia para agradecer a vida e fazer boas a\u00e7\u00f5es, entre elas, distribuir alimentos aos monges budistas que passam pela rua.<\/p>\n<p style=\"text-align: justify;\"><strong>M\u00e9xico, Chile, Cuba e El Salvador<\/strong><\/p>\n<p style=\"text-align: justify;\">Durante a festa, o aniversariante, de olhos vendados, deve quebrar a &#8220;pi\u00f1ata&#8221; (vaso de barro cheio de guloseimas) com um pau de madeira, enquanto os amigos e familiares cantam m\u00fasicas tradicionais de seu pa\u00eds.<\/p>\n<p style=\"text-align: justify;\"><strong>Coreia<\/strong><\/p>\n<p style=\"text-align: justify;\">Na primeira festa de anivers\u00e1rio a crian\u00e7a coreana \u00e9 posta em frente a uma s\u00e9rie de objetos trazidos pelos convidados. Acredita-se que o presente escolhido pelo beb\u00e9 d\u00e1 uma sugest\u00e3o do seu futuro e da sua futura profiss\u00e3o. Se, por exemplo, ele escolher um carretel de linha, significa que ter\u00e1 uma vida longa e se escolher um livro ser\u00e1 totalmente dedicado aos estudos. Por outro lado se escolher dinheiro ou arroz, ter\u00e1 sucesso financeiro quando for adulto.<\/p>\n<p style=\"text-align: justify;\"><strong>Curiosidades<\/strong>:<\/p>\n<p style=\"text-align: justify;\">\u2013 A palavra &#8220;anivers\u00e1rio&#8221; \u00e9 de origem latina. Vem da jun\u00e7\u00e3o da palavra &#8220;annus&#8221; (ano) e da palavra &#8220;vertere&#8221; (voltar), ou seja, &#8220;aquilo que volta todos os anos&#8221;.<\/p>\n<p style=\"text-align: justify;\">\u2013 A celebra\u00e7\u00e3o dos anivers\u00e1rios na Alemanha da Idade M\u00e9dia era efetuada ao amanhecer, sendo a crian\u00e7a acordada no dia do seu anivers\u00e1rio com um bolo de velas acesas.<\/p>\n<p style=\"text-align: justify;\">\u2013 Em algumas culturas de povos antigos, cuja mortalidade infantil era muito maior que a dos dias atuais, a comemora\u00e7\u00e3o do anivers\u00e1rio visava a celebra\u00e7\u00e3o da continuidade da pessoa na Terra, o que n\u00e3o \u00e9 t\u00e3o comum hoje. O famoso &#8220;parab\u00e9ns&#8221;, ent\u00e3o, poderia ser interpretado como &#8220;parab\u00e9ns por voc\u00ea ter sobrevivido por mais um ano&#8221; para esses povos. Hoje as pessoas n\u00e3o d\u00e3o parab\u00e9ns com esse intuito, visto que hoje as pessoas sobrevivem melhor.<\/p>\n","protected":false},"excerpt":{"rendered":"<p>Como todos os dias se celebram milhares de anivers\u00e1rios no mundo, \u00e9 interessante saber qual a origem deste costume.<\/p>\n","protected":false},"author":1,"featured_media":0,"comment_status":"open","ping_status":"open","sticky":false,"template":"","format":"standard","meta":{"_exactmetrics_skip_tracking":false,"_jetpack_newsletter_access":"","_jetpack_dont_email_post_to_subs":false,"_jetpack_newsletter_tier_id":0,"_jetpack_memberships_contains_paywalled_content":false,"_jetpack_feature_clip_id":0,"_jetpack_memberships_contains_paid_content":false,"footnotes":"","jetpack_publicize_message":"A origem dos anivers\u00e1rios - Como todos os dias se celebram milhares de anivers\u00e1rios no mundo, \u00e9 interessante saber qual a origem deste costume.","jetpack_publicize_feature_enabled":true,"jetpack_social_post_already_shared":true,"jetpack_social_options":{"image_generator_settings":{"template":"highway","default_image_id":0,"font":"","enabled":false},"version":2},"jetpack_post_was_ever_published":false},"categories":[265],"tags":[334,260],"class_list":["post-5424","post","type-post","status-publish","format-standard","hentry","category-textos","tag-data-especial","tag-datas-comemorativas"],"jetpack_publicize_connections":[],"jetpack_sharing_enabled":true,"jetpack_shortlink":"https:\/\/wp.me\/phkM1X-1pu","jetpack-related-posts":[{"id":710,"url":"https:\/\/www.kanenberg.com.br\/fatosfotoseregistros\/dia-das-maes\/","url_meta":{"origin":5424,"position":0},"title":"Dia das M\u00e3es","author":"kanenberg","date":"7 de maio de 2016","format":false,"excerpt":"Dia das M\u00e3es, tamb\u00e9m designado de\u00a0Dia da M\u00e3e, \u00e9 uma data comemorativa em que se homenageia a\u00a0m\u00e3e e a\u00a0maternidade. Em alguns pa\u00edses \u00e9 comemorado no segundo domingo do m\u00eas de maio (como no\u00a0Brasil e na\u00a0Irlanda). Em\u00a0Portugal \u00e9 comemorado no primeiro domingo do m\u00eas de Maio.","rel":"","context":"Em &quot;Textos&quot;","block_context":{"text":"Textos","link":"https:\/\/www.kanenberg.com.br\/fatosfotoseregistros\/category\/textos\/"},"img":{"alt_text":"","src":"","width":0,"height":0},"classes":[]},{"id":1230,"url":"https:\/\/www.kanenberg.com.br\/fatosfotoseregistros\/japeri\/","url_meta":{"origin":5424,"position":1},"title":"Cidade de Japeri","author":"kanenberg","date":"5 de julho de 2016","format":false,"excerpt":"A hist\u00f3ria de Japeri come\u00e7a no dia 13 de agosto de 1743, data de sua funda\u00e7\u00e3o, por In\u00e1cio Dias da C\u00e2mara Leme, denominado Morgado de Bel\u00e9m. A partir de 1750, as terras passaram a pertencer \u00e0 Freguesia de Sacra Fam\u00edlia de Tingu\u00e1, pois at\u00e9 ent\u00e3o pertenciam \u00e0 Freguesia de Paty\u2026","rel":"","context":"Em &quot;Imagem&quot;","block_context":{"text":"Imagem","link":"https:\/\/www.kanenberg.com.br\/fatosfotoseregistros\/category\/imagem\/"},"img":{"alt_text":"japeri_1928","src":"https:\/\/i0.wp.com\/www.kanenberg.com.br\/fatosfotoseregistros\/wp-content\/uploads\/2016\/07\/japeri_1928.jpg?resize=350%2C200&ssl=1","width":350,"height":200},"classes":[]},{"id":6396,"url":"https:\/\/www.kanenberg.com.br\/fatosfotoseregistros\/dia-do-sexo\/","url_meta":{"origin":5424,"position":2},"title":"6 de Setembro: Origem, Curiosidades e A Import\u00e2ncia do Dia do Sexo","author":"kanenberg","date":"6 de setembro de 2026","format":false,"excerpt":"O dia 6 de setembro \u00e9 marcado no Brasil como o Dia do Sexo. Al\u00e9m de render piadas e memes nas redes sociais, a data \u00e9 um convite para refletir sobre sa\u00fade sexual, bem-estar, consentimento e quebra de tabus.","rel":"","context":"Em &quot;Textos&quot;","block_context":{"text":"Textos","link":"https:\/\/www.kanenberg.com.br\/fatosfotoseregistros\/category\/textos\/"},"img":{"alt_text":"Dia do Sexo: 6 de setembro","src":"https:\/\/i0.wp.com\/www.kanenberg.com.br\/fatosfotoseregistros\/wp-content\/uploads\/2026\/09\/Dia-do-sexo.jpg?resize=350%2C200&ssl=1","width":350,"height":200,"srcset":"https:\/\/i0.wp.com\/www.kanenberg.com.br\/fatosfotoseregistros\/wp-content\/uploads\/2026\/09\/Dia-do-sexo.jpg?resize=350%2C200&ssl=1 1x, https:\/\/i0.wp.com\/www.kanenberg.com.br\/fatosfotoseregistros\/wp-content\/uploads\/2026\/09\/Dia-do-sexo.jpg?resize=525%2C300&ssl=1 1.5x, https:\/\/i0.wp.com\/www.kanenberg.com.br\/fatosfotoseregistros\/wp-content\/uploads\/2026\/09\/Dia-do-sexo.jpg?resize=700%2C400&ssl=1 2x, https:\/\/i0.wp.com\/www.kanenberg.com.br\/fatosfotoseregistros\/wp-content\/uploads\/2026\/09\/Dia-do-sexo.jpg?resize=1050%2C600&ssl=1 3x, https:\/\/i0.wp.com\/www.kanenberg.com.br\/fatosfotoseregistros\/wp-content\/uploads\/2026\/09\/Dia-do-sexo.jpg?resize=1400%2C800&ssl=1 4x"},"classes":[]},{"id":6161,"url":"https:\/\/www.kanenberg.com.br\/fatosfotoseregistros\/dia-do-escritor-2026\/","url_meta":{"origin":5424,"position":3},"title":"O Imperador da Mente Versada: A Faceta Escritora e Tradutora de D. Pedro II","author":"kanenberg","date":"25 de julho de 2026","format":false,"excerpt":"Neste Dia do Escritor, celebrado em 25 de julho, costumamos lembrar das grandes mentes que moldaram a literatura brasileira, de Machado de Assis a Clarice Lispector. No entanto, h\u00e1 um cap\u00edtulo fascinante da nossa hist\u00f3ria liter\u00e1ria que muitas vezes permanece \u00e0 sombra da pol\u00edtica: a faceta de Dom Pedro II\u2026","rel":"","context":"Em &quot;Personalidades&quot;","block_context":{"text":"Personalidades","link":"https:\/\/www.kanenberg.com.br\/fatosfotoseregistros\/category\/personalidades\/"},"img":{"alt_text":"","src":"https:\/\/i0.wp.com\/www.kanenberg.com.br\/fatosfotoseregistros\/wp-content\/uploads\/2026\/07\/file_000000003a14820ea374c6653d068dae8963584501828690726.png?resize=350%2C200&ssl=1","width":350,"height":200,"srcset":"https:\/\/i0.wp.com\/www.kanenberg.com.br\/fatosfotoseregistros\/wp-content\/uploads\/2026\/07\/file_000000003a14820ea374c6653d068dae8963584501828690726.png?resize=350%2C200&ssl=1 1x, https:\/\/i0.wp.com\/www.kanenberg.com.br\/fatosfotoseregistros\/wp-content\/uploads\/2026\/07\/file_000000003a14820ea374c6653d068dae8963584501828690726.png?resize=525%2C300&ssl=1 1.5x, https:\/\/i0.wp.com\/www.kanenberg.com.br\/fatosfotoseregistros\/wp-content\/uploads\/2026\/07\/file_000000003a14820ea374c6653d068dae8963584501828690726.png?resize=700%2C400&ssl=1 2x, https:\/\/i0.wp.com\/www.kanenberg.com.br\/fatosfotoseregistros\/wp-content\/uploads\/2026\/07\/file_000000003a14820ea374c6653d068dae8963584501828690726.png?resize=1050%2C600&ssl=1 3x, https:\/\/i0.wp.com\/www.kanenberg.com.br\/fatosfotoseregistros\/wp-content\/uploads\/2026\/07\/file_000000003a14820ea374c6653d068dae8963584501828690726.png?resize=1400%2C800&ssl=1 4x"},"classes":[]},{"id":625,"url":"https:\/\/www.kanenberg.com.br\/fatosfotoseregistros\/dia-nacional-do-pau-brasil\/","url_meta":{"origin":5424,"position":4},"title":"Dia Nacional do Pau-Brasil","author":"kanenberg","date":"3 de maio de 2016","format":false,"excerpt":"Hoje (03\/Maio) \u00e9 comemorado o Dia Nacional do Pau-Brasil","rel":"","context":"Em &quot;Textos&quot;","block_context":{"text":"Textos","link":"https:\/\/www.kanenberg.com.br\/fatosfotoseregistros\/category\/textos\/"},"img":{"alt_text":"Paubrasil31.JPG","src":"https:\/\/upload.wikimedia.org\/wikipedia\/commons\/b\/b3\/Paubrasil31.JPG","width":350,"height":200,"srcset":"https:\/\/upload.wikimedia.org\/wikipedia\/commons\/b\/b3\/Paubrasil31.JPG 1x, https:\/\/upload.wikimedia.org\/wikipedia\/commons\/b\/b3\/Paubrasil31.JPG 1.5x"},"classes":[]},{"id":507,"url":"https:\/\/www.kanenberg.com.br\/fatosfotoseregistros\/jose-datrino\/","url_meta":{"origin":5424,"position":5},"title":"Voc\u00ea sabe quem foi Jos\u00e9 Datrino?","author":"kanenberg","date":"14 de abril de 2016","format":false,"excerpt":"Talvez muitos v\u00e3o se lembrar da express\u00e3o Gentileza gera Gentileza, ou ainda v\u00e3o se lembrar das 56 inscri\u00e7\u00f5es ou prov\u00e9rbios nas pilastras do Viaduto do Gas\u00f4metro, no Rio de Janeiro, que v\u00e3o do Cemit\u00e9rio do Caj\u00fa at\u00e9 a Rodovi\u00e1ria Novo Rio.","rel":"","context":"Em &quot;Textos&quot;","block_context":{"text":"Textos","link":"https:\/\/www.kanenberg.com.br\/fatosfotoseregistros\/category\/textos\/"},"img":{"alt_text":"datrino1","src":"https:\/\/i0.wp.com\/fatosfotoseregistros.kanenberg.com.br\/wp-content\/uploads\/2016\/04\/datrino1.jpg?resize=350%2C200&ssl=1","width":350,"height":200},"classes":[]}],"jetpack_likes_enabled":true,"amp_enabled":true,"jetpack_featured_media_url":"","_links":{"self":[{"href":"https:\/\/www.kanenberg.com.br\/fatosfotoseregistros\/wp-json\/wp\/v2\/posts\/5424","targetHints":{"allow":["GET"]}}],"collection":[{"href":"https:\/\/www.kanenberg.com.br\/fatosfotoseregistros\/wp-json\/wp\/v2\/posts"}],"about":[{"href":"https:\/\/www.kanenberg.com.br\/fatosfotoseregistros\/wp-json\/wp\/v2\/types\/post"}],"author":[{"embeddable":true,"href":"https:\/\/www.kanenberg.com.br\/fatosfotoseregistros\/wp-json\/wp\/v2\/users\/1"}],"replies":[{"embeddable":true,"href":"https:\/\/www.kanenberg.com.br\/fatosfotoseregistros\/wp-json\/wp\/v2\/comments?post=5424"}],"version-history":[{"count":2,"href":"https:\/\/www.kanenberg.com.br\/fatosfotoseregistros\/wp-json\/wp\/v2\/posts\/5424\/revisions"}],"predecessor-version":[{"id":6060,"href":"https:\/\/www.kanenberg.com.br\/fatosfotoseregistros\/wp-json\/wp\/v2\/posts\/5424\/revisions\/6060"}],"wp:attachment":[{"href":"https:\/\/www.kanenberg.com.br\/fatosfotoseregistros\/wp-json\/wp\/v2\/media?parent=5424"}],"wp:term":[{"taxonomy":"category","embeddable":true,"href":"https:\/\/www.kanenberg.com.br\/fatosfotoseregistros\/wp-json\/wp\/v2\/categories?post=5424"},{"taxonomy":"post_tag","embeddable":true,"href":"https:\/\/www.kanenberg.com.br\/fatosfotoseregistros\/wp-json\/wp\/v2\/tags?post=5424"}],"curies":[{"name":"wp","href":"https:\/\/api.w.org\/{rel}","templated":true}]}}