{"id":541,"date":"2016-04-20T13:10:25","date_gmt":"2016-04-20T16:10:25","guid":{"rendered":"https:\/\/fatosfotoseregistros.wordpress.com\/?p=541"},"modified":"2026-08-09T12:28:46","modified_gmt":"2026-08-09T15:28:46","slug":"forte-da-laje","status":"publish","type":"post","link":"https:\/\/www.kanenberg.com.br\/fatosfotoseregistros\/forte-da-laje\/","title":{"rendered":"Forte Tamandar\u00e9 (Forte da Laje)"},"content":{"rendered":"<p align=\"justify\">Foi constru\u00edda sobre um rochedo quase plano que divide a entrada da Ba\u00eda de Guanabara em duas partes desiguais. Dista 1.250 m da Fortaleza de Santa Cruz e 500m da Fortaleza de S\u00e3o Jo\u00e3o.<\/p>\n<p style=\"text-align: center;\"><a href=\"https:\/\/commons.wikimedia.org\/wiki\/File:Forte-da-lage-baia-da-guanabara-rio-de-janeiro.jpg#\/media\/File:Forte-da-lage-baia-da-guanabara-rio-de-janeiro.jpg\"><img loading=\"lazy\" decoding=\"async\" class=\"aligncenter\" src=\"https:\/\/upload.wikimedia.org\/wikipedia\/commons\/4\/49\/Forte-da-lage-baia-da-guanabara-rio-de-janeiro.jpg\" alt=\"Forte-da-lage-baia-da-guanabara-rio-de-janeiro.jpg\" width=\"640\" height=\"427\" \/><\/a><span style=\"font-size: xx-small;\">Por <a class=\"new\" title=\"User:Mauricio Pecanha (page does not exist)\" href=\"Mauricio_Pecanha&amp;action=edit&amp;redlink=1\">Mauricio Pe\u00e7anha da Silva<\/a> &#8211; Jos\u00e9 Roitberg, <a title=\"Creative Commons Attribution-Share Alike 3.0\" href=\"http:\/\/creativecommons.org\/licenses\/by-sa\/3.0\">CC BY-SA 3.0<\/a>, https:\/\/commons.wikimedia.org\/w\/index.php?curid=15171225<\/span><\/p>\n<p align=\"justify\">Sua hist\u00f3ria remonta ao ano de 1555, quando Villegagnon ali montou uma bateria conhecida com o nome de Bateria Ratier.<\/p>\n<p align=\"justify\">Em carta r\u00e9gia de 1644, foi autorizada a constru\u00e7\u00e3o de uma fortaleza, logo abandonada e, novamente, artilhada em 1690. Somente em 1710 come\u00e7a a ser edificada a Fortaleza de Laje, cujo t\u00e9rmino se deu por volta de 1716.<\/p>\n<p align=\"justify\">A Fortaleza da Laje cruzava seus fogos com os demais fortes da Ba\u00eda, em prote\u00e7\u00e3o \u00e0 cidade e ao porto, tornando inacess\u00edvel qualquer desembarque de invasores.<\/p>\n<p align=\"justify\">Posteriormente, foi projetada uma c\u00fapula encoura\u00e7ada de ferro endurecido, a\u00e7o e n\u00edquel para prote\u00e7\u00e3o aos poderosos canh\u00f5es pesando 3.060 toneladas.<\/p>\n<p align=\"justify\">Ap\u00f3s a Revolta da Armada, em 1893, foram consertadas as avarias causadas pelos bombardeios e montados alguns canh\u00f5es Krupp. Em 1895, um novo projeto foi aprovado, e suas obras foram iniciadas em 1896 e, devido ao recinto relativamente ex\u00edguo onde estas se operavam, alongaram-se at\u00e9 1906 quando foi inaugurada. Em 1909, ainda eram executadas obras complementares, com todo o rigor de uma fortifica\u00e7\u00e3o moderna e convenientemente guarnecida.<\/p>\n<p align=\"justify\">Durante a Segunda Guerra Mundial, a Fortaleza de Laje possu\u00eda uma rede antimina submersa que se estendia para S\u00e3o Jo\u00e3o e Santa Cruz, impedindo, se necess\u00e1rio, a entrada no canal.<\/p>\n<p align=\"justify\">Em 1953, passou a ter o nome de Forte Almirante Tamandar\u00e9. Atualmente, encontra-se sem efetivo e desartilhada, estando os seus bens materiais sob a responsabilidade da Fortaleza de S\u00e3o Jo\u00e3o.<\/p>\n<p align=\"justify\">O Forte da Laje hoje est\u00e1 desativado, assim como a Fortaleza de S\u00e3o Jo\u00e3o e Fortaleza de Santa Cruz da Barra. Outra fortalezas desativadas s\u00e3o o Forte de Copacabana e o Forte Duque de Caxias (Forte do Leme). Um dos principais motivos da desativa\u00e7\u00e3o \u00e9 o surgimento das novas tecnologias, como avia\u00e7\u00e3o, m\u00edsseis e submarinos as tecnologias defensivas de outrora se tornaram insuficientes.<\/p>\n<p><b>Origem do Nome e Sua Import\u00e2ncia<\/b><\/p>\n<p align=\"justify\">Laje \u00e9 uma pequena ilha ou ilhota, que mede cerca de 100 metros em sua maior dimens\u00e3o. Certamente o nome Laje \u00e9 decorrente de ser uma ilha de pedra, com forma semelhante \u00e0 um plat\u00f4 de rocha sobre o mar.<\/p>\n<p align=\"justify\">O nome oficial do Forte da Lage \u00e9 Forte Tamandar\u00e9, em homenagem \u00e0 um dos mais not\u00e1veis e conhecidos almirantes Brasileiros.<\/p>\n<p><b>Curiosidades<\/b><\/p>\n<p align=\"justify\">Nesta fortifica\u00e7\u00e3o estiveram detidos v\u00e1rios personagens da Hist\u00f3ria do Brasil dos quais podemos citar: Jos\u00e9 Bonif\u00e1cio de Andrada e Silva e seus irm\u00e3os, o poeta Olavo Bilac (detido alguns meses por cr\u00edticas ao Presidente da Rep\u00fablica), marechal Floriano Peixoto e outros.<\/p>\n<p><span class=\"embed-youtube\" style=\"text-align:center; display: block;\"><iframe loading=\"lazy\" class=\"youtube-player\" width=\"840\" height=\"473\" src=\"https:\/\/www.youtube.com\/embed\/H6PSZdTHk58?version=3&#038;rel=1&#038;showsearch=0&#038;showinfo=1&#038;iv_load_policy=1&#038;fs=1&#038;hl=pt-BR&#038;autohide=2&#038;wmode=transparent\" allowfullscreen=\"true\" style=\"border:0;\" sandbox=\"allow-scripts allow-same-origin allow-popups allow-presentation allow-popups-to-escape-sandbox\"><\/iframe><\/span><\/p>\n","protected":false},"excerpt":{"rendered":"<p>Laje \u00e9 uma pequena ilha ou ilhota, que mede cerca de 100 metros em sua maior dimens\u00e3o. Certamente o nome Laje \u00e9 decorrente de ser uma ilha de pedra, com forma semelhante \u00e0 um plat\u00f4 de rocha sobre o mar. O nome oficial do Forte da Lage \u00e9 Forte Tamandar\u00e9, em homenagem \u00e0 um dos mais not\u00e1veis e conhecidos almirantes Brasileiros.<\/p>\n","protected":false},"author":1,"featured_media":0,"comment_status":"open","ping_status":"open","sticky":false,"template":"","format":"standard","meta":{"_exactmetrics_skip_tracking":false,"_jetpack_newsletter_access":"","_jetpack_dont_email_post_to_subs":false,"_jetpack_newsletter_tier_id":0,"_jetpack_memberships_contains_paywalled_content":false,"_jetpack_feature_clip_id":0,"_jetpack_memberships_contains_paid_content":false,"footnotes":"","jetpack_publicize_message":"","jetpack_publicize_feature_enabled":true,"jetpack_social_post_already_shared":true,"jetpack_social_options":{"image_generator_settings":{"template":"highway","default_image_id":0,"font":"","enabled":false},"version":2},"jetpack_post_was_ever_published":false},"categories":[282],"tags":[371,255,289],"class_list":["post-541","post","type-post","status-publish","format-standard","hentry","category-lugares","tag-fortes","tag-historia","tag-rio-de-janeiro"],"jetpack_publicize_connections":[],"jetpack_sharing_enabled":true,"jetpack_shortlink":"https:\/\/wp.me\/phkM1X-8J","jetpack-related-posts":[{"id":2062,"url":"https:\/\/www.kanenberg.com.br\/fatosfotoseregistros\/museu-historico-do-exercito-e-forte-de-copacabana\/","url_meta":{"origin":541,"position":0},"title":"Museu Hist\u00f3rico do Ex\u00e9rcito e Forte de Copacabana","author":"kanenberg","date":"19 de julho de 2016","format":false,"excerpt":"O local escolhido para a sua constru\u00e7\u00e3o consistia numa regi\u00e3o cujos rochedos avan\u00e7avam contra o mar em dire\u00e7\u00e3o \u00e0 entrada da Ba\u00eda de Guanabara.","rel":"","context":"Em &quot;Imagem&quot;","block_context":{"text":"Imagem","link":"https:\/\/www.kanenberg.com.br\/fatosfotoseregistros\/category\/imagem\/"},"img":{"alt_text":"","src":"https:\/\/i0.wp.com\/www.kanenberg.com.br\/fatosfotoseregistros\/wp-content\/uploads\/2016\/07\/1922-07-06-150x150.jpg?resize=350%2C200&ssl=1","width":350,"height":200,"srcset":"https:\/\/i0.wp.com\/www.kanenberg.com.br\/fatosfotoseregistros\/wp-content\/uploads\/2016\/07\/1922-07-06-150x150.jpg?resize=350%2C200&ssl=1 1x, https:\/\/i0.wp.com\/www.kanenberg.com.br\/fatosfotoseregistros\/wp-content\/uploads\/2016\/07\/1922-07-06-150x150.jpg?resize=525%2C300&ssl=1 1.5x"},"classes":[]},{"id":1077,"url":"https:\/\/www.kanenberg.com.br\/fatosfotoseregistros\/fortaleza-de-sao-jose-da-ponta-grossa\/","url_meta":{"origin":541,"position":1},"title":"Fortaleza de S\u00e3o Jos\u00e9 da Ponta Grossa","author":"kanenberg","date":"7 de junho de 2016","format":false,"excerpt":"Est\u00e1 localizada ao norte da Ilha de Santa Catarina, entre as Praias do Forte e de Jurer\u00ea, em Florian\u00f3polis, no Estado de Santa Catarina. A constru\u00e7\u00e3o austera e imponente caracteriza-se pela riqueza da sua arquitetura, apresentando tra\u00e7os de influ\u00eancia renascentista.","rel":"","context":"Em &quot;Imagem&quot;","block_context":{"text":"Imagem","link":"https:\/\/www.kanenberg.com.br\/fatosfotoseregistros\/category\/imagem\/"},"img":{"alt_text":"pub_ponta_grossa_01","src":"https:\/\/fatosfotoseregistros.files.wordpress.com\/2016\/06\/pub_ponta_grossa_01.jpg?w=350&h=200&crop=1","width":350,"height":200,"srcset":"https:\/\/fatosfotoseregistros.files.wordpress.com\/2016\/06\/pub_ponta_grossa_01.jpg?w=350&h=200&crop=1 1x, https:\/\/fatosfotoseregistros.files.wordpress.com\/2016\/06\/pub_ponta_grossa_01.jpg?w=525&h=300&crop=1 1.5x"},"classes":[]},{"id":6084,"url":"https:\/\/www.kanenberg.com.br\/fatosfotoseregistros\/simmm-uma-figura-marcante-da-ilha-do-governador\/","url_meta":{"origin":541,"position":2},"title":"Simmm &#8211; Uma figura marcante da Ilha do Governador","author":"kanenberg","date":"11 de julho de 2026","format":false,"excerpt":"Por volta de 1995, era comum encontrar, pelas ruas da Ilha do Governador, no Rio de Janeiro, um homem que se tornou bastante conhecido entre os moradores da regi\u00e3o. Chamava a aten\u00e7\u00e3o por desenhar figuras curiosas nas cal\u00e7adas, utilizando giz ou gesso, e por fazer longos discursos que, para muitos,\u2026","rel":"","context":"Em &quot;Personalidades&quot;","block_context":{"text":"Personalidades","link":"https:\/\/www.kanenberg.com.br\/fatosfotoseregistros\/category\/personalidades\/"},"img":{"alt_text":"Simmm","src":"https:\/\/i0.wp.com\/www.kanenberg.com.br\/fatosfotoseregistros\/wp-content\/uploads\/2026\/07\/simmm-609x1024.jpg?resize=350%2C200&ssl=1","width":350,"height":200,"srcset":"https:\/\/i0.wp.com\/www.kanenberg.com.br\/fatosfotoseregistros\/wp-content\/uploads\/2026\/07\/simmm-609x1024.jpg?resize=350%2C200&ssl=1 1x, https:\/\/i0.wp.com\/www.kanenberg.com.br\/fatosfotoseregistros\/wp-content\/uploads\/2026\/07\/simmm-609x1024.jpg?resize=525%2C300&ssl=1 1.5x"},"classes":[]},{"id":5275,"url":"https:\/\/www.kanenberg.com.br\/fatosfotoseregistros\/florianopolis-em-1976\/","url_meta":{"origin":541,"position":3},"title":"Florian\u00f3polis em 1976: Um Retrato Hist\u00f3rico da Capital Catarinense","author":"kanenberg","date":"6 de setembro de 2026","format":false,"excerpt":"O registro em v\u00eddeo resgata imagens da Ilha de Santa Catarina gravadas em 1976, per\u00edodo em que Florian\u00f3polis contava com cerca de 170 mil habitantes espalhados por seus 450 km\u00b2 de \u00e1rea territorial. As filmagens capturam a transi\u00e7\u00e3o entre a tradi\u00e7\u00e3o a\u00e7oriana e a moderniza\u00e7\u00e3o urbana da capital catarinense durante\u2026","rel":"","context":"Em &quot;Lugares&quot;","block_context":{"text":"Lugares","link":"https:\/\/www.kanenberg.com.br\/fatosfotoseregistros\/category\/lugares\/"},"img":{"alt_text":"onte Herc\u00edlio Luz, d\u00e9cada de 70. Vista do lado continental, ao fundo a Ilha de Santa Catarina.","src":"https:\/\/i0.wp.com\/www.kanenberg.com.br\/fatosfotoseregistros\/wp-content\/uploads\/2026\/09\/Ponte_Hercilio_Luz_1970.jpg?resize=350%2C200&ssl=1","width":350,"height":200,"srcset":"https:\/\/i0.wp.com\/www.kanenberg.com.br\/fatosfotoseregistros\/wp-content\/uploads\/2026\/09\/Ponte_Hercilio_Luz_1970.jpg?resize=350%2C200&ssl=1 1x, https:\/\/i0.wp.com\/www.kanenberg.com.br\/fatosfotoseregistros\/wp-content\/uploads\/2026\/09\/Ponte_Hercilio_Luz_1970.jpg?resize=525%2C300&ssl=1 1.5x, https:\/\/i0.wp.com\/www.kanenberg.com.br\/fatosfotoseregistros\/wp-content\/uploads\/2026\/09\/Ponte_Hercilio_Luz_1970.jpg?resize=700%2C400&ssl=1 2x, https:\/\/i0.wp.com\/www.kanenberg.com.br\/fatosfotoseregistros\/wp-content\/uploads\/2026\/09\/Ponte_Hercilio_Luz_1970.jpg?resize=1050%2C600&ssl=1 3x"},"classes":[]},{"id":5325,"url":"https:\/\/www.kanenberg.com.br\/fatosfotoseregistros\/museu-ilha-das-flores\/","url_meta":{"origin":541,"position":4},"title":"Museu da Imigra\u00e7\u00e3o da Ilha das Flores: um lugar de chegada, esperan\u00e7a e mem\u00f3ria","author":"kanenberg","date":"18 de fevereiro de 2019","format":false,"excerpt":"Na Ba\u00eda de Guanabara, no munic\u00edpio de S\u00e3o Gon\u00e7alo, encontra-se um lugar que guarda uma importante parte da hist\u00f3ria da imigra\u00e7\u00e3o no Brasil: a Ilha das Flores, onde funcionou, entre 1883 e 1966, a Hospedaria de Imigrantes da Ilha das Flores.","rel":"","context":"Em &quot;Lugares&quot;","block_context":{"text":"Lugares","link":"https:\/\/www.kanenberg.com.br\/fatosfotoseregistros\/category\/lugares\/"},"img":{"alt_text":"Vista do cais de entrada da Hospedaria de Imigrantes, na Ilha das Flores","src":"https:\/\/i0.wp.com\/www.kanenberg.com.br\/fatosfotoseregistros\/wp-content\/uploads\/2019\/02\/ilha_flores_00.jpg.jpg?resize=350%2C200&ssl=1","width":350,"height":200,"srcset":"https:\/\/i0.wp.com\/www.kanenberg.com.br\/fatosfotoseregistros\/wp-content\/uploads\/2019\/02\/ilha_flores_00.jpg.jpg?resize=350%2C200&ssl=1 1x, https:\/\/i0.wp.com\/www.kanenberg.com.br\/fatosfotoseregistros\/wp-content\/uploads\/2019\/02\/ilha_flores_00.jpg.jpg?resize=525%2C300&ssl=1 1.5x, https:\/\/i0.wp.com\/www.kanenberg.com.br\/fatosfotoseregistros\/wp-content\/uploads\/2019\/02\/ilha_flores_00.jpg.jpg?resize=700%2C400&ssl=1 2x, https:\/\/i0.wp.com\/www.kanenberg.com.br\/fatosfotoseregistros\/wp-content\/uploads\/2019\/02\/ilha_flores_00.jpg.jpg?resize=1050%2C600&ssl=1 3x, https:\/\/i0.wp.com\/www.kanenberg.com.br\/fatosfotoseregistros\/wp-content\/uploads\/2019\/02\/ilha_flores_00.jpg.jpg?resize=1400%2C800&ssl=1 4x"},"classes":[]},{"id":147,"url":"https:\/\/www.kanenberg.com.br\/fatosfotoseregistros\/morro-da-babilonia\/","url_meta":{"origin":541,"position":5},"title":"Morro da Babil\u00f4nia","author":"kanenberg","date":"2 de julho de 2015","format":false,"excerpt":"O Morro da Babil\u00f4nia era uma \u00e1rea militar, usada como ponto estrat\u00e9gico no controle da entrada de embarca\u00e7\u00f5es na Ba\u00eda de Guanabara.","rel":"","context":"Em &quot;Imagem&quot;","block_context":{"text":"Imagem","link":"https:\/\/www.kanenberg.com.br\/fatosfotoseregistros\/category\/imagem\/"},"img":{"alt_text":"Copacabana - Babil\u00f4nia","src":"http:\/\/i0.wp.com\/fatosfotoseregistros.files.wordpress.com\/2015\/06\/wpid-wp-1434853041335.jpeg?w=528%3Fw%3D700&resize=350%2C200","width":350,"height":200,"srcset":"http:\/\/i0.wp.com\/fatosfotoseregistros.files.wordpress.com\/2015\/06\/wpid-wp-1434853041335.jpeg?w=528%3Fw%3D700&resize=350%2C200 1x, http:\/\/i0.wp.com\/fatosfotoseregistros.files.wordpress.com\/2015\/06\/wpid-wp-1434853041335.jpeg?w=528%3Fw%3D700&resize=525%2C300 1.5x, http:\/\/i0.wp.com\/fatosfotoseregistros.files.wordpress.com\/2015\/06\/wpid-wp-1434853041335.jpeg?w=528%3Fw%3D700&resize=700%2C400 2x"},"classes":[]}],"jetpack_likes_enabled":true,"amp_enabled":true,"jetpack_featured_media_url":"","_links":{"self":[{"href":"https:\/\/www.kanenberg.com.br\/fatosfotoseregistros\/wp-json\/wp\/v2\/posts\/541","targetHints":{"allow":["GET"]}}],"collection":[{"href":"https:\/\/www.kanenberg.com.br\/fatosfotoseregistros\/wp-json\/wp\/v2\/posts"}],"about":[{"href":"https:\/\/www.kanenberg.com.br\/fatosfotoseregistros\/wp-json\/wp\/v2\/types\/post"}],"author":[{"embeddable":true,"href":"https:\/\/www.kanenberg.com.br\/fatosfotoseregistros\/wp-json\/wp\/v2\/users\/1"}],"replies":[{"embeddable":true,"href":"https:\/\/www.kanenberg.com.br\/fatosfotoseregistros\/wp-json\/wp\/v2\/comments?post=541"}],"version-history":[{"count":3,"href":"https:\/\/www.kanenberg.com.br\/fatosfotoseregistros\/wp-json\/wp\/v2\/posts\/541\/revisions"}],"predecessor-version":[{"id":6249,"href":"https:\/\/www.kanenberg.com.br\/fatosfotoseregistros\/wp-json\/wp\/v2\/posts\/541\/revisions\/6249"}],"wp:attachment":[{"href":"https:\/\/www.kanenberg.com.br\/fatosfotoseregistros\/wp-json\/wp\/v2\/media?parent=541"}],"wp:term":[{"taxonomy":"category","embeddable":true,"href":"https:\/\/www.kanenberg.com.br\/fatosfotoseregistros\/wp-json\/wp\/v2\/categories?post=541"},{"taxonomy":"post_tag","embeddable":true,"href":"https:\/\/www.kanenberg.com.br\/fatosfotoseregistros\/wp-json\/wp\/v2\/tags?post=541"}],"curies":[{"name":"wp","href":"https:\/\/api.w.org\/{rel}","templated":true}]}}