{"id":5408,"date":"2019-02-23T14:13:12","date_gmt":"2019-02-23T17:13:12","guid":{"rendered":"https:\/\/fatosfotoseregistros.kanenberg.com.br\/?p=5408"},"modified":"2026-08-27T20:47:12","modified_gmt":"2026-08-27T23:47:12","slug":"40-museus","status":"publish","type":"post","link":"https:\/\/www.kanenberg.com.br\/fatosfotoseregistros\/40-museus\/","title":{"rendered":"40 museus para visitar de gra\u00e7a no Rio de Janeiro"},"content":{"rendered":"<p style=\"text-align: justify;\">Com uma lista destas, com certeza n\u00e3o vai falta op\u00e7\u00e3o de passeio para a fam\u00edlia inteira. Ainda mais que, muitos destes museus al\u00e9m das exposi\u00e7\u00f5es permanentes ou de longa dura\u00e7\u00e3o ainda com frequ\u00eancia mudam as exposi\u00e7\u00f5es tempor\u00e1rias. Bor\u00e1 l\u00e1 aproveitar?<\/p>\n<p>1)Museu do A\u00e7ude &#8211; Alto da Boa Vista<br \/>\nGratuidade: Quinta-feira<\/p>\n<p>2)Museu Casa de Rui Barbosa &#8211; Botafogo<br \/>\nGratuidade: Domingo<\/p>\n<p>3)Museu do \u00cdndio &#8211; Botafogo<br \/>\nGratuidade: Todos os dias<\/p>\n<p>4)Museu Villa-Lobos &#8211; Botafogo<br \/>\nGratuidade: Todos os dias<\/p>\n<p>5)Museu Aeroespacial &#8211; Campo dos Afonsos<br \/>\nGratuidade: Todos os dias<\/p>\n<p>6)Museu da Rep\u00fablica\/Pal\u00e1cio do Catete &#8211; Catete<br \/>\nGratuidade: Quartas e Domingos<\/p>\n<p>7)Museu do Folclore Edison Carneiro | Centro Nacional de Folclore e Cultura Popular &#8211; Catete<br \/>\nGratuidade: Todos os dias<\/p>\n<p>8)Caixa Cultural &#8211; Centro do Rio<br \/>\nGratuidade: Todos os dias para exposi\u00e7\u00f5es<\/p>\n<p>9)Centro Cultural Banco do Brasil &#8211; Centro do Rio<br \/>\nGratuidade: Todos os dias<\/p>\n<p><img loading=\"lazy\" decoding=\"async\" data-attachment-id=\"5420\" data-permalink=\"https:\/\/www.kanenberg.com.br\/fatosfotoseregistros\/40-museus\/rio-ccbb\/\" data-orig-file=\"https:\/\/www.kanenberg.com.br\/fatosfotoseregistros\/wp-content\/uploads\/2019\/02\/Rio-CCBB.jpg\" data-orig-size=\"1024,768\" data-comments-opened=\"1\" data-image-meta=\"{&quot;aperture&quot;:&quot;0&quot;,&quot;credit&quot;:&quot;&quot;,&quot;camera&quot;:&quot;&quot;,&quot;caption&quot;:&quot;&quot;,&quot;created_timestamp&quot;:&quot;0&quot;,&quot;copyright&quot;:&quot;&quot;,&quot;focal_length&quot;:&quot;0&quot;,&quot;iso&quot;:&quot;0&quot;,&quot;shutter_speed&quot;:&quot;0&quot;,&quot;title&quot;:&quot;&quot;,&quot;orientation&quot;:&quot;0&quot;}\" data-image-title=\"CCBB Rio\" data-image-description=\"\" data-image-caption=\"\" data-large-file=\"https:\/\/www.kanenberg.com.br\/fatosfotoseregistros\/wp-content\/uploads\/2019\/02\/Rio-CCBB-1024x768.jpg\" class=\"aligncenter wp-image-5420 size-full\" src=\"https:\/\/www.kanenberg.com.br\/fatosfotoseregistros\/wp-content\/uploads\/2019\/02\/Rio-CCBB.jpg\" alt=\"CCBB Rio\" width=\"1024\" height=\"768\" srcset=\"https:\/\/www.kanenberg.com.br\/fatosfotoseregistros\/wp-content\/uploads\/2019\/02\/Rio-CCBB.jpg 1024w, https:\/\/www.kanenberg.com.br\/fatosfotoseregistros\/wp-content\/uploads\/2019\/02\/Rio-CCBB-300x225.jpg 300w, https:\/\/www.kanenberg.com.br\/fatosfotoseregistros\/wp-content\/uploads\/2019\/02\/Rio-CCBB-768x576.jpg 768w\" sizes=\"auto, (max-width: 1024px) 100vw, 1024px\" \/><\/p>\n<p>10)Centro Cultural dos Correios &#8211; Centro do Rio<br \/>\nGratuidade: Todos os dias<\/p>\n<p>11)Centro Sebrae de Refer\u00eancia do Artesanato Brasileiro &#8211; Centro do Rio<br \/>\nGratuidade: Todos os dias<\/p>\n<p>12)Espa\u00e7o Cultural BNDES &#8211; Centro do Rio<br \/>\nGratuidade: Todos os dias<\/p>\n<p>13)Funda\u00e7\u00e3o Casa Fran\u00e7a-Brasil &#8211; Centro do Rio<br \/>\nGratuidade: Todos os dias<\/p>\n<p>14)Museu da Justi\u00e7a &#8211; Centro Cultural do Poder Judici\u00e1rio &#8211; Centro do Rio<br \/>\nGratuidade: todos os dias! [recomend\u00e1vel confirmar por telefone(21) 3133-3532\/3497]\n<p>15)Museu da Pol\u00edcia Militar do Rio de Janeiro &#8211; Centro do Rio<br \/>\nGratuidade: todos os dias! [recomend\u00e1vel confirmar por telefone (21) 2332-6668\/2242-4059]\n<p>16)Museu de Arte do Rio &#8211; Centro do Rio<br \/>\nGratuidade: Ter\u00e7a, das 10h\u201317h<\/p>\n<p><img loading=\"lazy\" decoding=\"async\" data-attachment-id=\"5421\" data-permalink=\"https:\/\/www.kanenberg.com.br\/fatosfotoseregistros\/40-museus\/mar_rio\/\" data-orig-file=\"https:\/\/www.kanenberg.com.br\/fatosfotoseregistros\/wp-content\/uploads\/2019\/02\/mar_rio.jpg\" data-orig-size=\"1199,651\" data-comments-opened=\"1\" data-image-meta=\"{&quot;aperture&quot;:&quot;0&quot;,&quot;credit&quot;:&quot;Mario Roberto Dur\\u00e1n Ortiz;Mario Roberto Duran Ortiz&quot;,&quot;camera&quot;:&quot;&quot;,&quot;caption&quot;:&quot;&quot;,&quot;created_timestamp&quot;:&quot;0&quot;,&quot;copyright&quot;:&quot;2015 Mariordo@aol.com&quot;,&quot;focal_length&quot;:&quot;0&quot;,&quot;iso&quot;:&quot;0&quot;,&quot;shutter_speed&quot;:&quot;0&quot;,&quot;title&quot;:&quot;&quot;,&quot;orientation&quot;:&quot;0&quot;}\" data-image-title=\"MAR Rio\" data-image-description=\"\" data-image-caption=\"\" data-large-file=\"https:\/\/www.kanenberg.com.br\/fatosfotoseregistros\/wp-content\/uploads\/2019\/02\/mar_rio-1024x556.jpg\" class=\"aligncenter wp-image-5421 size-full\" src=\"https:\/\/www.kanenberg.com.br\/fatosfotoseregistros\/wp-content\/uploads\/2019\/02\/mar_rio.jpg\" alt=\"MAR Rio\" width=\"1199\" height=\"651\" srcset=\"https:\/\/www.kanenberg.com.br\/fatosfotoseregistros\/wp-content\/uploads\/2019\/02\/mar_rio.jpg 1199w, https:\/\/www.kanenberg.com.br\/fatosfotoseregistros\/wp-content\/uploads\/2019\/02\/mar_rio-300x163.jpg 300w, https:\/\/www.kanenberg.com.br\/fatosfotoseregistros\/wp-content\/uploads\/2019\/02\/mar_rio-768x417.jpg 768w, https:\/\/www.kanenberg.com.br\/fatosfotoseregistros\/wp-content\/uploads\/2019\/02\/mar_rio-1024x556.jpg 1024w\" sizes=\"auto, (max-width: 1199px) 100vw, 1199px\" \/><\/p>\n<p>17)Museu de Arte Moderna &#8211; Centro do Rio<br \/>\nGratuidade: Quartas, a partir de 12h<\/p>\n<p>18)Museu do Amanh\u00e3 &#8211; Centro do Rio<br \/>\nGratuidade: Ter\u00e7as<\/p>\n<p>19)Museu Hist\u00f3rico do Corpo de Bombeiros Militar do Estado do Rio de Janeiro &#8211; Centro do Rio<br \/>\nGratuidade: Todos os dias<\/p>\n<p>20)Museu Hist\u00f3rico Nacional &#8211; Centro do Rio<br \/>\nGratuidade: domingos, para as exposi\u00e7\u00f5es fixas. As tempor\u00e1rias podem ser cobradas \u00e0 parte.<\/p>\n<p>21)Museu Light da Energia &#8211; Centro do Rio<br \/>\nGratuidade : Todos os dias<\/p>\n<p>22)Museu Nacional de Belas Artes (MNBA) &#8211; Centro do Rio<br \/>\nGratuidade: Domingos<\/p>\n<p>23)Museu Naval &#8211; Centro do Rio<br \/>\nGratuidade: Todos os dias<\/p>\n<p>24)Museu do Negro &#8211; Centro do Rio<br \/>\nGratuidade: Todos os dias<\/p>\n<p>25)Pa\u00e7o Imperial &#8211; Centro do Rio<br \/>\nGratuidade: Todos os dias<\/p>\n<p>26)Museu Hist\u00f3rico do Ex\u00e9rcito e Forte de Copacabana &#8211; Copacabana<br \/>\nGratuidade: ter\u00e7as. Entrada franca tamb\u00e9m todos os dias, das 18h \u2013 19:30h<\/p>\n<p>27)Museu de Imagens do Inconsciente &#8211; Engenho de Dentro<br \/>\nGratuidade: Todos os dias<\/p>\n<p>28)Museu do Trem &#8211; Engenho de Dentro<br \/>\nGratuidade: Todos os dias<\/p>\n<p>29)Museu das Telecomunica\u00e7\u00f5es | Centro Cultural Oi Futuro &#8211; Flamengo<br \/>\nGratuidade: Todos os dias<\/p>\n<p>30)Instituto Pretos Novos (IPN) &#8211; Museu Memorial &#8211; Gamboa<br \/>\nGratuidade: Todos os dias<\/p>\n<p>31)Instituto Moreira Salles (IMS) &#8211; G\u00e1vea<br \/>\nGratuidade: todos os dias para o centro cultural e exposi\u00e7\u00f5es. Verificar pre\u00e7o de outras atividades.<\/p>\n<p>32)Casa de Cultura Laura Alvim &#8211; Ipanema<br \/>\nGratuidade: todos os dias para o centro cultural e exposi\u00e7\u00f5es. Verificar pre\u00e7o de outras atividades.<\/p>\n<p>33)Funda\u00e7\u00e3o Eva Klabin &#8211; Lagoa<br \/>\nGratuidade: s\u00e1bados, domingos e feriados.<\/p>\n<p>34)Museu da Vida \u2013 Campus da Funda\u00e7\u00e3o Oswaldo Cruz (Fiocruz) &#8211; Manguinhos<br \/>\nGratuidade: Todos os dias<\/p>\n<p>35)Centro Cultural Municipal Parque das Ru\u00ednas &#8211; Santa Teresa<br \/>\nGratuidade: Todos os dias<\/p>\n<p>36)Museu Ch\u00e1cara do C\u00e9u &#8211; Museus Raymundo &#8211; Santa Teresa<br \/>\nGratuidade: Quartas<\/p>\n<p>37)Museu Casa Benjamin Constant &#8211; Santa Teresa<br \/>\nGratuidade: Domingos<\/p>\n<p>38)Museu de Astronomia e Ci\u00eancias Afins (Mast) &#8211; S\u00e3o Crist\u00f3v\u00e3o<br \/>\nGratuidade: Todos os dias<\/p>\n<p>39)Museu Militar Conde de Linhares &#8211; S\u00e3o Crist\u00f3v\u00e3o<br \/>\nGratuidade: ter\u00e7a e domingo<\/p>\n<p>40)Museu de Ci\u00eancias da Terra (MCTer) &#8211; Urca<\/p>\n","protected":false},"excerpt":{"rendered":"<p>Com uma lista destas, com certeza n\u00e3o vai falta op\u00e7\u00e3o de passeio para a fam\u00edlia inteira. Ainda mais que, muitos destes museus al\u00e9m das exposi\u00e7\u00f5es permanentes ou de longa dura\u00e7\u00e3o ainda com frequ\u00eancia mudam as exposi\u00e7\u00f5es tempor\u00e1rias. Bor\u00e1 l\u00e1 aproveitar?<\/p>\n","protected":false},"author":1,"featured_media":0,"comment_status":"open","ping_status":"open","sticky":false,"template":"","format":"standard","meta":{"_exactmetrics_skip_tracking":false,"_jetpack_newsletter_access":"","_jetpack_dont_email_post_to_subs":false,"_jetpack_newsletter_tier_id":0,"_jetpack_memberships_contains_paywalled_content":false,"_jetpack_feature_clip_id":0,"_jetpack_memberships_contains_paid_content":false,"footnotes":"","jetpack_publicize_message":"Com uma lista destas, com certeza n\u00e3o vai falta op\u00e7\u00e3o de passeio para a fam\u00edlia inteira. Ainda mais que, muitos destes museus al\u00e9m das exposi\u00e7\u00f5es permanentes ou de longa dura\u00e7\u00e3o ainda com frequ\u00eancia mudam as exposi\u00e7\u00f5es tempor\u00e1rias. Bor\u00e1 l\u00e1 aproveitar?","jetpack_publicize_feature_enabled":true,"jetpack_social_post_already_shared":true,"jetpack_social_options":{"image_generator_settings":{"template":"highway","default_image_id":0,"font":"","enabled":false},"version":2},"jetpack_post_was_ever_published":false},"categories":[282,265],"tags":[259,309],"class_list":["post-5408","post","type-post","status-publish","format-standard","hentry","category-lugares","category-textos","tag-cultura","tag-museu"],"jetpack_publicize_connections":[],"jetpack_sharing_enabled":true,"jetpack_shortlink":"https:\/\/wp.me\/phkM1X-1pe","jetpack-related-posts":[{"id":800,"url":"https:\/\/www.kanenberg.com.br\/fatosfotoseregistros\/18maio-dia-mundial-do-museu\/","url_meta":{"origin":5408,"position":0},"title":"18\/Maio &#8211; Dia Mundial do Museu","author":"kanenberg","date":"18 de maio de 2016","format":false,"excerpt":"No dia 18 de maio \u00e9 comemorado o Dia Mundial do Museu. A data foi institu\u00edda pelo Comit\u00ea Internacional de Museus com o objetivo de chamar a aten\u00e7\u00e3o da sociedade e do p\u00fablico para a import\u00e2ncia dos museus","rel":"","context":"Em &quot;Textos&quot;","block_context":{"text":"Textos","link":"https:\/\/www.kanenberg.com.br\/fatosfotoseregistros\/category\/textos\/"},"img":{"alt_text":"fb_img_1463581297637.jpg","src":"https:\/\/fatosfotoseregistros.files.wordpress.com\/2016\/05\/fb_img_1463581297637.jpg?w=350&h=200&crop=1","width":350,"height":200,"srcset":"https:\/\/fatosfotoseregistros.files.wordpress.com\/2016\/05\/fb_img_1463581297637.jpg?w=350&h=200&crop=1 1x, https:\/\/fatosfotoseregistros.files.wordpress.com\/2016\/05\/fb_img_1463581297637.jpg?w=525&h=300&crop=1 1.5x, https:\/\/fatosfotoseregistros.files.wordpress.com\/2016\/05\/fb_img_1463581297637.jpg?w=700&h=400&crop=1 2x"},"classes":[]},{"id":5325,"url":"https:\/\/www.kanenberg.com.br\/fatosfotoseregistros\/museu-ilha-das-flores\/","url_meta":{"origin":5408,"position":1},"title":"Museu da Imigra\u00e7\u00e3o da Ilha das Flores: um lugar de chegada, esperan\u00e7a e mem\u00f3ria","author":"kanenberg","date":"18 de fevereiro de 2019","format":false,"excerpt":"Na Ba\u00eda de Guanabara, no munic\u00edpio de S\u00e3o Gon\u00e7alo, encontra-se um lugar que guarda uma importante parte da hist\u00f3ria da imigra\u00e7\u00e3o no Brasil: a Ilha das Flores, onde funcionou, entre 1883 e 1966, a Hospedaria de Imigrantes da Ilha das Flores.","rel":"","context":"Em &quot;Lugares&quot;","block_context":{"text":"Lugares","link":"https:\/\/www.kanenberg.com.br\/fatosfotoseregistros\/category\/lugares\/"},"img":{"alt_text":"Vista do cais de entrada da Hospedaria de Imigrantes, na Ilha das Flores","src":"https:\/\/i0.wp.com\/www.kanenberg.com.br\/fatosfotoseregistros\/wp-content\/uploads\/2019\/02\/ilha_flores_00.jpg.jpg?resize=350%2C200&ssl=1","width":350,"height":200,"srcset":"https:\/\/i0.wp.com\/www.kanenberg.com.br\/fatosfotoseregistros\/wp-content\/uploads\/2019\/02\/ilha_flores_00.jpg.jpg?resize=350%2C200&ssl=1 1x, https:\/\/i0.wp.com\/www.kanenberg.com.br\/fatosfotoseregistros\/wp-content\/uploads\/2019\/02\/ilha_flores_00.jpg.jpg?resize=525%2C300&ssl=1 1.5x, https:\/\/i0.wp.com\/www.kanenberg.com.br\/fatosfotoseregistros\/wp-content\/uploads\/2019\/02\/ilha_flores_00.jpg.jpg?resize=700%2C400&ssl=1 2x, https:\/\/i0.wp.com\/www.kanenberg.com.br\/fatosfotoseregistros\/wp-content\/uploads\/2019\/02\/ilha_flores_00.jpg.jpg?resize=1050%2C600&ssl=1 3x, https:\/\/i0.wp.com\/www.kanenberg.com.br\/fatosfotoseregistros\/wp-content\/uploads\/2019\/02\/ilha_flores_00.jpg.jpg?resize=1400%2C800&ssl=1 4x"},"classes":[]},{"id":2062,"url":"https:\/\/www.kanenberg.com.br\/fatosfotoseregistros\/museu-historico-do-exercito-e-forte-de-copacabana\/","url_meta":{"origin":5408,"position":2},"title":"Museu Hist\u00f3rico do Ex\u00e9rcito e Forte de Copacabana","author":"kanenberg","date":"19 de julho de 2016","format":false,"excerpt":"O local escolhido para a sua constru\u00e7\u00e3o consistia numa regi\u00e3o cujos rochedos avan\u00e7avam contra o mar em dire\u00e7\u00e3o \u00e0 entrada da Ba\u00eda de Guanabara.","rel":"","context":"Em &quot;Imagem&quot;","block_context":{"text":"Imagem","link":"https:\/\/www.kanenberg.com.br\/fatosfotoseregistros\/category\/imagem\/"},"img":{"alt_text":"","src":"https:\/\/i0.wp.com\/www.kanenberg.com.br\/fatosfotoseregistros\/wp-content\/uploads\/2016\/07\/1922-07-06-150x150.jpg?resize=350%2C200&ssl=1","width":350,"height":200,"srcset":"https:\/\/i0.wp.com\/www.kanenberg.com.br\/fatosfotoseregistros\/wp-content\/uploads\/2016\/07\/1922-07-06-150x150.jpg?resize=350%2C200&ssl=1 1x, https:\/\/i0.wp.com\/www.kanenberg.com.br\/fatosfotoseregistros\/wp-content\/uploads\/2016\/07\/1922-07-06-150x150.jpg?resize=525%2C300&ssl=1 1.5x"},"classes":[]},{"id":6204,"url":"https:\/\/www.kanenberg.com.br\/fatosfotoseregistros\/canhao-el-cristiano-historia-curiosidades-e-a-polemica-do-trofeu-de-guerra\/","url_meta":{"origin":5408,"position":3},"title":"Canh\u00e3o El Cristiano: Hist\u00f3ria, Curiosidades e a Pol\u00eamica do Trof\u00e9u de Guerra","author":"kanenberg","date":"2 de agosto de 2026","format":false,"excerpt":"O canh\u00e3o \"El Cristiano\" \u00e9 uma das pe\u00e7as mais simb\u00f3licas e controversas da hist\u00f3ria militar da Am\u00e9rica do Sul. Exposto no p\u00e1tio do Museu Hist\u00f3rico Nacional (MHN), no centro do Rio de Janeiro, ele voltou aos holofotes devido \u00e0s recorrentes tratativas diplom\u00e1ticas e apelos do governo paraguaio pela sua restitui\u00e7\u00e3o\u2026","rel":"","context":"Em &quot;Textos&quot;","block_context":{"text":"Textos","link":"https:\/\/www.kanenberg.com.br\/fatosfotoseregistros\/category\/textos\/"},"img":{"alt_text":"El Cristiano","src":"https:\/\/i0.wp.com\/www.kanenberg.com.br\/fatosfotoseregistros\/wp-content\/uploads\/2026\/08\/El-Cristiano-scaled.jpg?resize=350%2C200&ssl=1","width":350,"height":200,"srcset":"https:\/\/i0.wp.com\/www.kanenberg.com.br\/fatosfotoseregistros\/wp-content\/uploads\/2026\/08\/El-Cristiano-scaled.jpg?resize=350%2C200&ssl=1 1x, https:\/\/i0.wp.com\/www.kanenberg.com.br\/fatosfotoseregistros\/wp-content\/uploads\/2026\/08\/El-Cristiano-scaled.jpg?resize=525%2C300&ssl=1 1.5x, https:\/\/i0.wp.com\/www.kanenberg.com.br\/fatosfotoseregistros\/wp-content\/uploads\/2026\/08\/El-Cristiano-scaled.jpg?resize=700%2C400&ssl=1 2x, https:\/\/i0.wp.com\/www.kanenberg.com.br\/fatosfotoseregistros\/wp-content\/uploads\/2026\/08\/El-Cristiano-scaled.jpg?resize=1050%2C600&ssl=1 3x, https:\/\/i0.wp.com\/www.kanenberg.com.br\/fatosfotoseregistros\/wp-content\/uploads\/2026\/08\/El-Cristiano-scaled.jpg?resize=1400%2C800&ssl=1 4x"},"classes":[]},{"id":4071,"url":"https:\/\/www.kanenberg.com.br\/fatosfotoseregistros\/cemiterio-de-gatos\/","url_meta":{"origin":5408,"position":4},"title":"O curioso Cemit\u00e9rio dos Gatos de Blumenau","author":"kanenberg","date":"25 de janeiro de 2017","format":false,"excerpt":"Existem cemit\u00e9rios que chamam a aten\u00e7\u00e3o n\u00e3o apenas por sua hist\u00f3ria, mas tamb\u00e9m pela singularidade de sua exist\u00eancia. Ao redor do mundo h\u00e1 exemplos dedicados a animais, como o conhecido Cemit\u00e9rio de P\u00e1ssaros da Ilha de Paquet\u00e1, no Rio de Janeiro. Em Blumenau, Santa Catarina, um dos locais mais curiosos\u2026","rel":"","context":"Em &quot;Imagem&quot;","block_context":{"text":"Imagem","link":"https:\/\/www.kanenberg.com.br\/fatosfotoseregistros\/category\/imagem\/"},"img":{"alt_text":"img_20161228_150137441_hdr-01.jpeg","src":"https:\/\/fatosfotoseregistros.files.wordpress.com\/2017\/01\/img_20161228_150137441_hdr-01.jpeg?w=350&h=200&crop=1","width":350,"height":200,"srcset":"https:\/\/fatosfotoseregistros.files.wordpress.com\/2017\/01\/img_20161228_150137441_hdr-01.jpeg?w=350&h=200&crop=1 1x, https:\/\/fatosfotoseregistros.files.wordpress.com\/2017\/01\/img_20161228_150137441_hdr-01.jpeg?w=525&h=300&crop=1 1.5x, https:\/\/fatosfotoseregistros.files.wordpress.com\/2017\/01\/img_20161228_150137441_hdr-01.jpeg?w=700&h=400&crop=1 2x, https:\/\/fatosfotoseregistros.files.wordpress.com\/2017\/01\/img_20161228_150137441_hdr-01.jpeg?w=1050&h=600&crop=1 3x, https:\/\/fatosfotoseregistros.files.wordpress.com\/2017\/01\/img_20161228_150137441_hdr-01.jpeg?w=1400&h=800&crop=1 4x"},"classes":[]},{"id":4019,"url":"https:\/\/www.kanenberg.com.br\/fatosfotoseregistros\/museu-da-familia-colonial\/","url_meta":{"origin":5408,"position":5},"title":"Museu da Fam\u00edlia Colonial","author":"kanenberg","date":"3 de janeiro de 2017","format":false,"excerpt":"O Museu da Fam\u00edlia Colonial, situado na cidade de Blumenau, objetiva mostrar \u00e0s atuais gera\u00e7\u00f5es como vivia uma fam\u00edlia de classe m\u00e9dia alta nos primeiros anos da coloniza\u00e7\u00e3o da cidade.","rel":"","context":"Em &quot;Lugares&quot;","block_context":{"text":"Lugares","link":"https:\/\/www.kanenberg.com.br\/fatosfotoseregistros\/category\/lugares\/"},"img":{"alt_text":"","src":"https:\/\/i0.wp.com\/www.kanenberg.com.br\/fatosfotoseregistros\/wp-content\/uploads\/2017\/01\/img_20161228_140857451.jpg?resize=350%2C200&ssl=1","width":350,"height":200,"srcset":"https:\/\/i0.wp.com\/www.kanenberg.com.br\/fatosfotoseregistros\/wp-content\/uploads\/2017\/01\/img_20161228_140857451.jpg?resize=350%2C200&ssl=1 1x, https:\/\/i0.wp.com\/www.kanenberg.com.br\/fatosfotoseregistros\/wp-content\/uploads\/2017\/01\/img_20161228_140857451.jpg?resize=525%2C300&ssl=1 1.5x, https:\/\/i0.wp.com\/www.kanenberg.com.br\/fatosfotoseregistros\/wp-content\/uploads\/2017\/01\/img_20161228_140857451.jpg?resize=700%2C400&ssl=1 2x"},"classes":[]}],"jetpack_likes_enabled":true,"amp_enabled":true,"jetpack_featured_media_url":"","_links":{"self":[{"href":"https:\/\/www.kanenberg.com.br\/fatosfotoseregistros\/wp-json\/wp\/v2\/posts\/5408","targetHints":{"allow":["GET"]}}],"collection":[{"href":"https:\/\/www.kanenberg.com.br\/fatosfotoseregistros\/wp-json\/wp\/v2\/posts"}],"about":[{"href":"https:\/\/www.kanenberg.com.br\/fatosfotoseregistros\/wp-json\/wp\/v2\/types\/post"}],"author":[{"embeddable":true,"href":"https:\/\/www.kanenberg.com.br\/fatosfotoseregistros\/wp-json\/wp\/v2\/users\/1"}],"replies":[{"embeddable":true,"href":"https:\/\/www.kanenberg.com.br\/fatosfotoseregistros\/wp-json\/wp\/v2\/comments?post=5408"}],"version-history":[{"count":3,"href":"https:\/\/www.kanenberg.com.br\/fatosfotoseregistros\/wp-json\/wp\/v2\/posts\/5408\/revisions"}],"predecessor-version":[{"id":6339,"href":"https:\/\/www.kanenberg.com.br\/fatosfotoseregistros\/wp-json\/wp\/v2\/posts\/5408\/revisions\/6339"}],"wp:attachment":[{"href":"https:\/\/www.kanenberg.com.br\/fatosfotoseregistros\/wp-json\/wp\/v2\/media?parent=5408"}],"wp:term":[{"taxonomy":"category","embeddable":true,"href":"https:\/\/www.kanenberg.com.br\/fatosfotoseregistros\/wp-json\/wp\/v2\/categories?post=5408"},{"taxonomy":"post_tag","embeddable":true,"href":"https:\/\/www.kanenberg.com.br\/fatosfotoseregistros\/wp-json\/wp\/v2\/tags?post=5408"}],"curies":[{"name":"wp","href":"https:\/\/api.w.org\/{rel}","templated":true}]}}