{"id":5360,"date":"2019-02-15T13:17:36","date_gmt":"2019-02-15T15:17:36","guid":{"rendered":"https:\/\/fatosfotoseregistros.kanenberg.com.br\/?p=5360"},"modified":"2025-12-28T19:28:15","modified_gmt":"2025-12-28T22:28:15","slug":"maratona","status":"publish","type":"post","link":"https:\/\/www.kanenberg.com.br\/fatosfotoseregistros\/maratona\/","title":{"rendered":"Origens da Maratona"},"content":{"rendered":"<p style=\"text-align: justify;\">Maratona \u00e9 uma corrida realizada na dist\u00e2ncia oficial de 42,195 km, normalmente em ruas e estradas. \u00danica modalidade esportiva que se originou de uma lenda, seu nome foi institu\u00eddo como uma homenagem \u00e0 antiga lenda grega do soldado ateniense Fid\u00edpides, um mensageiro do ex\u00e9rcito de Atenas, que teria corrido cerca de 40 km entre o campo de batalha de Maratona at\u00e9 Atenas para anunciar aos cidad\u00e3os da cidade a vit\u00f3ria dos ex\u00e9rcitos atenienses contra os persas e morreu de exaust\u00e3o ap\u00f3s cumprir a miss\u00e3o.<\/p>\n<figure id=\"attachment_5361\" aria-describedby=\"caption-attachment-5361\" style=\"width: 300px\" class=\"wp-caption aligncenter\"><a href=\"https:\/\/www.kanenberg.com.br\/fatosfotoseregistros\/wp-content\/uploads\/2019\/02\/1896_Olympic_marathon.jpg\"><img loading=\"lazy\" decoding=\"async\" data-attachment-id=\"5361\" data-permalink=\"https:\/\/www.kanenberg.com.br\/fatosfotoseregistros\/maratona\/1896_olympic_marathon\/\" data-orig-file=\"https:\/\/www.kanenberg.com.br\/fatosfotoseregistros\/wp-content\/uploads\/2019\/02\/1896_Olympic_marathon.jpg\" data-orig-size=\"1021,710\" data-comments-opened=\"1\" data-image-meta=\"{&quot;aperture&quot;:&quot;0&quot;,&quot;credit&quot;:&quot;&quot;,&quot;camera&quot;:&quot;&quot;,&quot;caption&quot;:&quot;&quot;,&quot;created_timestamp&quot;:&quot;0&quot;,&quot;copyright&quot;:&quot;&quot;,&quot;focal_length&quot;:&quot;0&quot;,&quot;iso&quot;:&quot;0&quot;,&quot;shutter_speed&quot;:&quot;0&quot;,&quot;title&quot;:&quot;&quot;,&quot;orientation&quot;:&quot;0&quot;}\" data-image-title=\"Maratonistas a caminho de Atenas nos Jogos de 1896\" data-image-description=\"\" data-image-caption=\"&lt;p&gt;Maratonistas a caminho de Atenas nos Jogos de 1896&lt;\/p&gt;\n\" data-large-file=\"https:\/\/www.kanenberg.com.br\/fatosfotoseregistros\/wp-content\/uploads\/2019\/02\/1896_Olympic_marathon.jpg\" class=\"size-medium wp-image-5361\" src=\"https:\/\/www.kanenberg.com.br\/fatosfotoseregistros\/wp-content\/uploads\/2019\/02\/1896_Olympic_marathon-300x209.jpg\" alt=\"Maratonistas a caminho de Atenas nos Jogos de 1896\" width=\"300\" height=\"209\" srcset=\"https:\/\/www.kanenberg.com.br\/fatosfotoseregistros\/wp-content\/uploads\/2019\/02\/1896_Olympic_marathon-300x209.jpg 300w, https:\/\/www.kanenberg.com.br\/fatosfotoseregistros\/wp-content\/uploads\/2019\/02\/1896_Olympic_marathon-768x534.jpg 768w, https:\/\/www.kanenberg.com.br\/fatosfotoseregistros\/wp-content\/uploads\/2019\/02\/1896_Olympic_marathon.jpg 1021w\" sizes=\"auto, (max-width: 300px) 100vw, 300px\" \/><\/a><figcaption id=\"caption-attachment-5361\" class=\"wp-caption-text\">Maratonistas a caminho de Atenas nos Jogos de 1896<\/figcaption><\/figure>\n<p><strong>A maratona lend\u00e1ria<\/strong><\/p>\n<p style=\"text-align: justify;\">Reza a lenda que, no ano de 490 A.C., quando os soldados atenienses partiram para a plan\u00edcie de Marath\u00f3nas para combater os persas na Primeira Guerra M\u00e9dica, suas mulheres ficaram ansiosas pelo resultado porque os inimigos haviam jurado que, depois da batalha, marchariam sobre Atenas, violariam suas mulheres e sacrificariam seus filhos. Ao saberem dessa amea\u00e7a, os gregos deram ordem a suas esposas para, se n\u00e3o recebessem a not\u00edcia da sua vit\u00f3ria em 24 horas, matar seus filhos e, em seguida, suicidarem-se.<\/p>\n<p style=\"text-align: justify;\">Os gregos ganharam a batalha, mas a luta levou mais tempo do que haviam pensado, de modo que temeram que elas executassem o plano. Para evitar isso, o general grego Milc\u00edades ordenou a seu melhor corredor, o soldado e atleta Fid\u00edpedes, que corresse at\u00e9 Atenas, situada a cerca de 40 km dali, para levar a not\u00edcia. Fid\u00edpedes correu essa dist\u00e2ncia t\u00e3o rapidamente quanto pode e, ao chegar, conseguiu dizer apenas &#8220;vencemos&#8221;, e caiu morto pelo esfor\u00e7o.<\/p>\n<p style=\"text-align: justify;\">No entanto, Her\u00f3doto conta \u2013 no que \u00e9 considerada por historiadores modernos como apenas uma vers\u00e3o romanceada \u2013 que, na realidade, Fid\u00edpedes foi enviado antes da batalha a Esparta e outras cidades gregas para pedir ajuda, e que tivera de correr duzentos e quarenta quil\u00f4metros em dois dias, voltando \u00e0 batalha com os refor\u00e7os necess\u00e1rios para vencer os persas. S\u00f3 depois disso, teria corrido at\u00e9 Atenas para anunciar a vit\u00f3ria e ent\u00e3o morrer pelo esfor\u00e7o.<\/p>\n<p style=\"text-align: justify;\">Seja como for, cerca de 2400 anos mais tarde, em 1896, quando da cria\u00e7\u00e3o dos primeiros Jogos Ol\u00edmpicos da Era Moderna, Fid\u00edpides foi homenageado com a cria\u00e7\u00e3o dessa prova, cuja dist\u00e2ncia foi estipulada em cerca de 40 km \u2013 a dist\u00e2ncia aproximada de Maratona a Atenas \u2013 mas que desde 1921 tornou-se oficialmente de 42,195 km, depois de ser disputada nesta dist\u00e2ncia em Londres 1908.<\/p>\n<figure id=\"attachment_5362\" aria-describedby=\"caption-attachment-5362\" style=\"width: 400px\" class=\"wp-caption aligncenter\"><img loading=\"lazy\" decoding=\"async\" data-attachment-id=\"5362\" data-permalink=\"https:\/\/www.kanenberg.com.br\/fatosfotoseregistros\/maratona\/fidipides\/\" data-orig-file=\"https:\/\/www.kanenberg.com.br\/fatosfotoseregistros\/wp-content\/uploads\/2019\/02\/Fid\u00edpides.jpg\" data-orig-size=\"400,250\" data-comments-opened=\"1\" data-image-meta=\"{&quot;aperture&quot;:&quot;0&quot;,&quot;credit&quot;:&quot;&quot;,&quot;camera&quot;:&quot;&quot;,&quot;caption&quot;:&quot;&quot;,&quot;created_timestamp&quot;:&quot;0&quot;,&quot;copyright&quot;:&quot;&quot;,&quot;focal_length&quot;:&quot;0&quot;,&quot;iso&quot;:&quot;0&quot;,&quot;shutter_speed&quot;:&quot;0&quot;,&quot;title&quot;:&quot;&quot;,&quot;orientation&quot;:&quot;0&quot;}\" data-image-title=\"Fid\u00edpides\" data-image-description=\"\" data-image-caption=\"&lt;p&gt;Fid\u00edpides&lt;\/p&gt;\n\" data-large-file=\"https:\/\/www.kanenberg.com.br\/fatosfotoseregistros\/wp-content\/uploads\/2019\/02\/Fid\u00edpides.jpg\" class=\"size-full wp-image-5362\" src=\"https:\/\/www.kanenberg.com.br\/fatosfotoseregistros\/wp-content\/uploads\/2019\/02\/Fid\u00edpides.jpg\" alt=\"Fid\u00edpides\" width=\"400\" height=\"250\" srcset=\"https:\/\/www.kanenberg.com.br\/fatosfotoseregistros\/wp-content\/uploads\/2019\/02\/Fid\u00edpides.jpg 400w, https:\/\/www.kanenberg.com.br\/fatosfotoseregistros\/wp-content\/uploads\/2019\/02\/Fid\u00edpides-300x188.jpg 300w\" sizes=\"auto, (max-width: 400px) 100vw, 400px\" \/><figcaption id=\"caption-attachment-5362\" class=\"wp-caption-text\">Fid\u00edpides<\/figcaption><\/figure>\n<blockquote>\n<p style=\"text-align: justify;\">Fid\u00edpides foi um soldado ateniense que, segundo Her\u00f3doto, foi enviado para buscar ajuda em Esparta antes da batalha de Maratona, em 490 A.C..<\/p>\n<\/blockquote>\n","protected":false},"excerpt":{"rendered":"<p>Maratona \u00e9 uma corrida realizada na dist\u00e2ncia oficial de 42,195 km, normalmente em ruas e estradas. \u00danica modalidade esportiva que se originou de&#8230;<\/p>\n","protected":false},"author":1,"featured_media":0,"comment_status":"open","ping_status":"open","sticky":false,"template":"","format":"standard","meta":{"_exactmetrics_skip_tracking":false,"_jetpack_newsletter_access":"","_jetpack_dont_email_post_to_subs":false,"_jetpack_newsletter_tier_id":0,"_jetpack_memberships_contains_paywalled_content":false,"_jetpack_feature_clip_id":0,"_jetpack_memberships_contains_paid_content":false,"footnotes":"","jetpack_publicize_message":"Origens da Maratona - Maratona \u00e9 uma corrida realizada na dist\u00e2ncia oficial de 42,195 km, normalmente em ruas e estradas. \u00danica modalidade esportiva que se originou de...","jetpack_publicize_feature_enabled":true,"jetpack_social_post_already_shared":true,"jetpack_social_options":{"image_generator_settings":{"template":"highway","default_image_id":0,"font":"","enabled":false},"version":2},"jetpack_post_was_ever_published":false},"categories":[265],"tags":[254,376,275],"class_list":["post-5360","post","type-post","status-publish","format-standard","hentry","category-textos","tag-curiosidades","tag-esportes","tag-lendas"],"jetpack_publicize_connections":[],"jetpack_sharing_enabled":true,"jetpack_shortlink":"https:\/\/wp.me\/shkM1X-maratona","jetpack-related-posts":[{"id":99,"url":"https:\/\/www.kanenberg.com.br\/fatosfotoseregistros\/trilha-morro-da-babilonia\/","url_meta":{"origin":5360,"position":0},"title":"Trilha Morro da Babil\u00f4nia","author":"kanenberg","date":"27 de abril de 2015","format":false,"excerpt":"Entre os bairros do Leme, Botafogo, Urca, Babil\u00f4nia e Chap\u00e9u-Mangueira, uma linda trilha, a mais de 230 metros de altitude, guarda muitas surpresas: ru\u00ednas de casamatas...","rel":"","context":"Em &quot;Lugares&quot;","block_context":{"text":"Lugares","link":"https:\/\/www.kanenberg.com.br\/fatosfotoseregistros\/category\/lugares\/"},"img":{"alt_text":"Morro da Babil\u00f4nia","src":"https:\/\/i0.wp.com\/www.kanenberg.com.br\/fatosfotoseregistros\/wp-content\/uploads\/2015\/04\/2015-04-19-11-36-08.jpg?resize=350%2C200&ssl=1","width":350,"height":200,"srcset":"https:\/\/i0.wp.com\/www.kanenberg.com.br\/fatosfotoseregistros\/wp-content\/uploads\/2015\/04\/2015-04-19-11-36-08.jpg?resize=350%2C200&ssl=1 1x, https:\/\/i0.wp.com\/www.kanenberg.com.br\/fatosfotoseregistros\/wp-content\/uploads\/2015\/04\/2015-04-19-11-36-08.jpg?resize=525%2C300&ssl=1 1.5x, https:\/\/i0.wp.com\/www.kanenberg.com.br\/fatosfotoseregistros\/wp-content\/uploads\/2015\/04\/2015-04-19-11-36-08.jpg?resize=700%2C400&ssl=1 2x, https:\/\/i0.wp.com\/www.kanenberg.com.br\/fatosfotoseregistros\/wp-content\/uploads\/2015\/04\/2015-04-19-11-36-08.jpg?resize=1050%2C600&ssl=1 3x, https:\/\/i0.wp.com\/www.kanenberg.com.br\/fatosfotoseregistros\/wp-content\/uploads\/2015\/04\/2015-04-19-11-36-08.jpg?resize=1400%2C800&ssl=1 4x"},"classes":[]},{"id":456,"url":"https:\/\/www.kanenberg.com.br\/fatosfotoseregistros\/lenda-maria-gorda\/","url_meta":{"origin":5360,"position":1},"title":"Ilha de Paquet\u00e1: A lenda do baob\u00e1 &#8220;Maria Gorda&#8221;","author":"kanenberg","date":"8 de abril de 2016","format":false,"excerpt":"A \"Maria Gorda\" \u00e9 um baob\u00e1 \u2014 \u00e1rvore majestosa localizada na Praia dos Tamoios, bem pr\u00f3ximo \u00e0 esquina com a Ladeira do Vicente. Origin\u00e1ria das savanas africanas, a esp\u00e9cie tamb\u00e9m \u00e9 famosa por sua presen\u00e7a no asteroide B-612, da obra O Pequeno Pr\u00edncipe, de Antoine de Saint-Exup\u00e9ry.","rel":"","context":"Em &quot;Lugares&quot;","block_context":{"text":"Lugares","link":"https:\/\/www.kanenberg.com.br\/fatosfotoseregistros\/category\/lugares\/"},"img":{"alt_text":"sam_1815-01.jpeg","src":"https:\/\/fatosfotoseregistros.files.wordpress.com\/2016\/04\/sam_1815-01.jpeg?w=350&h=200&crop=1","width":350,"height":200},"classes":[]},{"id":3807,"url":"https:\/\/www.kanenberg.com.br\/fatosfotoseregistros\/barra-velha\/","url_meta":{"origin":5360,"position":2},"title":"Descubra os encantos de Barra Velha","author":"kanenberg","date":"29 de outubro de 2016","format":false,"excerpt":"Barra Velha - Cidade no litoral Norte Catarinense. Primeira pessoa vista pela BR-101 no sentido norte\/sul do estado...","rel":"","context":"Em &quot;Lugares&quot;","block_context":{"text":"Lugares","link":"https:\/\/www.kanenberg.com.br\/fatosfotoseregistros\/category\/lugares\/"},"img":{"alt_text":"","src":"https:\/\/fatosfotoseregistros.files.wordpress.com\/2016\/10\/wp-image-2074729432jpg.jpg?w=350&h=200&crop=1","width":350,"height":200,"srcset":"https:\/\/fatosfotoseregistros.files.wordpress.com\/2016\/10\/wp-image-2074729432jpg.jpg?w=350&h=200&crop=1 1x, https:\/\/fatosfotoseregistros.files.wordpress.com\/2016\/10\/wp-image-2074729432jpg.jpg?w=525&h=300&crop=1 1.5x"},"classes":[]},{"id":4172,"url":"https:\/\/www.kanenberg.com.br\/fatosfotoseregistros\/parque-natural-municipal-de-nova-iguacu\/","url_meta":{"origin":5360,"position":3},"title":"Parque Natural Municipal de Nova Igua\u00e7u","author":"kanenberg","date":"15 de fevereiro de 2017","format":false,"excerpt":"O parque abriga trilhas, aproximadamente 14 po\u00e7os e cachoeiras abertas para uso recreativo. Um belo local para caminhadas, trilhas, rapel, banhos e muito mais.","rel":"","context":"Em &quot;Lugares&quot;","block_context":{"text":"Lugares","link":"https:\/\/www.kanenberg.com.br\/fatosfotoseregistros\/category\/lugares\/"},"img":{"alt_text":"","src":"https:\/\/i0.wp.com\/www.kanenberg.com.br\/fatosfotoseregistros\/wp-content\/uploads\/2017\/02\/varginha.png?resize=350%2C200&ssl=1","width":350,"height":200,"srcset":"https:\/\/i0.wp.com\/www.kanenberg.com.br\/fatosfotoseregistros\/wp-content\/uploads\/2017\/02\/varginha.png?resize=350%2C200&ssl=1 1x, https:\/\/i0.wp.com\/www.kanenberg.com.br\/fatosfotoseregistros\/wp-content\/uploads\/2017\/02\/varginha.png?resize=525%2C300&ssl=1 1.5x"},"classes":[]},{"id":1357,"url":"https:\/\/www.kanenberg.com.br\/fatosfotoseregistros\/central-do-brasil\/","url_meta":{"origin":5360,"position":4},"title":"Central do Brasil","author":"kanenberg","date":"28 de junho de 2016","format":false,"excerpt":"Central do Brasil, lugar conhecido por alguns e desconhecido por outros, admirado por uns e temido por outros, para alguns \u00e9 caminho obrigat\u00f3rio no dia-a-dia, enfim, um lugar cheio de hist\u00f3rias e curiosidades.","rel":"","context":"Em &quot;Imagem&quot;","block_context":{"text":"Imagem","link":"https:\/\/www.kanenberg.com.br\/fatosfotoseregistros\/category\/imagem\/"},"img":{"alt_text":"","src":"https:\/\/i0.wp.com\/www.kanenberg.com.br\/fatosfotoseregistros\/wp-content\/uploads\/2016\/06\/pvargas.jpg?resize=350%2C200&ssl=1","width":350,"height":200,"srcset":"https:\/\/i0.wp.com\/www.kanenberg.com.br\/fatosfotoseregistros\/wp-content\/uploads\/2016\/06\/pvargas.jpg?resize=350%2C200&ssl=1 1x, https:\/\/i0.wp.com\/www.kanenberg.com.br\/fatosfotoseregistros\/wp-content\/uploads\/2016\/06\/pvargas.jpg?resize=525%2C300&ssl=1 1.5x"},"classes":[]},{"id":525,"url":"https:\/\/www.kanenberg.com.br\/fatosfotoseregistros\/a-procura-da-felicidade\/","url_meta":{"origin":5360,"position":5},"title":"\u00c0 Procura da Felicidade","author":"kanenberg","date":"20 de abril de 2016","format":false,"excerpt":"Will Smith estrela esta hist\u00f3ria inspirada em fatos reais sobre Chris Gardner, um vendedor de S\u00e3o Francisco que vive no limite da linha da pobreza. Quando sua mulher Linda (Thandie Newton) o abandona, Chris deve criar sozinho o filho deles de 5 anos, Christopher (Jaden Smith). A determina\u00e7\u00e3o de Chris\u2026","rel":"","context":"Em &quot;V\u00eddeo&quot;","block_context":{"text":"V\u00eddeo","link":"https:\/\/www.kanenberg.com.br\/fatosfotoseregistros\/category\/video\/"},"img":{"alt_text":"","src":"https:\/\/i0.wp.com\/www.kanenberg.com.br\/fatosfotoseregistros\/wp-content\/uploads\/2016\/04\/aprocuradafelicidade2.jpg?resize=350%2C200&ssl=1","width":350,"height":200},"classes":[]}],"jetpack_likes_enabled":true,"amp_enabled":true,"jetpack_featured_media_url":"","_links":{"self":[{"href":"https:\/\/www.kanenberg.com.br\/fatosfotoseregistros\/wp-json\/wp\/v2\/posts\/5360","targetHints":{"allow":["GET"]}}],"collection":[{"href":"https:\/\/www.kanenberg.com.br\/fatosfotoseregistros\/wp-json\/wp\/v2\/posts"}],"about":[{"href":"https:\/\/www.kanenberg.com.br\/fatosfotoseregistros\/wp-json\/wp\/v2\/types\/post"}],"author":[{"embeddable":true,"href":"https:\/\/www.kanenberg.com.br\/fatosfotoseregistros\/wp-json\/wp\/v2\/users\/1"}],"replies":[{"embeddable":true,"href":"https:\/\/www.kanenberg.com.br\/fatosfotoseregistros\/wp-json\/wp\/v2\/comments?post=5360"}],"version-history":[{"count":3,"href":"https:\/\/www.kanenberg.com.br\/fatosfotoseregistros\/wp-json\/wp\/v2\/posts\/5360\/revisions"}],"predecessor-version":[{"id":6062,"href":"https:\/\/www.kanenberg.com.br\/fatosfotoseregistros\/wp-json\/wp\/v2\/posts\/5360\/revisions\/6062"}],"wp:attachment":[{"href":"https:\/\/www.kanenberg.com.br\/fatosfotoseregistros\/wp-json\/wp\/v2\/media?parent=5360"}],"wp:term":[{"taxonomy":"category","embeddable":true,"href":"https:\/\/www.kanenberg.com.br\/fatosfotoseregistros\/wp-json\/wp\/v2\/categories?post=5360"},{"taxonomy":"post_tag","embeddable":true,"href":"https:\/\/www.kanenberg.com.br\/fatosfotoseregistros\/wp-json\/wp\/v2\/tags?post=5360"}],"curies":[{"name":"wp","href":"https:\/\/api.w.org\/{rel}","templated":true}]}}