{"id":5343,"date":"2019-02-14T23:40:34","date_gmt":"2019-02-15T01:40:34","guid":{"rendered":"https:\/\/fatosfotoseregistros.kanenberg.com.br\/?p=5343"},"modified":"2026-08-04T13:07:49","modified_gmt":"2026-08-04T16:07:49","slug":"do-caminho-do-boi-aos-tabajaras-a-historia-e-as-curiosidades-de-uma-das-ladeiras-mais-famosas-do-rio","status":"publish","type":"post","link":"https:\/\/www.kanenberg.com.br\/fatosfotoseregistros\/do-caminho-do-boi-aos-tabajaras-a-historia-e-as-curiosidades-de-uma-das-ladeiras-mais-famosas-do-rio\/","title":{"rendered":"Do Caminho do Boi aos Tabajaras: A Hist\u00f3ria e as Curiosidades de uma das Ladeiras Mais Famosas do Rio"},"content":{"rendered":"<p style=\"text-align: justify;\" data-path-to-node=\"3\">Quem passa hoje pelo in\u00edcio da <b data-path-to-node=\"3\" data-index-in-node=\"31\">Ladeira dos Tabajaras<\/b>, logo na altura da Rua Siqueira Campos, em Copacabana, dificilmente imagina que aquele corredor urbano j\u00e1 foi uma rota estreita e poeirenta usada para o transporte de gado no s\u00e9culo XIX.<\/p>\n<p><img loading=\"lazy\" decoding=\"async\" data-attachment-id=\"5342\" data-permalink=\"https:\/\/www.kanenberg.com.br\/fatosfotoseregistros\/fb_img_1550139554943\/\" data-orig-file=\"https:\/\/www.kanenberg.com.br\/fatosfotoseregistros\/wp-content\/uploads\/2019\/02\/FB_IMG_1550139554943.jpg\" data-orig-size=\"960,601\" data-comments-opened=\"1\" data-image-meta=\"{&quot;aperture&quot;:&quot;0&quot;,&quot;credit&quot;:&quot;&quot;,&quot;camera&quot;:&quot;&quot;,&quot;caption&quot;:&quot;&quot;,&quot;created_timestamp&quot;:&quot;0&quot;,&quot;copyright&quot;:&quot;&quot;,&quot;focal_length&quot;:&quot;0&quot;,&quot;iso&quot;:&quot;0&quot;,&quot;shutter_speed&quot;:&quot;0&quot;,&quot;title&quot;:&quot;&quot;,&quot;orientation&quot;:&quot;0&quot;}\" data-image-title=\"FB_IMG_1550139554943.jpg\" data-image-description=\"\" data-image-caption=\"\" data-large-file=\"https:\/\/www.kanenberg.com.br\/fatosfotoseregistros\/wp-content\/uploads\/2019\/02\/FB_IMG_1550139554943.jpg\" class=\"aligncenter wp-image-5342 size-full\" src=\"https:\/\/www.kanenberg.com.br\/fatosfotoseregistros\/wp-content\/uploads\/2019\/02\/FB_IMG_1550139554943.jpg\" alt=\"Ladeira dos Tabajaras\" width=\"960\" height=\"601\" srcset=\"https:\/\/www.kanenberg.com.br\/fatosfotoseregistros\/wp-content\/uploads\/2019\/02\/FB_IMG_1550139554943.jpg 960w, https:\/\/www.kanenberg.com.br\/fatosfotoseregistros\/wp-content\/uploads\/2019\/02\/FB_IMG_1550139554943-300x188.jpg 300w, https:\/\/www.kanenberg.com.br\/fatosfotoseregistros\/wp-content\/uploads\/2019\/02\/FB_IMG_1550139554943-768x481.jpg 768w\" sizes=\"auto, (max-width: 960px) 100vw, 960px\" \/><\/p>\n<div id=\"model-response-message-contentr_3040e9bc5637c9cd\" class=\"markdown markdown-main-panel enable-luminous-fast-follows enable-updated-hr-color md-content\" dir=\"ltr\" aria-busy=\"false\" aria-live=\"polite\">\n<p style=\"text-align: justify;\" data-path-to-node=\"4\">Com uma geografia que conecta o litoral \u00e0 zona sul mais ocidental da cidade, a Ladeira dos Tabajaras acumula s\u00e9culos de hist\u00f3ria, transforma\u00e7\u00f5es urbanas e muita cultura carioca. Confira a hist\u00f3ria real, as curiosidades e o contexto atual desse marco do Rio de Janeiro!<\/p>\n<h2 data-path-to-node=\"6\">Origem Hist\u00f3rica: O Velho &#8220;Caminho do Boi&#8221;<\/h2>\n<p style=\"text-align: justify;\" data-path-to-node=\"7\">Antes do surgimento do bairro de Copacabana como o conhecemos hoje \u2014 cheio de edif\u00edcios e avenidas movimentadas \u2014, a regi\u00e3o era formada por restingas, dunas e fazendas.<\/p>\n<p style=\"text-align: justify;\" data-path-to-node=\"8\">Durante o s\u00e9culo XIX, a travessia entre os bairros de Botafogo\/Lagoa e o litoral de Copacabana era um desafio geogr\u00e1fico devido aos morros que cercavam a regi\u00e3o. O caminho que hoje conhecemos como Ladeira dos Tabajaras era uma das poucas passagens naturais aproveitadas na \u00e9poca:<\/p>\n<ul data-path-to-node=\"9\">\n<li>\n<p style=\"text-align: justify;\" data-path-to-node=\"9,0,0\"><b data-path-to-node=\"9,0,0\" data-index-in-node=\"0\">O Caminho do Boi:<\/b> A via original era conhecida como <i data-path-to-node=\"9,0,0\" data-index-in-node=\"52\">Caminho do Boi<\/i>, pois por ali passavam as tropas de gado que abasteciam a regi\u00e3o e seguiam em dire\u00e7\u00e3o \u00e0s fazendas e matadouros pr\u00f3ximos.<\/p>\n<\/li>\n<li>\n<p style=\"text-align: justify;\" data-path-to-node=\"9,1,0\"><b data-path-to-node=\"9,1,0\" data-index-in-node=\"0\">Ladeira do Barroso:<\/b> Com a consolida\u00e7\u00e3o das rotas no final do s\u00e9culo XIX, o caminho passou a se chamar Ladeira do Barroso, servindo como extens\u00e3o da antiga <i data-path-to-node=\"9,1,0\" data-index-in-node=\"155\">Rua do Barroso<\/i> (que mais tarde viria a ser batizada de <b data-path-to-node=\"9,1,0\" data-index-in-node=\"210\">Rua Siqueira Campos<\/b>).<\/p>\n<\/li>\n<\/ul>\n<h2 data-path-to-node=\"11\">De Onde Vem o Nome &#8220;Tabajaras&#8221;?<\/h2>\n<p style=\"text-align: justify;\" data-path-to-node=\"12\">Existe um mito popular de que a ladeira teria recebido esse nome porque \u00edndios da tribo Tabajara habitavam aquele morro. No entanto, a hist\u00f3ria real reflete a din\u00e2mica de loteamento do Rio no in\u00edcio do s\u00e9culo XX:<\/p>\n<blockquote data-path-to-node=\"13\">\n<p style=\"text-align: justify;\" data-path-to-node=\"13,0\"><b data-path-to-node=\"13,0\" data-index-in-node=\"0\">Verdade Hist\u00f3rica:<\/b> Os \u00edndios <b data-path-to-node=\"13,0\" data-index-in-node=\"29\">Tabajaras<\/b> s\u00e3o nativos do Nordeste brasileiro (principalmente dos estados do Cear\u00e1, Para\u00edba e Pernambuco). Os povos ind\u00edgenas que habitavam a Ba\u00eda de Guanabara e arredores eram predominantemente os <b data-path-to-node=\"13,0\" data-index-in-node=\"226\">Tupinamb\u00e1s (Tamoios)<\/b> e <b data-path-to-node=\"13,0\" data-index-in-node=\"249\">Temimin\u00f3s<\/b>.<\/p>\n<\/blockquote>\n<p style=\"text-align: justify;\" data-path-to-node=\"14\">O nome &#8220;Tabajaras&#8221; foi adotado nas primeiras d\u00e9cadas do s\u00e9culo XX durante a expans\u00e3o urbana de Copacabana. Na \u00e9poca, influenciados pelo movimento indianista na literatura e na cultura brasileira, os urbanistas batizaram v\u00e1rias ruas do bairro com nomes de tribos e voc\u00e1bulos ind\u00edgenas \u2014 como as ruas <i data-path-to-node=\"14\" data-index-in-node=\"299\">Tupinamb\u00e1s<\/i>, <i data-path-to-node=\"14\" data-index-in-node=\"311\">Tonelero<\/i>, <i data-path-to-node=\"14\" data-index-in-node=\"321\">Goitacazes<\/i> e a pr\u00f3pria <i data-path-to-node=\"14\" data-index-in-node=\"344\">Ladeira dos Tabajaras<\/i>.<\/p>\n<h2 data-path-to-node=\"16\">A Forma\u00e7\u00e3o da Comunidade e do Bairro Peixoto<\/h2>\n<p style=\"text-align: justify;\" data-path-to-node=\"17\">Com a abertura do T\u00fanel Velho (T\u00fanel Real Grandeza) em 1892 e a chegada dos bondes, Copacabana explodiu em crescimento. As encostas da Ladeira dos Tabajaras come\u00e7aram a ser ocupadas no in\u00edcio do s\u00e9culo XX, dando origem \u00e0 comunidade do <b data-path-to-node=\"17\" data-index-in-node=\"235\">Morro dos Tabajaras<\/b> (e a vizinha Vila Cabrini, hoje conhecida como Morro dos Cabritos).<\/p>\n<p style=\"text-align: justify;\" data-path-to-node=\"18\">Ao p\u00e9 da ladeira, desenvolveu-se tamb\u00e9m o pacato <b data-path-to-node=\"18\" data-index-in-node=\"49\">Bairro Peixoto<\/b>, um recanto buc\u00f3lico dentro de Copacabana que preserva at\u00e9 hoje um clima de vizinhan\u00e7a residencial com pra\u00e7a arborizada e edif\u00edcios de baixa altura.<\/p>\n<h2 data-path-to-node=\"20\">Curiosidades da Ladeira dos Tabajaras<\/h2>\n<ul data-path-to-node=\"21\">\n<li>\n<p style=\"text-align: justify;\" data-path-to-node=\"21,0,0\"><b data-path-to-node=\"21,0,0\" data-index-in-node=\"0\">Elo Estrat\u00e9gico:<\/b> A ladeira sempre foi uma via estrat\u00e9gica de liga\u00e7\u00e3o. Embora hoje o tr\u00e1fego principal de ve\u00edculos entre Botafogo e Copacabana seja feito pelos t\u00faneis, a Ladeira dos Tabajaras continua sendo um ponto crucial de acesso interno e passagem entre morros.<\/p>\n<\/li>\n<li>\n<p style=\"text-align: justify;\" data-path-to-node=\"21,1,0\"><b data-path-to-node=\"21,1,0\" data-index-in-node=\"0\">Inspira\u00e7\u00e3o Cultural:<\/b> O Morro dos Tabajaras e a ladeira serviram de inspira\u00e7\u00e3o para composi\u00e7\u00f5es de samba, cr\u00f4nicas cariocas e obras de arte que retratam a vida nas encostas da Zona Sul.<\/p>\n<\/li>\n<li>\n<p style=\"text-align: justify;\" data-path-to-node=\"21,2,0\"><b data-path-to-node=\"21,2,0\" data-index-in-node=\"0\">O Famoso Duo de Viol\u00f5es:<\/b> O nome da ladeira tamb\u00e9m se cruza com a hist\u00f3ria da m\u00fasica popular brasileira. A famosa dupla de violonistas cearenses <b data-path-to-node=\"21,2,0\" data-index-in-node=\"144\">&#8220;Les Indiens Tabajaras&#8221;<\/b> (Os \u00cdndios Tabajaras), que fez sucesso internacional a partir dos anos 1940 e 50, ajudou a popularizar o termo no imagin\u00e1rio nacional.<\/p>\n<\/li>\n<\/ul>\n<h2 data-path-to-node=\"23\">A Ladeira dos Tabajaras Hoje<\/h2>\n<p style=\"text-align: justify;\" data-path-to-node=\"24\">Atualmente, a Ladeira dos Tabajaras \u00e9 um espa\u00e7o din\u00e2mico que reflete a pluralidade do Rio de Janeiro. A comunidade abriga projetos sociais voltados para o esporte, m\u00fasica e inclus\u00e3o de jovens, al\u00e9m de iniciativas de turismo comunit\u00e1rio.<\/p>\n<p style=\"text-align: justify;\" data-path-to-node=\"25\">Visitar a regi\u00e3o \u00e9 testemunhar o encontro do Rio antigo \u2014 da \u00e9poca dos caminhos de gado e ch\u00e1caras \u2014 com o Rio moderno, vibrante e repleto de hist\u00f3rias em cada encosta.<\/p>\n<p style=\"text-align: justify;\" data-path-to-node=\"27\"><i data-path-to-node=\"27\" data-index-in-node=\"0\">E voc\u00ea, j\u00e1 conhecia a hist\u00f3ria por tr\u00e1s da Ladeira dos Tabajaras? Deixe seu coment\u00e1rio e compartilhe este post com quem ama as curiosidades do Rio de Janeiro!<\/i><\/p>\n<\/div>\n","protected":false},"excerpt":{"rendered":"<p>Quem passa hoje pelo in\u00edcio da Ladeira dos Tabajaras, logo na altura da Rua Siqueira Campos, em Copacabana, dificilmente imagina que aquele corredor urbano j\u00e1 foi uma rota estreita e poeirenta usada para o transporte de gado no s\u00e9culo XIX.<\/p>\n","protected":false},"author":1,"featured_media":0,"comment_status":"open","ping_status":"open","sticky":false,"template":"","format":"standard","meta":{"_exactmetrics_skip_tracking":false,"_jetpack_newsletter_access":"","_jetpack_dont_email_post_to_subs":false,"_jetpack_newsletter_tier_id":0,"_jetpack_memberships_contains_paywalled_content":false,"_jetpack_feature_clip_id":0,"_jetpack_memberships_contains_paid_content":false,"footnotes":"","jetpack_publicize_message":"","jetpack_publicize_feature_enabled":true,"jetpack_social_post_already_shared":true,"jetpack_social_options":{"image_generator_settings":{"template":"highway","default_image_id":0,"font":"","enabled":false},"version":2},"jetpack_post_was_ever_published":false},"categories":[282],"tags":[381,349,382],"class_list":["post-5343","post","type-post","status-publish","format-standard","hentry","category-lugares","tag-botafogo","tag-copacabana","tag-d-pedro-i"],"jetpack_publicize_connections":[],"jetpack_sharing_enabled":true,"jetpack_shortlink":"https:\/\/wp.me\/phkM1X-1ob","jetpack-related-posts":[{"id":2062,"url":"https:\/\/www.kanenberg.com.br\/fatosfotoseregistros\/museu-historico-do-exercito-e-forte-de-copacabana\/","url_meta":{"origin":5343,"position":0},"title":"Museu Hist\u00f3rico do Ex\u00e9rcito e Forte de Copacabana","author":"kanenberg","date":"19 de julho de 2016","format":false,"excerpt":"O local escolhido para a sua constru\u00e7\u00e3o consistia numa regi\u00e3o cujos rochedos avan\u00e7avam contra o mar em dire\u00e7\u00e3o \u00e0 entrada da Ba\u00eda de Guanabara.","rel":"","context":"Em &quot;Imagem&quot;","block_context":{"text":"Imagem","link":"https:\/\/www.kanenberg.com.br\/fatosfotoseregistros\/category\/imagem\/"},"img":{"alt_text":"","src":"https:\/\/i0.wp.com\/www.kanenberg.com.br\/fatosfotoseregistros\/wp-content\/uploads\/2016\/07\/1922-07-06-150x150.jpg?resize=350%2C200&ssl=1","width":350,"height":200,"srcset":"https:\/\/i0.wp.com\/www.kanenberg.com.br\/fatosfotoseregistros\/wp-content\/uploads\/2016\/07\/1922-07-06-150x150.jpg?resize=350%2C200&ssl=1 1x, https:\/\/i0.wp.com\/www.kanenberg.com.br\/fatosfotoseregistros\/wp-content\/uploads\/2016\/07\/1922-07-06-150x150.jpg?resize=525%2C300&ssl=1 1.5x"},"classes":[]},{"id":938,"url":"https:\/\/www.kanenberg.com.br\/fatosfotoseregistros\/morro-da-babilonia-2\/","url_meta":{"origin":5343,"position":1},"title":"Morro da Babil\u00f4nia","author":"kanenberg","date":"25 de maio de 2016","format":false,"excerpt":"O Morro da Babil\u00f4nia esta localizado na divisa entre os bairros do Leme, Botafogo, Urca e Copacabana. A localidade abriga as comunidades do Morro da Babil\u00f4nia e a do Chap\u00e9u Mangueira al\u00e9m de uma ampla \u00e1rea de prote\u00e7\u00e3o ambiental fazendo parte do Parque Natural Municipal Paisagem Carioca.","rel":"","context":"Em &quot;Lugares&quot;","block_context":{"text":"Lugares","link":"https:\/\/www.kanenberg.com.br\/fatosfotoseregistros\/category\/lugares\/"},"img":{"alt_text":"2015-04-19 11.38.46","src":"https:\/\/fatosfotoseregistros.files.wordpress.com\/2016\/05\/2015-04-19-11-38-46.jpg?w=350&h=200&crop=1","width":350,"height":200,"srcset":"https:\/\/fatosfotoseregistros.files.wordpress.com\/2016\/05\/2015-04-19-11-38-46.jpg?w=350&h=200&crop=1 1x, https:\/\/fatosfotoseregistros.files.wordpress.com\/2016\/05\/2015-04-19-11-38-46.jpg?w=525&h=300&crop=1 1.5x, https:\/\/fatosfotoseregistros.files.wordpress.com\/2016\/05\/2015-04-19-11-38-46.jpg?w=700&h=400&crop=1 2x"},"classes":[]},{"id":2877,"url":"https:\/\/www.kanenberg.com.br\/fatosfotoseregistros\/locais-para-conhecer-rj-1\/","url_meta":{"origin":5343,"position":2},"title":"Locais para conhecer no Rio de Janeiro &#8211; Parte 1","author":"kanenberg","date":"16 de agosto de 2016","format":false,"excerpt":"A cidade do Rio de Janeiro, guarda lugares fant\u00e1sticos, alguns desconhecidos at\u00e9 mesmo pelos pr\u00f3prios cariocas. Conhe\u00e7a alguns destes lugares lindos e cheios de hist\u00f3ria.","rel":"","context":"Em &quot;Imagem&quot;","block_context":{"text":"Imagem","link":"https:\/\/www.kanenberg.com.br\/fatosfotoseregistros\/category\/imagem\/"},"img":{"alt_text":"valongo1","src":"https:\/\/fatosfotoseregistros.files.wordpress.com\/2016\/08\/valongo1.jpg?w=350&h=200&crop=1","width":350,"height":200,"srcset":"https:\/\/fatosfotoseregistros.files.wordpress.com\/2016\/08\/valongo1.jpg?w=350&h=200&crop=1 1x, https:\/\/fatosfotoseregistros.files.wordpress.com\/2016\/08\/valongo1.jpg?w=525&h=300&crop=1 1.5x"},"classes":[]},{"id":161,"url":"https:\/\/www.kanenberg.com.br\/fatosfotoseregistros\/casa-do-sal\/","url_meta":{"origin":5343,"position":3},"title":"Hist\u00f3rica Casa do Sal em Santa Cruz","author":"kanenberg","date":"9 de julho de 2015","format":false,"excerpt":"A Casa do Sal \u00e9 um dos testemunhos materiais mais intrigantes da transi\u00e7\u00e3o entre o per\u00edodo colonial e o imperial na Zona Oeste do Rio de Janeiro.","rel":"","context":"Em &quot;Lugares&quot;","block_context":{"text":"Lugares","link":"https:\/\/www.kanenberg.com.br\/fatosfotoseregistros\/category\/lugares\/"},"img":{"alt_text":"Fachada da hist\u00f3rica Casa do Sal em Santa Cruz.. Fonte: NOPH - N\u00facleo de Orienta\u00e7\u00e3o e Pesquisa Hist\u00f3rica de Santa Cruz","src":"https:\/\/i0.wp.com\/www.kanenberg.com.br\/fatosfotoseregistros\/wp-content\/uploads\/2015\/07\/Casa_Sal.jpg?resize=350%2C200&ssl=1","width":350,"height":200,"srcset":"https:\/\/i0.wp.com\/www.kanenberg.com.br\/fatosfotoseregistros\/wp-content\/uploads\/2015\/07\/Casa_Sal.jpg?resize=350%2C200&ssl=1 1x, https:\/\/i0.wp.com\/www.kanenberg.com.br\/fatosfotoseregistros\/wp-content\/uploads\/2015\/07\/Casa_Sal.jpg?resize=525%2C300&ssl=1 1.5x, https:\/\/i0.wp.com\/www.kanenberg.com.br\/fatosfotoseregistros\/wp-content\/uploads\/2015\/07\/Casa_Sal.jpg?resize=700%2C400&ssl=1 2x"},"classes":[]},{"id":99,"url":"https:\/\/www.kanenberg.com.br\/fatosfotoseregistros\/trilha-morro-da-babilonia\/","url_meta":{"origin":5343,"position":4},"title":"Trilha Morro da Babil\u00f4nia","author":"kanenberg","date":"27 de abril de 2015","format":false,"excerpt":"Entre os bairros do Leme, Botafogo, Urca, Babil\u00f4nia e Chap\u00e9u-Mangueira, uma linda trilha, a mais de 230 metros de altitude, guarda muitas surpresas: ru\u00ednas de casamatas...","rel":"","context":"Em &quot;Lugares&quot;","block_context":{"text":"Lugares","link":"https:\/\/www.kanenberg.com.br\/fatosfotoseregistros\/category\/lugares\/"},"img":{"alt_text":"Morro da Babil\u00f4nia","src":"https:\/\/i0.wp.com\/www.kanenberg.com.br\/fatosfotoseregistros\/wp-content\/uploads\/2015\/04\/2015-04-19-11-36-08.jpg?resize=350%2C200&ssl=1","width":350,"height":200,"srcset":"https:\/\/i0.wp.com\/www.kanenberg.com.br\/fatosfotoseregistros\/wp-content\/uploads\/2015\/04\/2015-04-19-11-36-08.jpg?resize=350%2C200&ssl=1 1x, https:\/\/i0.wp.com\/www.kanenberg.com.br\/fatosfotoseregistros\/wp-content\/uploads\/2015\/04\/2015-04-19-11-36-08.jpg?resize=525%2C300&ssl=1 1.5x, https:\/\/i0.wp.com\/www.kanenberg.com.br\/fatosfotoseregistros\/wp-content\/uploads\/2015\/04\/2015-04-19-11-36-08.jpg?resize=700%2C400&ssl=1 2x, https:\/\/i0.wp.com\/www.kanenberg.com.br\/fatosfotoseregistros\/wp-content\/uploads\/2015\/04\/2015-04-19-11-36-08.jpg?resize=1050%2C600&ssl=1 3x, https:\/\/i0.wp.com\/www.kanenberg.com.br\/fatosfotoseregistros\/wp-content\/uploads\/2015\/04\/2015-04-19-11-36-08.jpg?resize=1400%2C800&ssl=1 4x"},"classes":[]},{"id":1357,"url":"https:\/\/www.kanenberg.com.br\/fatosfotoseregistros\/central-do-brasil\/","url_meta":{"origin":5343,"position":5},"title":"Central do Brasil","author":"kanenberg","date":"28 de junho de 2016","format":false,"excerpt":"Central do Brasil, lugar conhecido por alguns e desconhecido por outros, admirado por uns e temido por outros, para alguns \u00e9 caminho obrigat\u00f3rio no dia-a-dia, enfim, um lugar cheio de hist\u00f3rias e curiosidades.","rel":"","context":"Em &quot;Imagem&quot;","block_context":{"text":"Imagem","link":"https:\/\/www.kanenberg.com.br\/fatosfotoseregistros\/category\/imagem\/"},"img":{"alt_text":"","src":"https:\/\/i0.wp.com\/www.kanenberg.com.br\/fatosfotoseregistros\/wp-content\/uploads\/2016\/06\/pvargas.jpg?resize=350%2C200&ssl=1","width":350,"height":200,"srcset":"https:\/\/i0.wp.com\/www.kanenberg.com.br\/fatosfotoseregistros\/wp-content\/uploads\/2016\/06\/pvargas.jpg?resize=350%2C200&ssl=1 1x, https:\/\/i0.wp.com\/www.kanenberg.com.br\/fatosfotoseregistros\/wp-content\/uploads\/2016\/06\/pvargas.jpg?resize=525%2C300&ssl=1 1.5x"},"classes":[]}],"jetpack_likes_enabled":true,"amp_enabled":true,"jetpack_featured_media_url":"","_links":{"self":[{"href":"https:\/\/www.kanenberg.com.br\/fatosfotoseregistros\/wp-json\/wp\/v2\/posts\/5343","targetHints":{"allow":["GET"]}}],"collection":[{"href":"https:\/\/www.kanenberg.com.br\/fatosfotoseregistros\/wp-json\/wp\/v2\/posts"}],"about":[{"href":"https:\/\/www.kanenberg.com.br\/fatosfotoseregistros\/wp-json\/wp\/v2\/types\/post"}],"author":[{"embeddable":true,"href":"https:\/\/www.kanenberg.com.br\/fatosfotoseregistros\/wp-json\/wp\/v2\/users\/1"}],"replies":[{"embeddable":true,"href":"https:\/\/www.kanenberg.com.br\/fatosfotoseregistros\/wp-json\/wp\/v2\/comments?post=5343"}],"version-history":[{"count":3,"href":"https:\/\/www.kanenberg.com.br\/fatosfotoseregistros\/wp-json\/wp\/v2\/posts\/5343\/revisions"}],"predecessor-version":[{"id":6202,"href":"https:\/\/www.kanenberg.com.br\/fatosfotoseregistros\/wp-json\/wp\/v2\/posts\/5343\/revisions\/6202"}],"wp:attachment":[{"href":"https:\/\/www.kanenberg.com.br\/fatosfotoseregistros\/wp-json\/wp\/v2\/media?parent=5343"}],"wp:term":[{"taxonomy":"category","embeddable":true,"href":"https:\/\/www.kanenberg.com.br\/fatosfotoseregistros\/wp-json\/wp\/v2\/categories?post=5343"},{"taxonomy":"post_tag","embeddable":true,"href":"https:\/\/www.kanenberg.com.br\/fatosfotoseregistros\/wp-json\/wp\/v2\/tags?post=5343"}],"curies":[{"name":"wp","href":"https:\/\/api.w.org\/{rel}","templated":true}]}}