{"id":5325,"date":"2019-02-18T07:54:14","date_gmt":"2019-02-18T10:54:14","guid":{"rendered":"https:\/\/fatosfotoseregistros.kanenberg.com.br\/?p=5325"},"modified":"2026-08-08T18:29:36","modified_gmt":"2026-08-08T21:29:36","slug":"museu-ilha-das-flores","status":"publish","type":"post","link":"https:\/\/www.kanenberg.com.br\/fatosfotoseregistros\/museu-ilha-das-flores\/","title":{"rendered":"Museu da Imigra\u00e7\u00e3o da Ilha das Flores: um lugar de chegada, esperan\u00e7a e mem\u00f3ria"},"content":{"rendered":"<p style=\"text-align: justify;\">Na Ba\u00eda de Guanabara, no munic\u00edpio de S\u00e3o Gon\u00e7alo, encontra-se um lugar que guarda uma importante parte da hist\u00f3ria da imigra\u00e7\u00e3o no Brasil: a <strong>Ilha das Flores<\/strong>, onde funcionou, entre 1883 e 1966, a Hospedaria de Imigrantes da Ilha das Flores.<\/p>\n<figure id=\"attachment_6225\" aria-describedby=\"caption-attachment-6225\" style=\"width: 1461px\" class=\"wp-caption aligncenter\"><img loading=\"lazy\" decoding=\"async\" data-attachment-id=\"6225\" data-permalink=\"https:\/\/www.kanenberg.com.br\/fatosfotoseregistros\/museu-ilha-das-flores\/ilha_flores_00-jpg\/\" data-orig-file=\"https:\/\/www.kanenberg.com.br\/fatosfotoseregistros\/wp-content\/uploads\/2019\/02\/ilha_flores_00.jpg.jpg\" data-orig-size=\"1461,1076\" data-comments-opened=\"1\" data-image-meta=\"{&quot;aperture&quot;:&quot;0&quot;,&quot;credit&quot;:&quot;&quot;,&quot;camera&quot;:&quot;&quot;,&quot;caption&quot;:&quot;&quot;,&quot;created_timestamp&quot;:&quot;0&quot;,&quot;copyright&quot;:&quot;&quot;,&quot;focal_length&quot;:&quot;0&quot;,&quot;iso&quot;:&quot;0&quot;,&quot;shutter_speed&quot;:&quot;0&quot;,&quot;title&quot;:&quot;&quot;,&quot;orientation&quot;:&quot;0&quot;,&quot;alt&quot;:&quot;&quot;}\" data-image-title=\"Vista do cais de entrada da Hospedaria de Imigrantes, na Ilha das Flores\" data-image-description=\"\" data-image-caption=\"&lt;p&gt;Vista do cais de entrada da Hospedaria de Imigrantes, na Ilha das Flores&lt;\/p&gt;\n\" data-large-file=\"https:\/\/www.kanenberg.com.br\/fatosfotoseregistros\/wp-content\/uploads\/2019\/02\/ilha_flores_00.jpg-1024x754.jpg\" class=\"wp-image-6225 size-full\" src=\"https:\/\/www.kanenberg.com.br\/fatosfotoseregistros\/wp-content\/uploads\/2019\/02\/ilha_flores_00.jpg.jpg\" alt=\"Vista do cais de entrada da Hospedaria de Imigrantes, na Ilha das Flores\" width=\"1461\" height=\"1076\" srcset=\"https:\/\/www.kanenberg.com.br\/fatosfotoseregistros\/wp-content\/uploads\/2019\/02\/ilha_flores_00.jpg.jpg 1461w, https:\/\/www.kanenberg.com.br\/fatosfotoseregistros\/wp-content\/uploads\/2019\/02\/ilha_flores_00.jpg-300x221.jpg 300w, https:\/\/www.kanenberg.com.br\/fatosfotoseregistros\/wp-content\/uploads\/2019\/02\/ilha_flores_00.jpg-1024x754.jpg 1024w, https:\/\/www.kanenberg.com.br\/fatosfotoseregistros\/wp-content\/uploads\/2019\/02\/ilha_flores_00.jpg-768x566.jpg 768w\" sizes=\"auto, (max-width: 1461px) 100vw, 1461px\" \/><figcaption id=\"caption-attachment-6225\" class=\"wp-caption-text\">Vista do cais de entrada da Hospedaria de Imigrantes, na Ilha das Flores<\/figcaption><\/figure>\n<p style=\"text-align: justify;\">Considerada a primeira hospedaria de imigrantes criada pelo governo brasileiro, ainda durante o per\u00edodo imperial, a institui\u00e7\u00e3o recebeu pessoas de dezenas de nacionalidades. Entre os grupos mais numerosos estavam portugueses, italianos, espanh\u00f3is, poloneses, alem\u00e3es, russos, austr\u00edacos, \u00e1rabes e judeus, entre tantos outros. Ao longo de sua exist\u00eancia, a hospedaria tamb\u00e9m recebeu migrantes brasileiros e refugiados.<\/p>\n<p style=\"text-align: justify;\">Embora a cria\u00e7\u00e3o oficial da hospedaria seja situada em 1883, existem registros de imigrantes datados de 1877. Essa diferen\u00e7a explica por que algumas fontes mencionam o per\u00edodo de 1877 a 1966 ao tratar da hist\u00f3ria da Ilha das Flores. Os registros hist\u00f3ricos da hospedaria constituem hoje uma importante fonte para pesquisadores interessados na hist\u00f3ria da imigra\u00e7\u00e3o e na trajet\u00f3ria de fam\u00edlias que chegaram ao Brasil.<\/p>\n<h2>A chegada dos imigrantes<\/h2>\n<p style=\"text-align: justify;\">Durante o grande movimento migrat\u00f3rio ocorrido entre o final do s\u00e9culo XIX e as primeiras d\u00e9cadas do s\u00e9culo XX, os principais portos brasileiros de entrada de estrangeiros inclu\u00edam o Rio de Janeiro, Santos e Salvador.<\/p>\n<p style=\"text-align: justify;\">Aqueles que chegavam ao Rio de Janeiro e se destinavam \u00e0 hospedaria eram registrados e, posteriormente, encaminhados para a Ilha das Flores. Ali passavam por procedimentos de recep\u00e7\u00e3o, registro, inspe\u00e7\u00e3o m\u00e9dica e sanit\u00e1ria e, depois, eram encaminhados para seus destinos.<\/p>\n<p style=\"text-align: justify;\">A cria\u00e7\u00e3o da hospedaria estava relacionada \u00e0s pol\u00edticas de imigra\u00e7\u00e3o e coloniza\u00e7\u00e3o adotadas pelo governo brasileiro. Pretendia-se atrair trabalhadores estrangeiros para o pa\u00eds e oferecer-lhes transporte, hospedagem tempor\u00e1ria e encaminhamento para as regi\u00f5es onde poderiam se estabelecer ou trabalhar.<\/p>\n<p style=\"text-align: justify;\">Nesse per\u00edodo, o Brasil vivia uma profunda transforma\u00e7\u00e3o nas rela\u00e7\u00f5es de trabalho. O sistema escravista estava em processo de desestrutura\u00e7\u00e3o e, especialmente nas \u00e1reas agr\u00edcolas, crescia a necessidade de trabalhadores livres. A imigra\u00e7\u00e3o europeia passou, ent\u00e3o, a ser estimulada pelo governo como parte das pol\u00edticas de ocupa\u00e7\u00e3o do territ\u00f3rio e de substitui\u00e7\u00e3o gradual da m\u00e3o de obra escravizada.<\/p>\n<p style=\"text-align: justify;\">A localiza\u00e7\u00e3o da Ilha das Flores apresentava uma vantagem adicional. Por estar afastada do centro urbano, permitia que os rec\u00e9m-chegados fossem recebidos e examinados antes de entrar em contato com a popula\u00e7\u00e3o da Corte, especialmente em uma \u00e9poca em que o Rio de Janeiro enfrentava frequentes epidemias.<\/p>\n<p style=\"text-align: justify;\">Ao desembarcarem na ilha, os imigrantes eram instalados nos alojamentos existentes. Recebiam alimenta\u00e7\u00e3o, assist\u00eancia m\u00e9dica e condi\u00e7\u00f5es b\u00e1sicas de higiene, permanecendo ali durante alguns dias, at\u00e9 que pudessem seguir para seus destinos.<\/p>\n<p style=\"text-align: justify;\">A hospedaria funcionava, portanto, como um verdadeiro ponto de passagem: era o lugar entre a longa viagem transatl\u00e2ntica e o in\u00edcio de uma nova vida no Brasil.<\/p>\n<p style=\"text-align: justify;\">Contratadores e intermediadores tamb\u00e9m compareciam \u00e0 hospedaria para recrutar trabalhadores e encaminh\u00e1-los para diferentes regi\u00f5es. Em algumas fontes, esses intermediadores aparecem identificados como \u201cgatos\u201d.<\/p>\n<h2>Registro, inspe\u00e7\u00e3o e alojamento<\/h2>\n<p style=\"text-align: justify;\">O processo de recep\u00e7\u00e3o seguia uma rotina relativamente organizada.<\/p>\n<p style=\"text-align: justify;\">Ap\u00f3s o desembarque, os imigrantes eram encaminhados aos alojamentos e, posteriormente, ao escrit\u00f3rio da administra\u00e7\u00e3o, onde seus dados eram registrados nos livros da hospedaria.<\/p>\n<p style=\"text-align: justify;\">Entre as informa\u00e7\u00f5es anotadas estavam o nome, a idade, o estado civil, a nacionalidade, a profiss\u00e3o, a proced\u00eancia, o nome do navio, a data de entrada e o destino.<\/p>\n<p style=\"text-align: justify;\">Em seguida, os imigrantes passavam por inspe\u00e7\u00e3o m\u00e9dica, destinada a verificar suas condi\u00e7\u00f5es de sa\u00fade e impedir a dissemina\u00e7\u00e3o de doen\u00e7as infectocontagiosas.<\/p>\n<p style=\"text-align: justify;\">Durante determinado per\u00edodo, os alojamentos eram divididos de acordo com o g\u00eanero e o estado civil. Havia dormit\u00f3rios destinados a jovens solteiros, homens casados, mo\u00e7as solteiras e mulheres casadas com filhos pequenos.<\/p>\n<p style=\"text-align: justify;\">A hospedaria tamb\u00e9m possu\u00eda cozinha e refeit\u00f3rio, onde eram preparadas e servidas as refei\u00e7\u00f5es. Para pessoas que haviam passado semanas ou at\u00e9 meses viajando em navios, muitas vezes em condi\u00e7\u00f5es dif\u00edceis, aquele local representava o primeiro contato com uma nova realidade.<\/p>\n<p style=\"text-align: justify;\">H\u00e1 tamb\u00e9m registros de que os imigrantes recebiam roupas de cama e produtos de higiene antes de serem encaminhados aos alojamentos.<\/p>\n<p style=\"text-align: justify;\">Uma frase que se tornou especialmente associada \u00e0 experi\u00eancia dos imigrantes na Ilha das Flores estava escrita em uma placa em diferentes idiomas:<\/p>\n<blockquote><p>\u201cVoc\u00ea era um estranho e o Brasil o acolheu.\u201d<\/p><\/blockquote>\n<p style=\"text-align: justify;\">A frase sintetiza, de certa maneira, a imagem que o governo brasileiro pretendia transmitir de um pa\u00eds disposto a receber aqueles que chegavam para come\u00e7ar uma nova vida.<\/p>\n<h2>Os documentos da hospedaria<\/h2>\n<p style=\"text-align: justify;\">Para quem pesquisa a hist\u00f3ria de uma fam\u00edlia de imigrantes, a documenta\u00e7\u00e3o da Ilha das Flores possui um valor extraordin\u00e1rio.<\/p>\n<p style=\"text-align: justify;\">Os livros de registros constituem uma das mais importantes fontes para identificar pessoas que passaram pela hospedaria. Neles podem ser encontradas informa\u00e7\u00f5es sobre nomes, idades, nacionalidades, profiss\u00f5es, familiares, embarca\u00e7\u00f5es e destinos.<\/p>\n<p style=\"text-align: justify;\">Atualmente, documentos relacionados \u00e0 Hospedaria da Ilha das Flores encontram-se sob a guarda do Arquivo Nacional e s\u00e3o utilizados por pesquisadores da imigra\u00e7\u00e3o e da genealogia. H\u00e1 tamb\u00e9m possibilidades de solicita\u00e7\u00e3o de documentos e informa\u00e7\u00f5es por meio dos servi\u00e7os de atendimento da institui\u00e7\u00e3o.<\/p>\n<p style=\"text-align: justify;\">\u00c9 importante, entretanto, ter em mente que os registros antigos podem apresentar diferen\u00e7as na grafia dos nomes. A diversidade de idiomas e alfabetos, al\u00e9m das dificuldades de comunica\u00e7\u00e3o entre os imigrantes e os funcion\u00e1rios respons\u00e1veis pelas anota\u00e7\u00f5es, fez com que muitos nomes fossem registrados de maneira diferente daquela utilizada originalmente pelas fam\u00edlias.<\/p>\n<p style=\"text-align: justify;\">Para uma pesquisa geneal\u00f3gica, portanto, informa\u00e7\u00f5es como o nome completo, a nacionalidade, o nome do navio e a data aproximada da chegada podem ser fundamentais.<\/p>\n<h2>Uma passagem curiosa: Elke Maravilha<\/h2>\n<p style=\"text-align: justify;\">Entre as in\u00fameras hist\u00f3rias de pessoas que passaram pela Ilha das Flores est\u00e1 a de uma menina que, d\u00e9cadas mais tarde, se tornaria uma personalidade conhecida em todo o Brasil: <strong>Elke Maravilha<\/strong>.<\/p>\n<p style=\"text-align: justify;\">Nascida Elke Georgievna Grunnupp, filha de Georg e Lieselotte Grunnupp, ela chegou ao Brasil ainda crian\u00e7a, acompanhada dos pais e de outros familiares, na d\u00e9cada de 1950.<\/p>\n<p style=\"text-align: justify;\">Em 2012, quando o Centro de Mem\u00f3ria da Imigra\u00e7\u00e3o da Ilha das Flores j\u00e1 realizava atividades de preserva\u00e7\u00e3o da hist\u00f3ria da hospedaria, Elke Maravilha participou de uma visita ao local, contribuindo tamb\u00e9m para aproximar a mem\u00f3ria individual da hist\u00f3ria coletiva da imigra\u00e7\u00e3o.<\/p>\n<p style=\"text-align: justify;\">H\u00e1 ainda uma curiosidade documental particularmente interessante: no cart\u00e3o de imigra\u00e7\u00e3o de seu pai, seu nome aparece registrado como <strong>Ilga<\/strong>. Esse tipo de diverg\u00eancia na documenta\u00e7\u00e3o ajuda a demonstrar as dificuldades encontradas pelos funcion\u00e1rios ao registrar nomes estrangeiros e tamb\u00e9m explica alguns dos desafios enfrentados atualmente por pesquisadores e genealogistas.<\/p>\n<figure id=\"attachment_5388\" aria-describedby=\"caption-attachment-5388\" style=\"width: 3152px\" class=\"wp-caption aligncenter\"><a href=\"https:\/\/fatosfotoseregistros.kanenberg.com.br\/wp-content\/uploads\/2019\/02\/cartao_georg_grunupp.jpg\"><img loading=\"lazy\" decoding=\"async\" data-attachment-id=\"5388\" data-permalink=\"https:\/\/www.kanenberg.com.br\/fatosfotoseregistros\/museu-ilha-das-flores\/cartao_georg_grunupp\/\" data-orig-file=\"https:\/\/www.kanenberg.com.br\/fatosfotoseregistros\/wp-content\/uploads\/2019\/02\/cartao_georg_grunupp.jpg\" data-orig-size=\"3152,2057\" data-comments-opened=\"1\" data-image-meta=\"{&quot;aperture&quot;:&quot;0&quot;,&quot;credit&quot;:&quot;&quot;,&quot;camera&quot;:&quot;&quot;,&quot;caption&quot;:&quot;&quot;,&quot;created_timestamp&quot;:&quot;0&quot;,&quot;copyright&quot;:&quot;&quot;,&quot;focal_length&quot;:&quot;0&quot;,&quot;iso&quot;:&quot;0&quot;,&quot;shutter_speed&quot;:&quot;0&quot;,&quot;title&quot;:&quot;&quot;,&quot;orientation&quot;:&quot;0&quot;}\" data-image-title=\"Cart\u00e3o de Imigra\u00e7\u00e3o de Georg Grunupp (pai de Elke Maravilha)\" data-image-description=\"\" data-image-caption=\"&lt;p&gt;Cart\u00e3o de Imigra\u00e7\u00e3o de Georg Grunupp (pai de Elke Maravilha)&lt;\/p&gt;\n\" data-large-file=\"https:\/\/www.kanenberg.com.br\/fatosfotoseregistros\/wp-content\/uploads\/2019\/02\/cartao_georg_grunupp-1024x668.jpg\" class=\"wp-image-5388 size-full\" src=\"https:\/\/www.kanenberg.com.br\/fatosfotoseregistros\/wp-content\/uploads\/2019\/02\/cartao_georg_grunupp.jpg\" alt=\"Cart\u00e3o de Imigra\u00e7\u00e3o de Georg Grunupp (pai de Elke Maravilha)\" width=\"3152\" height=\"2057\" srcset=\"https:\/\/www.kanenberg.com.br\/fatosfotoseregistros\/wp-content\/uploads\/2019\/02\/cartao_georg_grunupp.jpg 3152w, https:\/\/www.kanenberg.com.br\/fatosfotoseregistros\/wp-content\/uploads\/2019\/02\/cartao_georg_grunupp-300x196.jpg 300w, https:\/\/www.kanenberg.com.br\/fatosfotoseregistros\/wp-content\/uploads\/2019\/02\/cartao_georg_grunupp-768x501.jpg 768w, https:\/\/www.kanenberg.com.br\/fatosfotoseregistros\/wp-content\/uploads\/2019\/02\/cartao_georg_grunupp-1024x668.jpg 1024w\" sizes=\"auto, (max-width: 3152px) 100vw, 3152px\" \/><\/a><figcaption id=\"caption-attachment-5388\" class=\"wp-caption-text\">Cart\u00e3o de Imigra\u00e7\u00e3o de Georg Grunupp (pai de Elke Maravilha)<\/figcaption><\/figure>\n<figure id=\"attachment_5389\" aria-describedby=\"caption-attachment-5389\" style=\"width: 3147px\" class=\"wp-caption aligncenter\"><a href=\"https:\/\/fatosfotoseregistros.kanenberg.com.br\/wp-content\/uploads\/2019\/02\/cartao_lieselotte_grunupp.jpg\"><img loading=\"lazy\" decoding=\"async\" data-attachment-id=\"5389\" data-permalink=\"https:\/\/www.kanenberg.com.br\/fatosfotoseregistros\/museu-ilha-das-flores\/cartao_lieselotte_grunupp\/\" data-orig-file=\"https:\/\/www.kanenberg.com.br\/fatosfotoseregistros\/wp-content\/uploads\/2019\/02\/cartao_lieselotte_grunupp.jpg\" data-orig-size=\"3147,2058\" data-comments-opened=\"1\" data-image-meta=\"{&quot;aperture&quot;:&quot;0&quot;,&quot;credit&quot;:&quot;&quot;,&quot;camera&quot;:&quot;&quot;,&quot;caption&quot;:&quot;&quot;,&quot;created_timestamp&quot;:&quot;0&quot;,&quot;copyright&quot;:&quot;&quot;,&quot;focal_length&quot;:&quot;0&quot;,&quot;iso&quot;:&quot;0&quot;,&quot;shutter_speed&quot;:&quot;0&quot;,&quot;title&quot;:&quot;&quot;,&quot;orientation&quot;:&quot;0&quot;}\" data-image-title=\"Cart\u00e3o de Imigra\u00e7\u00e3o de Lieselotte Grunupp (m\u00e3e de Elke Maravilha)\" data-image-description=\"\" data-image-caption=\"&lt;p&gt;Cart\u00e3o de Imigra\u00e7\u00e3o de Lieselotte Grunupp (m\u00e3e de Elke Maravilha)&lt;\/p&gt;\n\" data-large-file=\"https:\/\/www.kanenberg.com.br\/fatosfotoseregistros\/wp-content\/uploads\/2019\/02\/cartao_lieselotte_grunupp-1024x670.jpg\" class=\"wp-image-5389 size-full\" src=\"https:\/\/www.kanenberg.com.br\/fatosfotoseregistros\/wp-content\/uploads\/2019\/02\/cartao_lieselotte_grunupp.jpg\" alt=\"Cart\u00e3o de Imigra\u00e7\u00e3o de Lieselotte Grunupp (m\u00e3e de Elke Maravilha)\" width=\"3147\" height=\"2058\" srcset=\"https:\/\/www.kanenberg.com.br\/fatosfotoseregistros\/wp-content\/uploads\/2019\/02\/cartao_lieselotte_grunupp.jpg 3147w, https:\/\/www.kanenberg.com.br\/fatosfotoseregistros\/wp-content\/uploads\/2019\/02\/cartao_lieselotte_grunupp-300x196.jpg 300w, https:\/\/www.kanenberg.com.br\/fatosfotoseregistros\/wp-content\/uploads\/2019\/02\/cartao_lieselotte_grunupp-768x502.jpg 768w, https:\/\/www.kanenberg.com.br\/fatosfotoseregistros\/wp-content\/uploads\/2019\/02\/cartao_lieselotte_grunupp-1024x670.jpg 1024w\" sizes=\"auto, (max-width: 3147px) 100vw, 3147px\" \/><\/a><figcaption id=\"caption-attachment-5389\" class=\"wp-caption-text\">Cart\u00e3o de Imigra\u00e7\u00e3o de Lieselotte Grunupp (m\u00e3e de Elke Maravilha)<\/figcaption><\/figure>\n<h2>Os v\u00e1rios nomes da Ilha das Flores<\/h2>\n<p style=\"text-align: justify;\">Antes de se tornar conhecida como Ilha das Flores, a pequena ilha da Ba\u00eda de Guanabara recebeu diferentes denomina\u00e7\u00f5es ao longo dos s\u00e9culos.<\/p>\n<p style=\"text-align: justify;\">Em uma carta topogr\u00e1fica de 1710, a atual Ilha das Flores aparece como <strong>Santo Ant\u00f4nio<\/strong>. Por volta de 1770, no plano de Manuel Vieira Le\u00e3o, surge com outra denomina\u00e7\u00e3o: <strong>Ilha do Martins<\/strong>.<\/p>\n<p style=\"text-align: justify;\">Em 1817, o <em>Plano da Cidade do Rio de Janeiro<\/em>, de Jos\u00e9 Fernandes Portugal, utilizou a denomina\u00e7\u00e3o <strong>Meruhi<\/strong>. J\u00e1 no Plano de Palli\u00e8re, de 1823, aparece o nome <strong>Marim<\/strong>.<\/p>\n<p style=\"text-align: justify;\">No in\u00edcio do s\u00e9culo XIX, a ilha pertencia a <strong>Delfina Felicidade do Nascimento Flores<\/strong> e tamb\u00e9m era conhecida como Marim.<\/p>\n<p style=\"text-align: justify;\">\u00c9 poss\u00edvel que o nome atualmente utilizado tenha rela\u00e7\u00e3o justamente com essa propriet\u00e1ria. Segundo uma interpreta\u00e7\u00e3o bastante difundida, o local teria passado a ser conhecido como a \u201cilha da D. Flores\u201d, denomina\u00e7\u00e3o que posteriormente teria evolu\u00eddo para <strong>Ilha das Flores<\/strong>.<\/p>\n<h2>A cria\u00e7\u00e3o da Hospedaria da Ilha das Flores<\/h2>\n<p style=\"text-align: justify;\">O governo brasileiro adotou, durante o s\u00e9culo XIX, uma s\u00e9rie de medidas para estimular a imigra\u00e7\u00e3o e a coloniza\u00e7\u00e3o.<\/p>\n<p style=\"text-align: justify;\">Em 1876, foi criada a <strong>Inspetoria Geral de Terras e Coloniza\u00e7\u00e3o<\/strong>, subordinada ao Minist\u00e9rio da Agricultura, Com\u00e9rcio e Obras P\u00fablicas. Entre suas atribui\u00e7\u00f5es estavam a fiscaliza\u00e7\u00e3o e a dire\u00e7\u00e3o dos servi\u00e7os relacionados \u00e0 imigra\u00e7\u00e3o e \u00e0 coloniza\u00e7\u00e3o.<\/p>\n<p style=\"text-align: justify;\">Entre as medidas adotadas estavam a oferta de hospedagem e transporte aos imigrantes, al\u00e9m de mecanismos destinados a facilitar seu estabelecimento em col\u00f4nias e outras \u00e1reas do territ\u00f3rio brasileiro.<\/p>\n<p style=\"text-align: justify;\">Nesse contexto come\u00e7aram, em 1878, as negocia\u00e7\u00f5es para a aquisi\u00e7\u00e3o da Ilha das Flores pelo governo imperial. A negocia\u00e7\u00e3o envolveu o senador <strong>Jos\u00e9 Ign\u00e1cio Silveira da Motta<\/strong>, ent\u00e3o propriet\u00e1rio da ilha, e representantes do governo.<\/p>\n<p style=\"text-align: justify;\">A transa\u00e7\u00e3o foi conclu\u00edda em 1883. Foi ent\u00e3o que a Ilha das Flores passou a abrigar oficialmente a Hospedaria de Imigrantes, criada pelo governo imperial.<\/p>\n<p style=\"text-align: justify;\">A localiza\u00e7\u00e3o da ilha era estrat\u00e9gica. Seu isolamento em rela\u00e7\u00e3o \u00e0 \u00e1rea urbana do Rio de Janeiro permitia controlar a entrada dos rec\u00e9m-chegados e, ao mesmo tempo, evitar que fossem imediatamente expostos \u00e0s epidemias que frequentemente atingiam a cidade.<\/p>\n<p style=\"text-align: justify;\">Em 1\u00ba de mar\u00e7o de 1883, o ministro da Agricultura, Com\u00e9rcio e Obras P\u00fablicas, <strong>Afonso Augusto Moreira Penna<\/strong>, determinou que os passageiros de terceira classe provenientes de portos estrangeiros, depois de desembarcarem no Porto do Rio de Janeiro, fossem transportados, juntamente com suas bagagens, para a Ilha das Flores, onde poderiam permanecer gratuitamente por at\u00e9 oito dias.<\/p>\n<p style=\"text-align: justify;\">A Hospedaria da Ilha das Flores tornou-se, assim, uma importante engrenagem da pol\u00edtica imigrat\u00f3ria brasileira.<\/p>\n<h2>Uma ilha que tamb\u00e9m foi pris\u00e3o<\/h2>\n<p style=\"text-align: justify;\">A hist\u00f3ria da Ilha das Flores, por\u00e9m, n\u00e3o se limita \u00e0 imigra\u00e7\u00e3o.<\/p>\n<p style=\"text-align: justify;\">Durante o per\u00edodo em que funcionou como hospedaria, o local tamb\u00e9m foi utilizado para outras finalidades, especialmente como espa\u00e7o de confinamento e pris\u00e3o. Essa caracter\u00edstica fez da ilha um lugar marcado simultaneamente pela chegada de imigrantes, pelo acolhimento, pela quarentena e pelo isolamento de pessoas consideradas indesej\u00e1veis ou perigosas pelo Estado.<\/p>\n<p style=\"text-align: justify;\">Em 1917, com a entrada do Brasil na Primeira Guerra Mundial, a ilha passou para a administra\u00e7\u00e3o do Minist\u00e9rio da Marinha. Naquele contexto, tripulantes de navios alem\u00e3es foram recolhidos ao local.<\/p>\n<p style=\"text-align: justify;\">Em 1932, durante a <strong>Revolu\u00e7\u00e3o Constitucionalista<\/strong>, a ilha voltou a ser utilizada como espa\u00e7o prisional. Entre 18 de agosto e 31 de outubro daquele ano, passaram pelo local milhares de combatentes paulistas capturados durante o conflito.<\/p>\n<p style=\"text-align: justify;\">Em 1935, a ilha novamente recebeu presos em raz\u00e3o da <strong>Intentona Comunista<\/strong>, movimento ocorrido em novembro daquele ano contra o governo de Get\u00falio Vargas.<\/p>\n<p style=\"text-align: justify;\">A utiliza\u00e7\u00e3o da Ilha das Flores como espa\u00e7o de confinamento n\u00e3o terminou a\u00ed. Durante a Segunda Guerra Mundial, especialmente ap\u00f3s a entrada do Brasil no conflito, em 1942, aumentou a vigil\u00e2ncia sobre estrangeiros provenientes de pa\u00edses inimigos.<\/p>\n<p style=\"text-align: justify;\">A ilha passou a receber tamb\u00e9m pessoas consideradas suspeitas ou envolvidas em atividades de espionagem e colabora\u00e7\u00e3o com os pa\u00edses do Eixo. Em 1942, segundo registros hist\u00f3ricos, 349 pessoas foram retidas na Ilha das Flores.<\/p>\n<p style=\"text-align: justify;\">A trajet\u00f3ria da ilha, portanto, revela uma dimens\u00e3o menos conhecida de sua hist\u00f3ria: o mesmo lugar que recebia pessoas que chegavam ao Brasil em busca de uma nova vida tamb\u00e9m foi utilizado pelo Estado para controlar, isolar e prender determinados grupos.<\/p>\n<h2>O fim da hospedaria<\/h2>\n<p style=\"text-align: justify;\">Com o passar das d\u00e9cadas, o perfil da imigra\u00e7\u00e3o brasileira mudou. O grande fluxo migrat\u00f3rio europeu que havia marcado as \u00faltimas d\u00e9cadas do s\u00e9culo XIX e as primeiras do s\u00e9culo XX diminuiu significativamente.<\/p>\n<p style=\"text-align: justify;\">Em 1966, depois de mais de oito d\u00e9cadas de funcionamento, a Hospedaria de Imigrantes da Ilha das Flores encerrou suas atividades.<\/p>\n<p style=\"text-align: justify;\">O local passou ent\u00e3o a receber outras fun\u00e7\u00f5es. Entre elas esteve a instala\u00e7\u00e3o do <strong>CENATRE \u2014 Centro Nacional de Treinamento<\/strong>, subordinado ao Departamento de Cooperativismo e Extens\u00e3o Rural do Instituto Nacional de Desenvolvimento Agr\u00e1rio (INDA), destinado \u00e0 realiza\u00e7\u00e3o de cursos para pessoal t\u00e9cnico, administrativo e lideran\u00e7as rurais.<\/p>\n<p style=\"text-align: justify;\">Ao final de 1968, a Ilha das Flores passou \u00e0 propriedade da <strong>Marinha do Brasil<\/strong>, que instalou no local organiza\u00e7\u00f5es militares do Corpo de Fuzileiros Navais.<\/p>\n<p style=\"text-align: justify;\">A presen\u00e7a da Marinha permanece at\u00e9 os dias atuais. Atualmente, a \u00e1rea abriga a Tropa de Refor\u00e7o dos Fuzileiros Navais, ao mesmo tempo em que preserva parte significativa das antigas edifica\u00e7\u00f5es e estruturas relacionadas \u00e0 hospedaria.<\/p>\n<h2>De hospedaria a lugar de mem\u00f3ria<\/h2>\n<p style=\"text-align: justify;\">A transforma\u00e7\u00e3o da Ilha das Flores em espa\u00e7o de preserva\u00e7\u00e3o da mem\u00f3ria come\u00e7ou a ganhar forma no s\u00e9culo XXI.<\/p>\n<p style=\"text-align: justify;\">Em 2010, a Marinha do Brasil e a Universidade do Estado do Rio de Janeiro iniciaram uma parceria destinada a pesquisar e preservar a hist\u00f3ria da antiga hospedaria. Em 2012, foi inaugurado o <strong>Centro de Mem\u00f3ria da Imigra\u00e7\u00e3o da Ilha das Flores<\/strong>, dando in\u00edcio \u00e0s visitas guiadas e \u00e0s a\u00e7\u00f5es de pesquisa e preserva\u00e7\u00e3o.<\/p>\n<p style=\"text-align: justify;\">Em 2016, foi inaugurado oficialmente o <strong>Museu da Imigra\u00e7\u00e3o da Ilha das Flores (MIIF)<\/strong>, composto pelo <strong>Circuito a C\u00e9u Aberto<\/strong> e por uma exposi\u00e7\u00e3o de longa dura\u00e7\u00e3o instalada na antiga Casa do Int\u00e9rprete.<\/p>\n<p style=\"text-align: justify;\">O visitante pode percorrer os espa\u00e7os que fizeram parte da antiga hospedaria e conhecer documentos, fotografias, objetos e relatos relacionados \u00e0s experi\u00eancias de imigrantes e migrantes.<\/p>\n<p style=\"text-align: justify;\">A ilha, que durante d\u00e9cadas foi ponto de chegada para milhares de pessoas, transformou-se assim em um lugar de mem\u00f3ria.<\/p>\n<p style=\"text-align: justify;\">E talvez essa seja uma das maiores riquezas do Museu da Imigra\u00e7\u00e3o da Ilha das Flores: n\u00e3o se trata apenas de conhecer a hist\u00f3ria de um antigo conjunto de pr\u00e9dios. Trata-se de caminhar por um lugar onde pessoas reais chegaram depois de atravessar oceanos, deixando para tr\u00e1s suas terras de origem, suas fam\u00edlias, suas dificuldades e suas esperan\u00e7as.<\/p>\n<p style=\"text-align: justify;\">Muitos encontraram no Brasil a oportunidade de construir uma nova vida. Outros seguiram para diferentes regi\u00f5es do pa\u00eds. Seus nomes ficaram registrados em antigos livros manuscritos.<\/p>\n<p style=\"text-align: justify;\">Hoje, esses mesmos registros permitem que descendentes reencontrem um pequeno fragmento da hist\u00f3ria de seus antepassados.<\/p>\n<p style=\"text-align: justify;\">A antiga hospedaria deixou de receber imigrantes h\u00e1 d\u00e9cadas, mas continua recebendo visitantes. A diferen\u00e7a \u00e9 que, agora, quem chega \u00e0 Ilha das Flores n\u00e3o est\u00e1 procurando um lugar para come\u00e7ar uma nova vida.<\/p>\n<p style=\"text-align: justify;\">Est\u00e1 procurando <strong>mem\u00f3rias<\/strong>.<\/p>\n<p style=\"text-align: justify;\">E, entre as antigas constru\u00e7\u00f5es, documentos e hist\u00f3rias preservadas, talvez encontre tamb\u00e9m um pouco da pr\u00f3pria hist\u00f3ria do Brasil.<\/p>\n<h2><strong>Onde fica o museu<\/strong><\/h2>\n<p>Complexo Naval da Ilha das Flores<br \/>\nS\u00e3o Gon\u00e7alo &#8211; RJ<br \/>\n<strong>Telefone<\/strong>: (21)3707-9504<br \/>\n<strong>E-mail<\/strong>: comtrref.museu@marinha.mil.br<br \/>\n<strong>Site<\/strong>: <a href=\"https:\/\/www.miif.org.br\" target=\"_blank\" rel=\"noopener\">www.miif.org.br<\/a><\/p>\n<p><strong>Visita\u00e7\u00e3o ao Museu<\/strong>: Ter\u00e7a a domingo, das 9h \u00e0s 17h.<br \/>\n<strong>Custo<\/strong>: Gratuito<\/p>\n<h2>Op\u00e7\u00e3o de passeio com guia de turismo<\/h2>\n<p><a href=\"https:\/\/www.instagram.com\/turismomila\" target=\"_blank\" rel=\"noopener\"><img loading=\"lazy\" decoding=\"async\" data-attachment-id=\"6216\" data-permalink=\"https:\/\/www.kanenberg.com.br\/fatosfotoseregistros\/museu-ilha-das-flores\/banner-mila-turismo-1\/\" data-orig-file=\"https:\/\/www.kanenberg.com.br\/fatosfotoseregistros\/wp-content\/uploads\/2019\/02\/Banner-Mila-Turismo-1.png\" data-orig-size=\"1448,1086\" data-comments-opened=\"1\" data-image-meta=\"{&quot;aperture&quot;:&quot;0&quot;,&quot;credit&quot;:&quot;&quot;,&quot;camera&quot;:&quot;&quot;,&quot;caption&quot;:&quot;&quot;,&quot;created_timestamp&quot;:&quot;0&quot;,&quot;copyright&quot;:&quot;&quot;,&quot;focal_length&quot;:&quot;0&quot;,&quot;iso&quot;:&quot;0&quot;,&quot;shutter_speed&quot;:&quot;0&quot;,&quot;title&quot;:&quot;&quot;,&quot;orientation&quot;:&quot;0&quot;,&quot;alt&quot;:&quot;&quot;}\" data-image-title=\"Banner Mila Turismo\" data-image-description=\"\" data-image-caption=\"\" data-large-file=\"https:\/\/www.kanenberg.com.br\/fatosfotoseregistros\/wp-content\/uploads\/2019\/02\/Banner-Mila-Turismo-1-1024x768.png\" class=\"wp-image-6216 alignleft\" src=\"https:\/\/www.kanenberg.com.br\/fatosfotoseregistros\/wp-content\/uploads\/2019\/02\/Banner-Mila-Turismo-1-1024x768.png\" alt=\"\" width=\"450\" height=\"338\" srcset=\"https:\/\/www.kanenberg.com.br\/fatosfotoseregistros\/wp-content\/uploads\/2019\/02\/Banner-Mila-Turismo-1-1024x768.png 1024w, https:\/\/www.kanenberg.com.br\/fatosfotoseregistros\/wp-content\/uploads\/2019\/02\/Banner-Mila-Turismo-1-300x225.png 300w, https:\/\/www.kanenberg.com.br\/fatosfotoseregistros\/wp-content\/uploads\/2019\/02\/Banner-Mila-Turismo-1-768x576.png 768w, https:\/\/www.kanenberg.com.br\/fatosfotoseregistros\/wp-content\/uploads\/2019\/02\/Banner-Mila-Turismo-1.png 1448w\" sizes=\"auto, (max-width: 450px) 100vw, 450px\" \/><\/a><\/p>\n<h2>Mapa de localiza\u00e7\u00e3o<\/h2>\n<p><iframe loading=\"lazy\" style=\"border: 0;\" src=\"https:\/\/www.google.com\/maps\/embed?pb=!1m14!1m8!1m3!1d14707.395182243416!2d-43.101052!3d-22.845083!3m2!1i1024!2i768!4f13.1!3m3!1m2!1s0x0%3A0x49acb18f47fde3dd!2sMuseu+da+Imigra%C3%A7%C3%A3o+da+Ilha+das+Flores-MIIF!5e0!3m2!1spt-BR!2sbr!4v1550364287958\" width=\"800\" height=\"600\" frameborder=\"0\" allowfullscreen=\"allowfullscreen\"><\/iframe><\/p>\n<h2><strong>Fotos<\/strong><\/h2>\n<p class=\"jetpack-slideshow-noscript robots-nocontent\">Este slideshow necessita de JavaScript.<\/p><div id=\"gallery-5325-1-slideshow\" class=\"jetpack-slideshow-window jetpack-slideshow jetpack-slideshow-black\" data-trans=\"fade\" data-autostart=\"1\" data-gallery=\"[{&quot;src&quot;:&quot;https:\\\/\\\/www.kanenberg.com.br\\\/fatosfotoseregistros\\\/wp-content\\\/uploads\\\/2019\\\/02\\\/ilha_flores_01.jpg&quot;,&quot;id&quot;:&quot;5372&quot;,&quot;title&quot;:&quot;Museu da Imigra\\u00e7\\u00e3o da Ilha das Flores&quot;,&quot;alt&quot;:&quot;Museu da Imigra\\u00e7\\u00e3o da Ilha das Flores&quot;,&quot;caption&quot;:&quot;P\\u00f3rtico de entrada&quot;,&quot;itemprop&quot;:&quot;image&quot;},{&quot;src&quot;:&quot;https:\\\/\\\/www.kanenberg.com.br\\\/fatosfotoseregistros\\\/wp-content\\\/uploads\\\/2019\\\/02\\\/ilha_flores_02.jpg&quot;,&quot;id&quot;:&quot;5373&quot;,&quot;title&quot;:&quot;Museu da Imigra\\u00e7\\u00e3o da Ilha das Flores&quot;,&quot;alt&quot;:&quot;Museu da Imigra\\u00e7\\u00e3o da Ilha das Flores&quot;,&quot;caption&quot;:&quot;&quot;,&quot;itemprop&quot;:&quot;image&quot;},{&quot;src&quot;:&quot;https:\\\/\\\/www.kanenberg.com.br\\\/fatosfotoseregistros\\\/wp-content\\\/uploads\\\/2019\\\/02\\\/ilha_flores_03.jpg&quot;,&quot;id&quot;:&quot;5374&quot;,&quot;title&quot;:&quot;Museu da Imigra\\u00e7\\u00e3o da Ilha das Flores&quot;,&quot;alt&quot;:&quot;Museu da Imigra\\u00e7\\u00e3o da Ilha das Flores&quot;,&quot;caption&quot;:&quot;Capela S\\u00e3o Jos\\u00e9&quot;,&quot;itemprop&quot;:&quot;image&quot;},{&quot;src&quot;:&quot;https:\\\/\\\/www.kanenberg.com.br\\\/fatosfotoseregistros\\\/wp-content\\\/uploads\\\/2019\\\/02\\\/ilha_flores_04.jpg&quot;,&quot;id&quot;:&quot;5375&quot;,&quot;title&quot;:&quot;Museu da Imigra\\u00e7\\u00e3o da Ilha das Flores&quot;,&quot;alt&quot;:&quot;Museu da Imigra\\u00e7\\u00e3o da Ilha das Flores&quot;,&quot;caption&quot;:&quot;Base de fuzileiros navais&quot;,&quot;itemprop&quot;:&quot;image&quot;},{&quot;src&quot;:&quot;https:\\\/\\\/www.kanenberg.com.br\\\/fatosfotoseregistros\\\/wp-content\\\/uploads\\\/2019\\\/02\\\/ilha_flores_05.jpg&quot;,&quot;id&quot;:&quot;5376&quot;,&quot;title&quot;:&quot;Museu da Imigra\\u00e7\\u00e3o da Ilha das Flores&quot;,&quot;alt&quot;:&quot;Museu da Imigra\\u00e7\\u00e3o da Ilha das Flores&quot;,&quot;caption&quot;:&quot;&quot;,&quot;itemprop&quot;:&quot;image&quot;},{&quot;src&quot;:&quot;https:\\\/\\\/www.kanenberg.com.br\\\/fatosfotoseregistros\\\/wp-content\\\/uploads\\\/2019\\\/02\\\/ilha_flores_06.jpg&quot;,&quot;id&quot;:&quot;5377&quot;,&quot;title&quot;:&quot;Museu da Imigra\\u00e7\\u00e3o da Ilha das Flores&quot;,&quot;alt&quot;:&quot;Museu da Imigra\\u00e7\\u00e3o da Ilha das Flores&quot;,&quot;caption&quot;:&quot;Refeit\\u00f3rio da hospedaria: caf\\u00e9 da manh\\u00e3, almo\\u00e7o e jantar, com capacidade para atender at\\u00e9 3.500 pessoas.&quot;,&quot;itemprop&quot;:&quot;image&quot;},{&quot;src&quot;:&quot;https:\\\/\\\/www.kanenberg.com.br\\\/fatosfotoseregistros\\\/wp-content\\\/uploads\\\/2019\\\/02\\\/ilha_flores_07.jpg&quot;,&quot;id&quot;:&quot;5378&quot;,&quot;title&quot;:&quot;Museu da Imigra\\u00e7\\u00e3o da Ilha das Flores&quot;,&quot;alt&quot;:&quot;Museu da Imigra\\u00e7\\u00e3o da Ilha das Flores&quot;,&quot;caption&quot;:&quot;Detalhe no banheiro masculino de um dos pr\\u00e9dios&quot;,&quot;itemprop&quot;:&quot;image&quot;},{&quot;src&quot;:&quot;https:\\\/\\\/www.kanenberg.com.br\\\/fatosfotoseregistros\\\/wp-content\\\/uploads\\\/2019\\\/02\\\/ilha_flores_08.jpg&quot;,&quot;id&quot;:&quot;5379&quot;,&quot;title&quot;:&quot;Museu da Imigra\\u00e7\\u00e3o da Ilha das Flores&quot;,&quot;alt&quot;:&quot;Museu da Imigra\\u00e7\\u00e3o da Ilha das Flores&quot;,&quot;caption&quot;:&quot;&quot;,&quot;itemprop&quot;:&quot;image&quot;},{&quot;src&quot;:&quot;https:\\\/\\\/www.kanenberg.com.br\\\/fatosfotoseregistros\\\/wp-content\\\/uploads\\\/2019\\\/02\\\/ilha_flores_09.jpg&quot;,&quot;id&quot;:&quot;5380&quot;,&quot;title&quot;:&quot;Museu da Imigra\\u00e7\\u00e3o da Ilha das Flores&quot;,&quot;alt&quot;:&quot;Museu da Imigra\\u00e7\\u00e3o da Ilha das Flores&quot;,&quot;caption&quot;:&quot;&quot;,&quot;itemprop&quot;:&quot;image&quot;},{&quot;src&quot;:&quot;https:\\\/\\\/www.kanenberg.com.br\\\/fatosfotoseregistros\\\/wp-content\\\/uploads\\\/2019\\\/02\\\/ilha_flores_10.jpg&quot;,&quot;id&quot;:&quot;5381&quot;,&quot;title&quot;:&quot;Museu da Imigra\\u00e7\\u00e3o da Ilha das Flores&quot;,&quot;alt&quot;:&quot;Museu da Imigra\\u00e7\\u00e3o da Ilha das Flores&quot;,&quot;caption&quot;:&quot;&quot;,&quot;itemprop&quot;:&quot;image&quot;},{&quot;src&quot;:&quot;https:\\\/\\\/www.kanenberg.com.br\\\/fatosfotoseregistros\\\/wp-content\\\/uploads\\\/2019\\\/02\\\/ilha_flores_11.jpg&quot;,&quot;id&quot;:&quot;5382&quot;,&quot;title&quot;:&quot;Museu da Imigra\\u00e7\\u00e3o da Ilha das Flores&quot;,&quot;alt&quot;:&quot;Museu da Imigra\\u00e7\\u00e3o da Ilha das Flores&quot;,&quot;caption&quot;:&quot;&quot;,&quot;itemprop&quot;:&quot;image&quot;}]\" itemscope itemtype=\"https:\/\/schema.org\/ImageGallery\"><\/div>\n<h2><strong>V\u00eddeos<\/strong><\/h2>\n<p><span class=\"embed-youtube\" style=\"text-align:center; display: block;\"><iframe loading=\"lazy\" class=\"youtube-player\" width=\"840\" height=\"473\" src=\"https:\/\/www.youtube.com\/embed\/SYWm_nwAUXw?version=3&#038;rel=1&#038;showsearch=0&#038;showinfo=1&#038;iv_load_policy=1&#038;fs=1&#038;hl=pt-BR&#038;autohide=2&#038;wmode=transparent\" allowfullscreen=\"true\" style=\"border:0;\" sandbox=\"allow-scripts allow-same-origin allow-popups allow-presentation allow-popups-to-escape-sandbox\"><\/iframe><\/span><\/p>\n<p>&nbsp;<\/p>\n<p><span class=\"embed-youtube\" style=\"text-align:center; display: block;\"><iframe loading=\"lazy\" class=\"youtube-player\" width=\"840\" height=\"473\" src=\"https:\/\/www.youtube.com\/embed\/cpfkWtpk_sY?version=3&#038;rel=1&#038;showsearch=0&#038;showinfo=1&#038;iv_load_policy=1&#038;fs=1&#038;hl=pt-BR&#038;autohide=2&#038;wmode=transparent\" allowfullscreen=\"true\" style=\"border:0;\" sandbox=\"allow-scripts allow-same-origin allow-popups allow-presentation allow-popups-to-escape-sandbox\"><\/iframe><\/span><\/p>\n<p>&nbsp;<\/p>\n<p><span class=\"embed-youtube\" style=\"text-align:center; display: block;\"><iframe loading=\"lazy\" class=\"youtube-player\" width=\"840\" height=\"473\" src=\"https:\/\/www.youtube.com\/embed\/VhZSYrzHSds?version=3&#038;rel=1&#038;showsearch=0&#038;showinfo=1&#038;iv_load_policy=1&#038;fs=1&#038;hl=pt-BR&#038;autohide=2&#038;start=1&#038;wmode=transparent\" allowfullscreen=\"true\" style=\"border:0;\" sandbox=\"allow-scripts allow-same-origin allow-popups allow-presentation allow-popups-to-escape-sandbox\"><\/iframe><\/span><\/p>\n<p>&nbsp;<\/p>\n<div class=\"fb-video\" data-allowfullscreen=\"true\" data-href=\"https:\/\/www.facebook.com\/museudaimigracaodailhadasflores\/videos\/1774667799412775\/\" style=\"background-color: #fff; display: inline-block;\"><\/div>\n","protected":false},"excerpt":{"rendered":"<p>Na Ba\u00eda de Guanabara, no munic\u00edpio de S\u00e3o Gon\u00e7alo, encontra-se um lugar que guarda uma importante parte da hist\u00f3ria da imigra\u00e7\u00e3o no Brasil: a Ilha das Flores, onde funcionou, entre 1883 e 1966, a Hospedaria de Imigrantes da Ilha das Flores.<\/p>\n","protected":false},"author":1,"featured_media":6225,"comment_status":"open","ping_status":"open","sticky":false,"template":"","format":"standard","meta":{"_exactmetrics_skip_tracking":false,"_jetpack_newsletter_access":"","_jetpack_dont_email_post_to_subs":false,"_jetpack_newsletter_tier_id":0,"_jetpack_memberships_contains_paywalled_content":false,"_jetpack_feature_clip_id":0,"_jetpack_memberships_contains_paid_content":false,"footnotes":"","jetpack_publicize_message":"Museu da Imigra\u00e7\u00e3o da Ilha das Flores - Conhe\u00e7a um pouco mais do Museu da Imigra\u00e7\u00e3o da Ilha das Flores, que esta localizado onde foi fundada, em 1879, a primeira hospedaria de imigrantes do Brasil. Veja fotos, textos com informa\u00e7\u00f5es, v\u00eddeos e outros","jetpack_publicize_feature_enabled":true,"jetpack_social_post_already_shared":true,"jetpack_social_options":{"image_generator_settings":{"template":"highway","default_image_id":0,"font":"","enabled":false},"version":2},"jetpack_post_was_ever_published":false},"categories":[282],"tags":[255,428,379,429,309,412,380],"class_list":["post-5325","post","type-post","status-publish","format-standard","has-post-thumbnail","hentry","category-lugares","tag-historia","tag-hospedaria-de-imigrantes","tag-imigracao","tag-marinha-do-brasil","tag-museu","tag-personalidades","tag-sao-goncalo"],"jetpack_publicize_connections":[],"jetpack_sharing_enabled":true,"jetpack_shortlink":"https:\/\/wp.me\/phkM1X-1nT","jetpack-related-posts":[{"id":5675,"url":"https:\/\/www.kanenberg.com.br\/fatosfotoseregistros\/arvore-genealogica-de-christopher-reeve-super-homem\/","url_meta":{"origin":5325,"position":0},"title":"\u00c1rvore geneal\u00f3gica de Christopher Reeve (Super Homem)","author":"kanenberg","date":"11 de outubro de 2019","format":false,"excerpt":"Christopher D'Olier Reeve (Nova Iorque, 25 de setembro de 1952 - Mount Kisco, 10 de outubro de 2004) foi um ator, diretor, produtor e ativista norte-americano. Seu papel mais famoso foi como o Super-Homem, que ele interpretou numa s\u00e9rie de quatro filmes famosos, come\u00e7ando por Superman (1978).","rel":"","context":"Em &quot;Textos&quot;","block_context":{"text":"Textos","link":"https:\/\/www.kanenberg.com.br\/fatosfotoseregistros\/category\/textos\/"},"img":{"alt_text":"Christopher Reeve","src":"https:\/\/i0.wp.com\/www.kanenberg.com.br\/fatosfotoseregistros\/wp-content\/uploads\/2019\/10\/Christopher_Reeve_2.jpg?resize=350%2C200&ssl=1","width":350,"height":200,"srcset":"https:\/\/i0.wp.com\/www.kanenberg.com.br\/fatosfotoseregistros\/wp-content\/uploads\/2019\/10\/Christopher_Reeve_2.jpg?resize=350%2C200&ssl=1 1x, https:\/\/i0.wp.com\/www.kanenberg.com.br\/fatosfotoseregistros\/wp-content\/uploads\/2019\/10\/Christopher_Reeve_2.jpg?resize=525%2C300&ssl=1 1.5x"},"classes":[]},{"id":6173,"url":"https:\/\/www.kanenberg.com.br\/fatosfotoseregistros\/25-de-julho-dia-da-imigracao-alema\/","url_meta":{"origin":5325,"position":1},"title":"25 de julho: Dia da Imigra\u00e7\u00e3o Alem\u00e3","author":"kanenberg","date":"25 de julho de 2026","format":false,"excerpt":"O dia 25 de julho ocupa um lugar especial na hist\u00f3ria do Brasil. Nesta data, celebra-se o Dia da Imigra\u00e7\u00e3o Alem\u00e3, uma homenagem \u00e0 chegada dos primeiros imigrantes alem\u00e3es ao pa\u00eds, em 1824, quando desembarcaram na ent\u00e3o Col\u00f4nia de S\u00e3o Leopoldo, no Rio Grande do Sul. A partir daquele momento,\u2026","rel":"","context":"Em &quot;Textos&quot;","block_context":{"text":"Textos","link":"https:\/\/www.kanenberg.com.br\/fatosfotoseregistros\/category\/textos\/"},"img":{"alt_text":"25 de julho: Dia da Imigra\u00e7\u00e3o Alem\u00e3 O dia 25 de julho ocupa um lugar especial na hist\u00f3ria do Brasi","src":"https:\/\/i0.wp.com\/www.kanenberg.com.br\/fatosfotoseregistros\/wp-content\/uploads\/2026\/07\/ChatGPT-Image-25-de-jul.-de-2026-19_37_25.png?resize=350%2C200&ssl=1","width":350,"height":200,"srcset":"https:\/\/i0.wp.com\/www.kanenberg.com.br\/fatosfotoseregistros\/wp-content\/uploads\/2026\/07\/ChatGPT-Image-25-de-jul.-de-2026-19_37_25.png?resize=350%2C200&ssl=1 1x, https:\/\/i0.wp.com\/www.kanenberg.com.br\/fatosfotoseregistros\/wp-content\/uploads\/2026\/07\/ChatGPT-Image-25-de-jul.-de-2026-19_37_25.png?resize=525%2C300&ssl=1 1.5x, https:\/\/i0.wp.com\/www.kanenberg.com.br\/fatosfotoseregistros\/wp-content\/uploads\/2026\/07\/ChatGPT-Image-25-de-jul.-de-2026-19_37_25.png?resize=700%2C400&ssl=1 2x, https:\/\/i0.wp.com\/www.kanenberg.com.br\/fatosfotoseregistros\/wp-content\/uploads\/2026\/07\/ChatGPT-Image-25-de-jul.-de-2026-19_37_25.png?resize=1050%2C600&ssl=1 3x, https:\/\/i0.wp.com\/www.kanenberg.com.br\/fatosfotoseregistros\/wp-content\/uploads\/2026\/07\/ChatGPT-Image-25-de-jul.-de-2026-19_37_25.png?resize=1400%2C800&ssl=1 4x"},"classes":[]},{"id":6156,"url":"https:\/\/www.kanenberg.com.br\/fatosfotoseregistros\/reflexoes-sobre-imigracao-e-escravidao\/","url_meta":{"origin":5325,"position":2},"title":"Reflex\u00f5es sobre imigra\u00e7\u00e3o e escravid\u00e3o","author":"kanenberg","date":"22 de julho de 2026","format":false,"excerpt":"Em 1873, enquanto meus ancestrais da fam\u00edlia Kannenberg desembarcavam em Santa Catarina em busca de uma nova vida, o Brasil ainda convivia com uma realidade hoje dif\u00edcil de imaginar: jornais publicavam, entre an\u00fancios comuns, ofertas de compra e venda de pessoas escravizadas.","rel":"","context":"Em &quot;Textos&quot;","block_context":{"text":"Textos","link":"https:\/\/www.kanenberg.com.br\/fatosfotoseregistros\/category\/textos\/"},"img":{"alt_text":"Classificados de venda de escravos em jornais brasileiros","src":"https:\/\/i0.wp.com\/www.kanenberg.com.br\/fatosfotoseregistros\/wp-content\/uploads\/2026\/07\/751856487_28195148730088672_5707111800529737612_n-820x1024.jpg?resize=350%2C200&ssl=1","width":350,"height":200,"srcset":"https:\/\/i0.wp.com\/www.kanenberg.com.br\/fatosfotoseregistros\/wp-content\/uploads\/2026\/07\/751856487_28195148730088672_5707111800529737612_n-820x1024.jpg?resize=350%2C200&ssl=1 1x, https:\/\/i0.wp.com\/www.kanenberg.com.br\/fatosfotoseregistros\/wp-content\/uploads\/2026\/07\/751856487_28195148730088672_5707111800529737612_n-820x1024.jpg?resize=525%2C300&ssl=1 1.5x, https:\/\/i0.wp.com\/www.kanenberg.com.br\/fatosfotoseregistros\/wp-content\/uploads\/2026\/07\/751856487_28195148730088672_5707111800529737612_n-820x1024.jpg?resize=700%2C400&ssl=1 2x"},"classes":[]},{"id":4019,"url":"https:\/\/www.kanenberg.com.br\/fatosfotoseregistros\/museu-da-familia-colonial\/","url_meta":{"origin":5325,"position":3},"title":"Museu da Fam\u00edlia Colonial","author":"kanenberg","date":"3 de janeiro de 2017","format":false,"excerpt":"O Museu da Fam\u00edlia Colonial, situado na cidade de Blumenau, objetiva mostrar \u00e0s atuais gera\u00e7\u00f5es como vivia uma fam\u00edlia de classe m\u00e9dia alta nos primeiros anos da coloniza\u00e7\u00e3o da cidade.","rel":"","context":"Em &quot;Lugares&quot;","block_context":{"text":"Lugares","link":"https:\/\/www.kanenberg.com.br\/fatosfotoseregistros\/category\/lugares\/"},"img":{"alt_text":"","src":"https:\/\/i0.wp.com\/www.kanenberg.com.br\/fatosfotoseregistros\/wp-content\/uploads\/2017\/01\/img_20161228_140857451.jpg?resize=350%2C200&ssl=1","width":350,"height":200,"srcset":"https:\/\/i0.wp.com\/www.kanenberg.com.br\/fatosfotoseregistros\/wp-content\/uploads\/2017\/01\/img_20161228_140857451.jpg?resize=350%2C200&ssl=1 1x, https:\/\/i0.wp.com\/www.kanenberg.com.br\/fatosfotoseregistros\/wp-content\/uploads\/2017\/01\/img_20161228_140857451.jpg?resize=525%2C300&ssl=1 1.5x, https:\/\/i0.wp.com\/www.kanenberg.com.br\/fatosfotoseregistros\/wp-content\/uploads\/2017\/01\/img_20161228_140857451.jpg?resize=700%2C400&ssl=1 2x"},"classes":[]},{"id":4468,"url":"https:\/\/www.kanenberg.com.br\/fatosfotoseregistros\/ieclb-igreja-evangelica-de-confissao-luterana-no-brasil-pomerode-centro\/","url_meta":{"origin":5325,"position":4},"title":"IECLB &#8211; Igreja Evang\u00e9lica de Confiss\u00e3o Luterana no Brasil Pomerode Centro","author":"kanenberg","date":"27 de mar\u00e7o de 2017","format":false,"excerpt":"Esta \u00e9 a segunda igreja mais antiga da cidade de Pomerode (SC) da Comunidade Evang\u00e9lica de Confiss\u00e3o Luterana no Brasil.","rel":"","context":"Em &quot;Lugares&quot;","block_context":{"text":"Lugares","link":"https:\/\/www.kanenberg.com.br\/fatosfotoseregistros\/category\/lugares\/"},"img":{"alt_text":"","src":"https:\/\/i0.wp.com\/www.kanenberg.com.br\/fatosfotoseregistros\/wp-content\/uploads\/2017\/03\/ieclb4.jpg?resize=350%2C200&ssl=1","width":350,"height":200,"srcset":"https:\/\/i0.wp.com\/www.kanenberg.com.br\/fatosfotoseregistros\/wp-content\/uploads\/2017\/03\/ieclb4.jpg?resize=350%2C200&ssl=1 1x, https:\/\/i0.wp.com\/www.kanenberg.com.br\/fatosfotoseregistros\/wp-content\/uploads\/2017\/03\/ieclb4.jpg?resize=525%2C300&ssl=1 1.5x, https:\/\/i0.wp.com\/www.kanenberg.com.br\/fatosfotoseregistros\/wp-content\/uploads\/2017\/03\/ieclb4.jpg?resize=700%2C400&ssl=1 2x"},"classes":[]},{"id":456,"url":"https:\/\/www.kanenberg.com.br\/fatosfotoseregistros\/lenda-maria-gorda\/","url_meta":{"origin":5325,"position":5},"title":"Ilha de Paquet\u00e1: A lenda do baob\u00e1 &#8220;Maria Gorda&#8221;","author":"kanenberg","date":"8 de abril de 2016","format":false,"excerpt":"A \"Maria Gorda\" \u00e9 um baob\u00e1 \u2014 \u00e1rvore majestosa localizada na Praia dos Tamoios, bem pr\u00f3ximo \u00e0 esquina com a Ladeira do Vicente. Origin\u00e1ria das savanas africanas, a esp\u00e9cie tamb\u00e9m \u00e9 famosa por sua presen\u00e7a no asteroide B-612, da obra O Pequeno Pr\u00edncipe, de Antoine de Saint-Exup\u00e9ry.","rel":"","context":"Em &quot;Lugares&quot;","block_context":{"text":"Lugares","link":"https:\/\/www.kanenberg.com.br\/fatosfotoseregistros\/category\/lugares\/"},"img":{"alt_text":"sam_1815-01.jpeg","src":"https:\/\/fatosfotoseregistros.files.wordpress.com\/2016\/04\/sam_1815-01.jpeg?w=350&h=200&crop=1","width":350,"height":200},"classes":[]}],"jetpack_likes_enabled":true,"amp_enabled":true,"jetpack_featured_media_url":"https:\/\/www.kanenberg.com.br\/fatosfotoseregistros\/wp-content\/uploads\/2019\/02\/ilha_flores_00.jpg.jpg","_links":{"self":[{"href":"https:\/\/www.kanenberg.com.br\/fatosfotoseregistros\/wp-json\/wp\/v2\/posts\/5325","targetHints":{"allow":["GET"]}}],"collection":[{"href":"https:\/\/www.kanenberg.com.br\/fatosfotoseregistros\/wp-json\/wp\/v2\/posts"}],"about":[{"href":"https:\/\/www.kanenberg.com.br\/fatosfotoseregistros\/wp-json\/wp\/v2\/types\/post"}],"author":[{"embeddable":true,"href":"https:\/\/www.kanenberg.com.br\/fatosfotoseregistros\/wp-json\/wp\/v2\/users\/1"}],"replies":[{"embeddable":true,"href":"https:\/\/www.kanenberg.com.br\/fatosfotoseregistros\/wp-json\/wp\/v2\/comments?post=5325"}],"version-history":[{"count":19,"href":"https:\/\/www.kanenberg.com.br\/fatosfotoseregistros\/wp-json\/wp\/v2\/posts\/5325\/revisions"}],"predecessor-version":[{"id":6226,"href":"https:\/\/www.kanenberg.com.br\/fatosfotoseregistros\/wp-json\/wp\/v2\/posts\/5325\/revisions\/6226"}],"wp:featuredmedia":[{"embeddable":true,"href":"https:\/\/www.kanenberg.com.br\/fatosfotoseregistros\/wp-json\/wp\/v2\/media\/6225"}],"wp:attachment":[{"href":"https:\/\/www.kanenberg.com.br\/fatosfotoseregistros\/wp-json\/wp\/v2\/media?parent=5325"}],"wp:term":[{"taxonomy":"category","embeddable":true,"href":"https:\/\/www.kanenberg.com.br\/fatosfotoseregistros\/wp-json\/wp\/v2\/categories?post=5325"},{"taxonomy":"post_tag","embeddable":true,"href":"https:\/\/www.kanenberg.com.br\/fatosfotoseregistros\/wp-json\/wp\/v2\/tags?post=5325"}],"curies":[{"name":"wp","href":"https:\/\/api.w.org\/{rel}","templated":true}]}}