{"id":5305,"date":"2015-02-05T08:37:02","date_gmt":"2015-02-05T11:37:02","guid":{"rendered":"https:\/\/fatosfotoseregistros.wordpress.com\/?p=5"},"modified":"2015-02-05T08:37:02","modified_gmt":"2015-02-05T11:37:02","slug":"menino-de-3-anos-recorda-vida-passada-identifica-assassino-e-localiza-corpo-enterrado","status":"publish","type":"post","link":"https:\/\/www.kanenberg.com.br\/fatosfotoseregistros\/menino-de-3-anos-recorda-vida-passada-identifica-assassino-e-localiza-corpo-enterrado\/","title":{"rendered":"Menino de 3 anos recorda vida passada, identifica assassino e localiza corpo enterrado"},"content":{"rendered":"<p align=\"justify\">Um menino de 3 anos de idade, da regi\u00e3o das Colinas de Gol\u00e3, perto da fronteira entre a S\u00edria e Israel, afirma que foi assassinado com um machado em sua vida passada. Ele mostrou para os adultos de sua aldeia o local onde o assassino enterrou seu corpo, e incrivelmente, eles encontraram o esqueleto de um homem l\u00e1. Ele tamb\u00e9m indicou aos adultos onde a arma do crime estava, e atrav\u00e9s de escava\u00e7\u00f5es, eles encontraram um machado no local.<\/p>\n<p align=\"justify\">Em seu livro, &#8220;Children Who Have Lived Before: Reincarnation Today&#8221; (Crian\u00e7as que Viveram Antes: A Reencarna\u00e7\u00e3o Hoje), o terapeuta alem\u00e3o Trutz Hardo conta a hist\u00f3ria deste menino, junto com outras hist\u00f3rias de crian\u00e7as que aparentemente recordaram suas vidas passadas com precis\u00e3o verificada. A hist\u00f3ria do menino foi testemunhada pelo Dr. Eli Lasch, que \u00e9 conhecido por desenvolver um sistema m\u00e9dico de Gaza como parte de uma opera\u00e7\u00e3o do governo israelense na d\u00e9cada de 1960. O Dr. Lasch, que morreu em 2009, relatou a surpreendente hist\u00f3ria para o Sr. Hardo.<\/p>\n<p align=\"justify\">O menino pertence \u00e0 etnia drusa, e em sua cultura, a exist\u00eancia da reencarna\u00e7\u00e3o \u00e9 aceita como fato. Sua hist\u00f3ria, no entanto, teve o poder de surpreender sua comunidade.<\/p>\n<p align=\"justify\">Ele nasceu com uma longa e vermelha marca na cabe\u00e7a. Os drusos acreditam, assim como algumas outras culturas, que marcas de nascen\u00e7a est\u00e3o relacionadas com a morte em vidas passadas. Quando o menino tinha idade suficiente para falar, ele relatou \u00e0 sua fam\u00edlia que havia sido assassinado com um golpe de machado na cabe\u00e7a.<\/p>\n<p align=\"justify\">\u00c9 um costume os adultos levarem as crian\u00e7as, com 3 anos, para a casa de sua vida anterior, caso a crian\u00e7a recorde o local. O menino sabia em qual aldeia ele havia morado, deste modo eles foram at\u00e9 l\u00e1. Ao chegarem \u00e0 aldeia, o garoto lembrou qual era seu nome em sua vida passada.<\/p>\n<p align=\"justify\">Os moradores do vilarejo disseram que o homem que o menino afirmava ser a sua reencarna\u00e7\u00e3o tinha sido dado como desaparecido quatro anos antes. Os amigos e fam\u00edlia pensavam que ele poderia ter se perdido no territ\u00f3rio hostil das proximidades, como era costumeiro acontecer.<\/p>\n<p align=\"justify\">O menino tamb\u00e9m lembrou o nome completo do seu assassino. Quando confrontado com as alega\u00e7\u00f5es, o rosto do suposto assassino ficou branco, segundo Lasch, no entanto, ele n\u00e3o confessou o assassinato. O menino ent\u00e3o disse que poderia levar os adultos ao local onde o corpo foi enterrado. No local, eles encontraram o esqueleto de um homem que possu\u00eda um ferimento na cabe\u00e7a, que correspondia \u00e0 marca de nascen\u00e7a do garoto. Eles tamb\u00e9m encontraram o machado, a arma do crime.<\/p>\n<p align=\"justify\">Diante desta evid\u00eancia, o assassino admitiu o crime. Dr. Lasch, o \u00fanico n\u00e3o pertencente \u00e0 etnia druso, esteve presente ao longo de todo o processo.<\/p>\n<p align=\"justify\">Para conhecer mais hist\u00f3rias como esta, leia o trabalho do Sr. Hardo, &#8220;<a href=\"http:\/\/www.amazon.com\/exec\/obidos\/ASIN\/0852073526\/esolibris-20\" target=\"_blank\">Children Who Have Lived Before<\/a>&#8221; (As Crian\u00e7as que Viveram Antes).<\/p>\n<p align=\"justify\"><b>Fonte<\/b>: <a href=\"https:\/\/www.epochtimes.com.br\/menino-3-anos-recorda-vida-passada-identifica-assassino-localiza-corpo-enterrado\" target=\"_blank\">Epoch Times em Portugu\u00eas<\/a>.<\/p>\n","protected":false},"excerpt":{"rendered":"<p>Um menino de 3 anos de idade, da regi\u00e3o das Colinas de Gol\u00e3, perto da fronteira entre a S\u00edria e[&#8230;]<\/p>\n","protected":false},"author":1,"featured_media":0,"comment_status":"open","ping_status":"open","sticky":false,"template":"","format":"standard","meta":{"_exactmetrics_skip_tracking":false,"_jetpack_newsletter_access":"","_jetpack_dont_email_post_to_subs":false,"_jetpack_newsletter_tier_id":0,"_jetpack_memberships_contains_paywalled_content":false,"_jetpack_feature_clip_id":0,"_jetpack_memberships_contains_paid_content":false,"footnotes":"","jetpack_publicize_message":"","jetpack_publicize_feature_enabled":true,"jetpack_social_post_already_shared":false,"jetpack_social_options":{"image_generator_settings":{"template":"highway","default_image_id":0,"font":"","enabled":false},"version":2},"jetpack_post_was_ever_published":false},"categories":[265],"tags":[374],"class_list":["post-5305","post","type-post","status-publish","format-standard","hentry","category-textos","tag-alem-da-ciencia"],"jetpack_publicize_connections":[],"jetpack_sharing_enabled":true,"jetpack_shortlink":"https:\/\/wp.me\/phkM1X-1nz","jetpack-related-posts":[{"id":6327,"url":"https:\/\/www.kanenberg.com.br\/fatosfotoseregistros\/o-caso-taninha-e-a-fera-da-penha\/","url_meta":{"origin":5305,"position":0},"title":"O Caso Taninha e a &#8220;Fera da Penha&#8221;: Trag\u00e9dia, Devocion\u00e1rio e Cinema","author":"kanenberg","date":"25 de agosto de 2026","format":false,"excerpt":"Um t\u00famulo rosa no Cemit\u00e9rio de Inha\u00fama\u00a0carrega uma das hist\u00f3rias de crimes reais mais famosas, tr\u00e1gicas e intrigantes da cr\u00f4nica urbana do Rio de Janeiro do s\u00e9culo XX.","rel":"","context":"Em &quot;Lugares&quot;","block_context":{"text":"Lugares","link":"https:\/\/www.kanenberg.com.br\/fatosfotoseregistros\/category\/lugares\/"},"img":{"alt_text":"","src":"https:\/\/i0.wp.com\/www.kanenberg.com.br\/fatosfotoseregistros\/wp-content\/uploads\/2026\/08\/Taninha_3.jpg?resize=350%2C200&ssl=1","width":350,"height":200,"srcset":"https:\/\/i0.wp.com\/www.kanenberg.com.br\/fatosfotoseregistros\/wp-content\/uploads\/2026\/08\/Taninha_3.jpg?resize=350%2C200&ssl=1 1x, https:\/\/i0.wp.com\/www.kanenberg.com.br\/fatosfotoseregistros\/wp-content\/uploads\/2026\/08\/Taninha_3.jpg?resize=525%2C300&ssl=1 1.5x"},"classes":[]},{"id":6289,"url":"https:\/\/www.kanenberg.com.br\/fatosfotoseregistros\/luz-del-fuego-a-pioneira-do-naturismo-das-cobras-e-da-liberdade-no-rio-de-janeiro\/","url_meta":{"origin":5305,"position":1},"title":"Luz Del Fuego: A pioneira do naturismo, das cobras e da liberdade no Rio de Janeiro","author":"kanenberg","date":"13 de agosto de 2026","format":false,"excerpt":"Se voc\u00ea caminhar pela hist\u00f3ria cultural do Rio de Janeiro em meados do s\u00e9culo XX, encontrar\u00e1 figuras fascinantes, mas poucas foram t\u00e3o ousadas, vision\u00e1rias e pol\u00eamicas quanto Luz Del Fuego. Artista, bailarina, ativista e pioneira do naturismo no Brasil, ela desafiou a moral conservadora de sua \u00e9poca e transformou uma\u2026","rel":"","context":"Em &quot;Lugares&quot;","block_context":{"text":"Lugares","link":"https:\/\/www.kanenberg.com.br\/fatosfotoseregistros\/category\/lugares\/"},"img":{"alt_text":"Luz Del Fuego e suas famosas cobras. Fonte: Wikip\u00e9dia \/ Luz del Fuego \u2013 Wikip\u00e9dia, a enciclop\u00e9dia livre","src":"https:\/\/i0.wp.com\/www.kanenberg.com.br\/fatosfotoseregistros\/wp-content\/uploads\/2026\/08\/Luz-Del-Fuego.jpg?resize=350%2C200&ssl=1","width":350,"height":200},"classes":[]},{"id":5424,"url":"https:\/\/www.kanenberg.com.br\/fatosfotoseregistros\/a-origem-dos-aniversarios\/","url_meta":{"origin":5305,"position":2},"title":"A origem dos anivers\u00e1rios","author":"kanenberg","date":"27 de fevereiro de 2019","format":false,"excerpt":"Como todos os dias se celebram milhares de anivers\u00e1rios no mundo, \u00e9 interessante saber qual a origem deste costume.","rel":"","context":"Em &quot;Textos&quot;","block_context":{"text":"Textos","link":"https:\/\/www.kanenberg.com.br\/fatosfotoseregistros\/category\/textos\/"},"img":{"alt_text":"anivers\u00e1rio","src":"https:\/\/i0.wp.com\/www.kanenberg.com.br\/fatosfotoseregistros\/wp-content\/uploads\/2019\/02\/aniversario-300x169.jpg?resize=350%2C200&ssl=1","width":350,"height":200},"classes":[]},{"id":6115,"url":"https:\/\/www.kanenberg.com.br\/fatosfotoseregistros\/jaiminho-o-papagaio-de-pirata-carioca\/","url_meta":{"origin":5305,"position":3},"title":"Jaiminho: O Papagaio de Pirata Carioca","author":"kanenberg","date":"13 de julho de 2026","format":false,"excerpt":"O Rio de Janeiro \u00e9 famoso por seus personagens folcl\u00f3ricos, e Jaime Dias Sabino, o popular Jaiminho, certamente ocupa um lugar de destaque nessa galeria urbana. Conhecido nacionalmente como o maior \"papagaio de pirata\" (termo usado para quem faz de tudo para aparecer atr\u00e1s de entrevistados ou rep\u00f3rteres) da televis\u00e3o\u2026","rel":"","context":"Em &quot;Personalidades&quot;","block_context":{"text":"Personalidades","link":"https:\/\/www.kanenberg.com.br\/fatosfotoseregistros\/category\/personalidades\/"},"img":{"alt_text":"Jaiminho","src":"https:\/\/i0.wp.com\/www.kanenberg.com.br\/fatosfotoseregistros\/wp-content\/uploads\/2026\/07\/jaiminho.jpg?resize=350%2C200&ssl=1","width":350,"height":200},"classes":[]},{"id":507,"url":"https:\/\/www.kanenberg.com.br\/fatosfotoseregistros\/jose-datrino\/","url_meta":{"origin":5305,"position":4},"title":"Voc\u00ea sabe quem foi Jos\u00e9 Datrino?","author":"kanenberg","date":"14 de abril de 2016","format":false,"excerpt":"Talvez muitos v\u00e3o se lembrar da express\u00e3o Gentileza gera Gentileza, ou ainda v\u00e3o se lembrar das 56 inscri\u00e7\u00f5es ou prov\u00e9rbios nas pilastras do Viaduto do Gas\u00f4metro, no Rio de Janeiro, que v\u00e3o do Cemit\u00e9rio do Caj\u00fa at\u00e9 a Rodovi\u00e1ria Novo Rio.","rel":"","context":"Em &quot;Textos&quot;","block_context":{"text":"Textos","link":"https:\/\/www.kanenberg.com.br\/fatosfotoseregistros\/category\/textos\/"},"img":{"alt_text":"datrino1","src":"https:\/\/i0.wp.com\/fatosfotoseregistros.kanenberg.com.br\/wp-content\/uploads\/2016\/04\/datrino1.jpg?resize=350%2C200&ssl=1","width":350,"height":200},"classes":[]},{"id":2,"url":"https:\/\/www.kanenberg.com.br\/fatosfotoseregistros\/as-cinco-grandes-licoes\/","url_meta":{"origin":5305,"position":5},"title":"As cinco grandes li\u00e7\u00f5es","author":"kanenberg","date":"31 de janeiro de 2015","format":false,"excerpt":"Cinco grandes li\u00e7\u00f5es para refletirmos mais em nossas vidas","rel":"","context":"Em &quot;Textos&quot;","block_context":{"text":"Textos","link":"https:\/\/www.kanenberg.com.br\/fatosfotoseregistros\/category\/textos\/"},"img":{"alt_text":"","src":"","width":0,"height":0},"classes":[]}],"jetpack_likes_enabled":true,"amp_enabled":true,"jetpack_featured_media_url":"","_links":{"self":[{"href":"https:\/\/www.kanenberg.com.br\/fatosfotoseregistros\/wp-json\/wp\/v2\/posts\/5305","targetHints":{"allow":["GET"]}}],"collection":[{"href":"https:\/\/www.kanenberg.com.br\/fatosfotoseregistros\/wp-json\/wp\/v2\/posts"}],"about":[{"href":"https:\/\/www.kanenberg.com.br\/fatosfotoseregistros\/wp-json\/wp\/v2\/types\/post"}],"author":[{"embeddable":true,"href":"https:\/\/www.kanenberg.com.br\/fatosfotoseregistros\/wp-json\/wp\/v2\/users\/1"}],"replies":[{"embeddable":true,"href":"https:\/\/www.kanenberg.com.br\/fatosfotoseregistros\/wp-json\/wp\/v2\/comments?post=5305"}],"version-history":[{"count":0,"href":"https:\/\/www.kanenberg.com.br\/fatosfotoseregistros\/wp-json\/wp\/v2\/posts\/5305\/revisions"}],"wp:attachment":[{"href":"https:\/\/www.kanenberg.com.br\/fatosfotoseregistros\/wp-json\/wp\/v2\/media?parent=5305"}],"wp:term":[{"taxonomy":"category","embeddable":true,"href":"https:\/\/www.kanenberg.com.br\/fatosfotoseregistros\/wp-json\/wp\/v2\/categories?post=5305"},{"taxonomy":"post_tag","embeddable":true,"href":"https:\/\/www.kanenberg.com.br\/fatosfotoseregistros\/wp-json\/wp\/v2\/tags?post=5305"}],"curies":[{"name":"wp","href":"https:\/\/api.w.org\/{rel}","templated":true}]}}