{"id":5275,"date":"2026-09-06T10:45:48","date_gmt":"2026-09-06T13:45:48","guid":{"rendered":"https:\/\/fatosfotoseregistros.wordpress.com\/?p=4"},"modified":"2026-09-06T10:45:48","modified_gmt":"2026-09-06T13:45:48","slug":"florianopolis-em-1976","status":"publish","type":"post","link":"https:\/\/www.kanenberg.com.br\/fatosfotoseregistros\/florianopolis-em-1976\/","title":{"rendered":"Florian\u00f3polis em 1976: Um Retrato Hist\u00f3rico da Capital Catarinense"},"content":{"rendered":"<p style=\"text-align: justify;\">O registro em v\u00eddeo resgata imagens da Ilha de Santa Catarina gravadas em <b data-path-to-node=\"3\" data-index-in-node=\"74\">1976<\/b>, per\u00edodo em que Florian\u00f3polis contava com cerca de <b data-path-to-node=\"3\" data-index-in-node=\"130\">170 mil habitantes<\/b> espalhados por seus 450 km\u00b2 de \u00e1rea territorial. As filmagens capturam a transi\u00e7\u00e3o entre a tradi\u00e7\u00e3o a\u00e7oriana e a moderniza\u00e7\u00e3o urbana da capital catarinense durante meados da d\u00e9cada de 1970.<\/p>\n<figure id=\"attachment_6392\" aria-describedby=\"caption-attachment-6392\" style=\"width: 1111px\" class=\"wp-caption aligncenter\"><img loading=\"lazy\" decoding=\"async\" data-attachment-id=\"6392\" data-permalink=\"https:\/\/www.kanenberg.com.br\/fatosfotoseregistros\/florianopolis-em-1976\/ponte_hercilio_luz_1970\/\" data-orig-file=\"https:\/\/www.kanenberg.com.br\/fatosfotoseregistros\/wp-content\/uploads\/2026\/09\/Ponte_Hercilio_Luz_1970.jpg\" data-orig-size=\"1111,1034\" data-comments-opened=\"1\" data-image-meta=\"{&quot;aperture&quot;:&quot;0&quot;,&quot;credit&quot;:&quot;&quot;,&quot;camera&quot;:&quot;&quot;,&quot;caption&quot;:&quot;&quot;,&quot;created_timestamp&quot;:&quot;0&quot;,&quot;copyright&quot;:&quot;&quot;,&quot;focal_length&quot;:&quot;0&quot;,&quot;iso&quot;:&quot;0&quot;,&quot;shutter_speed&quot;:&quot;0&quot;,&quot;title&quot;:&quot;&quot;,&quot;orientation&quot;:&quot;0&quot;,&quot;alt&quot;:&quot;&quot;}\" data-image-title=\"Ponte_Hercilio_Luz_1970\" data-image-description=\"&lt;p&gt;onte Herc\u00edlio Luz, d\u00e9cada de 70. Vista do lado continental, ao fundo a Ilha de Santa Catarina.&lt;\/p&gt;\n\" data-image-caption=\"&lt;p&gt;onte Herc\u00edlio Luz, d\u00e9cada de 70. Vista do lado continental, ao fundo a Ilha de Santa Catarina. Fonte: Jornal do Mercado P\u00fablico de Florian\u00f3polis (Facebook)&lt;\/p&gt;\n\" data-large-file=\"https:\/\/www.kanenberg.com.br\/fatosfotoseregistros\/wp-content\/uploads\/2026\/09\/Ponte_Hercilio_Luz_1970-1024x953.jpg\" class=\"size-full wp-image-6392\" src=\"https:\/\/www.kanenberg.com.br\/fatosfotoseregistros\/wp-content\/uploads\/2026\/09\/Ponte_Hercilio_Luz_1970.jpg\" alt=\"Ponte Herc\u00edlio Luz, d\u00e9cada de 70. Vista do lado continental, ao fundo a Ilha de Santa Catarina.\" width=\"1111\" height=\"1034\" srcset=\"https:\/\/www.kanenberg.com.br\/fatosfotoseregistros\/wp-content\/uploads\/2026\/09\/Ponte_Hercilio_Luz_1970.jpg 1111w, https:\/\/www.kanenberg.com.br\/fatosfotoseregistros\/wp-content\/uploads\/2026\/09\/Ponte_Hercilio_Luz_1970-300x279.jpg 300w, https:\/\/www.kanenberg.com.br\/fatosfotoseregistros\/wp-content\/uploads\/2026\/09\/Ponte_Hercilio_Luz_1970-1024x953.jpg 1024w, https:\/\/www.kanenberg.com.br\/fatosfotoseregistros\/wp-content\/uploads\/2026\/09\/Ponte_Hercilio_Luz_1970-768x715.jpg 768w\" sizes=\"auto, (max-width: 1111px) 100vw, 1111px\" \/><figcaption id=\"caption-attachment-6392\" class=\"wp-caption-text\">Ponte Herc\u00edlio Luz, d\u00e9cada de 70. Vista do lado continental, ao fundo a Ilha de Santa Catarina. Fonte: <a href=\"https:\/\/web.facebook.com\/jornaldomercadopublicodeflorianopolis\/posts\/pfbid02oFV7t6M7RDeK8nckNwGR2yBns2wom3mUCb2jU6Wzvi2PFAC7XvTvkTF6gnXhLpJEl\" target=\"_blank\" rel=\"noopener\">Jornal do Mercado P\u00fablico de Florian\u00f3polis<\/a> (Facebook)<\/figcaption><\/figure>\n<h2>Destaques Hist\u00f3ricos e Transforma\u00e7\u00f5es Urbanas<\/h2>\n<ul>\n<li>\n<p style=\"text-align: justify;\"><b>A Segunda Ponte (Ponte Colombo Salles):<\/b> O v\u00eddeo destaca a presen\u00e7a de duas pontes conectando a Ilha ao Continente. A Ponte Colombo Salles fora inaugurada recentemente (em 1975), aliviando o tr\u00e1fego da hist\u00f3rica Ponte Herc\u00edlio Luz e permitindo a expans\u00e3o do fluxo rodovi\u00e1rio e do turismo.<\/p>\n<\/li>\n<li>\n<p style=\"text-align: justify;\"><b>Consolida\u00e7\u00e3o do Turismo e Acesso pela BR-101:<\/b> O material registra como o crescimento urbano e o interesse tur\u00edstico se intensificaram ap\u00f3s o fortalecimento do acesso rodovi\u00e1rio via BR-101 e a cria\u00e7\u00e3o da Universidade Federal de Santa Catarina (UFSC) nos anos anteriores.<\/p>\n<\/li>\n<li>\n<p style=\"text-align: justify;\"><b>Patrim\u00f4nio Arquitet\u00f4nico e Cultural:<\/b> Entre os cen\u00e1rios exibidos est\u00e3o o Mercado P\u00fablico, a Catedral Metropolitana com a escultura tirolesa <i>&#8220;Fuga para o Egito&#8221;<\/i>, o Pal\u00e1cio Cruz e Sousa (Pal\u00e1cio do Governo), o Forte de Santana e o Museu do Homem do Sambaqui.<\/p>\n<\/li>\n<\/ul>\n<h2>Tradi\u00e7\u00e3o e Cotidiano na D\u00e9cada de 1970<\/h2>\n<ul>\n<li>\n<p style=\"text-align: justify;\"><b>Artesanato e Renda de Bilro:<\/b> A preserva\u00e7\u00e3o do conhecimento a\u00e7oriano se evidencia nas imagens das rendeiras e no artesanato de barro colorido espalhado pela cidade.<\/p>\n<\/li>\n<li>\n<p style=\"text-align: justify;\"><b>Praias e Surf:<\/b> Praias como Joaquina e Arma\u00e7\u00e3o despontavam como pontos tur\u00edsticos e de lazer, com a Joaquina j\u00e1 se consolidando como o polo da pr\u00e1tica de surf e encontro da juventude na \u00e9poca.<\/p>\n<\/li>\n<li>\n<p style=\"text-align: justify;\"><b>Manifesta\u00e7\u00f5es Folcl\u00f3ricas:<\/b> O v\u00eddeo traz registros de celebra\u00e7\u00f5es tradicionais como o Boi de Mam\u00e3o e o Terno de Reis, mantidos vivos nas comunidades da Ilha.<\/p>\n<\/li>\n<\/ul>\n<p><span class=\"embed-youtube\" style=\"text-align:center; display: block;\"><iframe loading=\"lazy\" class=\"youtube-player\" width=\"840\" height=\"473\" src=\"https:\/\/www.youtube.com\/embed\/72EHiZ9Yuys?version=3&#038;rel=1&#038;showsearch=0&#038;showinfo=1&#038;iv_load_policy=1&#038;fs=1&#038;hl=pt-BR&#038;autohide=2&#038;wmode=transparent\" allowfullscreen=\"true\" style=\"border:0;\" sandbox=\"allow-scripts allow-same-origin allow-popups allow-presentation allow-popups-to-escape-sandbox\"><\/iframe><\/span><\/p>\n","protected":false},"excerpt":{"rendered":"<p>O registro em v\u00eddeo resgata imagens da Ilha de Santa Catarina gravadas em 1976, per\u00edodo em que Florian\u00f3polis contava com cerca de 170 mil habitantes espalhados por seus 450 km\u00b2 de \u00e1rea territorial. As filmagens capturam a transi\u00e7\u00e3o entre a tradi\u00e7\u00e3o a\u00e7oriana e a moderniza\u00e7\u00e3o urbana da capital catarinense durante meados da d\u00e9cada de 1970.<\/p>\n","protected":false},"author":1,"featured_media":0,"comment_status":"open","ping_status":"open","sticky":false,"template":"","format":"standard","meta":{"_exactmetrics_skip_tracking":false,"_jetpack_newsletter_access":"","_jetpack_dont_email_post_to_subs":false,"_jetpack_newsletter_tier_id":0,"_jetpack_memberships_contains_paywalled_content":false,"_jetpack_feature_clip_id":0,"_jetpack_memberships_contains_paid_content":false,"footnotes":"","jetpack_publicize_message":"","jetpack_publicize_feature_enabled":true,"jetpack_social_post_already_shared":true,"jetpack_social_options":{"image_generator_settings":{"template":"highway","default_image_id":0,"font":"","enabled":false},"version":2},"jetpack_post_was_ever_published":false},"categories":[282,278],"tags":[453,406,301],"class_list":["post-5275","post","type-post","status-publish","format-standard","hentry","category-lugares","category-video","tag-florianopolis","tag-pontes","tag-santa-catarina"],"jetpack_publicize_connections":[],"jetpack_sharing_enabled":true,"jetpack_shortlink":"https:\/\/wp.me\/phkM1X-1n5","jetpack-related-posts":[{"id":6073,"url":"https:\/\/www.kanenberg.com.br\/fatosfotoseregistros\/a-senhora-centenaria-de-santa-catarina\/","url_meta":{"origin":5275,"position":0},"title":"A senhora centen\u00e1ria de Santa Catarina","author":"kanenberg","date":"13 de maio de 2026","format":false,"excerpt":"A Ponte Herc\u00edlio Luz chega aos seus 100 anos como muito mais do que uma liga\u00e7\u00e3o entre a Ilha de Santa Catarina e o continente. Ela se tornou um s\u00edmbolo. Um marco do tempo. Um elo entre gera\u00e7\u00f5es de catarinenses que cresceram olhando para sua impon\u00eancia recortando o c\u00e9u de\u2026","rel":"","context":"Em &quot;Lugares&quot;","block_context":{"text":"Lugares","link":"https:\/\/www.kanenberg.com.br\/fatosfotoseregistros\/category\/lugares\/"},"img":{"alt_text":"Ponte Herc\u00edlio Luz 100 anos","src":"https:\/\/i0.wp.com\/www.kanenberg.com.br\/fatosfotoseregistros\/wp-content\/uploads\/2026\/05\/Gemini_Generated_Image_r1dobr1dobr1dobr.png?resize=350%2C200&ssl=1","width":350,"height":200,"srcset":"https:\/\/i0.wp.com\/www.kanenberg.com.br\/fatosfotoseregistros\/wp-content\/uploads\/2026\/05\/Gemini_Generated_Image_r1dobr1dobr1dobr.png?resize=350%2C200&ssl=1 1x, https:\/\/i0.wp.com\/www.kanenberg.com.br\/fatosfotoseregistros\/wp-content\/uploads\/2026\/05\/Gemini_Generated_Image_r1dobr1dobr1dobr.png?resize=525%2C300&ssl=1 1.5x, https:\/\/i0.wp.com\/www.kanenberg.com.br\/fatosfotoseregistros\/wp-content\/uploads\/2026\/05\/Gemini_Generated_Image_r1dobr1dobr1dobr.png?resize=700%2C400&ssl=1 2x, https:\/\/i0.wp.com\/www.kanenberg.com.br\/fatosfotoseregistros\/wp-content\/uploads\/2026\/05\/Gemini_Generated_Image_r1dobr1dobr1dobr.png?resize=1050%2C600&ssl=1 3x"},"classes":[]},{"id":1077,"url":"https:\/\/www.kanenberg.com.br\/fatosfotoseregistros\/fortaleza-de-sao-jose-da-ponta-grossa\/","url_meta":{"origin":5275,"position":1},"title":"Fortaleza de S\u00e3o Jos\u00e9 da Ponta Grossa","author":"kanenberg","date":"7 de junho de 2016","format":false,"excerpt":"Est\u00e1 localizada ao norte da Ilha de Santa Catarina, entre as Praias do Forte e de Jurer\u00ea, em Florian\u00f3polis, no Estado de Santa Catarina. A constru\u00e7\u00e3o austera e imponente caracteriza-se pela riqueza da sua arquitetura, apresentando tra\u00e7os de influ\u00eancia renascentista.","rel":"","context":"Em &quot;Imagem&quot;","block_context":{"text":"Imagem","link":"https:\/\/www.kanenberg.com.br\/fatosfotoseregistros\/category\/imagem\/"},"img":{"alt_text":"pub_ponta_grossa_01","src":"https:\/\/fatosfotoseregistros.files.wordpress.com\/2016\/06\/pub_ponta_grossa_01.jpg?w=350&h=200&crop=1","width":350,"height":200,"srcset":"https:\/\/fatosfotoseregistros.files.wordpress.com\/2016\/06\/pub_ponta_grossa_01.jpg?w=350&h=200&crop=1 1x, https:\/\/fatosfotoseregistros.files.wordpress.com\/2016\/06\/pub_ponta_grossa_01.jpg?w=525&h=300&crop=1 1.5x"},"classes":[]},{"id":3807,"url":"https:\/\/www.kanenberg.com.br\/fatosfotoseregistros\/barra-velha\/","url_meta":{"origin":5275,"position":2},"title":"Descubra os encantos de Barra Velha","author":"kanenberg","date":"29 de outubro de 2016","format":false,"excerpt":"Barra Velha - Cidade no litoral Norte Catarinense. Primeira pessoa vista pela BR-101 no sentido norte\/sul do estado...","rel":"","context":"Em &quot;Lugares&quot;","block_context":{"text":"Lugares","link":"https:\/\/www.kanenberg.com.br\/fatosfotoseregistros\/category\/lugares\/"},"img":{"alt_text":"","src":"https:\/\/fatosfotoseregistros.files.wordpress.com\/2016\/10\/wp-image-2074729432jpg.jpg?w=350&h=200&crop=1","width":350,"height":200,"srcset":"https:\/\/fatosfotoseregistros.files.wordpress.com\/2016\/10\/wp-image-2074729432jpg.jpg?w=350&h=200&crop=1 1x, https:\/\/fatosfotoseregistros.files.wordpress.com\/2016\/10\/wp-image-2074729432jpg.jpg?w=525&h=300&crop=1 1.5x"},"classes":[]},{"id":4071,"url":"https:\/\/www.kanenberg.com.br\/fatosfotoseregistros\/cemiterio-de-gatos\/","url_meta":{"origin":5275,"position":3},"title":"O curioso Cemit\u00e9rio dos Gatos de Blumenau","author":"kanenberg","date":"25 de janeiro de 2017","format":false,"excerpt":"Existem cemit\u00e9rios que chamam a aten\u00e7\u00e3o n\u00e3o apenas por sua hist\u00f3ria, mas tamb\u00e9m pela singularidade de sua exist\u00eancia. Ao redor do mundo h\u00e1 exemplos dedicados a animais, como o conhecido Cemit\u00e9rio de P\u00e1ssaros da Ilha de Paquet\u00e1, no Rio de Janeiro. Em Blumenau, Santa Catarina, um dos locais mais curiosos\u2026","rel":"","context":"Em &quot;Imagem&quot;","block_context":{"text":"Imagem","link":"https:\/\/www.kanenberg.com.br\/fatosfotoseregistros\/category\/imagem\/"},"img":{"alt_text":"img_20161228_150137441_hdr-01.jpeg","src":"https:\/\/fatosfotoseregistros.files.wordpress.com\/2017\/01\/img_20161228_150137441_hdr-01.jpeg?w=350&h=200&crop=1","width":350,"height":200,"srcset":"https:\/\/fatosfotoseregistros.files.wordpress.com\/2017\/01\/img_20161228_150137441_hdr-01.jpeg?w=350&h=200&crop=1 1x, https:\/\/fatosfotoseregistros.files.wordpress.com\/2017\/01\/img_20161228_150137441_hdr-01.jpeg?w=525&h=300&crop=1 1.5x, https:\/\/fatosfotoseregistros.files.wordpress.com\/2017\/01\/img_20161228_150137441_hdr-01.jpeg?w=700&h=400&crop=1 2x, https:\/\/fatosfotoseregistros.files.wordpress.com\/2017\/01\/img_20161228_150137441_hdr-01.jpeg?w=1050&h=600&crop=1 3x, https:\/\/fatosfotoseregistros.files.wordpress.com\/2017\/01\/img_20161228_150137441_hdr-01.jpeg?w=1400&h=800&crop=1 4x"},"classes":[]},{"id":6111,"url":"https:\/\/www.kanenberg.com.br\/fatosfotoseregistros\/minancora-uma-pequena-lata-que-atravessou-geracoes\/","url_meta":{"origin":5275,"position":4},"title":"Min\u00e2ncora: uma pequena lata que atravessou gera\u00e7\u00f5es","author":"kanenberg","date":"11 de julho de 2026","format":false,"excerpt":"A embalagem mudou. A comunica\u00e7\u00e3o mudou. O p\u00fablico mudou. O mundo mudou. Mas a f\u00f3rmula continua essencialmente a mesma desde 1915.","rel":"","context":"Em &quot;Textos&quot;","block_context":{"text":"Textos","link":"https:\/\/www.kanenberg.com.br\/fatosfotoseregistros\/category\/textos\/"},"img":{"alt_text":"Min\u00e2ncora","src":"https:\/\/i0.wp.com\/www.kanenberg.com.br\/fatosfotoseregistros\/wp-content\/uploads\/2026\/07\/23937204-968x1024.jpg?resize=350%2C200&ssl=1","width":350,"height":200,"srcset":"https:\/\/i0.wp.com\/www.kanenberg.com.br\/fatosfotoseregistros\/wp-content\/uploads\/2026\/07\/23937204-968x1024.jpg?resize=350%2C200&ssl=1 1x, https:\/\/i0.wp.com\/www.kanenberg.com.br\/fatosfotoseregistros\/wp-content\/uploads\/2026\/07\/23937204-968x1024.jpg?resize=525%2C300&ssl=1 1.5x, https:\/\/i0.wp.com\/www.kanenberg.com.br\/fatosfotoseregistros\/wp-content\/uploads\/2026\/07\/23937204-968x1024.jpg?resize=700%2C400&ssl=1 2x"},"classes":[]},{"id":4468,"url":"https:\/\/www.kanenberg.com.br\/fatosfotoseregistros\/ieclb-igreja-evangelica-de-confissao-luterana-no-brasil-pomerode-centro\/","url_meta":{"origin":5275,"position":5},"title":"IECLB &#8211; Igreja Evang\u00e9lica de Confiss\u00e3o Luterana no Brasil Pomerode Centro","author":"kanenberg","date":"27 de mar\u00e7o de 2017","format":false,"excerpt":"Esta \u00e9 a segunda igreja mais antiga da cidade de Pomerode (SC) da Comunidade Evang\u00e9lica de Confiss\u00e3o Luterana no Brasil.","rel":"","context":"Em &quot;Lugares&quot;","block_context":{"text":"Lugares","link":"https:\/\/www.kanenberg.com.br\/fatosfotoseregistros\/category\/lugares\/"},"img":{"alt_text":"","src":"https:\/\/i0.wp.com\/www.kanenberg.com.br\/fatosfotoseregistros\/wp-content\/uploads\/2017\/03\/ieclb4.jpg?resize=350%2C200&ssl=1","width":350,"height":200,"srcset":"https:\/\/i0.wp.com\/www.kanenberg.com.br\/fatosfotoseregistros\/wp-content\/uploads\/2017\/03\/ieclb4.jpg?resize=350%2C200&ssl=1 1x, https:\/\/i0.wp.com\/www.kanenberg.com.br\/fatosfotoseregistros\/wp-content\/uploads\/2017\/03\/ieclb4.jpg?resize=525%2C300&ssl=1 1.5x, https:\/\/i0.wp.com\/www.kanenberg.com.br\/fatosfotoseregistros\/wp-content\/uploads\/2017\/03\/ieclb4.jpg?resize=700%2C400&ssl=1 2x"},"classes":[]}],"jetpack_likes_enabled":true,"amp_enabled":true,"jetpack_featured_media_url":"","_links":{"self":[{"href":"https:\/\/www.kanenberg.com.br\/fatosfotoseregistros\/wp-json\/wp\/v2\/posts\/5275","targetHints":{"allow":["GET"]}}],"collection":[{"href":"https:\/\/www.kanenberg.com.br\/fatosfotoseregistros\/wp-json\/wp\/v2\/posts"}],"about":[{"href":"https:\/\/www.kanenberg.com.br\/fatosfotoseregistros\/wp-json\/wp\/v2\/types\/post"}],"author":[{"embeddable":true,"href":"https:\/\/www.kanenberg.com.br\/fatosfotoseregistros\/wp-json\/wp\/v2\/users\/1"}],"replies":[{"embeddable":true,"href":"https:\/\/www.kanenberg.com.br\/fatosfotoseregistros\/wp-json\/wp\/v2\/comments?post=5275"}],"version-history":[{"count":2,"href":"https:\/\/www.kanenberg.com.br\/fatosfotoseregistros\/wp-json\/wp\/v2\/posts\/5275\/revisions"}],"predecessor-version":[{"id":6393,"href":"https:\/\/www.kanenberg.com.br\/fatosfotoseregistros\/wp-json\/wp\/v2\/posts\/5275\/revisions\/6393"}],"wp:attachment":[{"href":"https:\/\/www.kanenberg.com.br\/fatosfotoseregistros\/wp-json\/wp\/v2\/media?parent=5275"}],"wp:term":[{"taxonomy":"category","embeddable":true,"href":"https:\/\/www.kanenberg.com.br\/fatosfotoseregistros\/wp-json\/wp\/v2\/categories?post=5275"},{"taxonomy":"post_tag","embeddable":true,"href":"https:\/\/www.kanenberg.com.br\/fatosfotoseregistros\/wp-json\/wp\/v2\/tags?post=5275"}],"curies":[{"name":"wp","href":"https:\/\/api.w.org\/{rel}","templated":true}]}}