{"id":525,"date":"2016-04-20T12:18:41","date_gmt":"2016-04-20T15:18:41","guid":{"rendered":"https:\/\/fatosfotoseregistros.wordpress.com\/?p=525"},"modified":"2026-08-09T12:32:44","modified_gmt":"2026-08-09T15:32:44","slug":"a-procura-da-felicidade","status":"publish","type":"post","link":"https:\/\/www.kanenberg.com.br\/fatosfotoseregistros\/a-procura-da-felicidade\/","title":{"rendered":"\u00c0 Procura da Felicidade"},"content":{"rendered":"<p align=\"justify\">Eis um excelente filme, muito bom, ali\u00e1s um dos melhores dramas que j\u00e1 assisti. Vale a pena assistir.<\/p>\n<p align=\"justify\">Com certeza \u00e9 o tipo de filme que v\u00e1 fazer voc\u00ea se emocionar e pensar sobre a sua vida! Nunca pense que as coisas est\u00e3o ruins para voc\u00ea, pois poderiam estar piores!<\/p>\n<p><img loading=\"lazy\" decoding=\"async\" data-attachment-id=\"534\" data-permalink=\"https:\/\/www.kanenberg.com.br\/fatosfotoseregistros\/a-procura-da-felicidade\/aprocuradafelicidade2\/\" data-orig-file=\"https:\/\/www.kanenberg.com.br\/fatosfotoseregistros\/wp-content\/uploads\/2016\/04\/aprocuradafelicidade2.jpg\" data-orig-size=\"505,260\" data-comments-opened=\"1\" data-image-meta=\"{&quot;aperture&quot;:&quot;0&quot;,&quot;credit&quot;:&quot;&quot;,&quot;camera&quot;:&quot;&quot;,&quot;caption&quot;:&quot;&quot;,&quot;created_timestamp&quot;:&quot;0&quot;,&quot;copyright&quot;:&quot;&quot;,&quot;focal_length&quot;:&quot;0&quot;,&quot;iso&quot;:&quot;0&quot;,&quot;shutter_speed&quot;:&quot;0&quot;,&quot;title&quot;:&quot;&quot;,&quot;orientation&quot;:&quot;0&quot;}\" data-image-title=\"aprocuradafelicidade2\" data-image-description=\"\" data-image-caption=\"\" data-large-file=\"https:\/\/www.kanenberg.com.br\/fatosfotoseregistros\/wp-content\/uploads\/2016\/04\/aprocuradafelicidade2.jpg\" class=\"aligncenter wp-image-534 size-full\" src=\"https:\/\/www.kanenberg.com.br\/fatosfotoseregistros\/wp-content\/uploads\/2016\/04\/aprocuradafelicidade2.jpg\" alt=\"aprocuradafelicidade2\" width=\"505\" height=\"260\" srcset=\"https:\/\/www.kanenberg.com.br\/fatosfotoseregistros\/wp-content\/uploads\/2016\/04\/aprocuradafelicidade2.jpg 505w, https:\/\/www.kanenberg.com.br\/fatosfotoseregistros\/wp-content\/uploads\/2016\/04\/aprocuradafelicidade2-300x154.jpg 300w\" sizes=\"auto, (max-width: 505px) 100vw, 505px\" \/><\/p>\n<p><strong>Sinopse do filme:<\/strong><\/p>\n<p align=\"justify\">Will Smith estrela esta hist\u00f3ria inspirada em fatos reais sobre Chris Gardner, um vendedor de S\u00e3o Francisco que vive no limite da linha da pobreza. Quando sua mulher Linda (Thandie Newton) o abandona, Chris deve criar sozinho o filho deles de 5 anos, Christopher (Jaden Smith). A determina\u00e7\u00e3o de Chris finalmente surte efeito quando ele arruma um est\u00e1gio sem remunera\u00e7\u00e3o em um programa ultracompetitivo de analista financeiro, onde somente um em cada vinte candidatos consegue ser efetivado. Mas sem sal\u00e1rio, Chris e seu filho s\u00e3o despejados do apartamento em que vivem e s\u00e3o for\u00e7ados a dormir nas ruas, em abrigos comunit\u00e1rios e at\u00e9 mesmo em banheiros de esta\u00e7\u00f5es de metr\u00f4. Com determina\u00e7\u00e3o e o amor e confian\u00e7a de seu filho, Chris Gardner d\u00e1 a volta por cima para se tornar uma lenda em Wall Street.<\/p>\n<p><strong>Considera\u00e7\u00f5es extras:<\/strong><\/p>\n<p align=\"justify\">1) Para quem n\u00e3o sabe, o filme \u00e9 baseado em fatos ver\u00eddicos, vivenciados por Chris Gardner;<\/p>\n<p align=\"justify\">2) US$ 25 \u00e9 quanto Gardner tinha quando ficou desempregado. Hoje sua fortuna \u00e9 estimada em US$ 600 milh\u00f5es;<\/p>\n<p align=\"justify\">3) Chris Gardner tornou-se a encarna\u00e7\u00e3o do sonho americano, sendo um dos americanos mais bem sucedidos financeiramente;<\/p>\n<p align=\"justify\">4) Conhe\u00e7a o site oficial de Christopher Gardner neste <a href=\"http:\/\/www.chrisgardnermedia.com\/\">link<\/a>;<\/p>\n<p align=\"justify\">5) No filme, quem exerce o papel de filho do Chris Gardner, \u00e9 o pr\u00f3prio filho do Will Smith (Jaden de 7 anos).<\/p>\n<p>Voc\u00ea poder\u00e1 ter maiores detalhes, nos extras do DVD.<\/p>\n<p><strong>Trailer:<\/strong><br \/>\n<span class=\"embed-youtube\" style=\"text-align:center; display: block;\"><iframe loading=\"lazy\" class=\"youtube-player\" width=\"840\" height=\"473\" src=\"https:\/\/www.youtube.com\/embed\/6yc069E1gfc?version=3&#038;rel=1&#038;showsearch=0&#038;showinfo=1&#038;iv_load_policy=1&#038;fs=1&#038;hl=pt-BR&#038;autohide=2&#038;wmode=transparent\" allowfullscreen=\"true\" style=\"border:0;\" sandbox=\"allow-scripts allow-same-origin allow-popups allow-presentation allow-popups-to-escape-sandbox\"><\/iframe><\/span><\/p>\n","protected":false},"excerpt":{"rendered":"<p>Will Smith estrela esta hist\u00f3ria inspirada em fatos reais sobre Chris Gardner, um vendedor de S\u00e3o Francisco que vive no limite da linha da pobreza. Quando sua mulher Linda (Thandie Newton) o abandona, Chris deve criar sozinho o filho deles de 5 anos, Christopher (Jaden Smith). A determina\u00e7\u00e3o de Chris finalmente surte efeito quando ele arruma um est\u00e1gio sem remunera\u00e7\u00e3o em um programa ultracompetitivo de analista financeiro, onde somente um em cada vinte candidatos consegue ser efetivado. Mas sem sal\u00e1rio, Chris e seu filho s\u00e3o despejados do apartamento em que vivem e s\u00e3o for\u00e7ados a dormir nas ruas, em abrigos comunit\u00e1rios e at\u00e9 mesmo em banheiros de esta\u00e7\u00f5es de metr\u00f4. Com determina\u00e7\u00e3o e o amor e confian\u00e7a de seu filho, Chris Gardner d\u00e1 a volta por cima para se tornar uma lenda em Wall Street.<\/p>\n","protected":false},"author":1,"featured_media":0,"comment_status":"open","ping_status":"open","sticky":false,"template":"","format":"standard","meta":{"_exactmetrics_skip_tracking":false,"_jetpack_newsletter_access":"","_jetpack_dont_email_post_to_subs":false,"_jetpack_newsletter_tier_id":0,"_jetpack_memberships_contains_paywalled_content":false,"_jetpack_feature_clip_id":0,"_jetpack_memberships_contains_paid_content":false,"footnotes":"","jetpack_publicize_message":"","jetpack_publicize_feature_enabled":true,"jetpack_social_post_already_shared":true,"jetpack_social_options":{"image_generator_settings":{"template":"highway","default_image_id":0,"font":"","enabled":false},"version":2},"jetpack_post_was_ever_published":false},"categories":[278],"tags":[369,304],"class_list":["post-525","post","type-post","status-publish","format-standard","hentry","category-video","tag-filmes","tag-refletir"],"jetpack_publicize_connections":[],"jetpack_sharing_enabled":true,"jetpack_shortlink":"https:\/\/wp.me\/phkM1X-8t","jetpack-related-posts":[{"id":6353,"url":"https:\/\/www.kanenberg.com.br\/fatosfotoseregistros\/velho-oeste-historia-e-ficcao\/","url_meta":{"origin":525,"position":0},"title":"Velho Oeste: Hist\u00f3ria e Fic\u00e7\u00e3o","author":"kanenberg","date":"2 de setembro de 2026","format":false,"excerpt":"A \u00e9poca retratada nos filmes de faroeste existiu de verdade e ficou conhecida na hist\u00f3ria como a era do Velho Oeste (ou Wild West \u2014 Oeste Selvagem).","rel":"","context":"Em &quot;Lugares&quot;","block_context":{"text":"Lugares","link":"https:\/\/www.kanenberg.com.br\/fatosfotoseregistros\/category\/lugares\/"},"img":{"alt_text":"Figura 1 - Dodge City, Kansas (1878): Uma das cidades mais famosas e violentas do Velho Oeste real. Fonte: Smithsonian Magazine","src":"https:\/\/i0.wp.com\/www.kanenberg.com.br\/fatosfotoseregistros\/wp-content\/uploads\/2026\/08\/Dodge-City.jpg?resize=350%2C200&ssl=1","width":350,"height":200,"srcset":"https:\/\/i0.wp.com\/www.kanenberg.com.br\/fatosfotoseregistros\/wp-content\/uploads\/2026\/08\/Dodge-City.jpg?resize=350%2C200&ssl=1 1x, https:\/\/i0.wp.com\/www.kanenberg.com.br\/fatosfotoseregistros\/wp-content\/uploads\/2026\/08\/Dodge-City.jpg?resize=525%2C300&ssl=1 1.5x"},"classes":[]},{"id":6327,"url":"https:\/\/www.kanenberg.com.br\/fatosfotoseregistros\/o-caso-taninha-e-a-fera-da-penha\/","url_meta":{"origin":525,"position":1},"title":"O Caso Taninha e a &#8220;Fera da Penha&#8221;: Trag\u00e9dia, Devocion\u00e1rio e Cinema","author":"kanenberg","date":"25 de agosto de 2026","format":false,"excerpt":"Um t\u00famulo rosa no Cemit\u00e9rio de Inha\u00fama\u00a0carrega uma das hist\u00f3rias de crimes reais mais famosas, tr\u00e1gicas e intrigantes da cr\u00f4nica urbana do Rio de Janeiro do s\u00e9culo XX.","rel":"","context":"Em &quot;Lugares&quot;","block_context":{"text":"Lugares","link":"https:\/\/www.kanenberg.com.br\/fatosfotoseregistros\/category\/lugares\/"},"img":{"alt_text":"","src":"https:\/\/i0.wp.com\/www.kanenberg.com.br\/fatosfotoseregistros\/wp-content\/uploads\/2026\/08\/Taninha_3.jpg?resize=350%2C200&ssl=1","width":350,"height":200,"srcset":"https:\/\/i0.wp.com\/www.kanenberg.com.br\/fatosfotoseregistros\/wp-content\/uploads\/2026\/08\/Taninha_3.jpg?resize=350%2C200&ssl=1 1x, https:\/\/i0.wp.com\/www.kanenberg.com.br\/fatosfotoseregistros\/wp-content\/uploads\/2026\/08\/Taninha_3.jpg?resize=525%2C300&ssl=1 1.5x"},"classes":[]},{"id":5066,"url":"https:\/\/www.kanenberg.com.br\/fatosfotoseregistros\/gemidao-zap\/","url_meta":{"origin":525,"position":2},"title":"A verdadeira hist\u00f3ria do Gemid\u00e3o do Zap","author":"kanenberg","date":"11 de dezembro de 2018","format":false,"excerpt":"Provavelmente voc\u00ea j\u00e1 caiu e sofreu com o Gemid\u00e3o do Zap, mas voc\u00ea conhece a origem do \u00e1udio?","rel":"","context":"Em &quot;Textos&quot;","block_context":{"text":"Textos","link":"https:\/\/www.kanenberg.com.br\/fatosfotoseregistros\/category\/textos\/"},"img":{"alt_text":"","src":"https:\/\/i0.wp.com\/fatosfotoseregistros.kanenberg.com.br\/wp-content\/uploads\/2018\/12\/gemidao.jpg?resize=350%2C200&ssl=1","width":350,"height":200,"srcset":"https:\/\/i0.wp.com\/fatosfotoseregistros.kanenberg.com.br\/wp-content\/uploads\/2018\/12\/gemidao.jpg?resize=350%2C200&ssl=1 1x, https:\/\/i0.wp.com\/fatosfotoseregistros.kanenberg.com.br\/wp-content\/uploads\/2018\/12\/gemidao.jpg?resize=525%2C300&ssl=1 1.5x"},"classes":[]},{"id":5675,"url":"https:\/\/www.kanenberg.com.br\/fatosfotoseregistros\/arvore-genealogica-de-christopher-reeve-super-homem\/","url_meta":{"origin":525,"position":3},"title":"\u00c1rvore geneal\u00f3gica de Christopher Reeve (Super Homem)","author":"kanenberg","date":"11 de outubro de 2019","format":false,"excerpt":"Christopher D'Olier Reeve (Nova Iorque, 25 de setembro de 1952 - Mount Kisco, 10 de outubro de 2004) foi um ator, diretor, produtor e ativista norte-americano. Seu papel mais famoso foi como o Super-Homem, que ele interpretou numa s\u00e9rie de quatro filmes famosos, come\u00e7ando por Superman (1978).","rel":"","context":"Em &quot;Textos&quot;","block_context":{"text":"Textos","link":"https:\/\/www.kanenberg.com.br\/fatosfotoseregistros\/category\/textos\/"},"img":{"alt_text":"Christopher Reeve","src":"https:\/\/i0.wp.com\/www.kanenberg.com.br\/fatosfotoseregistros\/wp-content\/uploads\/2019\/10\/Christopher_Reeve_2.jpg?resize=350%2C200&ssl=1","width":350,"height":200,"srcset":"https:\/\/i0.wp.com\/www.kanenberg.com.br\/fatosfotoseregistros\/wp-content\/uploads\/2019\/10\/Christopher_Reeve_2.jpg?resize=350%2C200&ssl=1 1x, https:\/\/i0.wp.com\/www.kanenberg.com.br\/fatosfotoseregistros\/wp-content\/uploads\/2019\/10\/Christopher_Reeve_2.jpg?resize=525%2C300&ssl=1 1.5x"},"classes":[]},{"id":438,"url":"https:\/\/www.kanenberg.com.br\/fatosfotoseregistros\/cartas-de-pai-e-filha\/","url_meta":{"origin":525,"position":4},"title":"Cartas de Pai e Filha","author":"kanenberg","date":"6 de abril de 2016","format":false,"excerpt":"Um pai entrou no quarto da sua filha e encontrou uma carta sobre a cama que dizia o seguinte: \u201cQueridos papai e mam\u00e3e,Com muita pena sou obrigada a confessar que fugi com o meu namorado. Encontrei o amor da minha vida! Estou absolutamente fascinada com os seus piercings, cicatrizes e\u2026","rel":"","context":"Em &quot;Textos&quot;","block_context":{"text":"Textos","link":"https:\/\/www.kanenberg.com.br\/fatosfotoseregistros\/category\/textos\/"},"img":{"alt_text":"letter","src":"https:\/\/i0.wp.com\/fatosfotoseregistros.kanenberg.com.br\/wp-content\/uploads\/2016\/04\/letter.png?resize=350%2C200&ssl=1","width":350,"height":200},"classes":[]},{"id":452,"url":"https:\/\/www.kanenberg.com.br\/fatosfotoseregistros\/127-horas\/","url_meta":{"origin":525,"position":5},"title":"127 Horas","author":"kanenberg","date":"13 de abril de 2016","format":false,"excerpt":"127 Horas \u00e9 a hist\u00f3ria real do famoso alpinista Aron Ralston, que tem que salvar a pr\u00f3pria vida ap\u00f3s ficar preso por um pedregulho cai que e esmaga o seu bra\u00e7o, num c\u00e2nion isolado no Parque Nacional de Utah","rel":"","context":"Em &quot;V\u00eddeo&quot;","block_context":{"text":"V\u00eddeo","link":"https:\/\/www.kanenberg.com.br\/fatosfotoseregistros\/category\/video\/"},"img":{"alt_text":"","src":"https:\/\/i0.wp.com\/www.kanenberg.com.br\/fatosfotoseregistros\/wp-content\/uploads\/2016\/04\/aron.jpg?resize=350%2C200&ssl=1","width":350,"height":200},"classes":[]}],"jetpack_likes_enabled":true,"amp_enabled":true,"jetpack_featured_media_url":"","_links":{"self":[{"href":"https:\/\/www.kanenberg.com.br\/fatosfotoseregistros\/wp-json\/wp\/v2\/posts\/525","targetHints":{"allow":["GET"]}}],"collection":[{"href":"https:\/\/www.kanenberg.com.br\/fatosfotoseregistros\/wp-json\/wp\/v2\/posts"}],"about":[{"href":"https:\/\/www.kanenberg.com.br\/fatosfotoseregistros\/wp-json\/wp\/v2\/types\/post"}],"author":[{"embeddable":true,"href":"https:\/\/www.kanenberg.com.br\/fatosfotoseregistros\/wp-json\/wp\/v2\/users\/1"}],"replies":[{"embeddable":true,"href":"https:\/\/www.kanenberg.com.br\/fatosfotoseregistros\/wp-json\/wp\/v2\/comments?post=525"}],"version-history":[{"count":2,"href":"https:\/\/www.kanenberg.com.br\/fatosfotoseregistros\/wp-json\/wp\/v2\/posts\/525\/revisions"}],"predecessor-version":[{"id":6253,"href":"https:\/\/www.kanenberg.com.br\/fatosfotoseregistros\/wp-json\/wp\/v2\/posts\/525\/revisions\/6253"}],"wp:attachment":[{"href":"https:\/\/www.kanenberg.com.br\/fatosfotoseregistros\/wp-json\/wp\/v2\/media?parent=525"}],"wp:term":[{"taxonomy":"category","embeddable":true,"href":"https:\/\/www.kanenberg.com.br\/fatosfotoseregistros\/wp-json\/wp\/v2\/categories?post=525"},{"taxonomy":"post_tag","embeddable":true,"href":"https:\/\/www.kanenberg.com.br\/fatosfotoseregistros\/wp-json\/wp\/v2\/tags?post=525"}],"curies":[{"name":"wp","href":"https:\/\/api.w.org\/{rel}","templated":true}]}}