{"id":4881,"date":"2017-11-26T19:04:37","date_gmt":"2017-11-26T21:04:37","guid":{"rendered":"https:\/\/fatosfotoseregistros.wordpress.com\/?p=4881"},"modified":"2017-11-26T19:04:37","modified_gmt":"2017-11-26T21:04:37","slug":"popeye","status":"publish","type":"post","link":"https:\/\/www.kanenberg.com.br\/fatosfotoseregistros\/popeye\/","title":{"rendered":"A inspira\u00e7\u00e3o para o Popeye"},"content":{"rendered":"<p><img loading=\"lazy\" decoding=\"async\" class=\" size-full wp-image-4880 aligncenter\" src=\"https:\/\/fatosfotoseregistros.files.wordpress.com\/2017\/11\/popeye.jpg\" alt=\"popeye\" width=\"650\" height=\"340\" \/><\/p>\n<p style=\"text-align:justify;\">O criador de Popeye, Elzie Segar contou, anos depois, que a inspira\u00e7\u00e3o para o personagem, veio de um homem que ele conheceu quando crian\u00e7a, em Chester, Illinois, chamado Frank &#8220;Rocky&#8221; Fiegel. Aposentado, Frank era pago para manter limpo o bar local. Vivia com o olho direito meio fechado, fumava cachimbo e mentia muito. N\u00e3o parava de contar aventuras imagin\u00e1rias, gabando-se das proezas de sua for\u00e7a f\u00edsica, garantindo que nunca tinha perdido uma briga. Suas hist\u00f3rias e a maneira de proceder mexeram com a imagina\u00e7\u00e3o do garoto Elzie que, quando teve oportunidade, colocou Fiegel em cena, transfigurado em Popeye.<\/p>\n<p style=\"text-align:justify;\">Dudu e Ol\u00edvia tamb\u00e9m foram baseados em pessoas reais que Elzie Segar conheceu. O Dudu foi inspirado em &#8220;J. William Schuchert&#8221;. Ele lembrava fisicamente o personagem, e tamb\u00e9m tinha um gosto por hamb\u00fargueres. Ol\u00edvia Palito foi inspirada em &#8220;Dora Paskel&#8221;. Ela era a dona de um armaz\u00e9m geral em Chester. Ela era alta, magra e usava o cabelo bem enrolado em um &#8220;coque&#8221;. Ela tamb\u00e9m \u00e9 descrita a se vestir da mesma forma que Ol\u00edvia, usando sapatos de bot\u00f5es que eram populares naquela \u00e9poca.<\/p>\n<p>Fonte:\u00a0<a href=\"https:\/\/pt.wikipedia.org\/wiki\/Popeye\" target=\"_blank\" rel=\"noopener\">wikipedia.org<\/a><\/p>\n","protected":false},"excerpt":{"rendered":"<p>O criador de Popeye, Elzie Segar contou, anos depois, que a inspira\u00e7\u00e3o para o personagem, veio de um homem que ele conheceu quando crian\u00e7a, em Chester, Illinois, chamado Frank &#8220;Rocky&#8221; Fiegel.<\/p>\n","protected":false},"author":1,"featured_media":0,"comment_status":"open","ping_status":"open","sticky":false,"template":"","format":"standard","meta":{"_exactmetrics_skip_tracking":false,"_jetpack_newsletter_access":"","_jetpack_dont_email_post_to_subs":false,"_jetpack_newsletter_tier_id":0,"_jetpack_memberships_contains_paywalled_content":false,"_jetpack_feature_clip_id":0,"_jetpack_memberships_contains_paid_content":false,"footnotes":"","jetpack_publicize_message":"","jetpack_publicize_feature_enabled":true,"jetpack_social_post_already_shared":false,"jetpack_social_options":{"image_generator_settings":{"template":"highway","default_image_id":0,"font":"","enabled":false},"version":2},"jetpack_post_was_ever_published":false},"categories":[265],"tags":[254],"class_list":["post-4881","post","type-post","status-publish","format-standard","hentry","category-textos","tag-curiosidades"],"jetpack_publicize_connections":[],"jetpack_sharing_enabled":true,"jetpack_shortlink":"https:\/\/wp.me\/shkM1X-popeye","jetpack-related-posts":[{"id":6353,"url":"https:\/\/www.kanenberg.com.br\/fatosfotoseregistros\/velho-oeste-historia-e-ficcao\/","url_meta":{"origin":4881,"position":0},"title":"Velho Oeste: Hist\u00f3ria e Fic\u00e7\u00e3o","author":"kanenberg","date":"2 de setembro de 2026","format":false,"excerpt":"A \u00e9poca retratada nos filmes de faroeste existiu de verdade e ficou conhecida na hist\u00f3ria como a era do Velho Oeste (ou Wild West \u2014 Oeste Selvagem).","rel":"","context":"Em &quot;Lugares&quot;","block_context":{"text":"Lugares","link":"https:\/\/www.kanenberg.com.br\/fatosfotoseregistros\/category\/lugares\/"},"img":{"alt_text":"Figura 1 - Dodge City, Kansas (1878): Uma das cidades mais famosas e violentas do Velho Oeste real. Fonte: Smithsonian Magazine","src":"https:\/\/i0.wp.com\/www.kanenberg.com.br\/fatosfotoseregistros\/wp-content\/uploads\/2026\/08\/Dodge-City.jpg?resize=350%2C200&ssl=1","width":350,"height":200,"srcset":"https:\/\/i0.wp.com\/www.kanenberg.com.br\/fatosfotoseregistros\/wp-content\/uploads\/2026\/08\/Dodge-City.jpg?resize=350%2C200&ssl=1 1x, https:\/\/i0.wp.com\/www.kanenberg.com.br\/fatosfotoseregistros\/wp-content\/uploads\/2026\/08\/Dodge-City.jpg?resize=525%2C300&ssl=1 1.5x"},"classes":[]},{"id":5343,"url":"https:\/\/www.kanenberg.com.br\/fatosfotoseregistros\/do-caminho-do-boi-aos-tabajaras-a-historia-e-as-curiosidades-de-uma-das-ladeiras-mais-famosas-do-rio\/","url_meta":{"origin":4881,"position":1},"title":"Do Caminho do Boi aos Tabajaras: A Hist\u00f3ria e as Curiosidades de uma das Ladeiras Mais Famosas do Rio","author":"kanenberg","date":"14 de fevereiro de 2019","format":false,"excerpt":"Quem passa hoje pelo in\u00edcio da Ladeira dos Tabajaras, logo na altura da Rua Siqueira Campos, em Copacabana, dificilmente imagina que aquele corredor urbano j\u00e1 foi uma rota estreita e poeirenta usada para o transporte de gado no s\u00e9culo XIX.","rel":"","context":"Em &quot;Lugares&quot;","block_context":{"text":"Lugares","link":"https:\/\/www.kanenberg.com.br\/fatosfotoseregistros\/category\/lugares\/"},"img":{"alt_text":"Ladeira dos Tabajaras","src":"https:\/\/i0.wp.com\/www.kanenberg.com.br\/fatosfotoseregistros\/wp-content\/uploads\/2019\/02\/FB_IMG_1550139554943.jpg?resize=350%2C200&ssl=1","width":350,"height":200,"srcset":"https:\/\/i0.wp.com\/www.kanenberg.com.br\/fatosfotoseregistros\/wp-content\/uploads\/2019\/02\/FB_IMG_1550139554943.jpg?resize=350%2C200&ssl=1 1x, https:\/\/i0.wp.com\/www.kanenberg.com.br\/fatosfotoseregistros\/wp-content\/uploads\/2019\/02\/FB_IMG_1550139554943.jpg?resize=525%2C300&ssl=1 1.5x, https:\/\/i0.wp.com\/www.kanenberg.com.br\/fatosfotoseregistros\/wp-content\/uploads\/2019\/02\/FB_IMG_1550139554943.jpg?resize=700%2C400&ssl=1 2x"},"classes":[]},{"id":6173,"url":"https:\/\/www.kanenberg.com.br\/fatosfotoseregistros\/25-de-julho-dia-da-imigracao-alema\/","url_meta":{"origin":4881,"position":2},"title":"25 de julho: Dia da Imigra\u00e7\u00e3o Alem\u00e3","author":"kanenberg","date":"25 de julho de 2026","format":false,"excerpt":"O dia 25 de julho ocupa um lugar especial na hist\u00f3ria do Brasil. Nesta data, celebra-se o Dia da Imigra\u00e7\u00e3o Alem\u00e3, uma homenagem \u00e0 chegada dos primeiros imigrantes alem\u00e3es ao pa\u00eds, em 1824, quando desembarcaram na ent\u00e3o Col\u00f4nia de S\u00e3o Leopoldo, no Rio Grande do Sul. A partir daquele momento,\u2026","rel":"","context":"Em &quot;Textos&quot;","block_context":{"text":"Textos","link":"https:\/\/www.kanenberg.com.br\/fatosfotoseregistros\/category\/textos\/"},"img":{"alt_text":"25 de julho: Dia da Imigra\u00e7\u00e3o Alem\u00e3 O dia 25 de julho ocupa um lugar especial na hist\u00f3ria do Brasi","src":"https:\/\/i0.wp.com\/www.kanenberg.com.br\/fatosfotoseregistros\/wp-content\/uploads\/2026\/07\/ChatGPT-Image-25-de-jul.-de-2026-19_37_25.png?resize=350%2C200&ssl=1","width":350,"height":200,"srcset":"https:\/\/i0.wp.com\/www.kanenberg.com.br\/fatosfotoseregistros\/wp-content\/uploads\/2026\/07\/ChatGPT-Image-25-de-jul.-de-2026-19_37_25.png?resize=350%2C200&ssl=1 1x, https:\/\/i0.wp.com\/www.kanenberg.com.br\/fatosfotoseregistros\/wp-content\/uploads\/2026\/07\/ChatGPT-Image-25-de-jul.-de-2026-19_37_25.png?resize=525%2C300&ssl=1 1.5x, https:\/\/i0.wp.com\/www.kanenberg.com.br\/fatosfotoseregistros\/wp-content\/uploads\/2026\/07\/ChatGPT-Image-25-de-jul.-de-2026-19_37_25.png?resize=700%2C400&ssl=1 2x, https:\/\/i0.wp.com\/www.kanenberg.com.br\/fatosfotoseregistros\/wp-content\/uploads\/2026\/07\/ChatGPT-Image-25-de-jul.-de-2026-19_37_25.png?resize=1050%2C600&ssl=1 3x, https:\/\/i0.wp.com\/www.kanenberg.com.br\/fatosfotoseregistros\/wp-content\/uploads\/2026\/07\/ChatGPT-Image-25-de-jul.-de-2026-19_37_25.png?resize=1400%2C800&ssl=1 4x"},"classes":[]},{"id":507,"url":"https:\/\/www.kanenberg.com.br\/fatosfotoseregistros\/jose-datrino\/","url_meta":{"origin":4881,"position":3},"title":"Voc\u00ea sabe quem foi Jos\u00e9 Datrino?","author":"kanenberg","date":"14 de abril de 2016","format":false,"excerpt":"Talvez muitos v\u00e3o se lembrar da express\u00e3o Gentileza gera Gentileza, ou ainda v\u00e3o se lembrar das 56 inscri\u00e7\u00f5es ou prov\u00e9rbios nas pilastras do Viaduto do Gas\u00f4metro, no Rio de Janeiro, que v\u00e3o do Cemit\u00e9rio do Caj\u00fa at\u00e9 a Rodovi\u00e1ria Novo Rio.","rel":"","context":"Em &quot;Textos&quot;","block_context":{"text":"Textos","link":"https:\/\/www.kanenberg.com.br\/fatosfotoseregistros\/category\/textos\/"},"img":{"alt_text":"datrino1","src":"https:\/\/i0.wp.com\/fatosfotoseregistros.kanenberg.com.br\/wp-content\/uploads\/2016\/04\/datrino1.jpg?resize=350%2C200&ssl=1","width":350,"height":200},"classes":[]},{"id":525,"url":"https:\/\/www.kanenberg.com.br\/fatosfotoseregistros\/a-procura-da-felicidade\/","url_meta":{"origin":4881,"position":4},"title":"\u00c0 Procura da Felicidade","author":"kanenberg","date":"20 de abril de 2016","format":false,"excerpt":"Will Smith estrela esta hist\u00f3ria inspirada em fatos reais sobre Chris Gardner, um vendedor de S\u00e3o Francisco que vive no limite da linha da pobreza. Quando sua mulher Linda (Thandie Newton) o abandona, Chris deve criar sozinho o filho deles de 5 anos, Christopher (Jaden Smith). A determina\u00e7\u00e3o de Chris\u2026","rel":"","context":"Em &quot;V\u00eddeo&quot;","block_context":{"text":"V\u00eddeo","link":"https:\/\/www.kanenberg.com.br\/fatosfotoseregistros\/category\/video\/"},"img":{"alt_text":"","src":"https:\/\/i0.wp.com\/www.kanenberg.com.br\/fatosfotoseregistros\/wp-content\/uploads\/2016\/04\/aprocuradafelicidade2.jpg?resize=350%2C200&ssl=1","width":350,"height":200},"classes":[]},{"id":6327,"url":"https:\/\/www.kanenberg.com.br\/fatosfotoseregistros\/o-caso-taninha-e-a-fera-da-penha\/","url_meta":{"origin":4881,"position":5},"title":"O Caso Taninha e a &#8220;Fera da Penha&#8221;: Trag\u00e9dia, Devocion\u00e1rio e Cinema","author":"kanenberg","date":"25 de agosto de 2026","format":false,"excerpt":"Um t\u00famulo rosa no Cemit\u00e9rio de Inha\u00fama\u00a0carrega uma das hist\u00f3rias de crimes reais mais famosas, tr\u00e1gicas e intrigantes da cr\u00f4nica urbana do Rio de Janeiro do s\u00e9culo XX.","rel":"","context":"Em &quot;Lugares&quot;","block_context":{"text":"Lugares","link":"https:\/\/www.kanenberg.com.br\/fatosfotoseregistros\/category\/lugares\/"},"img":{"alt_text":"","src":"https:\/\/i0.wp.com\/www.kanenberg.com.br\/fatosfotoseregistros\/wp-content\/uploads\/2026\/08\/Taninha_3.jpg?resize=350%2C200&ssl=1","width":350,"height":200,"srcset":"https:\/\/i0.wp.com\/www.kanenberg.com.br\/fatosfotoseregistros\/wp-content\/uploads\/2026\/08\/Taninha_3.jpg?resize=350%2C200&ssl=1 1x, https:\/\/i0.wp.com\/www.kanenberg.com.br\/fatosfotoseregistros\/wp-content\/uploads\/2026\/08\/Taninha_3.jpg?resize=525%2C300&ssl=1 1.5x"},"classes":[]}],"jetpack_likes_enabled":true,"amp_enabled":true,"jetpack_featured_media_url":"","_links":{"self":[{"href":"https:\/\/www.kanenberg.com.br\/fatosfotoseregistros\/wp-json\/wp\/v2\/posts\/4881","targetHints":{"allow":["GET"]}}],"collection":[{"href":"https:\/\/www.kanenberg.com.br\/fatosfotoseregistros\/wp-json\/wp\/v2\/posts"}],"about":[{"href":"https:\/\/www.kanenberg.com.br\/fatosfotoseregistros\/wp-json\/wp\/v2\/types\/post"}],"author":[{"embeddable":true,"href":"https:\/\/www.kanenberg.com.br\/fatosfotoseregistros\/wp-json\/wp\/v2\/users\/1"}],"replies":[{"embeddable":true,"href":"https:\/\/www.kanenberg.com.br\/fatosfotoseregistros\/wp-json\/wp\/v2\/comments?post=4881"}],"version-history":[{"count":0,"href":"https:\/\/www.kanenberg.com.br\/fatosfotoseregistros\/wp-json\/wp\/v2\/posts\/4881\/revisions"}],"wp:attachment":[{"href":"https:\/\/www.kanenberg.com.br\/fatosfotoseregistros\/wp-json\/wp\/v2\/media?parent=4881"}],"wp:term":[{"taxonomy":"category","embeddable":true,"href":"https:\/\/www.kanenberg.com.br\/fatosfotoseregistros\/wp-json\/wp\/v2\/categories?post=4881"},{"taxonomy":"post_tag","embeddable":true,"href":"https:\/\/www.kanenberg.com.br\/fatosfotoseregistros\/wp-json\/wp\/v2\/tags?post=4881"}],"curies":[{"name":"wp","href":"https:\/\/api.w.org\/{rel}","templated":true}]}}