{"id":4666,"date":"2017-09-06T09:41:50","date_gmt":"2017-09-06T12:41:50","guid":{"rendered":"https:\/\/fatosfotoseregistros.wordpress.com\/?p=4666"},"modified":"2026-08-09T12:37:49","modified_gmt":"2026-08-09T15:37:49","slug":"milton20170901","status":"publish","type":"post","link":"https:\/\/www.kanenberg.com.br\/fatosfotoseregistros\/milton20170901\/","title":{"rendered":"Milton Teixeira \u2013 Massacre de Vig\u00e1rio Geral, Bonde de Santa Teresa e Revolta da Armada"},"content":{"rendered":"<p style=\"text-align: justify;\">Coluna do professor e historiador Milton Teixeira, na r\u00e1dio BandNewsFM Fluminense do dia 01\/09\/2017, falando sobre o Massacre de Vig\u00e1rio Geral, o Bonde de Santa Teresa e a Revolta da Armada.<\/p>\n<p><img loading=\"lazy\" decoding=\"async\" data-attachment-id=\"4670\" data-permalink=\"https:\/\/www.kanenberg.com.br\/fatosfotoseregistros\/milton20170901\/massacre-de-vigc3a1rio\/\" data-orig-file=\"https:\/\/www.kanenberg.com.br\/fatosfotoseregistros\/wp-content\/uploads\/2017\/09\/massacre-de-vigc3a1rio.jpg\" data-orig-size=\"382,353\" data-comments-opened=\"1\" data-image-meta=\"{&quot;aperture&quot;:&quot;0&quot;,&quot;credit&quot;:&quot;&quot;,&quot;camera&quot;:&quot;&quot;,&quot;caption&quot;:&quot;&quot;,&quot;created_timestamp&quot;:&quot;0&quot;,&quot;copyright&quot;:&quot;&quot;,&quot;focal_length&quot;:&quot;0&quot;,&quot;iso&quot;:&quot;0&quot;,&quot;shutter_speed&quot;:&quot;0&quot;,&quot;title&quot;:&quot;&quot;,&quot;orientation&quot;:&quot;1&quot;}\" data-image-title=\"massacre-de-vigc3a1rio\" data-image-description=\"\" data-image-caption=\"\" data-large-file=\"https:\/\/www.kanenberg.com.br\/fatosfotoseregistros\/wp-content\/uploads\/2017\/09\/massacre-de-vigc3a1rio.jpg\" class=\"aligncenter wp-image-4670 size-full\" src=\"https:\/\/www.kanenberg.com.br\/fatosfotoseregistros\/wp-content\/uploads\/2017\/09\/massacre-de-vigc3a1rio.jpg\" alt=\"massacre-de-vigc3a1rio\" width=\"382\" height=\"353\" srcset=\"https:\/\/www.kanenberg.com.br\/fatosfotoseregistros\/wp-content\/uploads\/2017\/09\/massacre-de-vigc3a1rio.jpg 382w, https:\/\/www.kanenberg.com.br\/fatosfotoseregistros\/wp-content\/uploads\/2017\/09\/massacre-de-vigc3a1rio-300x277.jpg 300w\" sizes=\"auto, (max-width: 382px) 100vw, 382px\" \/><\/p>\n<p><iframe loading=\"lazy\" title=\"Massacre de Vig\u00e1rio Geral, Bonde de Santa Teresa e Revolta da Armada\" src=\"https:\/\/audiomack.com\/embed\/song\/fatosfotoseregistros\/massacre-de-vigrio-geral-bonde-de-santa-teresa-e-revolta-da-armada\" scrolling=\"no\" width=\"649\" height=\"252\" scrollbars=\"no\" frameborder=\"0\"><\/iframe><\/p>\n","protected":false},"excerpt":{"rendered":"<p>Coluna do professor e historiador Milton Teixeira, na r\u00e1dio BandNewsFM Fluminense do dia 01\/09\/2017, falando sobre o Massacre de Vig\u00e1rio Geral, o Bonde de Santa Teresa e a Revolta da Armada.<\/p>\n","protected":false},"author":1,"featured_media":0,"comment_status":"open","ping_status":"open","sticky":false,"template":"","format":"standard","meta":{"_exactmetrics_skip_tracking":false,"_jetpack_newsletter_access":"","_jetpack_dont_email_post_to_subs":false,"_jetpack_newsletter_tier_id":0,"_jetpack_memberships_contains_paywalled_content":false,"_jetpack_feature_clip_id":0,"_jetpack_memberships_contains_paid_content":false,"footnotes":"","jetpack_publicize_message":"","jetpack_publicize_feature_enabled":true,"jetpack_social_post_already_shared":true,"jetpack_social_options":{"image_generator_settings":{"template":"highway","default_image_id":0,"font":"","enabled":false},"version":2},"jetpack_post_was_ever_published":false},"categories":[251],"tags":[255,256,288],"class_list":["post-4666","post","type-post","status-publish","format-standard","hentry","category-audio","tag-historia","tag-milton-teixeira","tag-santa-teresa"],"jetpack_publicize_connections":[],"jetpack_sharing_enabled":true,"jetpack_shortlink":"https:\/\/wp.me\/phkM1X-1dg","jetpack-related-posts":[{"id":1915,"url":"https:\/\/www.kanenberg.com.br\/fatosfotoseregistros\/vlt-theatro-municipal-maracana-e-trem-pagador\/","url_meta":{"origin":4666,"position":0},"title":"VLT, Theatro Municipal, Maracan\u00e3 e Trem Pagador","author":"kanenberg","date":"15 de julho de 2016","format":false,"excerpt":"Rio um passeio pela hist\u00f3ria com o professor Milton Teixeira, na sua coluna da R\u00e1dio BandNewsFM do dia 15\/07\/2016, falando sobre o VLT, Theatro Municipal, Maracan\u00e3 e Assalto ao Trem Pagador.","rel":"","context":"Em &quot;\u00c1udio&quot;","block_context":{"text":"\u00c1udio","link":"https:\/\/www.kanenberg.com.br\/fatosfotoseregistros\/category\/audio\/"},"img":{"alt_text":"","src":"","width":0,"height":0},"classes":[]},{"id":2858,"url":"https:\/\/www.kanenberg.com.br\/fatosfotoseregistros\/baia-de-guanabara-baleias-e-esportes-olimpicos-extintos\/","url_meta":{"origin":4666,"position":1},"title":"Ba\u00eda de Guanabara, Baleias e Esportes Ol\u00edmpicos Extintos","author":"kanenberg","date":"12 de agosto de 2016","format":false,"excerpt":"Rio um passeio pela hist\u00f3ria com o professor Milton Teixeira, na sua coluna da R\u00e1dio BandNewsFM do dia 12\/08\/2016, falando sobre a Ba\u00eda de Guanabara, Baleias e Esportes Ol\u00edmpicos Extintos.","rel":"","context":"Em &quot;\u00c1udio&quot;","block_context":{"text":"\u00c1udio","link":"https:\/\/www.kanenberg.com.br\/fatosfotoseregistros\/category\/audio\/"},"img":{"alt_text":"cabo_guerra","src":"https:\/\/fatosfotoseregistros.files.wordpress.com\/2016\/08\/cabo_guerra.jpg?w=350&h=200&crop=1","width":350,"height":200},"classes":[]},{"id":3162,"url":"https:\/\/www.kanenberg.com.br\/fatosfotoseregistros\/getulio-vargas-e-1o-automovel-licenciado\/","url_meta":{"origin":4666,"position":2},"title":"Get\u00falio Vargas e 1\u00ba autom\u00f3vel licenciado","author":"kanenberg","date":"26 de agosto de 2016","format":false,"excerpt":"Rio um passeio pela hist\u00f3ria com o professor Milton Teixeira, na sua coluna da R\u00e1dio BandNewsFM do dia 26\/08\/2016, falando sobre Get\u00falio Vargas e o primeiro autom\u00f3vel licenciado","rel":"","context":"Em &quot;\u00c1udio&quot;","block_context":{"text":"\u00c1udio","link":"https:\/\/www.kanenberg.com.br\/fatosfotoseregistros\/category\/audio\/"},"img":{"alt_text":"getuliodornellesvargas_pq","src":"https:\/\/fatosfotoseregistros.files.wordpress.com\/2016\/08\/getuliodornellesvargas_pq.jpg?w=350&h=200&crop=1","width":350,"height":200},"classes":[]},{"id":3762,"url":"https:\/\/www.kanenberg.com.br\/fatosfotoseregistros\/documentario-baleia-a-oleo\/","url_meta":{"origin":4666,"position":3},"title":"Document\u00e1rio: Baleia a \u00d3leo","author":"kanenberg","date":"12 de outubro de 2016","format":false,"excerpt":"Este excelente document\u00e1rio, do Canal Futura, tem a participa\u00e7\u00e3o do professor e historiador Milton Teixeira.","rel":"","context":"Em &quot;V\u00eddeo&quot;","block_context":{"text":"V\u00eddeo","link":"https:\/\/www.kanenberg.com.br\/fatosfotoseregistros\/category\/video\/"},"img":{"alt_text":"","src":"https:\/\/i0.wp.com\/img.youtube.com\/vi\/rK8H5aKA0ok\/0.jpg?resize=350%2C200","width":350,"height":200},"classes":[]},{"id":2192,"url":"https:\/\/www.kanenberg.com.br\/fatosfotoseregistros\/petropolis-e-teresopolis\/","url_meta":{"origin":4666,"position":4},"title":"Petr\u00f3polis e Teres\u00f3polis","author":"kanenberg","date":"22 de julho de 2016","format":false,"excerpt":"Conhe\u00e7a a origem dos nomes das cidades de Petr\u00f3polis e Teres\u00f3polis.","rel":"","context":"Em &quot;Textos&quot;","block_context":{"text":"Textos","link":"https:\/\/www.kanenberg.com.br\/fatosfotoseregistros\/category\/textos\/"},"img":{"alt_text":"petro_tere","src":"https:\/\/fatosfotoseregistros.files.wordpress.com\/2016\/07\/petro_tere.jpg?w=350&h=200&crop=1","width":350,"height":200},"classes":[]},{"id":4634,"url":"https:\/\/www.kanenberg.com.br\/fatosfotoseregistros\/spl20170810\/","url_meta":{"origin":4666,"position":5},"title":"Sem Papas na L\u00edngua \u2013 10\/08\/2017","author":"kanenberg","date":"10 de agosto de 2017","format":false,"excerpt":"Coluna \u201cSem Papas na L\u00edngua\u201d do prof. Deon\u00edsio da Silva na r\u00e1dio BandNewsFM Fluminense, do dia 10\/08\/2017, falando sobre palavras como caricatura, cartoon (charge) e chiste. As express\u00f5es e prov\u00e9rbios \"Rei da cocada preta\" e \"Quem tem boca vai a Roma\".","rel":"","context":"Em &quot;\u00c1udio&quot;","block_context":{"text":"\u00c1udio","link":"https:\/\/www.kanenberg.com.br\/fatosfotoseregistros\/category\/audio\/"},"img":{"alt_text":"","src":"","width":0,"height":0},"classes":[]}],"jetpack_likes_enabled":true,"amp_enabled":true,"jetpack_featured_media_url":"","_links":{"self":[{"href":"https:\/\/www.kanenberg.com.br\/fatosfotoseregistros\/wp-json\/wp\/v2\/posts\/4666","targetHints":{"allow":["GET"]}}],"collection":[{"href":"https:\/\/www.kanenberg.com.br\/fatosfotoseregistros\/wp-json\/wp\/v2\/posts"}],"about":[{"href":"https:\/\/www.kanenberg.com.br\/fatosfotoseregistros\/wp-json\/wp\/v2\/types\/post"}],"author":[{"embeddable":true,"href":"https:\/\/www.kanenberg.com.br\/fatosfotoseregistros\/wp-json\/wp\/v2\/users\/1"}],"replies":[{"embeddable":true,"href":"https:\/\/www.kanenberg.com.br\/fatosfotoseregistros\/wp-json\/wp\/v2\/comments?post=4666"}],"version-history":[{"count":2,"href":"https:\/\/www.kanenberg.com.br\/fatosfotoseregistros\/wp-json\/wp\/v2\/posts\/4666\/revisions"}],"predecessor-version":[{"id":6259,"href":"https:\/\/www.kanenberg.com.br\/fatosfotoseregistros\/wp-json\/wp\/v2\/posts\/4666\/revisions\/6259"}],"wp:attachment":[{"href":"https:\/\/www.kanenberg.com.br\/fatosfotoseregistros\/wp-json\/wp\/v2\/media?parent=4666"}],"wp:term":[{"taxonomy":"category","embeddable":true,"href":"https:\/\/www.kanenberg.com.br\/fatosfotoseregistros\/wp-json\/wp\/v2\/categories?post=4666"},{"taxonomy":"post_tag","embeddable":true,"href":"https:\/\/www.kanenberg.com.br\/fatosfotoseregistros\/wp-json\/wp\/v2\/tags?post=4666"}],"curies":[{"name":"wp","href":"https:\/\/api.w.org\/{rel}","templated":true}]}}