{"id":456,"date":"2016-04-08T09:52:23","date_gmt":"2016-04-08T12:52:23","guid":{"rendered":"https:\/\/fatosfotoseregistros.wordpress.com\/?p=456"},"modified":"2026-08-21T11:12:02","modified_gmt":"2026-08-21T14:12:02","slug":"lenda-maria-gorda","status":"publish","type":"post","link":"https:\/\/www.kanenberg.com.br\/fatosfotoseregistros\/lenda-maria-gorda\/","title":{"rendered":"Ilha de Paquet\u00e1: A lenda do baob\u00e1 &#8220;Maria Gorda&#8221;"},"content":{"rendered":"<p align=\"justify\">A &#8220;Maria Gorda&#8221; \u00e9 um baob\u00e1 \u2014 \u00e1rvore majestosa localizada na Praia dos Tamoios, bem pr\u00f3ximo \u00e0 esquina com a Ladeira do Vicente. Origin\u00e1ria das savanas africanas, a esp\u00e9cie tamb\u00e9m \u00e9 famosa por sua presen\u00e7a no asteroide B-612, da obra O Pequeno Pr\u00edncipe, de Antoine de Saint-Exup\u00e9ry. Na Ilha de Paquet\u00e1, a \u00e1rvore \u00e9 conhecida n\u00e3o apenas por ser uma das mais imponentes representantes da flora local e pela beleza de suas formas e flores, mas principalmente pela lenda que se formou ao seu redor.<\/p>\n<p align=\"justify\"><img loading=\"lazy\" decoding=\"async\" class=\"aligncenter wp-image-455 size-medium\" src=\"https:\/\/fatosfotoseregistros.files.wordpress.com\/2016\/04\/sam_1815-01.jpeg\" alt=\"sam_1815-01.jpeg\" width=\"500\" height=\"375\" \/><\/p>\n<p align=\"justify\">Maria Apolin\u00e1ria n\u00e3o se conformava com a escravid\u00e3o e, sobretudo, com o que considerava a ingratid\u00e3o dos senhores brancos. Eles moravam nas casas constru\u00eddas pelos negros, caminhavam pelas ruas abertas por eles, alimentavam-se do que era plantado e preparado por m\u00e3os negras e desfrutavam do fruto daquele trabalho for\u00e7ado \u2014 contudo, n\u00e3o demonstravam um \u00fanico gesto de gratid\u00e3o que preservasse a mem\u00f3ria da contribui\u00e7\u00e3o africana na ilha.<\/p>\n<p align=\"justify\"><img loading=\"lazy\" decoding=\"async\" class=\"aligncenter wp-image-464 size-full\" src=\"https:\/\/fatosfotoseregistros.files.wordpress.com\/2016\/04\/wp-1460120317376.jpg\" alt=\"wp-1460120317376.jpg\" width=\"813\" height=\"682\" \/><\/p>\n<p align=\"justify\">Por isso, Maria Apolin\u00e1ria afirmava com convic\u00e7\u00e3o que deixaria uma marca na hist\u00f3ria. Dizia que, ao morrer, pediria aos seus orix\u00e1s que enraizassem na ilha uma lembran\u00e7a eterna da \u00c1frica negra. Se essa mem\u00f3ria n\u00e3o fosse reconhecida nos nomes das ruas, das pra\u00e7as ou dos monumentos, seria eternizada pela pr\u00f3pria natureza de Paquet\u00e1.<\/p>\n<p align=\"justify\">E assim teria acontecido: numa manh\u00e3 de primavera, a rede de Maria Apolin\u00e1ria na senzala amanheceu vazia, e ela nunca mais foi vista. Naquele mesmo dia, em frente \u00e0 casa onde ela servia, notou-se o surgimento de um pequeno arbusto at\u00e9 ent\u00e3o inexistente na ilha.<\/p>\n<p align=\"justify\">Curiosamente, ao contr\u00e1rio do que ocorre nas savanas africanas \u2014 onde os baob\u00e1s crescem em grupo \u2014, este era um exemplar solit\u00e1rio.<\/p>\n<p align=\"justify\">Dizem os antigos que, no mesmo dia em que Maria Apolin\u00e1ria partiu, a &#8220;Maria Gorda&#8221; nasceu, fincando para sempre ra\u00edzes profundas da \u00c1frica no solo de Paquet\u00e1.<\/p>\n<h2 data-path-to-node=\"3\"><b data-path-to-node=\"3\" data-index-in-node=\"0\">A Hist\u00f3ria por tr\u00e1s da Lenda: Fatos e Curiosidades<\/b><\/h2>\n<p align=\"justify\" data-path-to-node=\"4\">Para al\u00e9m da beleza do mito popular, o baob\u00e1 &#8220;Maria Gorda&#8221; carrega consigo um valor hist\u00f3rico e cultural inestim\u00e1vel para a cidade do Rio de Janeiro:<\/p>\n<ul data-path-to-node=\"5\">\n<li>\n<p id=\"p-rc_ff7cf64c8ca75b74-22\" align=\"justify\" data-path-to-node=\"5,0,0\"><b data-path-to-node=\"5,0,0\" data-index-in-node=\"0\"><span class=\"citation-23 citation-end-23\">Patrim\u00f4nio Tombado:<\/span><\/b> <span class=\"citation-22\">Reconhecida por sua relev\u00e2ncia e impon\u00eancia (com mais de 7 metros de circunfer\u00eancia de tronco, plantada em 1697), a \u00e1rvore foi oficialmente tombada pelo Instituto Estadual do Patrim\u00f4nio Cultural (INEPAC) em <\/span><b data-path-to-node=\"5,0,0\" data-index-in-node=\"209\"><span class=\"citation-22\">1967<\/span><\/b><span class=\"citation-22 citation-end-22\">.<\/span><\/p>\n<\/li>\n<li>\n<p align=\"justify\" data-path-to-node=\"5,1,0\"><b data-path-to-node=\"5,1,0\" data-index-in-node=\"0\">A Trova da Sorte (e da Maldi\u00e7\u00e3o):<\/b> Em seu tronco, h\u00e1 uma famosa placa de ferro com uma trova popular que convida os visitantes a um gesto de carinho e respeito:<\/p>\n<blockquote data-path-to-node=\"5,1,1\">\n<p id=\"p-rc_ff7cf64c8ca75b74-23\" align=\"justify\" data-path-to-node=\"5,1,1,0\"><i data-path-to-node=\"5,1,1,0\" data-index-in-node=\"0\"><span class=\"citation-21\">&#8220;Sorte por longo prazo&#8230; \/ A quem me beija e respeita. \/ Mas sete anos de atraso&#8230; \/ A cada maldade a mim feita.&#8221;<\/span><\/i><\/p>\n<\/blockquote>\n<\/li>\n<li>\n<p id=\"p-rc_ff7cf64c8ca75b74-24\" align=\"justify\" data-path-to-node=\"5,2,0\"><b data-path-to-node=\"5,2,0\" data-index-in-node=\"0\"><span class=\"citation-20 citation-end-20\">Supersti\u00e7\u00e3o Local:<\/span><\/b> Devido a essa inscri\u00e7\u00e3o, tornou-se tradi\u00e7\u00e3o entre moradores e tur\u00edsticas dar um beijo ou carinho no tronco da &#8220;Maria Gorda&#8221; em busca de prote\u00e7\u00e3o e boa sorte.<\/p>\n<\/li>\n<li>\n<p align=\"justify\" data-path-to-node=\"5,3,0\"><b data-path-to-node=\"5,3,0\" data-index-in-node=\"0\">Resist\u00eancia e Preserva\u00e7\u00e3o:<\/b> Seja pela a\u00e7\u00e3o humana ou pelo tempo, o baob\u00e1 da Praia dos Tamoios permanece como um dos pontos tur\u00edsticos e afetivos mais emblem\u00e1ticos da Ilha de Paquet\u00e1, unindo a bot\u00e2nica africana, a hist\u00f3ria do Rio e o folclore carioca.<\/p>\n<\/li>\n<\/ul>\n","protected":false},"excerpt":{"rendered":"<p>A &#8220;Maria Gorda&#8221; \u00e9 um baob\u00e1 \u2014 \u00e1rvore majestosa localizada na Praia dos Tamoios, bem pr\u00f3ximo \u00e0 esquina com a Ladeira do Vicente. Origin\u00e1ria das savanas africanas, a esp\u00e9cie tamb\u00e9m \u00e9 famosa por sua presen\u00e7a no asteroide B-612, da obra O Pequeno Pr\u00edncipe, de Antoine de Saint-Exup\u00e9ry.<\/p>\n","protected":false},"author":1,"featured_media":0,"comment_status":"open","ping_status":"open","sticky":false,"template":"","format":"standard","meta":{"_exactmetrics_skip_tracking":false,"_jetpack_newsletter_access":"","_jetpack_dont_email_post_to_subs":false,"_jetpack_newsletter_tier_id":0,"_jetpack_memberships_contains_paywalled_content":false,"_jetpack_feature_clip_id":0,"_jetpack_memberships_contains_paid_content":false,"footnotes":"","jetpack_publicize_message":"","jetpack_publicize_feature_enabled":true,"jetpack_social_post_already_shared":true,"jetpack_social_options":{"image_generator_settings":{"template":"highway","default_image_id":0,"font":"","enabled":false},"version":2},"jetpack_post_was_ever_published":false},"categories":[282,265],"tags":[273,275,274,443,289],"class_list":["post-456","post","type-post","status-publish","format-standard","hentry","category-lugares","category-textos","tag-ilha-de-paqueta","tag-lendas","tag-paqueta","tag-patrimonio","tag-rio-de-janeiro"],"jetpack_publicize_connections":[],"jetpack_sharing_enabled":true,"jetpack_shortlink":"https:\/\/wp.me\/phkM1X-7m","jetpack-related-posts":[{"id":1251,"url":"https:\/\/www.kanenberg.com.br\/fatosfotoseregistros\/ilha-de-paqueta-a-garca-cinzenta\/","url_meta":{"origin":456,"position":0},"title":"Ilha de Paquet\u00e1 &#8211; A Gar\u00e7a Cinzenta","author":"kanenberg","date":"27 de junho de 2016","format":false,"excerpt":"Dizem que a gar\u00e7a cinzenta \u00e9 um animal que d\u00e1 sorte. Quando ela aparece no caminho dos pescadores eles ficam cheios de alegria, na certeza de que \u00e9 um pren\u00fancio de farta pescaria. E acontece o mesmo com todas as pessoas que s\u00e3o pelo menos um pouquinho supersticiosas.","rel":"","context":"Em &quot;Lugares&quot;","block_context":{"text":"Lugares","link":"https:\/\/www.kanenberg.com.br\/fatosfotoseregistros\/category\/lugares\/"},"img":{"alt_text":"wp-1466436505371.jpg","src":"https:\/\/fatosfotoseregistros.files.wordpress.com\/2016\/06\/wp-1466436505371.jpg?w=350&h=200&crop=1","width":350,"height":200},"classes":[]},{"id":16,"url":"https:\/\/www.kanenberg.com.br\/fatosfotoseregistros\/cemiterio-de-passaros-ilha-de-paqueta\/","url_meta":{"origin":456,"position":1},"title":"Cemit\u00e9rio de p\u00e1ssaros &#8211; Ilha de Paquet\u00e1","author":"kanenberg","date":"20 de fevereiro de 2015","format":false,"excerpt":"O Cemit\u00e9rio de p\u00e1ssaros da Ilha de Paquet\u00e1 no Rio de Janeiro, \u00fanico no Brasil, foi fundado em 1915. Foi idealizado pelo artista pl\u00e1stico Pedro Bruno e seu amigo Augusto Silva. O local possu\u00ed 24 pequenas covas, que possuem aproximadamente o tamanho de uma caixa de sapatos, o espa\u00e7o parece\u2026","rel":"","context":"Em &quot;Lugares&quot;","block_context":{"text":"Lugares","link":"https:\/\/www.kanenberg.com.br\/fatosfotoseregistros\/category\/lugares\/"},"img":{"alt_text":"","src":"https:\/\/i0.wp.com\/www.kanenberg.com.br\/fatosfotoseregistros\/wp-content\/uploads\/2015\/02\/cemiterio2.jpg?resize=350%2C200&ssl=1","width":350,"height":200},"classes":[]},{"id":4071,"url":"https:\/\/www.kanenberg.com.br\/fatosfotoseregistros\/cemiterio-de-gatos\/","url_meta":{"origin":456,"position":2},"title":"O curioso Cemit\u00e9rio dos Gatos de Blumenau","author":"kanenberg","date":"25 de janeiro de 2017","format":false,"excerpt":"Existem cemit\u00e9rios que chamam a aten\u00e7\u00e3o n\u00e3o apenas por sua hist\u00f3ria, mas tamb\u00e9m pela singularidade de sua exist\u00eancia. Ao redor do mundo h\u00e1 exemplos dedicados a animais, como o conhecido Cemit\u00e9rio de P\u00e1ssaros da Ilha de Paquet\u00e1, no Rio de Janeiro. Em Blumenau, Santa Catarina, um dos locais mais curiosos\u2026","rel":"","context":"Em &quot;Imagem&quot;","block_context":{"text":"Imagem","link":"https:\/\/www.kanenberg.com.br\/fatosfotoseregistros\/category\/imagem\/"},"img":{"alt_text":"img_20161228_150137441_hdr-01.jpeg","src":"https:\/\/fatosfotoseregistros.files.wordpress.com\/2017\/01\/img_20161228_150137441_hdr-01.jpeg?w=350&h=200&crop=1","width":350,"height":200,"srcset":"https:\/\/fatosfotoseregistros.files.wordpress.com\/2017\/01\/img_20161228_150137441_hdr-01.jpeg?w=350&h=200&crop=1 1x, https:\/\/fatosfotoseregistros.files.wordpress.com\/2017\/01\/img_20161228_150137441_hdr-01.jpeg?w=525&h=300&crop=1 1.5x, https:\/\/fatosfotoseregistros.files.wordpress.com\/2017\/01\/img_20161228_150137441_hdr-01.jpeg?w=700&h=400&crop=1 2x, https:\/\/fatosfotoseregistros.files.wordpress.com\/2017\/01\/img_20161228_150137441_hdr-01.jpeg?w=1050&h=600&crop=1 3x, https:\/\/fatosfotoseregistros.files.wordpress.com\/2017\/01\/img_20161228_150137441_hdr-01.jpeg?w=1400&h=800&crop=1 4x"},"classes":[]},{"id":2169,"url":"https:\/\/www.kanenberg.com.br\/fatosfotoseregistros\/a-lenda-da-pedra-da-onca\/","url_meta":{"origin":456,"position":3},"title":"A Lenda da Pedra da On\u00e7a","author":"kanenberg","date":"21 de julho de 2016","format":false,"excerpt":"Existe uma escultura de uma Gato Maracaj\u00e1 sobre a Pedra dos Amores que fica na praia do Bananal, na Ilha do Governador (cidade do Rio de Janeiro). Essa escultura, da d\u00e9cada de 1920, \u00e9 fruto de famosa lenda e se tornou um s\u00edmbolo daquele bairro.","rel":"","context":"Em &quot;Textos&quot;","block_context":{"text":"Textos","link":"https:\/\/www.kanenberg.com.br\/fatosfotoseregistros\/category\/textos\/"},"img":{"alt_text":"pedra_onca_1954","src":"https:\/\/fatosfotoseregistros.files.wordpress.com\/2016\/07\/pedra_onca_1954.jpg?w=350&h=200&crop=1","width":350,"height":200},"classes":[]},{"id":5675,"url":"https:\/\/www.kanenberg.com.br\/fatosfotoseregistros\/arvore-genealogica-de-christopher-reeve-super-homem\/","url_meta":{"origin":456,"position":4},"title":"\u00c1rvore geneal\u00f3gica de Christopher Reeve (Super Homem)","author":"kanenberg","date":"11 de outubro de 2019","format":false,"excerpt":"Christopher D'Olier Reeve (Nova Iorque, 25 de setembro de 1952 - Mount Kisco, 10 de outubro de 2004) foi um ator, diretor, produtor e ativista norte-americano. Seu papel mais famoso foi como o Super-Homem, que ele interpretou numa s\u00e9rie de quatro filmes famosos, come\u00e7ando por Superman (1978).","rel":"","context":"Em &quot;Textos&quot;","block_context":{"text":"Textos","link":"https:\/\/www.kanenberg.com.br\/fatosfotoseregistros\/category\/textos\/"},"img":{"alt_text":"Christopher Reeve","src":"https:\/\/i0.wp.com\/www.kanenberg.com.br\/fatosfotoseregistros\/wp-content\/uploads\/2019\/10\/Christopher_Reeve_2.jpg?resize=350%2C200&ssl=1","width":350,"height":200,"srcset":"https:\/\/i0.wp.com\/www.kanenberg.com.br\/fatosfotoseregistros\/wp-content\/uploads\/2019\/10\/Christopher_Reeve_2.jpg?resize=350%2C200&ssl=1 1x, https:\/\/i0.wp.com\/www.kanenberg.com.br\/fatosfotoseregistros\/wp-content\/uploads\/2019\/10\/Christopher_Reeve_2.jpg?resize=525%2C300&ssl=1 1.5x"},"classes":[]},{"id":5325,"url":"https:\/\/www.kanenberg.com.br\/fatosfotoseregistros\/museu-ilha-das-flores\/","url_meta":{"origin":456,"position":5},"title":"Museu da Imigra\u00e7\u00e3o da Ilha das Flores: um lugar de chegada, esperan\u00e7a e mem\u00f3ria","author":"kanenberg","date":"18 de fevereiro de 2019","format":false,"excerpt":"Na Ba\u00eda de Guanabara, no munic\u00edpio de S\u00e3o Gon\u00e7alo, encontra-se um lugar que guarda uma importante parte da hist\u00f3ria da imigra\u00e7\u00e3o no Brasil: a Ilha das Flores, onde funcionou, entre 1883 e 1966, a Hospedaria de Imigrantes da Ilha das Flores.","rel":"","context":"Em &quot;Lugares&quot;","block_context":{"text":"Lugares","link":"https:\/\/www.kanenberg.com.br\/fatosfotoseregistros\/category\/lugares\/"},"img":{"alt_text":"Vista do cais de entrada da Hospedaria de Imigrantes, na Ilha das Flores","src":"https:\/\/i0.wp.com\/www.kanenberg.com.br\/fatosfotoseregistros\/wp-content\/uploads\/2019\/02\/ilha_flores_00.jpg.jpg?resize=350%2C200&ssl=1","width":350,"height":200,"srcset":"https:\/\/i0.wp.com\/www.kanenberg.com.br\/fatosfotoseregistros\/wp-content\/uploads\/2019\/02\/ilha_flores_00.jpg.jpg?resize=350%2C200&ssl=1 1x, https:\/\/i0.wp.com\/www.kanenberg.com.br\/fatosfotoseregistros\/wp-content\/uploads\/2019\/02\/ilha_flores_00.jpg.jpg?resize=525%2C300&ssl=1 1.5x, https:\/\/i0.wp.com\/www.kanenberg.com.br\/fatosfotoseregistros\/wp-content\/uploads\/2019\/02\/ilha_flores_00.jpg.jpg?resize=700%2C400&ssl=1 2x, https:\/\/i0.wp.com\/www.kanenberg.com.br\/fatosfotoseregistros\/wp-content\/uploads\/2019\/02\/ilha_flores_00.jpg.jpg?resize=1050%2C600&ssl=1 3x, https:\/\/i0.wp.com\/www.kanenberg.com.br\/fatosfotoseregistros\/wp-content\/uploads\/2019\/02\/ilha_flores_00.jpg.jpg?resize=1400%2C800&ssl=1 4x"},"classes":[]}],"jetpack_likes_enabled":true,"amp_enabled":true,"jetpack_featured_media_url":"","_links":{"self":[{"href":"https:\/\/www.kanenberg.com.br\/fatosfotoseregistros\/wp-json\/wp\/v2\/posts\/456","targetHints":{"allow":["GET"]}}],"collection":[{"href":"https:\/\/www.kanenberg.com.br\/fatosfotoseregistros\/wp-json\/wp\/v2\/posts"}],"about":[{"href":"https:\/\/www.kanenberg.com.br\/fatosfotoseregistros\/wp-json\/wp\/v2\/types\/post"}],"author":[{"embeddable":true,"href":"https:\/\/www.kanenberg.com.br\/fatosfotoseregistros\/wp-json\/wp\/v2\/users\/1"}],"replies":[{"embeddable":true,"href":"https:\/\/www.kanenberg.com.br\/fatosfotoseregistros\/wp-json\/wp\/v2\/comments?post=456"}],"version-history":[{"count":4,"href":"https:\/\/www.kanenberg.com.br\/fatosfotoseregistros\/wp-json\/wp\/v2\/posts\/456\/revisions"}],"predecessor-version":[{"id":6313,"href":"https:\/\/www.kanenberg.com.br\/fatosfotoseregistros\/wp-json\/wp\/v2\/posts\/456\/revisions\/6313"}],"wp:attachment":[{"href":"https:\/\/www.kanenberg.com.br\/fatosfotoseregistros\/wp-json\/wp\/v2\/media?parent=456"}],"wp:term":[{"taxonomy":"category","embeddable":true,"href":"https:\/\/www.kanenberg.com.br\/fatosfotoseregistros\/wp-json\/wp\/v2\/categories?post=456"},{"taxonomy":"post_tag","embeddable":true,"href":"https:\/\/www.kanenberg.com.br\/fatosfotoseregistros\/wp-json\/wp\/v2\/tags?post=456"}],"curies":[{"name":"wp","href":"https:\/\/api.w.org\/{rel}","templated":true}]}}